{"id":118518,"date":"2025-05-20T16:15:38","date_gmt":"2025-05-20T15:15:38","guid":{"rendered":"https:\/\/www.altominho.tv\/site\/?p=118518"},"modified":"2025-05-20T16:15:41","modified_gmt":"2025-05-20T15:15:41","slug":"melgaco-renova-certificacao-internacional-como-destino-turistico-sustentavel","status":"publish","type":"post","link":"https:\/\/www.altominho.tv\/site\/2025\/05\/20\/melgaco-renova-certificacao-internacional-como-destino-turistico-sustentavel\/","title":{"rendered":"Melga\u00e7o renova certifica\u00e7\u00e3o internacional como destino tur\u00edstico sustent\u00e1vel"},"content":{"rendered":"<p class=\"p1\">O munic\u00edpio de Melga\u00e7o renova, pelo quarto ano consecutivo, a certifica\u00e7\u00e3o como destino tur\u00edstico sustent\u00e1vel, alcan\u00e7ando o n\u00edvel quatro do selo Prata, o \u00faltimo patamar antes da certifica\u00e7\u00e3o ouro, atribu\u00eddo pela EarthCheck,\u00a0 entidade l\u00edder mundial em certifica\u00e7\u00e3o de destinos tur\u00edsticos sustent\u00e1veis, acreditada pelo Global Sustainable Tourism Council (GSTC).<\/p>\n<p class=\"p1\">Este reconhecimento posiciona Melga\u00e7o entre os destinos de refer\u00eancia a n\u00edvel internacional no dom\u00ednio do turismo respons\u00e1vel.<\/p>\n<p class=\"p1\">\u00c9, atualmente,\u00a0o \u00fanico munic\u00edpio situado no Parque Nacional da Peneda-Ger\u00eas (PNPG)\u00a0com esta distin\u00e7\u00e3o e um dos poucos territ\u00f3rios portugueses certificados pela EarthCheck, a par de Bai\u00e3o, dos A\u00e7ores e da Madeira.<\/p>\n<p class=\"p1\">\u201cEste \u00e9 mais um passo decisivo no caminho que assumimos em 2017, com a elabora\u00e7\u00e3o do nosso plano estrat\u00e9gico para o turismo, e que se intensificou em 2021 com o processo de certifica\u00e7\u00e3o. Atingir o n\u00edvel quatro do selo prata \u00e9 o reflexo de uma vis\u00e3o clara, de uma estrat\u00e9gia bem definida e de um trabalho coletivo que envolve toda a comunidade local\u201d, refere o presidente da C\u00e2mara Municipal de Melga\u00e7o,\u00a0Manoel Batista.<\/p>\n<p class=\"p1\">O autarca destaca ainda que \u201ca sustentabilidade n\u00e3o \u00e9, contudo, uma meta, mas sim uma jornada e Melga\u00e7o est\u00e1 comprometido com esse caminho. A nossa produ\u00e7\u00e3o de energia verde \u00e9 largamente superior ao nosso consumo total e temos conseguido reduzir as emiss\u00f5es de CO2 e de gases com efeito de estufa, bem como fazer um uso racional e sustent\u00e1vel da \u00e1gua, \u00e1reas onde temos conseguido ser reconhecidos pela EarthCheck como \u2018melhor pr\u00e1tica\u2019\u201d.<\/p>\n","protected":false},"excerpt":{"rendered":"<p>O munic\u00edpio de Melga\u00e7o renova, pelo quarto ano consecutivo, a certifica\u00e7\u00e3o como destino tur\u00edstico sustent\u00e1vel, alcan\u00e7ando o n\u00edvel quatro do selo Prata, o \u00faltimo patamar antes da certifica\u00e7\u00e3o ouro, atribu\u00eddo pela EarthCheck,\u00a0 entidade l\u00edder mundial em certifica\u00e7\u00e3o de destinos tur\u00edsticos sustent\u00e1veis, acreditada pelo Global Sustainable Tourism Council (GSTC). Este reconhecimento posiciona Melga\u00e7o entre os destinos [&hellip;]<\/p>\n","protected":false},"author":1,"featured_media":118519,"comment_status":"closed","ping_status":"closed","sticky":false,"template":"","format":"standard","meta":{"_exactmetrics_skip_tracking":false,"_exactmetrics_sitenote_active":false,"_exactmetrics_sitenote_note":"","_exactmetrics_sitenote_category":0,"footnotes":""},"categories":[8],"tags":[27],"class_list":["post-118518","post","type-post","status-publish","format-standard","has-post-thumbnail","hentry","category-melgaco","tag-sociedade"],"yoast_head":"<!-- This site is optimized with the Yoast SEO Premium plugin v27.5 (Yoast SEO v27.5) - https:\/\/yoast.com\/product\/yoast-seo-premium-wordpress\/ -->\n<title>Melga\u00e7o renova certifica\u00e7\u00e3o internacional como destino tur\u00edstico sustent\u00e1vel<\/title>\n<meta name=\"description\" content=\"O Munic\u00edpio de Melga\u00e7o renova, pelo quarto ano consecutivo, a certifica\u00e7\u00e3o como destino tur\u00edstico sustent\u00e1vel, alcan\u00e7ando o n\u00edvel quatro do selo Prata, o \u00faltimo patamar antes da certifica\u00e7\u00e3o ouro, atribu\u00eddo pela EarthCheck.\" \/>\n<meta name=\"robots\" content=\"index, follow, max-snippet:-1, max-image-preview:large, max-video-preview:-1\" \/>\n<link rel=\"canonical\" href=\"https:\/\/www.altominho.tv\/site\/2025\/05\/20\/melgaco-renova-certificacao-internacional-como-destino-turistico-sustentavel\/\" \/>\n<meta property=\"og:locale\" content=\"pt_PT\" \/>\n<meta property=\"og:type\" content=\"article\" \/>\n<meta property=\"og:title\" content=\"Melga\u00e7o renova certifica\u00e7\u00e3o internacional como destino tur\u00edstico sustent\u00e1vel\" \/>\n<meta property=\"og:description\" content=\"O Munic\u00edpio de Melga\u00e7o renova, pelo quarto ano consecutivo, a certifica\u00e7\u00e3o como destino tur\u00edstico sustent\u00e1vel, alcan\u00e7ando o n\u00edvel quatro do selo Prata, o \u00faltimo patamar antes da certifica\u00e7\u00e3o ouro, atribu\u00eddo pela EarthCheck.\" \/>\n<meta property=\"og:url\" content=\"https:\/\/www.altominho.tv\/site\/2025\/05\/20\/melgaco-renova-certificacao-internacional-como-destino-turistico-sustentavel\/\" \/>\n<meta property=\"og:site_name\" content=\"Altominho.tv\" \/>\n<meta property=\"article:publisher\" content=\"https:\/\/www.facebook.com\/altominhotv\" \/>\n<meta property=\"article:published_time\" content=\"2025-05-20T15:15:38+00:00\" \/>\n<meta property=\"article:modified_time\" content=\"2025-05-20T15:15:41+00:00\" \/>\n<meta property=\"og:image\" content=\"https:\/\/www.altominho.tv\/site\/wp-content\/uploads\/2025\/05\/Melgaco-1.jpg\" \/>\n\t<meta property=\"og:image:width\" content=\"1200\" \/>\n\t<meta property=\"og:image:height\" content=\"630\" \/>\n\t<meta property=\"og:image:type\" content=\"image\/jpeg\" \/>\n<meta name=\"author\" content=\"Altominho.tv\" \/>\n<meta name=\"twitter:card\" content=\"summary_large_image\" \/>\n<meta name=\"twitter:creator\" content=\"@altominhoTV\" \/>\n<meta name=\"twitter:site\" content=\"@altominhoTV\" \/>\n<meta name=\"twitter:label1\" content=\"Escrito por\" \/>\n\t<meta name=\"twitter:data1\" content=\"Altominho.tv\" \/>\n\t<meta name=\"twitter:label2\" content=\"Tempo estimado de leitura\" \/>\n\t<meta name=\"twitter:data2\" content=\"2 minutos\" \/>\n<script type=\"application\/ld+json\" class=\"yoast-schema-graph\">{\"@context\":\"https:\\\/\\\/schema.org\",\"@graph\":[{\"@type\":\"Article\",\"@id\":\"https:\\\/\\\/www.altominho.tv\\\/site\\\/2025\\\/05\\\/20\\\/melgaco-renova-certificacao-internacional-como-destino-turistico-sustentavel\\\/#article\",\"isPartOf\":{\"@id\":\"https:\\\/\\\/www.altominho.tv\\\/site\\\/2025\\\/05\\\/20\\\/melgaco-renova-certificacao-internacional-como-destino-turistico-sustentavel\\\/\"},\"author\":{\"name\":\"Altominho.tv\",\"@id\":\"https:\\\/\\\/www.altominho.tv\\\/site\\\/#\\\/schema\\\/person\\\/4e536851627d7914baf3dac752b6af22\"},\"headline\":\"Melga\u00e7o renova certifica\u00e7\u00e3o internacional como destino tur\u00edstico sustent\u00e1vel\",\"datePublished\":\"2025-05-20T15:15:38+00:00\",\"dateModified\":\"2025-05-20T15:15:41+00:00\",\"mainEntityOfPage\":{\"@id\":\"https:\\\/\\\/www.altominho.tv\\\/site\\\/2025\\\/05\\\/20\\\/melgaco-renova-certificacao-internacional-como-destino-turistico-sustentavel\\\/\"},\"wordCount\":286,\"image\":{\"@id\":\"https:\\\/\\\/www.altominho.tv\\\/site\\\/2025\\\/05\\\/20\\\/melgaco-renova-certificacao-internacional-como-destino-turistico-sustentavel\\\/#primaryimage\"},\"thumbnailUrl\":\"https:\\\/\\\/www.altominho.tv\\\/site\\\/wp-content\\\/uploads\\\/2025\\\/05\\\/Melgaco-1.jpg\",\"keywords\":[\"Sociedade\"],\"articleSection\":[\"Melga\u00e7o\"],\"inLanguage\":\"pt-PT\",\"copyrightYear\":\"2025\",\"copyrightHolder\":{\"@id\":\"https:\\\/\\\/www.altominho.tv\\\/site\\\/#organization\"}},{\"@type\":\"WebPage\",\"@id\":\"https:\\\/\\\/www.altominho.tv\\\/site\\\/2025\\\/05\\\/20\\\/melgaco-renova-certificacao-internacional-como-destino-turistico-sustentavel\\\/\",\"url\":\"https:\\\/\\\/www.altominho.tv\\\/site\\\/2025\\\/05\\\/20\\\/melgaco-renova-certificacao-internacional-como-destino-turistico-sustentavel\\\/\",\"name\":\"Melga\u00e7o renova certifica\u00e7\u00e3o internacional como destino tur\u00edstico sustent\u00e1vel\",\"isPartOf\":{\"@id\":\"https:\\\/\\\/www.altominho.tv\\\/site\\\/#website\"},\"primaryImageOfPage\":{\"@id\":\"https:\\\/\\\/www.altominho.tv\\\/site\\\/2025\\\/05\\\/20\\\/melgaco-renova-certificacao-internacional-como-destino-turistico-sustentavel\\\/#primaryimage\"},\"image\":{\"@id\":\"https:\\\/\\\/www.altominho.tv\\\/site\\\/2025\\\/05\\\/20\\\/melgaco-renova-certificacao-internacional-como-destino-turistico-sustentavel\\\/#primaryimage\"},\"thumbnailUrl\":\"https:\\\/\\\/www.altominho.tv\\\/site\\\/wp-content\\\/uploads\\\/2025\\\/05\\\/Melgaco-1.jpg\",\"datePublished\":\"2025-05-20T15:15:38+00:00\",\"dateModified\":\"2025-05-20T15:15:41+00:00\",\"author\":{\"@id\":\"https:\\\/\\\/www.altominho.tv\\\/site\\\/#\\\/schema\\\/person\\\/4e536851627d7914baf3dac752b6af22\"},\"description\":\"O Munic\u00edpio de Melga\u00e7o renova, pelo quarto ano consecutivo, a certifica\u00e7\u00e3o como destino tur\u00edstico sustent\u00e1vel, alcan\u00e7ando o n\u00edvel quatro do selo Prata, o \u00faltimo patamar antes da certifica\u00e7\u00e3o ouro, atribu\u00eddo pela EarthCheck.\",\"breadcrumb\":{\"@id\":\"https:\\\/\\\/www.altominho.tv\\\/site\\\/2025\\\/05\\\/20\\\/melgaco-renova-certificacao-internacional-como-destino-turistico-sustentavel\\\/#breadcrumb\"},\"inLanguage\":\"pt-PT\",\"potentialAction\":[{\"@type\":\"ReadAction\",\"target\":[\"https:\\\/\\\/www.altominho.tv\\\/site\\\/2025\\\/05\\\/20\\\/melgaco-renova-certificacao-internacional-como-destino-turistico-sustentavel\\\/\"]}]},{\"@type\":\"ImageObject\",\"inLanguage\":\"pt-PT\",\"@id\":\"https:\\\/\\\/www.altominho.tv\\\/site\\\/2025\\\/05\\\/20\\\/melgaco-renova-certificacao-internacional-como-destino-turistico-sustentavel\\\/#primaryimage\",\"url\":\"https:\\\/\\\/www.altominho.tv\\\/site\\\/wp-content\\\/uploads\\\/2025\\\/05\\\/Melgaco-1.jpg\",\"contentUrl\":\"https:\\\/\\\/www.altominho.tv\\\/site\\\/wp-content\\\/uploads\\\/2025\\\/05\\\/Melgaco-1.jpg\",\"width\":1200,\"height\":630},{\"@type\":\"BreadcrumbList\",\"@id\":\"https:\\\/\\\/www.altominho.tv\\\/site\\\/2025\\\/05\\\/20\\\/melgaco-renova-certificacao-internacional-como-destino-turistico-sustentavel\\\/#breadcrumb\",\"itemListElement\":[{\"@type\":\"ListItem\",\"position\":1,\"name\":\"In\u00edcio\",\"item\":\"https:\\\/\\\/www.altominho.tv\\\/site\\\/\"},{\"@type\":\"ListItem\",\"position\":2,\"name\":\"Melga\u00e7o renova certifica\u00e7\u00e3o internacional como destino tur\u00edstico sustent\u00e1vel\"}]},{\"@type\":\"WebSite\",\"@id\":\"https:\\\/\\\/www.altominho.tv\\\/site\\\/#website\",\"url\":\"https:\\\/\\\/www.altominho.tv\\\/site\\\/\",\"name\":\"Altominho.tv\",\"description\":\"A sua regi\u00e3o \u00e0 dist\u00e2ncia de um clique...\",\"potentialAction\":[{\"@type\":\"SearchAction\",\"target\":{\"@type\":\"EntryPoint\",\"urlTemplate\":\"https:\\\/\\\/www.altominho.tv\\\/site\\\/?s={search_term_string}\"},\"query-input\":{\"@type\":\"PropertyValueSpecification\",\"valueRequired\":true,\"valueName\":\"search_term_string\"}}],\"inLanguage\":\"pt-PT\"},{\"@type\":\"Person\",\"@id\":\"https:\\\/\\\/www.altominho.tv\\\/site\\\/#\\\/schema\\\/person\\\/4e536851627d7914baf3dac752b6af22\",\"name\":\"Altominho.tv\",\"image\":{\"@type\":\"ImageObject\",\"inLanguage\":\"pt-PT\",\"@id\":\"https:\\\/\\\/www.altominho.tv\\\/site\\\/wp-content\\\/uploads\\\/2019\\\/11\\\/Logo_Avatar_2-150x150.jpg\",\"url\":\"https:\\\/\\\/www.altominho.tv\\\/site\\\/wp-content\\\/uploads\\\/2019\\\/11\\\/Logo_Avatar_2-150x150.jpg\",\"contentUrl\":\"https:\\\/\\\/www.altominho.tv\\\/site\\\/wp-content\\\/uploads\\\/2019\\\/11\\\/Logo_Avatar_2-150x150.jpg\",\"caption\":\"Altominho.tv\"},\"url\":\"https:\\\/\\\/www.altominho.tv\\\/site\\\/author\\\/altominhotv-tecnico\\\/\"}]}<\/script>\n<!-- \/ Yoast SEO Premium plugin. -->","yoast_head_json":{"title":"Melga\u00e7o renova certifica\u00e7\u00e3o internacional como destino tur\u00edstico sustent\u00e1vel","description":"O Munic\u00edpio de Melga\u00e7o renova, pelo quarto ano consecutivo, a certifica\u00e7\u00e3o como destino tur\u00edstico sustent\u00e1vel, alcan\u00e7ando o n\u00edvel quatro do selo Prata, o \u00faltimo patamar antes da certifica\u00e7\u00e3o ouro, atribu\u00eddo pela EarthCheck.","robots":{"index":"index","follow":"follow","max-snippet":"max-snippet:-1","max-image-preview":"max-image-preview:large","max-video-preview":"max-video-preview:-1"},"canonical":"https:\/\/www.altominho.tv\/site\/2025\/05\/20\/melgaco-renova-certificacao-internacional-como-destino-turistico-sustentavel\/","og_locale":"pt_PT","og_type":"article","og_title":"Melga\u00e7o renova certifica\u00e7\u00e3o internacional como destino tur\u00edstico sustent\u00e1vel","og_description":"O Munic\u00edpio de Melga\u00e7o renova, pelo quarto ano consecutivo, a certifica\u00e7\u00e3o como destino tur\u00edstico sustent\u00e1vel, alcan\u00e7ando o n\u00edvel quatro do selo Prata, o \u00faltimo patamar antes da certifica\u00e7\u00e3o ouro, atribu\u00eddo pela EarthCheck.","og_url":"https:\/\/www.altominho.tv\/site\/2025\/05\/20\/melgaco-renova-certificacao-internacional-como-destino-turistico-sustentavel\/","og_site_name":"Altominho.tv","article_publisher":"https:\/\/www.facebook.com\/altominhotv","article_published_time":"2025-05-20T15:15:38+00:00","article_modified_time":"2025-05-20T15:15:41+00:00","og_image":[{"width":1200,"height":630,"url":"https:\/\/www.altominho.tv\/site\/wp-content\/uploads\/2025\/05\/Melgaco-1.jpg","type":"image\/jpeg"}],"author":"Altominho.tv","twitter_card":"summary_large_image","twitter_creator":"@altominhoTV","twitter_site":"@altominhoTV","twitter_misc":{"Escrito por":"Altominho.tv","Tempo estimado de leitura":"2 minutos"},"schema":{"@context":"https:\/\/schema.org","@graph":[{"@type":"Article","@id":"https:\/\/www.altominho.tv\/site\/2025\/05\/20\/melgaco-renova-certificacao-internacional-como-destino-turistico-sustentavel\/#article","isPartOf":{"@id":"https:\/\/www.altominho.tv\/site\/2025\/05\/20\/melgaco-renova-certificacao-internacional-como-destino-turistico-sustentavel\/"},"author":{"name":"Altominho.tv","@id":"https:\/\/www.altominho.tv\/site\/#\/schema\/person\/4e536851627d7914baf3dac752b6af22"},"headline":"Melga\u00e7o renova certifica\u00e7\u00e3o internacional como destino tur\u00edstico sustent\u00e1vel","datePublished":"2025-05-20T15:15:38+00:00","dateModified":"2025-05-20T15:15:41+00:00","mainEntityOfPage":{"@id":"https:\/\/www.altominho.tv\/site\/2025\/05\/20\/melgaco-renova-certificacao-internacional-como-destino-turistico-sustentavel\/"},"wordCount":286,"image":{"@id":"https:\/\/www.altominho.tv\/site\/2025\/05\/20\/melgaco-renova-certificacao-internacional-como-destino-turistico-sustentavel\/#primaryimage"},"thumbnailUrl":"https:\/\/www.altominho.tv\/site\/wp-content\/uploads\/2025\/05\/Melgaco-1.jpg","keywords":["Sociedade"],"articleSection":["Melga\u00e7o"],"inLanguage":"pt-PT","copyrightYear":"2025","copyrightHolder":{"@id":"https:\/\/www.altominho.tv\/site\/#organization"}},{"@type":"WebPage","@id":"https:\/\/www.altominho.tv\/site\/2025\/05\/20\/melgaco-renova-certificacao-internacional-como-destino-turistico-sustentavel\/","url":"https:\/\/www.altominho.tv\/site\/2025\/05\/20\/melgaco-renova-certificacao-internacional-como-destino-turistico-sustentavel\/","name":"Melga\u00e7o renova certifica\u00e7\u00e3o internacional como destino tur\u00edstico sustent\u00e1vel","isPartOf":{"@id":"https:\/\/www.altominho.tv\/site\/#website"},"primaryImageOfPage":{"@id":"https:\/\/www.altominho.tv\/site\/2025\/05\/20\/melgaco-renova-certificacao-internacional-como-destino-turistico-sustentavel\/#primaryimage"},"image":{"@id":"https:\/\/www.altominho.tv\/site\/2025\/05\/20\/melgaco-renova-certificacao-internacional-como-destino-turistico-sustentavel\/#primaryimage"},"thumbnailUrl":"https:\/\/www.altominho.tv\/site\/wp-content\/uploads\/2025\/05\/Melgaco-1.jpg","datePublished":"2025-05-20T15:15:38+00:00","dateModified":"2025-05-20T15:15:41+00:00","author":{"@id":"https:\/\/www.altominho.tv\/site\/#\/schema\/person\/4e536851627d7914baf3dac752b6af22"},"description":"O Munic\u00edpio de Melga\u00e7o renova, pelo quarto ano consecutivo, a certifica\u00e7\u00e3o como destino tur\u00edstico sustent\u00e1vel, alcan\u00e7ando o n\u00edvel quatro do selo Prata, o \u00faltimo patamar antes da certifica\u00e7\u00e3o ouro, atribu\u00eddo pela EarthCheck.","breadcrumb":{"@id":"https:\/\/www.altominho.tv\/site\/2025\/05\/20\/melgaco-renova-certificacao-internacional-como-destino-turistico-sustentavel\/#breadcrumb"},"inLanguage":"pt-PT","potentialAction":[{"@type":"ReadAction","target":["https:\/\/www.altominho.tv\/site\/2025\/05\/20\/melgaco-renova-certificacao-internacional-como-destino-turistico-sustentavel\/"]}]},{"@type":"ImageObject","inLanguage":"pt-PT","@id":"https:\/\/www.altominho.tv\/site\/2025\/05\/20\/melgaco-renova-certificacao-internacional-como-destino-turistico-sustentavel\/#primaryimage","url":"https:\/\/www.altominho.tv\/site\/wp-content\/uploads\/2025\/05\/Melgaco-1.jpg","contentUrl":"https:\/\/www.altominho.tv\/site\/wp-content\/uploads\/2025\/05\/Melgaco-1.jpg","width":1200,"height":630},{"@type":"BreadcrumbList","@id":"https:\/\/www.altominho.tv\/site\/2025\/05\/20\/melgaco-renova-certificacao-internacional-como-destino-turistico-sustentavel\/#breadcrumb","itemListElement":[{"@type":"ListItem","position":1,"name":"In\u00edcio","item":"https:\/\/www.altominho.tv\/site\/"},{"@type":"ListItem","position":2,"name":"Melga\u00e7o renova certifica\u00e7\u00e3o internacional como destino tur\u00edstico sustent\u00e1vel"}]},{"@type":"WebSite","@id":"https:\/\/www.altominho.tv\/site\/#website","url":"https:\/\/www.altominho.tv\/site\/","name":"Altominho.tv","description":"A sua regi\u00e3o \u00e0 dist\u00e2ncia de um clique...","potentialAction":[{"@type":"SearchAction","target":{"@type":"EntryPoint","urlTemplate":"https:\/\/www.altominho.tv\/site\/?s={search_term_string}"},"query-input":{"@type":"PropertyValueSpecification","valueRequired":true,"valueName":"search_term_string"}}],"inLanguage":"pt-PT"},{"@type":"Person","@id":"https:\/\/www.altominho.tv\/site\/#\/schema\/person\/4e536851627d7914baf3dac752b6af22","name":"Altominho.tv","image":{"@type":"ImageObject","inLanguage":"pt-PT","@id":"https:\/\/www.altominho.tv\/site\/wp-content\/uploads\/2019\/11\/Logo_Avatar_2-150x150.jpg","url":"https:\/\/www.altominho.tv\/site\/wp-content\/uploads\/2019\/11\/Logo_Avatar_2-150x150.jpg","contentUrl":"https:\/\/www.altominho.tv\/site\/wp-content\/uploads\/2019\/11\/Logo_Avatar_2-150x150.jpg","caption":"Altominho.tv"},"url":"https:\/\/www.altominho.tv\/site\/author\/altominhotv-tecnico\/"}]}},"_links":{"self":[{"href":"https:\/\/www.altominho.tv\/site\/wp-json\/wp\/v2\/posts\/118518","targetHints":{"allow":["GET"]}}],"collection":[{"href":"https:\/\/www.altominho.tv\/site\/wp-json\/wp\/v2\/posts"}],"about":[{"href":"https:\/\/www.altominho.tv\/site\/wp-json\/wp\/v2\/types\/post"}],"author":[{"embeddable":true,"href":"https:\/\/www.altominho.tv\/site\/wp-json\/wp\/v2\/users\/1"}],"replies":[{"embeddable":true,"href":"https:\/\/www.altominho.tv\/site\/wp-json\/wp\/v2\/comments?post=118518"}],"version-history":[{"count":1,"href":"https:\/\/www.altominho.tv\/site\/wp-json\/wp\/v2\/posts\/118518\/revisions"}],"predecessor-version":[{"id":118520,"href":"https:\/\/www.altominho.tv\/site\/wp-json\/wp\/v2\/posts\/118518\/revisions\/118520"}],"wp:featuredmedia":[{"embeddable":true,"href":"https:\/\/www.altominho.tv\/site\/wp-json\/wp\/v2\/media\/118519"}],"wp:attachment":[{"href":"https:\/\/www.altominho.tv\/site\/wp-json\/wp\/v2\/media?parent=118518"}],"wp:term":[{"taxonomy":"category","embeddable":true,"href":"https:\/\/www.altominho.tv\/site\/wp-json\/wp\/v2\/categories?post=118518"},{"taxonomy":"post_tag","embeddable":true,"href":"https:\/\/www.altominho.tv\/site\/wp-json\/wp\/v2\/tags?post=118518"}],"curies":[{"name":"wp","href":"https:\/\/api.w.org\/{rel}","templated":true}]}}