{"id":118495,"date":"2025-05-20T19:30:00","date_gmt":"2025-05-20T18:30:00","guid":{"rendered":"https:\/\/www.altominho.tv\/site\/?p=118495"},"modified":"2025-05-20T11:51:31","modified_gmt":"2025-05-20T10:51:31","slug":"negocio-de-joao-alves-nasceu-da-paixao-pelas-abelhas","status":"publish","type":"post","link":"https:\/\/www.altominho.tv\/site\/2025\/05\/20\/negocio-de-joao-alves-nasceu-da-paixao-pelas-abelhas\/","title":{"rendered":"Neg\u00f3cio de Jo\u00e3o Alves nasceu da paix\u00e3o pelas abelhas"},"content":{"rendered":"\n<figure class=\"wp-block-embed is-type-video is-provider-youtube wp-block-embed-youtube wp-embed-aspect-16-9 wp-has-aspect-ratio\"><div class=\"wp-block-embed__wrapper\">\n<iframe loading=\"lazy\" title=\"Neg\u00f3cio de Jo\u00e3o Alves nasceu da paix\u00e3o pelas abelhas | Altominho TV\" width=\"770\" height=\"433\" src=\"https:\/\/www.youtube.com\/embed\/EIMNyse658M?feature=oembed\" frameborder=\"0\" allow=\"accelerometer; autoplay; clipboard-write; encrypted-media; gyroscope; picture-in-picture; web-share\" referrerpolicy=\"strict-origin-when-cross-origin\" allowfullscreen><\/iframe>\n<\/div><\/figure>\n\n\n<p>A conviv\u00eancia com as abelhas desde tenra idade levou Jo\u00e3o Alves a criar o seu pr\u00f3prio neg\u00f3cio. Natural de Arcos de Valdevez, o apicultor criou \u00e0 cerca de 5 anos a sua marca, a Apivez, que vende diversos produtos como o mel, p\u00f3len e cera de abelha.<\/p>\n<p>Um dos produtos de destaque, e ainda pouco conhecido \u00e9 o p\u00f3len, que \u00e9 poss\u00edvel ser consumido ap\u00f3s o devido tratamento.<\/p>\n<p>A paix\u00e3o de Jo\u00e3o pelas abelhas exige muito tempo e dedica\u00e7\u00e3o, contudo tem ainda ambi\u00e7\u00e3o de expandir e melhorar o seu pequeno neg\u00f3cio.<\/p>\n<p>Com a apicultura, Jo\u00e3o Alves promove e valoriza os recursos naturais que o rodeiam, contribuindo com as suas abelhas para impulsionar e melhorar a agricultura.<\/p>","protected":false},"excerpt":{"rendered":"<p>A conviv\u00eancia com as abelhas desde tenra idade levou Jo\u00e3o Alves a criar o seu pr\u00f3prio neg\u00f3cio. Natural de Arcos de Valdevez, o apicultor criou \u00e0 cerca de 5 anos a sua marca, a Apivez, que vende diversos produtos como o mel, p\u00f3len e cera de abelha. Um dos produtos de destaque, e ainda pouco [&hellip;]<\/p>\n","protected":false},"author":8,"featured_media":118497,"comment_status":"closed","ping_status":"closed","sticky":false,"template":"","format":"video","meta":{"_exactmetrics_skip_tracking":false,"_exactmetrics_sitenote_active":false,"_exactmetrics_sitenote_note":"","_exactmetrics_sitenote_category":0,"footnotes":""},"categories":[2],"tags":[23],"class_list":["post-118495","post","type-post","status-publish","format-video","has-post-thumbnail","hentry","category-arcos-de-valdevez","tag-gente","post_format-post-format-video"],"yoast_head":"<!-- This site is optimized with the Yoast SEO Premium plugin v27.4 (Yoast SEO v27.4) - https:\/\/yoast.com\/product\/yoast-seo-premium-wordpress\/ -->\n<title>Neg\u00f3cio de Jo\u00e3o Alves nasceu da paix\u00e3o pelas abelhas<\/title>\n<meta name=\"description\" content=\"Um dos produtos de destaque, e ainda pouco conhecido \u00e9 o p\u00f3len, que \u00e9 poss\u00edvel ser consumido ap\u00f3s o devido tratamento.\" \/>\n<meta name=\"robots\" content=\"index, follow, max-snippet:-1, max-image-preview:large, max-video-preview:-1\" \/>\n<link rel=\"canonical\" href=\"https:\/\/www.altominho.tv\/site\/2025\/05\/20\/negocio-de-joao-alves-nasceu-da-paixao-pelas-abelhas\/\" \/>\n<meta property=\"og:locale\" content=\"pt_PT\" \/>\n<meta property=\"og:type\" content=\"article\" \/>\n<meta property=\"og:title\" content=\"Neg\u00f3cio de Jo\u00e3o Alves nasceu da paix\u00e3o pelas abelhas\" \/>\n<meta property=\"og:description\" content=\"Um dos produtos de destaque, e ainda pouco conhecido \u00e9 o p\u00f3len, que \u00e9 poss\u00edvel ser consumido ap\u00f3s o devido tratamento.\" \/>\n<meta property=\"og:url\" content=\"https:\/\/www.altominho.tv\/site\/2025\/05\/20\/negocio-de-joao-alves-nasceu-da-paixao-pelas-abelhas\/\" \/>\n<meta property=\"og:site_name\" content=\"Altominho.tv\" \/>\n<meta property=\"article:publisher\" content=\"https:\/\/www.facebook.com\/altominhotv\" \/>\n<meta property=\"article:published_time\" content=\"2025-05-20T18:30:00+00:00\" \/>\n<meta property=\"og:image\" content=\"https:\/\/www.altominho.tv\/site\/wp-content\/uploads\/2025\/05\/eimnyse658m.jpg\" \/>\n\t<meta property=\"og:image:width\" content=\"1280\" \/>\n\t<meta property=\"og:image:height\" content=\"720\" \/>\n\t<meta property=\"og:image:type\" content=\"image\/jpeg\" \/>\n<meta name=\"author\" content=\"Alexandre Ferreira\" \/>\n<meta name=\"twitter:card\" content=\"summary_large_image\" \/>\n<meta name=\"twitter:creator\" content=\"@altominhoTV\" \/>\n<meta name=\"twitter:site\" content=\"@altominhoTV\" \/>\n<meta name=\"twitter:label1\" content=\"Escrito por\" \/>\n\t<meta name=\"twitter:data1\" content=\"Alexandre Ferreira\" \/>\n\t<meta name=\"twitter:label2\" content=\"Tempo estimado de leitura\" \/>\n\t<meta name=\"twitter:data2\" content=\"1 minuto\" \/>\n<script type=\"application\/ld+json\" class=\"yoast-schema-graph\">{\"@context\":\"https:\\\/\\\/schema.org\",\"@graph\":[{\"@type\":\"Article\",\"@id\":\"https:\\\/\\\/www.altominho.tv\\\/site\\\/2025\\\/05\\\/20\\\/negocio-de-joao-alves-nasceu-da-paixao-pelas-abelhas\\\/#article\",\"isPartOf\":{\"@id\":\"https:\\\/\\\/www.altominho.tv\\\/site\\\/2025\\\/05\\\/20\\\/negocio-de-joao-alves-nasceu-da-paixao-pelas-abelhas\\\/\"},\"author\":{\"name\":\"Alexandre Ferreira\",\"@id\":\"https:\\\/\\\/www.altominho.tv\\\/site\\\/#\\\/schema\\\/person\\\/56c462a0f6591602f4e9fb3fa6ea49bd\"},\"headline\":\"Neg\u00f3cio de Jo\u00e3o Alves nasceu da paix\u00e3o pelas abelhas\",\"datePublished\":\"2025-05-20T18:30:00+00:00\",\"mainEntityOfPage\":{\"@id\":\"https:\\\/\\\/www.altominho.tv\\\/site\\\/2025\\\/05\\\/20\\\/negocio-de-joao-alves-nasceu-da-paixao-pelas-abelhas\\\/\"},\"wordCount\":143,\"image\":{\"@id\":\"https:\\\/\\\/www.altominho.tv\\\/site\\\/2025\\\/05\\\/20\\\/negocio-de-joao-alves-nasceu-da-paixao-pelas-abelhas\\\/#primaryimage\"},\"thumbnailUrl\":\"https:\\\/\\\/www.altominho.tv\\\/site\\\/wp-content\\\/uploads\\\/2025\\\/05\\\/eimnyse658m.jpg\",\"keywords\":[\"Gente\"],\"articleSection\":[\"Arcos de Valdevez\"],\"inLanguage\":\"pt-PT\",\"copyrightYear\":\"2025\",\"copyrightHolder\":{\"@id\":\"https:\\\/\\\/www.altominho.tv\\\/site\\\/#organization\"}},{\"@type\":\"WebPage\",\"@id\":\"https:\\\/\\\/www.altominho.tv\\\/site\\\/2025\\\/05\\\/20\\\/negocio-de-joao-alves-nasceu-da-paixao-pelas-abelhas\\\/\",\"url\":\"https:\\\/\\\/www.altominho.tv\\\/site\\\/2025\\\/05\\\/20\\\/negocio-de-joao-alves-nasceu-da-paixao-pelas-abelhas\\\/\",\"name\":\"Neg\u00f3cio de Jo\u00e3o Alves nasceu da paix\u00e3o pelas abelhas\",\"isPartOf\":{\"@id\":\"https:\\\/\\\/www.altominho.tv\\\/site\\\/#website\"},\"primaryImageOfPage\":{\"@id\":\"https:\\\/\\\/www.altominho.tv\\\/site\\\/2025\\\/05\\\/20\\\/negocio-de-joao-alves-nasceu-da-paixao-pelas-abelhas\\\/#primaryimage\"},\"image\":{\"@id\":\"https:\\\/\\\/www.altominho.tv\\\/site\\\/2025\\\/05\\\/20\\\/negocio-de-joao-alves-nasceu-da-paixao-pelas-abelhas\\\/#primaryimage\"},\"thumbnailUrl\":\"https:\\\/\\\/www.altominho.tv\\\/site\\\/wp-content\\\/uploads\\\/2025\\\/05\\\/eimnyse658m.jpg\",\"datePublished\":\"2025-05-20T18:30:00+00:00\",\"author\":{\"@id\":\"https:\\\/\\\/www.altominho.tv\\\/site\\\/#\\\/schema\\\/person\\\/56c462a0f6591602f4e9fb3fa6ea49bd\"},\"description\":\"Um dos produtos de destaque, e ainda pouco conhecido \u00e9 o p\u00f3len, que \u00e9 poss\u00edvel ser consumido ap\u00f3s o devido tratamento.\",\"breadcrumb\":{\"@id\":\"https:\\\/\\\/www.altominho.tv\\\/site\\\/2025\\\/05\\\/20\\\/negocio-de-joao-alves-nasceu-da-paixao-pelas-abelhas\\\/#breadcrumb\"},\"inLanguage\":\"pt-PT\",\"potentialAction\":[{\"@type\":\"ReadAction\",\"target\":[\"https:\\\/\\\/www.altominho.tv\\\/site\\\/2025\\\/05\\\/20\\\/negocio-de-joao-alves-nasceu-da-paixao-pelas-abelhas\\\/\"]}]},{\"@type\":\"ImageObject\",\"inLanguage\":\"pt-PT\",\"@id\":\"https:\\\/\\\/www.altominho.tv\\\/site\\\/2025\\\/05\\\/20\\\/negocio-de-joao-alves-nasceu-da-paixao-pelas-abelhas\\\/#primaryimage\",\"url\":\"https:\\\/\\\/www.altominho.tv\\\/site\\\/wp-content\\\/uploads\\\/2025\\\/05\\\/eimnyse658m.jpg\",\"contentUrl\":\"https:\\\/\\\/www.altominho.tv\\\/site\\\/wp-content\\\/uploads\\\/2025\\\/05\\\/eimnyse658m.jpg\",\"width\":1280,\"height\":720},{\"@type\":\"BreadcrumbList\",\"@id\":\"https:\\\/\\\/www.altominho.tv\\\/site\\\/2025\\\/05\\\/20\\\/negocio-de-joao-alves-nasceu-da-paixao-pelas-abelhas\\\/#breadcrumb\",\"itemListElement\":[{\"@type\":\"ListItem\",\"position\":1,\"name\":\"In\u00edcio\",\"item\":\"https:\\\/\\\/www.altominho.tv\\\/site\\\/\"},{\"@type\":\"ListItem\",\"position\":2,\"name\":\"Neg\u00f3cio de Jo\u00e3o Alves nasceu da paix\u00e3o pelas abelhas\"}]},{\"@type\":\"WebSite\",\"@id\":\"https:\\\/\\\/www.altominho.tv\\\/site\\\/#website\",\"url\":\"https:\\\/\\\/www.altominho.tv\\\/site\\\/\",\"name\":\"Altominho.tv\",\"description\":\"A sua regi\u00e3o \u00e0 dist\u00e2ncia de um clique...\",\"potentialAction\":[{\"@type\":\"SearchAction\",\"target\":{\"@type\":\"EntryPoint\",\"urlTemplate\":\"https:\\\/\\\/www.altominho.tv\\\/site\\\/?s={search_term_string}\"},\"query-input\":{\"@type\":\"PropertyValueSpecification\",\"valueRequired\":true,\"valueName\":\"search_term_string\"}}],\"inLanguage\":\"pt-PT\"},{\"@type\":\"Person\",\"@id\":\"https:\\\/\\\/www.altominho.tv\\\/site\\\/#\\\/schema\\\/person\\\/56c462a0f6591602f4e9fb3fa6ea49bd\",\"name\":\"Alexandre Ferreira\",\"image\":{\"@type\":\"ImageObject\",\"inLanguage\":\"pt-PT\",\"@id\":\"https:\\\/\\\/www.altominho.tv\\\/site\\\/wp-content\\\/uploads\\\/2017\\\/11\\\/Alexandre-150x150.jpg\",\"url\":\"https:\\\/\\\/www.altominho.tv\\\/site\\\/wp-content\\\/uploads\\\/2017\\\/11\\\/Alexandre-150x150.jpg\",\"contentUrl\":\"https:\\\/\\\/www.altominho.tv\\\/site\\\/wp-content\\\/uploads\\\/2017\\\/11\\\/Alexandre-150x150.jpg\",\"caption\":\"Alexandre Ferreira\"},\"url\":\"https:\\\/\\\/www.altominho.tv\\\/site\\\/author\\\/alexandreferreira\\\/\"}]}<\/script>\n<meta property=\"og:video\" content=\"https:\/\/www.youtube.com\/embed\/EIMNyse658M\" \/>\n<meta property=\"og:video:type\" content=\"text\/html\" \/>\n<meta property=\"og:video:duration\" content=\"146\" \/>\n<meta property=\"og:video:width\" content=\"480\" \/>\n<meta property=\"og:video:height\" content=\"270\" \/>\n<meta property=\"ya:ovs:adult\" content=\"false\" \/>\n<meta property=\"ya:ovs:upload_date\" content=\"2025-05-20T18:30:00+00:00\" \/>\n<meta property=\"ya:ovs:allow_embed\" content=\"true\" \/>\n<!-- \/ Yoast SEO Premium plugin. -->","yoast_head_json":{"title":"Neg\u00f3cio de Jo\u00e3o Alves nasceu da paix\u00e3o pelas abelhas","description":"Um dos produtos de destaque, e ainda pouco conhecido \u00e9 o p\u00f3len, que \u00e9 poss\u00edvel ser consumido ap\u00f3s o devido tratamento.","robots":{"index":"index","follow":"follow","max-snippet":"max-snippet:-1","max-image-preview":"max-image-preview:large","max-video-preview":"max-video-preview:-1"},"canonical":"https:\/\/www.altominho.tv\/site\/2025\/05\/20\/negocio-de-joao-alves-nasceu-da-paixao-pelas-abelhas\/","og_locale":"pt_PT","og_type":"article","og_title":"Neg\u00f3cio de Jo\u00e3o Alves nasceu da paix\u00e3o pelas abelhas","og_description":"Um dos produtos de destaque, e ainda pouco conhecido \u00e9 o p\u00f3len, que \u00e9 poss\u00edvel ser consumido ap\u00f3s o devido tratamento.","og_url":"https:\/\/www.altominho.tv\/site\/2025\/05\/20\/negocio-de-joao-alves-nasceu-da-paixao-pelas-abelhas\/","og_site_name":"Altominho.tv","article_publisher":"https:\/\/www.facebook.com\/altominhotv","article_published_time":"2025-05-20T18:30:00+00:00","og_image":[{"width":1280,"height":720,"url":"https:\/\/www.altominho.tv\/site\/wp-content\/uploads\/2025\/05\/eimnyse658m.jpg","type":"image\/jpeg"}],"author":"Alexandre Ferreira","twitter_card":"summary_large_image","twitter_creator":"@altominhoTV","twitter_site":"@altominhoTV","twitter_misc":{"Escrito por":"Alexandre Ferreira","Tempo estimado de leitura":"1 minuto"},"schema":{"@context":"https:\/\/schema.org","@graph":[{"@type":"Article","@id":"https:\/\/www.altominho.tv\/site\/2025\/05\/20\/negocio-de-joao-alves-nasceu-da-paixao-pelas-abelhas\/#article","isPartOf":{"@id":"https:\/\/www.altominho.tv\/site\/2025\/05\/20\/negocio-de-joao-alves-nasceu-da-paixao-pelas-abelhas\/"},"author":{"name":"Alexandre Ferreira","@id":"https:\/\/www.altominho.tv\/site\/#\/schema\/person\/56c462a0f6591602f4e9fb3fa6ea49bd"},"headline":"Neg\u00f3cio de Jo\u00e3o Alves nasceu da paix\u00e3o pelas abelhas","datePublished":"2025-05-20T18:30:00+00:00","mainEntityOfPage":{"@id":"https:\/\/www.altominho.tv\/site\/2025\/05\/20\/negocio-de-joao-alves-nasceu-da-paixao-pelas-abelhas\/"},"wordCount":143,"image":{"@id":"https:\/\/www.altominho.tv\/site\/2025\/05\/20\/negocio-de-joao-alves-nasceu-da-paixao-pelas-abelhas\/#primaryimage"},"thumbnailUrl":"https:\/\/www.altominho.tv\/site\/wp-content\/uploads\/2025\/05\/eimnyse658m.jpg","keywords":["Gente"],"articleSection":["Arcos de Valdevez"],"inLanguage":"pt-PT","copyrightYear":"2025","copyrightHolder":{"@id":"https:\/\/www.altominho.tv\/site\/#organization"}},{"@type":"WebPage","@id":"https:\/\/www.altominho.tv\/site\/2025\/05\/20\/negocio-de-joao-alves-nasceu-da-paixao-pelas-abelhas\/","url":"https:\/\/www.altominho.tv\/site\/2025\/05\/20\/negocio-de-joao-alves-nasceu-da-paixao-pelas-abelhas\/","name":"Neg\u00f3cio de Jo\u00e3o Alves nasceu da paix\u00e3o pelas abelhas","isPartOf":{"@id":"https:\/\/www.altominho.tv\/site\/#website"},"primaryImageOfPage":{"@id":"https:\/\/www.altominho.tv\/site\/2025\/05\/20\/negocio-de-joao-alves-nasceu-da-paixao-pelas-abelhas\/#primaryimage"},"image":{"@id":"https:\/\/www.altominho.tv\/site\/2025\/05\/20\/negocio-de-joao-alves-nasceu-da-paixao-pelas-abelhas\/#primaryimage"},"thumbnailUrl":"https:\/\/www.altominho.tv\/site\/wp-content\/uploads\/2025\/05\/eimnyse658m.jpg","datePublished":"2025-05-20T18:30:00+00:00","author":{"@id":"https:\/\/www.altominho.tv\/site\/#\/schema\/person\/56c462a0f6591602f4e9fb3fa6ea49bd"},"description":"Um dos produtos de destaque, e ainda pouco conhecido \u00e9 o p\u00f3len, que \u00e9 poss\u00edvel ser consumido ap\u00f3s o devido tratamento.","breadcrumb":{"@id":"https:\/\/www.altominho.tv\/site\/2025\/05\/20\/negocio-de-joao-alves-nasceu-da-paixao-pelas-abelhas\/#breadcrumb"},"inLanguage":"pt-PT","potentialAction":[{"@type":"ReadAction","target":["https:\/\/www.altominho.tv\/site\/2025\/05\/20\/negocio-de-joao-alves-nasceu-da-paixao-pelas-abelhas\/"]}]},{"@type":"ImageObject","inLanguage":"pt-PT","@id":"https:\/\/www.altominho.tv\/site\/2025\/05\/20\/negocio-de-joao-alves-nasceu-da-paixao-pelas-abelhas\/#primaryimage","url":"https:\/\/www.altominho.tv\/site\/wp-content\/uploads\/2025\/05\/eimnyse658m.jpg","contentUrl":"https:\/\/www.altominho.tv\/site\/wp-content\/uploads\/2025\/05\/eimnyse658m.jpg","width":1280,"height":720},{"@type":"BreadcrumbList","@id":"https:\/\/www.altominho.tv\/site\/2025\/05\/20\/negocio-de-joao-alves-nasceu-da-paixao-pelas-abelhas\/#breadcrumb","itemListElement":[{"@type":"ListItem","position":1,"name":"In\u00edcio","item":"https:\/\/www.altominho.tv\/site\/"},{"@type":"ListItem","position":2,"name":"Neg\u00f3cio de Jo\u00e3o Alves nasceu da paix\u00e3o pelas abelhas"}]},{"@type":"WebSite","@id":"https:\/\/www.altominho.tv\/site\/#website","url":"https:\/\/www.altominho.tv\/site\/","name":"Altominho.tv","description":"A sua regi\u00e3o \u00e0 dist\u00e2ncia de um clique...","potentialAction":[{"@type":"SearchAction","target":{"@type":"EntryPoint","urlTemplate":"https:\/\/www.altominho.tv\/site\/?s={search_term_string}"},"query-input":{"@type":"PropertyValueSpecification","valueRequired":true,"valueName":"search_term_string"}}],"inLanguage":"pt-PT"},{"@type":"Person","@id":"https:\/\/www.altominho.tv\/site\/#\/schema\/person\/56c462a0f6591602f4e9fb3fa6ea49bd","name":"Alexandre Ferreira","image":{"@type":"ImageObject","inLanguage":"pt-PT","@id":"https:\/\/www.altominho.tv\/site\/wp-content\/uploads\/2017\/11\/Alexandre-150x150.jpg","url":"https:\/\/www.altominho.tv\/site\/wp-content\/uploads\/2017\/11\/Alexandre-150x150.jpg","contentUrl":"https:\/\/www.altominho.tv\/site\/wp-content\/uploads\/2017\/11\/Alexandre-150x150.jpg","caption":"Alexandre Ferreira"},"url":"https:\/\/www.altominho.tv\/site\/author\/alexandreferreira\/"}]},"og_video":"https:\/\/www.youtube.com\/embed\/EIMNyse658M","og_video_type":"text\/html","og_video_duration":"146","og_video_width":"480","og_video_height":"270","ya_ovs_adult":"false","ya_ovs_upload_date":"2025-05-20T18:30:00+00:00","ya_ovs_allow_embed":"true"},"_links":{"self":[{"href":"https:\/\/www.altominho.tv\/site\/wp-json\/wp\/v2\/posts\/118495","targetHints":{"allow":["GET"]}}],"collection":[{"href":"https:\/\/www.altominho.tv\/site\/wp-json\/wp\/v2\/posts"}],"about":[{"href":"https:\/\/www.altominho.tv\/site\/wp-json\/wp\/v2\/types\/post"}],"author":[{"embeddable":true,"href":"https:\/\/www.altominho.tv\/site\/wp-json\/wp\/v2\/users\/8"}],"replies":[{"embeddable":true,"href":"https:\/\/www.altominho.tv\/site\/wp-json\/wp\/v2\/comments?post=118495"}],"version-history":[{"count":1,"href":"https:\/\/www.altominho.tv\/site\/wp-json\/wp\/v2\/posts\/118495\/revisions"}],"predecessor-version":[{"id":118496,"href":"https:\/\/www.altominho.tv\/site\/wp-json\/wp\/v2\/posts\/118495\/revisions\/118496"}],"wp:featuredmedia":[{"embeddable":true,"href":"https:\/\/www.altominho.tv\/site\/wp-json\/wp\/v2\/media\/118497"}],"wp:attachment":[{"href":"https:\/\/www.altominho.tv\/site\/wp-json\/wp\/v2\/media?parent=118495"}],"wp:term":[{"taxonomy":"category","embeddable":true,"href":"https:\/\/www.altominho.tv\/site\/wp-json\/wp\/v2\/categories?post=118495"},{"taxonomy":"post_tag","embeddable":true,"href":"https:\/\/www.altominho.tv\/site\/wp-json\/wp\/v2\/tags?post=118495"}],"curies":[{"name":"wp","href":"https:\/\/api.w.org\/{rel}","templated":true}]}}