{"id":118454,"date":"2025-05-19T16:06:26","date_gmt":"2025-05-19T15:06:26","guid":{"rendered":"https:\/\/www.altominho.tv\/site\/?p=118454"},"modified":"2025-05-19T16:09:34","modified_gmt":"2025-05-19T15:09:34","slug":"homem-em-estado-grave-apos-acidente-de-trabalho-em-fabrica-de-volantes","status":"publish","type":"post","link":"https:\/\/www.altominho.tv\/site\/2025\/05\/19\/homem-em-estado-grave-apos-acidente-de-trabalho-em-fabrica-de-volantes\/","title":{"rendered":"Homem em estado grave ap\u00f3s acidente de trabalho em f\u00e1brica de volantes"},"content":{"rendered":"<p><span data-contrast=\"auto\">Um homem de 50 anos ficou gravemente ferido, esta segunda-feira, na sequ\u00eancia de um alegado acidente de trabalho ocorrido na f\u00e1brica da ZF, especializada na produ\u00e7\u00e3o de volantes, localizada na zona industrial de Campos, em Vila Nova de Cerveira.<\/span><span data-ccp-props=\"{&quot;134233117&quot;:false,&quot;134233118&quot;:false,&quot;335551550&quot;:0,&quot;335551620&quot;:0,&quot;335559738&quot;:240,&quot;335559739&quot;:240}\">\u00a0<\/span><\/p>\n<p><span data-contrast=\"auto\">O alerta foi dado pelas 14h21, mobilizando para o local os Bombeiros Volunt\u00e1rios de Vila Nova de Cerveira, com um total de seis operacionais apoiados por tr\u00eas viaturas.<\/span><\/p>\n<p><span data-contrast=\"auto\">No socorro \u00e0 v\u00edtima estiveram ainda envolvidos a Viatura M\u00e9dica de Emerg\u00eancia e Reanima\u00e7\u00e3o (VMER) do Alto Minho e a SIV (Suporte Imediato de Vida) de Valen\u00e7a.<\/span><\/p>\n<p><span data-contrast=\"auto\">A v\u00edtima, de nacionalidade espanhola, foi assistida no local e posteriormente transportada em estado considerado grave para o Hospital de Braga.<\/span><span data-ccp-props=\"{&quot;134233117&quot;:false,&quot;134233118&quot;:false,&quot;335551550&quot;:0,&quot;335551620&quot;:0,&quot;335559738&quot;:240,&quot;335559739&quot;:240}\">\u00a0<\/span><\/p>\n<p><span data-contrast=\"auto\">As circunst\u00e2ncias do acidente permanecem por esclarecer, embora as primeiras informa\u00e7\u00f5es, ainda por confirmar, apontem para um poss\u00edvel esmagamento provocado por um molde.<\/span><span data-ccp-props=\"{&quot;134233117&quot;:false,&quot;134233118&quot;:false,&quot;335551550&quot;:0,&quot;335551620&quot;:0,&quot;335559738&quot;:240,&quot;335559739&quot;:240}\">\u00a0<\/span><\/p>\n<p><span data-contrast=\"auto\">A GNR tomou conta da ocorr\u00eancia.<\/span><span data-ccp-props=\"{&quot;134233117&quot;:false,&quot;134233118&quot;:false,&quot;335551550&quot;:0,&quot;335551620&quot;:0,&quot;335559738&quot;:240,&quot;335559739&quot;:240}\">\u00a0<\/span><\/p>\n","protected":false},"excerpt":{"rendered":"<p>Um homem de 50 anos ficou gravemente ferido, esta segunda-feira, na sequ\u00eancia de um alegado acidente de trabalho ocorrido na f\u00e1brica da ZF, especializada na produ\u00e7\u00e3o de volantes, localizada na zona industrial de Campos, em Vila Nova de Cerveira.\u00a0 O alerta foi dado pelas 14h21, mobilizando para o local os Bombeiros Volunt\u00e1rios de Vila Nova [&hellip;]<\/p>\n","protected":false},"author":1,"featured_media":87718,"comment_status":"closed","ping_status":"closed","sticky":false,"template":"","format":"standard","meta":{"_exactmetrics_skip_tracking":false,"_exactmetrics_sitenote_active":false,"_exactmetrics_sitenote_note":"","_exactmetrics_sitenote_category":0,"footnotes":""},"categories":[15],"tags":[27],"class_list":["post-118454","post","type-post","status-publish","format-standard","has-post-thumbnail","hentry","category-vila-nova-de-cerveira","tag-sociedade"],"yoast_head":"<!-- This site is optimized with the Yoast SEO Premium plugin v27.5 (Yoast SEO v27.5) - https:\/\/yoast.com\/product\/yoast-seo-premium-wordpress\/ -->\n<title>Homem em estado grave ap\u00f3s acidente de trabalho em f\u00e1brica de volantes<\/title>\n<meta name=\"description\" content=\"Um homem de 50 anos ficou gravemente ferido, esta segunda-feira, na sequ\u00eancia de um alegado acidente de trabalho ocorrido na f\u00e1brica da ZF\" \/>\n<meta name=\"robots\" content=\"index, follow, max-snippet:-1, max-image-preview:large, max-video-preview:-1\" \/>\n<link rel=\"canonical\" href=\"https:\/\/www.altominho.tv\/site\/2025\/05\/19\/homem-em-estado-grave-apos-acidente-de-trabalho-em-fabrica-de-volantes\/\" \/>\n<meta property=\"og:locale\" content=\"pt_PT\" \/>\n<meta property=\"og:type\" content=\"article\" \/>\n<meta property=\"og:title\" content=\"Homem em estado grave ap\u00f3s acidente de trabalho em f\u00e1brica de volantes\" \/>\n<meta property=\"og:description\" content=\"Um homem de 50 anos ficou gravemente ferido, esta segunda-feira, na sequ\u00eancia de um alegado acidente de trabalho ocorrido na f\u00e1brica da ZF\" \/>\n<meta property=\"og:url\" content=\"https:\/\/www.altominho.tv\/site\/2025\/05\/19\/homem-em-estado-grave-apos-acidente-de-trabalho-em-fabrica-de-volantes\/\" \/>\n<meta property=\"og:site_name\" content=\"Altominho.tv\" \/>\n<meta property=\"article:publisher\" content=\"https:\/\/www.facebook.com\/altominhotv\" \/>\n<meta property=\"article:published_time\" content=\"2025-05-19T15:06:26+00:00\" \/>\n<meta property=\"article:modified_time\" content=\"2025-05-19T15:09:34+00:00\" \/>\n<meta property=\"og:image\" content=\"https:\/\/www.altominho.tv\/site\/wp-content\/uploads\/2023\/01\/ULTIMAHORA_CERVEIRA.jpg\" \/>\n\t<meta property=\"og:image:width\" content=\"1920\" \/>\n\t<meta property=\"og:image:height\" content=\"1080\" \/>\n\t<meta property=\"og:image:type\" content=\"image\/jpeg\" \/>\n<meta name=\"author\" content=\"Altominho.tv\" \/>\n<meta name=\"twitter:card\" content=\"summary_large_image\" \/>\n<meta name=\"twitter:creator\" content=\"@altominhoTV\" \/>\n<meta name=\"twitter:site\" content=\"@altominhoTV\" \/>\n<meta name=\"twitter:label1\" content=\"Escrito por\" \/>\n\t<meta name=\"twitter:data1\" content=\"Altominho.tv\" \/>\n\t<meta name=\"twitter:label2\" content=\"Tempo estimado de leitura\" \/>\n\t<meta name=\"twitter:data2\" content=\"1 minuto\" \/>\n<script type=\"application\/ld+json\" class=\"yoast-schema-graph\">{\"@context\":\"https:\\\/\\\/schema.org\",\"@graph\":[{\"@type\":\"Article\",\"@id\":\"https:\\\/\\\/www.altominho.tv\\\/site\\\/2025\\\/05\\\/19\\\/homem-em-estado-grave-apos-acidente-de-trabalho-em-fabrica-de-volantes\\\/#article\",\"isPartOf\":{\"@id\":\"https:\\\/\\\/www.altominho.tv\\\/site\\\/2025\\\/05\\\/19\\\/homem-em-estado-grave-apos-acidente-de-trabalho-em-fabrica-de-volantes\\\/\"},\"author\":{\"name\":\"Altominho.tv\",\"@id\":\"https:\\\/\\\/www.altominho.tv\\\/site\\\/#\\\/schema\\\/person\\\/4e536851627d7914baf3dac752b6af22\"},\"headline\":\"Homem em estado grave ap\u00f3s acidente de trabalho em f\u00e1brica de volantes\",\"datePublished\":\"2025-05-19T15:06:26+00:00\",\"dateModified\":\"2025-05-19T15:09:34+00:00\",\"mainEntityOfPage\":{\"@id\":\"https:\\\/\\\/www.altominho.tv\\\/site\\\/2025\\\/05\\\/19\\\/homem-em-estado-grave-apos-acidente-de-trabalho-em-fabrica-de-volantes\\\/\"},\"wordCount\":171,\"image\":{\"@id\":\"https:\\\/\\\/www.altominho.tv\\\/site\\\/2025\\\/05\\\/19\\\/homem-em-estado-grave-apos-acidente-de-trabalho-em-fabrica-de-volantes\\\/#primaryimage\"},\"thumbnailUrl\":\"https:\\\/\\\/www.altominho.tv\\\/site\\\/wp-content\\\/uploads\\\/2023\\\/01\\\/ULTIMAHORA_CERVEIRA.jpg\",\"keywords\":[\"Sociedade\"],\"articleSection\":[\"Vila Nova de Cerveira\"],\"inLanguage\":\"pt-PT\",\"copyrightYear\":\"2025\",\"copyrightHolder\":{\"@id\":\"https:\\\/\\\/www.altominho.tv\\\/site\\\/#organization\"}},{\"@type\":\"WebPage\",\"@id\":\"https:\\\/\\\/www.altominho.tv\\\/site\\\/2025\\\/05\\\/19\\\/homem-em-estado-grave-apos-acidente-de-trabalho-em-fabrica-de-volantes\\\/\",\"url\":\"https:\\\/\\\/www.altominho.tv\\\/site\\\/2025\\\/05\\\/19\\\/homem-em-estado-grave-apos-acidente-de-trabalho-em-fabrica-de-volantes\\\/\",\"name\":\"Homem em estado grave ap\u00f3s acidente de trabalho em f\u00e1brica de volantes\",\"isPartOf\":{\"@id\":\"https:\\\/\\\/www.altominho.tv\\\/site\\\/#website\"},\"primaryImageOfPage\":{\"@id\":\"https:\\\/\\\/www.altominho.tv\\\/site\\\/2025\\\/05\\\/19\\\/homem-em-estado-grave-apos-acidente-de-trabalho-em-fabrica-de-volantes\\\/#primaryimage\"},\"image\":{\"@id\":\"https:\\\/\\\/www.altominho.tv\\\/site\\\/2025\\\/05\\\/19\\\/homem-em-estado-grave-apos-acidente-de-trabalho-em-fabrica-de-volantes\\\/#primaryimage\"},\"thumbnailUrl\":\"https:\\\/\\\/www.altominho.tv\\\/site\\\/wp-content\\\/uploads\\\/2023\\\/01\\\/ULTIMAHORA_CERVEIRA.jpg\",\"datePublished\":\"2025-05-19T15:06:26+00:00\",\"dateModified\":\"2025-05-19T15:09:34+00:00\",\"author\":{\"@id\":\"https:\\\/\\\/www.altominho.tv\\\/site\\\/#\\\/schema\\\/person\\\/4e536851627d7914baf3dac752b6af22\"},\"description\":\"Um homem de 50 anos ficou gravemente ferido, esta segunda-feira, na sequ\u00eancia de um alegado acidente de trabalho ocorrido na f\u00e1brica da ZF\",\"breadcrumb\":{\"@id\":\"https:\\\/\\\/www.altominho.tv\\\/site\\\/2025\\\/05\\\/19\\\/homem-em-estado-grave-apos-acidente-de-trabalho-em-fabrica-de-volantes\\\/#breadcrumb\"},\"inLanguage\":\"pt-PT\",\"potentialAction\":[{\"@type\":\"ReadAction\",\"target\":[\"https:\\\/\\\/www.altominho.tv\\\/site\\\/2025\\\/05\\\/19\\\/homem-em-estado-grave-apos-acidente-de-trabalho-em-fabrica-de-volantes\\\/\"]}]},{\"@type\":\"ImageObject\",\"inLanguage\":\"pt-PT\",\"@id\":\"https:\\\/\\\/www.altominho.tv\\\/site\\\/2025\\\/05\\\/19\\\/homem-em-estado-grave-apos-acidente-de-trabalho-em-fabrica-de-volantes\\\/#primaryimage\",\"url\":\"https:\\\/\\\/www.altominho.tv\\\/site\\\/wp-content\\\/uploads\\\/2023\\\/01\\\/ULTIMAHORA_CERVEIRA.jpg\",\"contentUrl\":\"https:\\\/\\\/www.altominho.tv\\\/site\\\/wp-content\\\/uploads\\\/2023\\\/01\\\/ULTIMAHORA_CERVEIRA.jpg\",\"width\":1920,\"height\":1080},{\"@type\":\"BreadcrumbList\",\"@id\":\"https:\\\/\\\/www.altominho.tv\\\/site\\\/2025\\\/05\\\/19\\\/homem-em-estado-grave-apos-acidente-de-trabalho-em-fabrica-de-volantes\\\/#breadcrumb\",\"itemListElement\":[{\"@type\":\"ListItem\",\"position\":1,\"name\":\"In\u00edcio\",\"item\":\"https:\\\/\\\/www.altominho.tv\\\/site\\\/\"},{\"@type\":\"ListItem\",\"position\":2,\"name\":\"Homem em estado grave ap\u00f3s acidente de trabalho em f\u00e1brica de volantes\"}]},{\"@type\":\"WebSite\",\"@id\":\"https:\\\/\\\/www.altominho.tv\\\/site\\\/#website\",\"url\":\"https:\\\/\\\/www.altominho.tv\\\/site\\\/\",\"name\":\"Altominho.tv\",\"description\":\"A sua regi\u00e3o \u00e0 dist\u00e2ncia de um clique...\",\"potentialAction\":[{\"@type\":\"SearchAction\",\"target\":{\"@type\":\"EntryPoint\",\"urlTemplate\":\"https:\\\/\\\/www.altominho.tv\\\/site\\\/?s={search_term_string}\"},\"query-input\":{\"@type\":\"PropertyValueSpecification\",\"valueRequired\":true,\"valueName\":\"search_term_string\"}}],\"inLanguage\":\"pt-PT\"},{\"@type\":\"Person\",\"@id\":\"https:\\\/\\\/www.altominho.tv\\\/site\\\/#\\\/schema\\\/person\\\/4e536851627d7914baf3dac752b6af22\",\"name\":\"Altominho.tv\",\"image\":{\"@type\":\"ImageObject\",\"inLanguage\":\"pt-PT\",\"@id\":\"https:\\\/\\\/www.altominho.tv\\\/site\\\/wp-content\\\/uploads\\\/2019\\\/11\\\/Logo_Avatar_2-150x150.jpg\",\"url\":\"https:\\\/\\\/www.altominho.tv\\\/site\\\/wp-content\\\/uploads\\\/2019\\\/11\\\/Logo_Avatar_2-150x150.jpg\",\"contentUrl\":\"https:\\\/\\\/www.altominho.tv\\\/site\\\/wp-content\\\/uploads\\\/2019\\\/11\\\/Logo_Avatar_2-150x150.jpg\",\"caption\":\"Altominho.tv\"},\"url\":\"https:\\\/\\\/www.altominho.tv\\\/site\\\/author\\\/altominhotv-tecnico\\\/\"}]}<\/script>\n<!-- \/ Yoast SEO Premium plugin. -->","yoast_head_json":{"title":"Homem em estado grave ap\u00f3s acidente de trabalho em f\u00e1brica de volantes","description":"Um homem de 50 anos ficou gravemente ferido, esta segunda-feira, na sequ\u00eancia de um alegado acidente de trabalho ocorrido na f\u00e1brica da ZF","robots":{"index":"index","follow":"follow","max-snippet":"max-snippet:-1","max-image-preview":"max-image-preview:large","max-video-preview":"max-video-preview:-1"},"canonical":"https:\/\/www.altominho.tv\/site\/2025\/05\/19\/homem-em-estado-grave-apos-acidente-de-trabalho-em-fabrica-de-volantes\/","og_locale":"pt_PT","og_type":"article","og_title":"Homem em estado grave ap\u00f3s acidente de trabalho em f\u00e1brica de volantes","og_description":"Um homem de 50 anos ficou gravemente ferido, esta segunda-feira, na sequ\u00eancia de um alegado acidente de trabalho ocorrido na f\u00e1brica da ZF","og_url":"https:\/\/www.altominho.tv\/site\/2025\/05\/19\/homem-em-estado-grave-apos-acidente-de-trabalho-em-fabrica-de-volantes\/","og_site_name":"Altominho.tv","article_publisher":"https:\/\/www.facebook.com\/altominhotv","article_published_time":"2025-05-19T15:06:26+00:00","article_modified_time":"2025-05-19T15:09:34+00:00","og_image":[{"width":1920,"height":1080,"url":"https:\/\/www.altominho.tv\/site\/wp-content\/uploads\/2023\/01\/ULTIMAHORA_CERVEIRA.jpg","type":"image\/jpeg"}],"author":"Altominho.tv","twitter_card":"summary_large_image","twitter_creator":"@altominhoTV","twitter_site":"@altominhoTV","twitter_misc":{"Escrito por":"Altominho.tv","Tempo estimado de leitura":"1 minuto"},"schema":{"@context":"https:\/\/schema.org","@graph":[{"@type":"Article","@id":"https:\/\/www.altominho.tv\/site\/2025\/05\/19\/homem-em-estado-grave-apos-acidente-de-trabalho-em-fabrica-de-volantes\/#article","isPartOf":{"@id":"https:\/\/www.altominho.tv\/site\/2025\/05\/19\/homem-em-estado-grave-apos-acidente-de-trabalho-em-fabrica-de-volantes\/"},"author":{"name":"Altominho.tv","@id":"https:\/\/www.altominho.tv\/site\/#\/schema\/person\/4e536851627d7914baf3dac752b6af22"},"headline":"Homem em estado grave ap\u00f3s acidente de trabalho em f\u00e1brica de volantes","datePublished":"2025-05-19T15:06:26+00:00","dateModified":"2025-05-19T15:09:34+00:00","mainEntityOfPage":{"@id":"https:\/\/www.altominho.tv\/site\/2025\/05\/19\/homem-em-estado-grave-apos-acidente-de-trabalho-em-fabrica-de-volantes\/"},"wordCount":171,"image":{"@id":"https:\/\/www.altominho.tv\/site\/2025\/05\/19\/homem-em-estado-grave-apos-acidente-de-trabalho-em-fabrica-de-volantes\/#primaryimage"},"thumbnailUrl":"https:\/\/www.altominho.tv\/site\/wp-content\/uploads\/2023\/01\/ULTIMAHORA_CERVEIRA.jpg","keywords":["Sociedade"],"articleSection":["Vila Nova de Cerveira"],"inLanguage":"pt-PT","copyrightYear":"2025","copyrightHolder":{"@id":"https:\/\/www.altominho.tv\/site\/#organization"}},{"@type":"WebPage","@id":"https:\/\/www.altominho.tv\/site\/2025\/05\/19\/homem-em-estado-grave-apos-acidente-de-trabalho-em-fabrica-de-volantes\/","url":"https:\/\/www.altominho.tv\/site\/2025\/05\/19\/homem-em-estado-grave-apos-acidente-de-trabalho-em-fabrica-de-volantes\/","name":"Homem em estado grave ap\u00f3s acidente de trabalho em f\u00e1brica de volantes","isPartOf":{"@id":"https:\/\/www.altominho.tv\/site\/#website"},"primaryImageOfPage":{"@id":"https:\/\/www.altominho.tv\/site\/2025\/05\/19\/homem-em-estado-grave-apos-acidente-de-trabalho-em-fabrica-de-volantes\/#primaryimage"},"image":{"@id":"https:\/\/www.altominho.tv\/site\/2025\/05\/19\/homem-em-estado-grave-apos-acidente-de-trabalho-em-fabrica-de-volantes\/#primaryimage"},"thumbnailUrl":"https:\/\/www.altominho.tv\/site\/wp-content\/uploads\/2023\/01\/ULTIMAHORA_CERVEIRA.jpg","datePublished":"2025-05-19T15:06:26+00:00","dateModified":"2025-05-19T15:09:34+00:00","author":{"@id":"https:\/\/www.altominho.tv\/site\/#\/schema\/person\/4e536851627d7914baf3dac752b6af22"},"description":"Um homem de 50 anos ficou gravemente ferido, esta segunda-feira, na sequ\u00eancia de um alegado acidente de trabalho ocorrido na f\u00e1brica da ZF","breadcrumb":{"@id":"https:\/\/www.altominho.tv\/site\/2025\/05\/19\/homem-em-estado-grave-apos-acidente-de-trabalho-em-fabrica-de-volantes\/#breadcrumb"},"inLanguage":"pt-PT","potentialAction":[{"@type":"ReadAction","target":["https:\/\/www.altominho.tv\/site\/2025\/05\/19\/homem-em-estado-grave-apos-acidente-de-trabalho-em-fabrica-de-volantes\/"]}]},{"@type":"ImageObject","inLanguage":"pt-PT","@id":"https:\/\/www.altominho.tv\/site\/2025\/05\/19\/homem-em-estado-grave-apos-acidente-de-trabalho-em-fabrica-de-volantes\/#primaryimage","url":"https:\/\/www.altominho.tv\/site\/wp-content\/uploads\/2023\/01\/ULTIMAHORA_CERVEIRA.jpg","contentUrl":"https:\/\/www.altominho.tv\/site\/wp-content\/uploads\/2023\/01\/ULTIMAHORA_CERVEIRA.jpg","width":1920,"height":1080},{"@type":"BreadcrumbList","@id":"https:\/\/www.altominho.tv\/site\/2025\/05\/19\/homem-em-estado-grave-apos-acidente-de-trabalho-em-fabrica-de-volantes\/#breadcrumb","itemListElement":[{"@type":"ListItem","position":1,"name":"In\u00edcio","item":"https:\/\/www.altominho.tv\/site\/"},{"@type":"ListItem","position":2,"name":"Homem em estado grave ap\u00f3s acidente de trabalho em f\u00e1brica de volantes"}]},{"@type":"WebSite","@id":"https:\/\/www.altominho.tv\/site\/#website","url":"https:\/\/www.altominho.tv\/site\/","name":"Altominho.tv","description":"A sua regi\u00e3o \u00e0 dist\u00e2ncia de um clique...","potentialAction":[{"@type":"SearchAction","target":{"@type":"EntryPoint","urlTemplate":"https:\/\/www.altominho.tv\/site\/?s={search_term_string}"},"query-input":{"@type":"PropertyValueSpecification","valueRequired":true,"valueName":"search_term_string"}}],"inLanguage":"pt-PT"},{"@type":"Person","@id":"https:\/\/www.altominho.tv\/site\/#\/schema\/person\/4e536851627d7914baf3dac752b6af22","name":"Altominho.tv","image":{"@type":"ImageObject","inLanguage":"pt-PT","@id":"https:\/\/www.altominho.tv\/site\/wp-content\/uploads\/2019\/11\/Logo_Avatar_2-150x150.jpg","url":"https:\/\/www.altominho.tv\/site\/wp-content\/uploads\/2019\/11\/Logo_Avatar_2-150x150.jpg","contentUrl":"https:\/\/www.altominho.tv\/site\/wp-content\/uploads\/2019\/11\/Logo_Avatar_2-150x150.jpg","caption":"Altominho.tv"},"url":"https:\/\/www.altominho.tv\/site\/author\/altominhotv-tecnico\/"}]}},"_links":{"self":[{"href":"https:\/\/www.altominho.tv\/site\/wp-json\/wp\/v2\/posts\/118454","targetHints":{"allow":["GET"]}}],"collection":[{"href":"https:\/\/www.altominho.tv\/site\/wp-json\/wp\/v2\/posts"}],"about":[{"href":"https:\/\/www.altominho.tv\/site\/wp-json\/wp\/v2\/types\/post"}],"author":[{"embeddable":true,"href":"https:\/\/www.altominho.tv\/site\/wp-json\/wp\/v2\/users\/1"}],"replies":[{"embeddable":true,"href":"https:\/\/www.altominho.tv\/site\/wp-json\/wp\/v2\/comments?post=118454"}],"version-history":[{"count":3,"href":"https:\/\/www.altominho.tv\/site\/wp-json\/wp\/v2\/posts\/118454\/revisions"}],"predecessor-version":[{"id":118458,"href":"https:\/\/www.altominho.tv\/site\/wp-json\/wp\/v2\/posts\/118454\/revisions\/118458"}],"wp:featuredmedia":[{"embeddable":true,"href":"https:\/\/www.altominho.tv\/site\/wp-json\/wp\/v2\/media\/87718"}],"wp:attachment":[{"href":"https:\/\/www.altominho.tv\/site\/wp-json\/wp\/v2\/media?parent=118454"}],"wp:term":[{"taxonomy":"category","embeddable":true,"href":"https:\/\/www.altominho.tv\/site\/wp-json\/wp\/v2\/categories?post=118454"},{"taxonomy":"post_tag","embeddable":true,"href":"https:\/\/www.altominho.tv\/site\/wp-json\/wp\/v2\/tags?post=118454"}],"curies":[{"name":"wp","href":"https:\/\/api.w.org\/{rel}","templated":true}]}}