{"id":118283,"date":"2025-05-16T18:20:17","date_gmt":"2025-05-16T17:20:17","guid":{"rendered":"https:\/\/www.altominho.tv\/site\/?p=118283"},"modified":"2025-05-16T18:20:20","modified_gmt":"2025-05-16T17:20:20","slug":"marinha-ipvc","status":"publish","type":"post","link":"https:\/\/www.altominho.tv\/site\/2025\/05\/16\/marinha-ipvc\/","title":{"rendered":"Marinha &#8220;dispon\u00edvel&#8221; para apoiar nova Zona Livre Tecnol\u00f3gica liderada pelo IPVC"},"content":{"rendered":"\n<p>O Instituto Polit\u00e9cnico de Viana do Castelo deu hoje nota que a sess\u00e3o de abertura do col\u00f3quio \u201cO Mar: Tradi\u00e7\u00f5es e Desafios\u201d revelou &#8220;uma vontade partilhada de transformar a regi\u00e3o num polo de excel\u00eancia da economia azul, com a cria\u00e7\u00e3o do SUSTEMARE e o compromisso da Marinha em apoiar uma nova zona livre tecnol\u00f3gica liderada pelo IPVC&#8221;.<\/p>\n\n\n\n<p>A economia azul e a coopera\u00e7\u00e3o institucional marcaram a sess\u00e3o de abertura do col\u00f3quio \u201cO Mar: Tradi\u00e7\u00f5es e Desafios\u201d, que decorreu esta sexta-feira na Escola Superior de Tecnologia e Gest\u00e3o do Polit\u00e9cnico de Viana do Castelo (ESTG-IPVC).<\/p>\n\n\n\n<p>A iniciativa, que decorre no \u00e2mbito do Blue Design Alliance (BDA), financiado pelo PRR, insere-se nas comemora\u00e7\u00f5es do Dia da Marinha 2025 e juntou, na sess\u00e3o de abertura, o presidente do Polit\u00e9cnico de Viana do Castelo, Carlos Rodrigues, o presidente da C\u00e2mara Municipal de Viana do Castelo, Lu\u00eds Nobre, e o chefe do Estado-Maior da Armada, Almirante Jorge Nobre de Sousa.<\/p>\n\n\n\n<p>Num encontro marcado &#8220;pela converg\u00eancia estrat\u00e9gica entre conhecimento, territ\u00f3rio e mar, os tr\u00eas intervenientes destacaram a import\u00e2ncia de alian\u00e7as duradouras para responder aos desafios de um setor em profunda transforma\u00e7\u00e3o&#8221;.<\/p>\n\n\n\n<p>O presidente do IPVC aproveitou a presen\u00e7a de dezenas de entidades parceiras em quest\u00f5es da economia azul para anunciar que est\u00e1 em fase final de constitui\u00e7\u00e3o o Centro de Transfer\u00eancia de Tecnologia em Economia e Energias do Mar \u2013 SUSTEMARE, uma entidade &#8220;sem fins lucrativos que pretende colocar a ci\u00eancia ao servi\u00e7o do setor empresarial ligado \u00e0 economia azul e que conta como outras institui\u00e7\u00f5es de ensino superior, assim como outras entidades&#8221;.<\/p>\n\n\n\n<p>O novo centro, que ser\u00e1 formalizado no pr\u00f3ximo m\u00eas de junho, tem como objetivo &#8220;promover a transfer\u00eancia de conhecimento da academia para as empresas, o desenvolvimento de novas compet\u00eancias e a capacita\u00e7\u00e3o para a inova\u00e7\u00e3o sustent\u00e1vel&#8221;.<\/p>\n\n\n\n<p>Durante a sess\u00e3o, o chefe do Estado-Maior da Armada, Almirante Jorge Nobre de Sousa, manifestou &#8220;a total disponibilidade da Marinha Portuguesa para apoiar o projeto e colaborar na implementa\u00e7\u00e3o de uma Zona Livre Tecnol\u00f3gica na regi\u00e3o, \u00e0 semelhan\u00e7a da que j\u00e1 existe em Sines&#8221;.<\/p>\n\n\n\n<p>\u201cAssaltaram-me v\u00e1rias oportunidades ao ouvir o presidente do Polit\u00e9cnico de Viana do Castelo. A Marinha Portuguesa est\u00e1 inteiramente dispon\u00edvel para colaborar no vosso projeto. Temos experi\u00eancia na implementa\u00e7\u00e3o de Zonas Livres Tecnol\u00f3gicas, como em Sines, e estamos prontos para partilhar esse conhecimento com Viana do Castelo\u201d, declarou o Almirante, sublinhando a confian\u00e7a nos parceiros locais.<\/p>\n\n\n\n<p>\u201cAqui encontramos institui\u00e7\u00f5es com vis\u00e3o de longo prazo e projetos com ambi\u00e7\u00e3o. A Marinha Portuguesa estar\u00e1 cada vez mais associada a Viana do Castelo.\u201d<\/p>\n\n\n\n<p>O presidente do Polit\u00e9cnico de Viana do Castelo referiu-se ainda ao SUSTEMARE como elemento central de uma estrat\u00e9gia para o mar assente na inova\u00e7\u00e3o, na forma\u00e7\u00e3o e na articula\u00e7\u00e3o com o tecido empresarial.<\/p>\n\n\n\n<p>\u201cTrata-se de um centro de transfer\u00eancia de tecnologia para a economia e energias do mar que vai permitir \u00e0s empresas aceder a inova\u00e7\u00e3o e conhecimento aplicado. \u00c9 um compromisso claro com a cria\u00e7\u00e3o de compet\u00eancias, com o desenvolvimento sustent\u00e1vel e com o refor\u00e7o da competitividade do Alto Minho.\u201d<\/p>\n\n\n\n<p>Tamb\u00e9m o presidente da C\u00e2mara Municipal de Viana do Castelo, Lu\u00eds Nobre, falou da import\u00e2ncia do trabalho em rede e da converg\u00eancia de estrat\u00e9gias para o desenvolvimento da economia do mar. \u201cO Polit\u00e9cnico de Viana do Castelo \u00e9 absolutamente fundamental no papel que desempenhamos como agentes de desenvolvimento do territ\u00f3rio. A Marinha, que agora se junta como parceiro, traz-nos uma nova escala de ambi\u00e7\u00e3o e oportunidade. Estamos a construir uma estrat\u00e9gia s\u00f3lida para o mar, com base na inova\u00e7\u00e3o e na sustentabilidade.\u201d<\/p>\n\n\n\n<p>O col\u00f3quio, promovido pela Academia de Marinha e pelo IPVC, integra as comemora\u00e7\u00f5es do Dia da Marinha 2025 e est\u00e1 enquadrado no projeto PRR Blue Design Alliance, reunindo investigadores, especialistas e decisores num debate sobre o passado, o presente e os grandes desafios do mar.<\/p>\n\n\n\n<p>Ao longo do dia, os pain\u00e9is abordaram temas como a import\u00e2ncia das novas tecnologias, a preserva\u00e7\u00e3o dos ecossistemas marinhos e o papel das institui\u00e7\u00f5es no refor\u00e7o da soberania e da sustentabilidade oce\u00e2nica.<\/p>\n\n\n\n<p>A iniciativa encerra com uma visita ao Navio Gil Eannes, s\u00edmbolo da tradi\u00e7\u00e3o mar\u00edtima de Viana do Castelo, e com uma atua\u00e7\u00e3o do Quinteto Cl\u00e1ssico da Banda da Armada.<\/p>\n","protected":false},"excerpt":{"rendered":"<p>O Instituto Polit\u00e9cnico de Viana do Castelo deu hoje nota que a sess\u00e3o de abertura do col\u00f3quio \u201cO Mar: Tradi\u00e7\u00f5es e Desafios\u201d revelou &#8220;uma vontade partilhada de transformar a regi\u00e3o num polo de excel\u00eancia da economia azul, com a cria\u00e7\u00e3o do SUSTEMARE e o compromisso da Marinha em apoiar uma nova zona livre tecnol\u00f3gica liderada [&hellip;]<\/p>\n","protected":false},"author":7,"featured_media":118284,"comment_status":"closed","ping_status":"closed","sticky":false,"template":"","format":"standard","meta":{"_exactmetrics_skip_tracking":false,"_exactmetrics_sitenote_active":false,"_exactmetrics_sitenote_note":"","_exactmetrics_sitenote_category":0,"footnotes":""},"categories":[14],"tags":[27],"class_list":["post-118283","post","type-post","status-publish","format-standard","has-post-thumbnail","hentry","category-viana-do-castelo","tag-sociedade"],"yoast_head":"<!-- This site is optimized with the Yoast SEO Premium plugin v27.4 (Yoast SEO v27.4) - https:\/\/yoast.com\/product\/yoast-seo-premium-wordpress\/ -->\n<title>Marinha &quot;dispon\u00edvel&quot; para apoiar nova Zona Livre Tecnol\u00f3gica liderada pelo IPVC<\/title>\n<meta name=\"description\" content=\"A Marinha est\u00e1 &quot;dispon\u00edvel&quot; para apoiar nova Zona Livre Tecnol\u00f3gica liderada pelo IPVC.\" \/>\n<meta name=\"robots\" content=\"index, follow, max-snippet:-1, max-image-preview:large, max-video-preview:-1\" \/>\n<link rel=\"canonical\" href=\"https:\/\/www.altominho.tv\/site\/2025\/05\/16\/marinha-ipvc\/\" \/>\n<meta property=\"og:locale\" content=\"pt_PT\" \/>\n<meta property=\"og:type\" content=\"article\" \/>\n<meta property=\"og:title\" content=\"Marinha &quot;dispon\u00edvel&quot; para apoiar nova Zona Livre Tecnol\u00f3gica liderada pelo IPVC\" \/>\n<meta property=\"og:description\" content=\"A Marinha est\u00e1 &quot;dispon\u00edvel&quot; para apoiar nova Zona Livre Tecnol\u00f3gica liderada pelo IPVC.\" \/>\n<meta property=\"og:url\" content=\"https:\/\/www.altominho.tv\/site\/2025\/05\/16\/marinha-ipvc\/\" \/>\n<meta property=\"og:site_name\" content=\"Altominho.tv\" \/>\n<meta property=\"article:publisher\" content=\"https:\/\/www.facebook.com\/altominhotv\" \/>\n<meta property=\"article:published_time\" content=\"2025-05-16T17:20:17+00:00\" \/>\n<meta property=\"article:modified_time\" content=\"2025-05-16T17:20:20+00:00\" \/>\n<meta property=\"og:image\" content=\"https:\/\/www.altominho.tv\/site\/wp-content\/uploads\/2025\/05\/marinhaatv.png\" \/>\n\t<meta property=\"og:image:width\" content=\"1200\" \/>\n\t<meta property=\"og:image:height\" content=\"630\" \/>\n\t<meta property=\"og:image:type\" content=\"image\/png\" \/>\n<meta name=\"author\" content=\"Andreia Cunha\" \/>\n<meta name=\"twitter:card\" content=\"summary_large_image\" \/>\n<meta name=\"twitter:creator\" content=\"@altominhoTV\" \/>\n<meta name=\"twitter:site\" content=\"@altominhoTV\" \/>\n<meta name=\"twitter:label1\" content=\"Escrito por\" \/>\n\t<meta name=\"twitter:data1\" content=\"Andreia Cunha\" \/>\n\t<meta name=\"twitter:label2\" content=\"Tempo estimado de leitura\" \/>\n\t<meta name=\"twitter:data2\" content=\"4 minutos\" \/>\n<script type=\"application\/ld+json\" class=\"yoast-schema-graph\">{\"@context\":\"https:\\\/\\\/schema.org\",\"@graph\":[{\"@type\":\"Article\",\"@id\":\"https:\\\/\\\/www.altominho.tv\\\/site\\\/2025\\\/05\\\/16\\\/marinha-ipvc\\\/#article\",\"isPartOf\":{\"@id\":\"https:\\\/\\\/www.altominho.tv\\\/site\\\/2025\\\/05\\\/16\\\/marinha-ipvc\\\/\"},\"author\":{\"name\":\"Andreia Cunha\",\"@id\":\"https:\\\/\\\/www.altominho.tv\\\/site\\\/#\\\/schema\\\/person\\\/a0e4ef6d041f98ca284393d8f1d97153\"},\"headline\":\"Marinha &#8220;dispon\u00edvel&#8221; para apoiar nova Zona Livre Tecnol\u00f3gica liderada pelo IPVC\",\"datePublished\":\"2025-05-16T17:20:17+00:00\",\"dateModified\":\"2025-05-16T17:20:20+00:00\",\"mainEntityOfPage\":{\"@id\":\"https:\\\/\\\/www.altominho.tv\\\/site\\\/2025\\\/05\\\/16\\\/marinha-ipvc\\\/\"},\"wordCount\":782,\"image\":{\"@id\":\"https:\\\/\\\/www.altominho.tv\\\/site\\\/2025\\\/05\\\/16\\\/marinha-ipvc\\\/#primaryimage\"},\"thumbnailUrl\":\"https:\\\/\\\/www.altominho.tv\\\/site\\\/wp-content\\\/uploads\\\/2025\\\/05\\\/marinhaatv.png\",\"keywords\":[\"Sociedade\"],\"articleSection\":[\"Viana do Castelo\"],\"inLanguage\":\"pt-PT\",\"copyrightYear\":\"2025\",\"copyrightHolder\":{\"@id\":\"https:\\\/\\\/www.altominho.tv\\\/site\\\/#organization\"}},{\"@type\":\"WebPage\",\"@id\":\"https:\\\/\\\/www.altominho.tv\\\/site\\\/2025\\\/05\\\/16\\\/marinha-ipvc\\\/\",\"url\":\"https:\\\/\\\/www.altominho.tv\\\/site\\\/2025\\\/05\\\/16\\\/marinha-ipvc\\\/\",\"name\":\"Marinha \\\"dispon\u00edvel\\\" para apoiar nova Zona Livre Tecnol\u00f3gica liderada pelo IPVC\",\"isPartOf\":{\"@id\":\"https:\\\/\\\/www.altominho.tv\\\/site\\\/#website\"},\"primaryImageOfPage\":{\"@id\":\"https:\\\/\\\/www.altominho.tv\\\/site\\\/2025\\\/05\\\/16\\\/marinha-ipvc\\\/#primaryimage\"},\"image\":{\"@id\":\"https:\\\/\\\/www.altominho.tv\\\/site\\\/2025\\\/05\\\/16\\\/marinha-ipvc\\\/#primaryimage\"},\"thumbnailUrl\":\"https:\\\/\\\/www.altominho.tv\\\/site\\\/wp-content\\\/uploads\\\/2025\\\/05\\\/marinhaatv.png\",\"datePublished\":\"2025-05-16T17:20:17+00:00\",\"dateModified\":\"2025-05-16T17:20:20+00:00\",\"author\":{\"@id\":\"https:\\\/\\\/www.altominho.tv\\\/site\\\/#\\\/schema\\\/person\\\/a0e4ef6d041f98ca284393d8f1d97153\"},\"description\":\"A Marinha est\u00e1 \\\"dispon\u00edvel\\\" para apoiar nova Zona Livre Tecnol\u00f3gica liderada pelo IPVC.\",\"breadcrumb\":{\"@id\":\"https:\\\/\\\/www.altominho.tv\\\/site\\\/2025\\\/05\\\/16\\\/marinha-ipvc\\\/#breadcrumb\"},\"inLanguage\":\"pt-PT\",\"potentialAction\":[{\"@type\":\"ReadAction\",\"target\":[\"https:\\\/\\\/www.altominho.tv\\\/site\\\/2025\\\/05\\\/16\\\/marinha-ipvc\\\/\"]}]},{\"@type\":\"ImageObject\",\"inLanguage\":\"pt-PT\",\"@id\":\"https:\\\/\\\/www.altominho.tv\\\/site\\\/2025\\\/05\\\/16\\\/marinha-ipvc\\\/#primaryimage\",\"url\":\"https:\\\/\\\/www.altominho.tv\\\/site\\\/wp-content\\\/uploads\\\/2025\\\/05\\\/marinhaatv.png\",\"contentUrl\":\"https:\\\/\\\/www.altominho.tv\\\/site\\\/wp-content\\\/uploads\\\/2025\\\/05\\\/marinhaatv.png\",\"width\":1200,\"height\":630},{\"@type\":\"BreadcrumbList\",\"@id\":\"https:\\\/\\\/www.altominho.tv\\\/site\\\/2025\\\/05\\\/16\\\/marinha-ipvc\\\/#breadcrumb\",\"itemListElement\":[{\"@type\":\"ListItem\",\"position\":1,\"name\":\"In\u00edcio\",\"item\":\"https:\\\/\\\/www.altominho.tv\\\/site\\\/\"},{\"@type\":\"ListItem\",\"position\":2,\"name\":\"Marinha &#8220;dispon\u00edvel&#8221; para apoiar nova Zona Livre Tecnol\u00f3gica liderada pelo IPVC\"}]},{\"@type\":\"WebSite\",\"@id\":\"https:\\\/\\\/www.altominho.tv\\\/site\\\/#website\",\"url\":\"https:\\\/\\\/www.altominho.tv\\\/site\\\/\",\"name\":\"Altominho.tv\",\"description\":\"A sua regi\u00e3o \u00e0 dist\u00e2ncia de um clique...\",\"potentialAction\":[{\"@type\":\"SearchAction\",\"target\":{\"@type\":\"EntryPoint\",\"urlTemplate\":\"https:\\\/\\\/www.altominho.tv\\\/site\\\/?s={search_term_string}\"},\"query-input\":{\"@type\":\"PropertyValueSpecification\",\"valueRequired\":true,\"valueName\":\"search_term_string\"}}],\"inLanguage\":\"pt-PT\"},{\"@type\":\"Person\",\"@id\":\"https:\\\/\\\/www.altominho.tv\\\/site\\\/#\\\/schema\\\/person\\\/a0e4ef6d041f98ca284393d8f1d97153\",\"name\":\"Andreia Cunha\",\"image\":{\"@type\":\"ImageObject\",\"inLanguage\":\"pt-PT\",\"@id\":\"https:\\\/\\\/www.altominho.tv\\\/site\\\/wp-content\\\/uploads\\\/2017\\\/11\\\/Andreia_Cunha-1-150x150.jpg\",\"url\":\"https:\\\/\\\/www.altominho.tv\\\/site\\\/wp-content\\\/uploads\\\/2017\\\/11\\\/Andreia_Cunha-1-150x150.jpg\",\"contentUrl\":\"https:\\\/\\\/www.altominho.tv\\\/site\\\/wp-content\\\/uploads\\\/2017\\\/11\\\/Andreia_Cunha-1-150x150.jpg\",\"caption\":\"Andreia Cunha\"},\"url\":\"https:\\\/\\\/www.altominho.tv\\\/site\\\/author\\\/andreiacunha\\\/\"}]}<\/script>\n<!-- \/ Yoast SEO Premium plugin. -->","yoast_head_json":{"title":"Marinha \"dispon\u00edvel\" para apoiar nova Zona Livre Tecnol\u00f3gica liderada pelo IPVC","description":"A Marinha est\u00e1 \"dispon\u00edvel\" para apoiar nova Zona Livre Tecnol\u00f3gica liderada pelo IPVC.","robots":{"index":"index","follow":"follow","max-snippet":"max-snippet:-1","max-image-preview":"max-image-preview:large","max-video-preview":"max-video-preview:-1"},"canonical":"https:\/\/www.altominho.tv\/site\/2025\/05\/16\/marinha-ipvc\/","og_locale":"pt_PT","og_type":"article","og_title":"Marinha \"dispon\u00edvel\" para apoiar nova Zona Livre Tecnol\u00f3gica liderada pelo IPVC","og_description":"A Marinha est\u00e1 \"dispon\u00edvel\" para apoiar nova Zona Livre Tecnol\u00f3gica liderada pelo IPVC.","og_url":"https:\/\/www.altominho.tv\/site\/2025\/05\/16\/marinha-ipvc\/","og_site_name":"Altominho.tv","article_publisher":"https:\/\/www.facebook.com\/altominhotv","article_published_time":"2025-05-16T17:20:17+00:00","article_modified_time":"2025-05-16T17:20:20+00:00","og_image":[{"width":1200,"height":630,"url":"https:\/\/www.altominho.tv\/site\/wp-content\/uploads\/2025\/05\/marinhaatv.png","type":"image\/png"}],"author":"Andreia Cunha","twitter_card":"summary_large_image","twitter_creator":"@altominhoTV","twitter_site":"@altominhoTV","twitter_misc":{"Escrito por":"Andreia Cunha","Tempo estimado de leitura":"4 minutos"},"schema":{"@context":"https:\/\/schema.org","@graph":[{"@type":"Article","@id":"https:\/\/www.altominho.tv\/site\/2025\/05\/16\/marinha-ipvc\/#article","isPartOf":{"@id":"https:\/\/www.altominho.tv\/site\/2025\/05\/16\/marinha-ipvc\/"},"author":{"name":"Andreia Cunha","@id":"https:\/\/www.altominho.tv\/site\/#\/schema\/person\/a0e4ef6d041f98ca284393d8f1d97153"},"headline":"Marinha &#8220;dispon\u00edvel&#8221; para apoiar nova Zona Livre Tecnol\u00f3gica liderada pelo IPVC","datePublished":"2025-05-16T17:20:17+00:00","dateModified":"2025-05-16T17:20:20+00:00","mainEntityOfPage":{"@id":"https:\/\/www.altominho.tv\/site\/2025\/05\/16\/marinha-ipvc\/"},"wordCount":782,"image":{"@id":"https:\/\/www.altominho.tv\/site\/2025\/05\/16\/marinha-ipvc\/#primaryimage"},"thumbnailUrl":"https:\/\/www.altominho.tv\/site\/wp-content\/uploads\/2025\/05\/marinhaatv.png","keywords":["Sociedade"],"articleSection":["Viana do Castelo"],"inLanguage":"pt-PT","copyrightYear":"2025","copyrightHolder":{"@id":"https:\/\/www.altominho.tv\/site\/#organization"}},{"@type":"WebPage","@id":"https:\/\/www.altominho.tv\/site\/2025\/05\/16\/marinha-ipvc\/","url":"https:\/\/www.altominho.tv\/site\/2025\/05\/16\/marinha-ipvc\/","name":"Marinha \"dispon\u00edvel\" para apoiar nova Zona Livre Tecnol\u00f3gica liderada pelo IPVC","isPartOf":{"@id":"https:\/\/www.altominho.tv\/site\/#website"},"primaryImageOfPage":{"@id":"https:\/\/www.altominho.tv\/site\/2025\/05\/16\/marinha-ipvc\/#primaryimage"},"image":{"@id":"https:\/\/www.altominho.tv\/site\/2025\/05\/16\/marinha-ipvc\/#primaryimage"},"thumbnailUrl":"https:\/\/www.altominho.tv\/site\/wp-content\/uploads\/2025\/05\/marinhaatv.png","datePublished":"2025-05-16T17:20:17+00:00","dateModified":"2025-05-16T17:20:20+00:00","author":{"@id":"https:\/\/www.altominho.tv\/site\/#\/schema\/person\/a0e4ef6d041f98ca284393d8f1d97153"},"description":"A Marinha est\u00e1 \"dispon\u00edvel\" para apoiar nova Zona Livre Tecnol\u00f3gica liderada pelo IPVC.","breadcrumb":{"@id":"https:\/\/www.altominho.tv\/site\/2025\/05\/16\/marinha-ipvc\/#breadcrumb"},"inLanguage":"pt-PT","potentialAction":[{"@type":"ReadAction","target":["https:\/\/www.altominho.tv\/site\/2025\/05\/16\/marinha-ipvc\/"]}]},{"@type":"ImageObject","inLanguage":"pt-PT","@id":"https:\/\/www.altominho.tv\/site\/2025\/05\/16\/marinha-ipvc\/#primaryimage","url":"https:\/\/www.altominho.tv\/site\/wp-content\/uploads\/2025\/05\/marinhaatv.png","contentUrl":"https:\/\/www.altominho.tv\/site\/wp-content\/uploads\/2025\/05\/marinhaatv.png","width":1200,"height":630},{"@type":"BreadcrumbList","@id":"https:\/\/www.altominho.tv\/site\/2025\/05\/16\/marinha-ipvc\/#breadcrumb","itemListElement":[{"@type":"ListItem","position":1,"name":"In\u00edcio","item":"https:\/\/www.altominho.tv\/site\/"},{"@type":"ListItem","position":2,"name":"Marinha &#8220;dispon\u00edvel&#8221; para apoiar nova Zona Livre Tecnol\u00f3gica liderada pelo IPVC"}]},{"@type":"WebSite","@id":"https:\/\/www.altominho.tv\/site\/#website","url":"https:\/\/www.altominho.tv\/site\/","name":"Altominho.tv","description":"A sua regi\u00e3o \u00e0 dist\u00e2ncia de um clique...","potentialAction":[{"@type":"SearchAction","target":{"@type":"EntryPoint","urlTemplate":"https:\/\/www.altominho.tv\/site\/?s={search_term_string}"},"query-input":{"@type":"PropertyValueSpecification","valueRequired":true,"valueName":"search_term_string"}}],"inLanguage":"pt-PT"},{"@type":"Person","@id":"https:\/\/www.altominho.tv\/site\/#\/schema\/person\/a0e4ef6d041f98ca284393d8f1d97153","name":"Andreia Cunha","image":{"@type":"ImageObject","inLanguage":"pt-PT","@id":"https:\/\/www.altominho.tv\/site\/wp-content\/uploads\/2017\/11\/Andreia_Cunha-1-150x150.jpg","url":"https:\/\/www.altominho.tv\/site\/wp-content\/uploads\/2017\/11\/Andreia_Cunha-1-150x150.jpg","contentUrl":"https:\/\/www.altominho.tv\/site\/wp-content\/uploads\/2017\/11\/Andreia_Cunha-1-150x150.jpg","caption":"Andreia Cunha"},"url":"https:\/\/www.altominho.tv\/site\/author\/andreiacunha\/"}]}},"_links":{"self":[{"href":"https:\/\/www.altominho.tv\/site\/wp-json\/wp\/v2\/posts\/118283","targetHints":{"allow":["GET"]}}],"collection":[{"href":"https:\/\/www.altominho.tv\/site\/wp-json\/wp\/v2\/posts"}],"about":[{"href":"https:\/\/www.altominho.tv\/site\/wp-json\/wp\/v2\/types\/post"}],"author":[{"embeddable":true,"href":"https:\/\/www.altominho.tv\/site\/wp-json\/wp\/v2\/users\/7"}],"replies":[{"embeddable":true,"href":"https:\/\/www.altominho.tv\/site\/wp-json\/wp\/v2\/comments?post=118283"}],"version-history":[{"count":1,"href":"https:\/\/www.altominho.tv\/site\/wp-json\/wp\/v2\/posts\/118283\/revisions"}],"predecessor-version":[{"id":118288,"href":"https:\/\/www.altominho.tv\/site\/wp-json\/wp\/v2\/posts\/118283\/revisions\/118288"}],"wp:featuredmedia":[{"embeddable":true,"href":"https:\/\/www.altominho.tv\/site\/wp-json\/wp\/v2\/media\/118284"}],"wp:attachment":[{"href":"https:\/\/www.altominho.tv\/site\/wp-json\/wp\/v2\/media?parent=118283"}],"wp:term":[{"taxonomy":"category","embeddable":true,"href":"https:\/\/www.altominho.tv\/site\/wp-json\/wp\/v2\/categories?post=118283"},{"taxonomy":"post_tag","embeddable":true,"href":"https:\/\/www.altominho.tv\/site\/wp-json\/wp\/v2\/tags?post=118283"}],"curies":[{"name":"wp","href":"https:\/\/api.w.org\/{rel}","templated":true}]}}