{"id":118247,"date":"2025-05-16T09:13:30","date_gmt":"2025-05-16T08:13:30","guid":{"rendered":"https:\/\/www.altominho.tv\/site\/?p=118247"},"modified":"2025-05-16T09:13:32","modified_gmt":"2025-05-16T08:13:32","slug":"mp-recorre-e-pede-pena-efetiva-para-dono-de-atl-condenado-por-abuso-sexual","status":"publish","type":"post","link":"https:\/\/www.altominho.tv\/site\/2025\/05\/16\/mp-recorre-e-pede-pena-efetiva-para-dono-de-atl-condenado-por-abuso-sexual\/","title":{"rendered":"MP recorre e pede pena efetiva para dono de ATL condenado por abuso sexual de crian\u00e7as"},"content":{"rendered":"<p>O Minist\u00e9rio P\u00fablico (MP) recorreu do ac\u00f3rd\u00e3o que condenou o propriet\u00e1rio de um ATL em Viana do Castelo a dois anos e nove meses de pris\u00e3o, suspensa por tr\u00eas anos, por abuso sexual de crian\u00e7as, pedindo pris\u00e3o efetiva.<\/p>\n<p>\u201cA pena de pris\u00e3o efetiva \u00e9 a \u00fanica aplic\u00e1vel ao caso em apre\u00e7o, evitando a repeti\u00e7\u00e3o de comportamentos delituosos\u201d, argumenta o MP no recurso que enviou para o Tribunal da Rela\u00e7\u00e3o de Guimar\u00e3es a que a ag\u00eancia Lusa teve ontem acesso.<\/p>\n<p>Em abril, o Tribunal Judicial de Viana do Castelo condenou o homem a uma pena de dois anos e nove meses de pris\u00e3o, suspensa por tr\u00eas anos, por quatro crimes de abuso sexual de duas crian\u00e7as.<\/p>\n<p>Por cada um dos quatro crimes de abuso sexual de crian\u00e7as o arguido, de 43 anos, foi condenado a quatro meses, oito meses, um ano e quatro meses e um ano e oito meses.<\/p>\n<p>Em c\u00famulo jur\u00eddico, o arguido saiu do tribunal com uma pena de dois anos e nove meses de pris\u00e3o, suspensa por tr\u00eas anos, tendo ainda sido proibido de desempenhar fun\u00e7\u00f5es p\u00fablicas ou privadas que envolvem crian\u00e7as durante cinco anos.<\/p>\n<p>O tribunal condenou ainda o homem, sem antecedentes criminais, a uma indemniza\u00e7\u00e3o c\u00edvel de 3.500 euros por danos n\u00e3o patrimoniais.<\/p>\n<p>Nas 15 conclus\u00f5es que sustentam o recurso, o MP defende que o regime de suspens\u00e3o de execu\u00e7\u00e3o da pena de pris\u00e3o aplicado ao arguido carece \u201cfundamenta\u00e7\u00e3o de facto\u201d.<\/p>\n<p>A procuradora argumenta que \u201cpara se poder aplicar o regime da suspens\u00e3o da execu\u00e7\u00e3o da pena de pris\u00e3o (\u2026) tem de ser poss\u00edvel, em primeiro lugar, fazer um ju\u00edzo de prognose favor\u00e1vel ao arguido (que o facto cometido n\u00e3o est\u00e1 de acordo com a sua personalidade e foi simples acidente de percurso espor\u00e1dico)\u201d.<\/p>\n<p>Em segundo lugar, que a \u201cpreven\u00e7\u00e3o especial n\u00e3o coloque irremediavelmente em causa a necess\u00e1ria tutela dos bens jur\u00eddicos e a estabiliza\u00e7\u00e3o contra f\u00e1ctica das expectativas comunit\u00e1rias, ou seja, o sentimento de reprova\u00e7\u00e3o social do crime ou sentimento jur\u00eddico da comunidade \u2013 preven\u00e7\u00e3o geral\u201d.<\/p>\n<p>\u201cInexistem nos autos nem resultaram do julgamento quaisquer elementos de facto que permitissem ao tribunal fazer um ju\u00edzo de prognose razo\u00e1vel nem estabelecer qualquer rela\u00e7\u00e3o de confian\u00e7a com o arguido, resultando a conclus\u00e3o contr\u00e1ria quer dos factos provados quer da motiva\u00e7\u00e3o da decis\u00e3o, quanto a um arguido que n\u00e3o assumiu os factos, motivou com a absurda explica\u00e7\u00e3o de andar mal, n\u00e3o demonstrando qualquer arrependimento ou firme vontade de mudan\u00e7a, o que constitui contradi\u00e7\u00e3o insan\u00e1vel entre a fundamenta\u00e7\u00e3o e a decis\u00e3o\u201d, l\u00ea-se no documento.<\/p>\n<p>Segundo o MP, \u201co arguido n\u00e3o confessou, assumindo apenas o que resulta ineg\u00e1vel das mensagens transcritas e, mesmo quanto a estas, deu-lhes um sentido totalmente contr\u00e1rios ao bom senso e \u00e0s regras da experi\u00eancia\u201d.<\/p>\n<p>\u201cAlgum adulto por ter problemas na vida namora crian\u00e7as? Quer tirar virgindade a crian\u00e7as?\u201d, questiona o MP.<\/p>\n<p>Para o MP, o arguido \u201cn\u00e3o mostrou qualquer arrependimento, desvalorizando os factos provados, querendo apenas resolver\u201d o caso \u201cpara seguir em frente noutro local (qui\u00e7\u00e1 perpetrando novos factos contra outras crian\u00e7as a quem os pais confiam)\u201d.<\/p>\n<p>\u201cComo \u00e9 que a comunidade v\u00ea um arguido, explicador, respons\u00e1vel pela educa\u00e7\u00e3o e seguran\u00e7a de crian\u00e7as, que comete quatro crimes de abuso sexual de crian\u00e7as, n\u00e3o confessa, n\u00e3o mostra arrependimento e, por n\u00e3o ter antecedentes criminais e estar inserido familiarmente (o que j\u00e1 estava \u00e0 data dos factos) n\u00e3o lhe acontece nada a n\u00e3o ser ter de ser acompanhado\/ajudado (\u2026) Como acreditar na puni\u00e7\u00e3o deste crime\u201d, questiona o MP.<\/p>\n<p>Uma das v\u00edtimas envolvidas neste processo frequentou o centro de ATL entre julho e agosto de 2022.<\/p>\n<p>Segundo a acusa\u00e7\u00e3o, o arguido manteve ainda, entre 2018 e agosto de 2022, \u201ccomportamentos semelhantes\u201d com uma prima da menor, que tamb\u00e9m frequentou o mesmo centro de ATL.<\/p>\n","protected":false},"excerpt":{"rendered":"<p>O Minist\u00e9rio P\u00fablico (MP) recorreu do ac\u00f3rd\u00e3o que condenou o propriet\u00e1rio de um ATL em Viana do Castelo a dois anos e nove meses de pris\u00e3o, suspensa por tr\u00eas anos, por abuso sexual de crian\u00e7as, pedindo pris\u00e3o efetiva. \u201cA pena de pris\u00e3o efetiva \u00e9 a \u00fanica aplic\u00e1vel ao caso em apre\u00e7o, evitando a repeti\u00e7\u00e3o de [&hellip;]<\/p>\n","protected":false},"author":13,"featured_media":115302,"comment_status":"closed","ping_status":"closed","sticky":false,"template":"","format":"standard","meta":{"_exactmetrics_skip_tracking":false,"_exactmetrics_sitenote_active":false,"_exactmetrics_sitenote_note":"","_exactmetrics_sitenote_category":0,"footnotes":""},"categories":[14],"tags":[27],"class_list":["post-118247","post","type-post","status-publish","format-standard","has-post-thumbnail","hentry","category-viana-do-castelo","tag-sociedade"],"yoast_head":"<!-- This site is optimized with the Yoast SEO Premium plugin v27.4 (Yoast SEO v27.4) - https:\/\/yoast.com\/product\/yoast-seo-premium-wordpress\/ -->\n<title>MP recorre e pede pena efetiva para dono de ATL condenado por abuso sexual de crian\u00e7as<\/title>\n<meta name=\"description\" content=\"O Minist\u00e9rio P\u00fablico (MP) recorreu do ac\u00f3rd\u00e3o que condenou o propriet\u00e1rio de um ATL em Viana do Castelo a dois anos e nove meses de pris\u00e3o, suspensa por tr\u00eas anos, por abuso sexual de crian\u00e7as, pedindo pris\u00e3o efetiva.\" \/>\n<meta name=\"robots\" content=\"index, follow, max-snippet:-1, max-image-preview:large, max-video-preview:-1\" \/>\n<link rel=\"canonical\" href=\"https:\/\/www.altominho.tv\/site\/2025\/05\/16\/mp-recorre-e-pede-pena-efetiva-para-dono-de-atl-condenado-por-abuso-sexual\/\" \/>\n<meta property=\"og:locale\" content=\"pt_PT\" \/>\n<meta property=\"og:type\" content=\"article\" \/>\n<meta property=\"og:title\" content=\"MP recorre e pede pena efetiva para dono de ATL condenado por abuso sexual de crian\u00e7as\" \/>\n<meta property=\"og:description\" content=\"O Minist\u00e9rio P\u00fablico (MP) recorreu do ac\u00f3rd\u00e3o que condenou o propriet\u00e1rio de um ATL em Viana do Castelo a dois anos e nove meses de pris\u00e3o, suspensa por tr\u00eas anos, por abuso sexual de crian\u00e7as, pedindo pris\u00e3o efetiva.\" \/>\n<meta property=\"og:url\" content=\"https:\/\/www.altominho.tv\/site\/2025\/05\/16\/mp-recorre-e-pede-pena-efetiva-para-dono-de-atl-condenado-por-abuso-sexual\/\" \/>\n<meta property=\"og:site_name\" content=\"Altominho.tv\" \/>\n<meta property=\"article:publisher\" content=\"https:\/\/www.facebook.com\/altominhotv\" \/>\n<meta property=\"article:published_time\" content=\"2025-05-16T08:13:30+00:00\" \/>\n<meta property=\"article:modified_time\" content=\"2025-05-16T08:13:32+00:00\" \/>\n<meta property=\"og:image\" content=\"https:\/\/www.altominho.tv\/site\/wp-content\/uploads\/2025\/02\/Design-sem-nome-27.jpg\" \/>\n\t<meta property=\"og:image:width\" content=\"1200\" \/>\n\t<meta property=\"og:image:height\" content=\"630\" \/>\n\t<meta property=\"og:image:type\" content=\"image\/jpeg\" \/>\n<meta name=\"author\" content=\"Lusa\" \/>\n<meta name=\"twitter:card\" content=\"summary_large_image\" \/>\n<meta name=\"twitter:creator\" content=\"@altominhoTV\" \/>\n<meta name=\"twitter:site\" content=\"@altominhoTV\" \/>\n<meta name=\"twitter:label1\" content=\"Escrito por\" \/>\n\t<meta name=\"twitter:data1\" content=\"Lusa\" \/>\n\t<meta name=\"twitter:label2\" content=\"Tempo estimado de leitura\" \/>\n\t<meta name=\"twitter:data2\" content=\"4 minutos\" \/>\n<script type=\"application\/ld+json\" class=\"yoast-schema-graph\">{\"@context\":\"https:\\\/\\\/schema.org\",\"@graph\":[{\"@type\":\"Article\",\"@id\":\"https:\\\/\\\/www.altominho.tv\\\/site\\\/2025\\\/05\\\/16\\\/mp-recorre-e-pede-pena-efetiva-para-dono-de-atl-condenado-por-abuso-sexual\\\/#article\",\"isPartOf\":{\"@id\":\"https:\\\/\\\/www.altominho.tv\\\/site\\\/2025\\\/05\\\/16\\\/mp-recorre-e-pede-pena-efetiva-para-dono-de-atl-condenado-por-abuso-sexual\\\/\"},\"author\":{\"name\":\"Lusa\",\"@id\":\"https:\\\/\\\/www.altominho.tv\\\/site\\\/#\\\/schema\\\/person\\\/63f693da3e1899361cbe955c46f3232e\"},\"headline\":\"MP recorre e pede pena efetiva para dono de ATL condenado por abuso sexual de crian\u00e7as\",\"datePublished\":\"2025-05-16T08:13:30+00:00\",\"dateModified\":\"2025-05-16T08:13:32+00:00\",\"mainEntityOfPage\":{\"@id\":\"https:\\\/\\\/www.altominho.tv\\\/site\\\/2025\\\/05\\\/16\\\/mp-recorre-e-pede-pena-efetiva-para-dono-de-atl-condenado-por-abuso-sexual\\\/\"},\"wordCount\":714,\"image\":{\"@id\":\"https:\\\/\\\/www.altominho.tv\\\/site\\\/2025\\\/05\\\/16\\\/mp-recorre-e-pede-pena-efetiva-para-dono-de-atl-condenado-por-abuso-sexual\\\/#primaryimage\"},\"thumbnailUrl\":\"https:\\\/\\\/www.altominho.tv\\\/site\\\/wp-content\\\/uploads\\\/2025\\\/02\\\/Design-sem-nome-27.jpg\",\"keywords\":[\"Sociedade\"],\"articleSection\":[\"Viana do Castelo\"],\"inLanguage\":\"pt-PT\",\"copyrightYear\":\"2025\",\"copyrightHolder\":{\"@id\":\"https:\\\/\\\/www.altominho.tv\\\/site\\\/#organization\"}},{\"@type\":\"WebPage\",\"@id\":\"https:\\\/\\\/www.altominho.tv\\\/site\\\/2025\\\/05\\\/16\\\/mp-recorre-e-pede-pena-efetiva-para-dono-de-atl-condenado-por-abuso-sexual\\\/\",\"url\":\"https:\\\/\\\/www.altominho.tv\\\/site\\\/2025\\\/05\\\/16\\\/mp-recorre-e-pede-pena-efetiva-para-dono-de-atl-condenado-por-abuso-sexual\\\/\",\"name\":\"MP recorre e pede pena efetiva para dono de ATL condenado por abuso sexual de crian\u00e7as\",\"isPartOf\":{\"@id\":\"https:\\\/\\\/www.altominho.tv\\\/site\\\/#website\"},\"primaryImageOfPage\":{\"@id\":\"https:\\\/\\\/www.altominho.tv\\\/site\\\/2025\\\/05\\\/16\\\/mp-recorre-e-pede-pena-efetiva-para-dono-de-atl-condenado-por-abuso-sexual\\\/#primaryimage\"},\"image\":{\"@id\":\"https:\\\/\\\/www.altominho.tv\\\/site\\\/2025\\\/05\\\/16\\\/mp-recorre-e-pede-pena-efetiva-para-dono-de-atl-condenado-por-abuso-sexual\\\/#primaryimage\"},\"thumbnailUrl\":\"https:\\\/\\\/www.altominho.tv\\\/site\\\/wp-content\\\/uploads\\\/2025\\\/02\\\/Design-sem-nome-27.jpg\",\"datePublished\":\"2025-05-16T08:13:30+00:00\",\"dateModified\":\"2025-05-16T08:13:32+00:00\",\"author\":{\"@id\":\"https:\\\/\\\/www.altominho.tv\\\/site\\\/#\\\/schema\\\/person\\\/63f693da3e1899361cbe955c46f3232e\"},\"description\":\"O Minist\u00e9rio P\u00fablico (MP) recorreu do ac\u00f3rd\u00e3o que condenou o propriet\u00e1rio de um ATL em Viana do Castelo a dois anos e nove meses de pris\u00e3o, suspensa por tr\u00eas anos, por abuso sexual de crian\u00e7as, pedindo pris\u00e3o efetiva.\",\"breadcrumb\":{\"@id\":\"https:\\\/\\\/www.altominho.tv\\\/site\\\/2025\\\/05\\\/16\\\/mp-recorre-e-pede-pena-efetiva-para-dono-de-atl-condenado-por-abuso-sexual\\\/#breadcrumb\"},\"inLanguage\":\"pt-PT\",\"potentialAction\":[{\"@type\":\"ReadAction\",\"target\":[\"https:\\\/\\\/www.altominho.tv\\\/site\\\/2025\\\/05\\\/16\\\/mp-recorre-e-pede-pena-efetiva-para-dono-de-atl-condenado-por-abuso-sexual\\\/\"]}]},{\"@type\":\"ImageObject\",\"inLanguage\":\"pt-PT\",\"@id\":\"https:\\\/\\\/www.altominho.tv\\\/site\\\/2025\\\/05\\\/16\\\/mp-recorre-e-pede-pena-efetiva-para-dono-de-atl-condenado-por-abuso-sexual\\\/#primaryimage\",\"url\":\"https:\\\/\\\/www.altominho.tv\\\/site\\\/wp-content\\\/uploads\\\/2025\\\/02\\\/Design-sem-nome-27.jpg\",\"contentUrl\":\"https:\\\/\\\/www.altominho.tv\\\/site\\\/wp-content\\\/uploads\\\/2025\\\/02\\\/Design-sem-nome-27.jpg\",\"width\":1200,\"height\":630},{\"@type\":\"BreadcrumbList\",\"@id\":\"https:\\\/\\\/www.altominho.tv\\\/site\\\/2025\\\/05\\\/16\\\/mp-recorre-e-pede-pena-efetiva-para-dono-de-atl-condenado-por-abuso-sexual\\\/#breadcrumb\",\"itemListElement\":[{\"@type\":\"ListItem\",\"position\":1,\"name\":\"In\u00edcio\",\"item\":\"https:\\\/\\\/www.altominho.tv\\\/site\\\/\"},{\"@type\":\"ListItem\",\"position\":2,\"name\":\"MP recorre e pede pena efetiva para dono de ATL condenado por abuso sexual de crian\u00e7as\"}]},{\"@type\":\"WebSite\",\"@id\":\"https:\\\/\\\/www.altominho.tv\\\/site\\\/#website\",\"url\":\"https:\\\/\\\/www.altominho.tv\\\/site\\\/\",\"name\":\"Altominho.tv\",\"description\":\"A sua regi\u00e3o \u00e0 dist\u00e2ncia de um clique...\",\"potentialAction\":[{\"@type\":\"SearchAction\",\"target\":{\"@type\":\"EntryPoint\",\"urlTemplate\":\"https:\\\/\\\/www.altominho.tv\\\/site\\\/?s={search_term_string}\"},\"query-input\":{\"@type\":\"PropertyValueSpecification\",\"valueRequired\":true,\"valueName\":\"search_term_string\"}}],\"inLanguage\":\"pt-PT\"},{\"@type\":\"Person\",\"@id\":\"https:\\\/\\\/www.altominho.tv\\\/site\\\/#\\\/schema\\\/person\\\/63f693da3e1899361cbe955c46f3232e\",\"name\":\"Lusa\",\"image\":{\"@type\":\"ImageObject\",\"inLanguage\":\"pt-PT\",\"@id\":\"https:\\\/\\\/www.altominho.tv\\\/site\\\/wp-content\\\/uploads\\\/2019\\\/08\\\/LUSA_Logo.gif\",\"url\":\"https:\\\/\\\/www.altominho.tv\\\/site\\\/wp-content\\\/uploads\\\/2019\\\/08\\\/LUSA_Logo.gif\",\"contentUrl\":\"https:\\\/\\\/www.altominho.tv\\\/site\\\/wp-content\\\/uploads\\\/2019\\\/08\\\/LUSA_Logo.gif\",\"caption\":\"Lusa\"},\"sameAs\":[\"http:\\\/\\\/\\\/\\\/www.altominho.tv\\\/site\"],\"url\":\"https:\\\/\\\/www.altominho.tv\\\/site\\\/author\\\/lusa\\\/\"}]}<\/script>\n<!-- \/ Yoast SEO Premium plugin. -->","yoast_head_json":{"title":"MP recorre e pede pena efetiva para dono de ATL condenado por abuso sexual de crian\u00e7as","description":"O Minist\u00e9rio P\u00fablico (MP) recorreu do ac\u00f3rd\u00e3o que condenou o propriet\u00e1rio de um ATL em Viana do Castelo a dois anos e nove meses de pris\u00e3o, suspensa por tr\u00eas anos, por abuso sexual de crian\u00e7as, pedindo pris\u00e3o efetiva.","robots":{"index":"index","follow":"follow","max-snippet":"max-snippet:-1","max-image-preview":"max-image-preview:large","max-video-preview":"max-video-preview:-1"},"canonical":"https:\/\/www.altominho.tv\/site\/2025\/05\/16\/mp-recorre-e-pede-pena-efetiva-para-dono-de-atl-condenado-por-abuso-sexual\/","og_locale":"pt_PT","og_type":"article","og_title":"MP recorre e pede pena efetiva para dono de ATL condenado por abuso sexual de crian\u00e7as","og_description":"O Minist\u00e9rio P\u00fablico (MP) recorreu do ac\u00f3rd\u00e3o que condenou o propriet\u00e1rio de um ATL em Viana do Castelo a dois anos e nove meses de pris\u00e3o, suspensa por tr\u00eas anos, por abuso sexual de crian\u00e7as, pedindo pris\u00e3o efetiva.","og_url":"https:\/\/www.altominho.tv\/site\/2025\/05\/16\/mp-recorre-e-pede-pena-efetiva-para-dono-de-atl-condenado-por-abuso-sexual\/","og_site_name":"Altominho.tv","article_publisher":"https:\/\/www.facebook.com\/altominhotv","article_published_time":"2025-05-16T08:13:30+00:00","article_modified_time":"2025-05-16T08:13:32+00:00","og_image":[{"width":1200,"height":630,"url":"https:\/\/www.altominho.tv\/site\/wp-content\/uploads\/2025\/02\/Design-sem-nome-27.jpg","type":"image\/jpeg"}],"author":"Lusa","twitter_card":"summary_large_image","twitter_creator":"@altominhoTV","twitter_site":"@altominhoTV","twitter_misc":{"Escrito por":"Lusa","Tempo estimado de leitura":"4 minutos"},"schema":{"@context":"https:\/\/schema.org","@graph":[{"@type":"Article","@id":"https:\/\/www.altominho.tv\/site\/2025\/05\/16\/mp-recorre-e-pede-pena-efetiva-para-dono-de-atl-condenado-por-abuso-sexual\/#article","isPartOf":{"@id":"https:\/\/www.altominho.tv\/site\/2025\/05\/16\/mp-recorre-e-pede-pena-efetiva-para-dono-de-atl-condenado-por-abuso-sexual\/"},"author":{"name":"Lusa","@id":"https:\/\/www.altominho.tv\/site\/#\/schema\/person\/63f693da3e1899361cbe955c46f3232e"},"headline":"MP recorre e pede pena efetiva para dono de ATL condenado por abuso sexual de crian\u00e7as","datePublished":"2025-05-16T08:13:30+00:00","dateModified":"2025-05-16T08:13:32+00:00","mainEntityOfPage":{"@id":"https:\/\/www.altominho.tv\/site\/2025\/05\/16\/mp-recorre-e-pede-pena-efetiva-para-dono-de-atl-condenado-por-abuso-sexual\/"},"wordCount":714,"image":{"@id":"https:\/\/www.altominho.tv\/site\/2025\/05\/16\/mp-recorre-e-pede-pena-efetiva-para-dono-de-atl-condenado-por-abuso-sexual\/#primaryimage"},"thumbnailUrl":"https:\/\/www.altominho.tv\/site\/wp-content\/uploads\/2025\/02\/Design-sem-nome-27.jpg","keywords":["Sociedade"],"articleSection":["Viana do Castelo"],"inLanguage":"pt-PT","copyrightYear":"2025","copyrightHolder":{"@id":"https:\/\/www.altominho.tv\/site\/#organization"}},{"@type":"WebPage","@id":"https:\/\/www.altominho.tv\/site\/2025\/05\/16\/mp-recorre-e-pede-pena-efetiva-para-dono-de-atl-condenado-por-abuso-sexual\/","url":"https:\/\/www.altominho.tv\/site\/2025\/05\/16\/mp-recorre-e-pede-pena-efetiva-para-dono-de-atl-condenado-por-abuso-sexual\/","name":"MP recorre e pede pena efetiva para dono de ATL condenado por abuso sexual de crian\u00e7as","isPartOf":{"@id":"https:\/\/www.altominho.tv\/site\/#website"},"primaryImageOfPage":{"@id":"https:\/\/www.altominho.tv\/site\/2025\/05\/16\/mp-recorre-e-pede-pena-efetiva-para-dono-de-atl-condenado-por-abuso-sexual\/#primaryimage"},"image":{"@id":"https:\/\/www.altominho.tv\/site\/2025\/05\/16\/mp-recorre-e-pede-pena-efetiva-para-dono-de-atl-condenado-por-abuso-sexual\/#primaryimage"},"thumbnailUrl":"https:\/\/www.altominho.tv\/site\/wp-content\/uploads\/2025\/02\/Design-sem-nome-27.jpg","datePublished":"2025-05-16T08:13:30+00:00","dateModified":"2025-05-16T08:13:32+00:00","author":{"@id":"https:\/\/www.altominho.tv\/site\/#\/schema\/person\/63f693da3e1899361cbe955c46f3232e"},"description":"O Minist\u00e9rio P\u00fablico (MP) recorreu do ac\u00f3rd\u00e3o que condenou o propriet\u00e1rio de um ATL em Viana do Castelo a dois anos e nove meses de pris\u00e3o, suspensa por tr\u00eas anos, por abuso sexual de crian\u00e7as, pedindo pris\u00e3o efetiva.","breadcrumb":{"@id":"https:\/\/www.altominho.tv\/site\/2025\/05\/16\/mp-recorre-e-pede-pena-efetiva-para-dono-de-atl-condenado-por-abuso-sexual\/#breadcrumb"},"inLanguage":"pt-PT","potentialAction":[{"@type":"ReadAction","target":["https:\/\/www.altominho.tv\/site\/2025\/05\/16\/mp-recorre-e-pede-pena-efetiva-para-dono-de-atl-condenado-por-abuso-sexual\/"]}]},{"@type":"ImageObject","inLanguage":"pt-PT","@id":"https:\/\/www.altominho.tv\/site\/2025\/05\/16\/mp-recorre-e-pede-pena-efetiva-para-dono-de-atl-condenado-por-abuso-sexual\/#primaryimage","url":"https:\/\/www.altominho.tv\/site\/wp-content\/uploads\/2025\/02\/Design-sem-nome-27.jpg","contentUrl":"https:\/\/www.altominho.tv\/site\/wp-content\/uploads\/2025\/02\/Design-sem-nome-27.jpg","width":1200,"height":630},{"@type":"BreadcrumbList","@id":"https:\/\/www.altominho.tv\/site\/2025\/05\/16\/mp-recorre-e-pede-pena-efetiva-para-dono-de-atl-condenado-por-abuso-sexual\/#breadcrumb","itemListElement":[{"@type":"ListItem","position":1,"name":"In\u00edcio","item":"https:\/\/www.altominho.tv\/site\/"},{"@type":"ListItem","position":2,"name":"MP recorre e pede pena efetiva para dono de ATL condenado por abuso sexual de crian\u00e7as"}]},{"@type":"WebSite","@id":"https:\/\/www.altominho.tv\/site\/#website","url":"https:\/\/www.altominho.tv\/site\/","name":"Altominho.tv","description":"A sua regi\u00e3o \u00e0 dist\u00e2ncia de um clique...","potentialAction":[{"@type":"SearchAction","target":{"@type":"EntryPoint","urlTemplate":"https:\/\/www.altominho.tv\/site\/?s={search_term_string}"},"query-input":{"@type":"PropertyValueSpecification","valueRequired":true,"valueName":"search_term_string"}}],"inLanguage":"pt-PT"},{"@type":"Person","@id":"https:\/\/www.altominho.tv\/site\/#\/schema\/person\/63f693da3e1899361cbe955c46f3232e","name":"Lusa","image":{"@type":"ImageObject","inLanguage":"pt-PT","@id":"https:\/\/www.altominho.tv\/site\/wp-content\/uploads\/2019\/08\/LUSA_Logo.gif","url":"https:\/\/www.altominho.tv\/site\/wp-content\/uploads\/2019\/08\/LUSA_Logo.gif","contentUrl":"https:\/\/www.altominho.tv\/site\/wp-content\/uploads\/2019\/08\/LUSA_Logo.gif","caption":"Lusa"},"sameAs":["http:\/\/\/\/www.altominho.tv\/site"],"url":"https:\/\/www.altominho.tv\/site\/author\/lusa\/"}]}},"_links":{"self":[{"href":"https:\/\/www.altominho.tv\/site\/wp-json\/wp\/v2\/posts\/118247","targetHints":{"allow":["GET"]}}],"collection":[{"href":"https:\/\/www.altominho.tv\/site\/wp-json\/wp\/v2\/posts"}],"about":[{"href":"https:\/\/www.altominho.tv\/site\/wp-json\/wp\/v2\/types\/post"}],"author":[{"embeddable":true,"href":"https:\/\/www.altominho.tv\/site\/wp-json\/wp\/v2\/users\/13"}],"replies":[{"embeddable":true,"href":"https:\/\/www.altominho.tv\/site\/wp-json\/wp\/v2\/comments?post=118247"}],"version-history":[{"count":1,"href":"https:\/\/www.altominho.tv\/site\/wp-json\/wp\/v2\/posts\/118247\/revisions"}],"predecessor-version":[{"id":118248,"href":"https:\/\/www.altominho.tv\/site\/wp-json\/wp\/v2\/posts\/118247\/revisions\/118248"}],"wp:featuredmedia":[{"embeddable":true,"href":"https:\/\/www.altominho.tv\/site\/wp-json\/wp\/v2\/media\/115302"}],"wp:attachment":[{"href":"https:\/\/www.altominho.tv\/site\/wp-json\/wp\/v2\/media?parent=118247"}],"wp:term":[{"taxonomy":"category","embeddable":true,"href":"https:\/\/www.altominho.tv\/site\/wp-json\/wp\/v2\/categories?post=118247"},{"taxonomy":"post_tag","embeddable":true,"href":"https:\/\/www.altominho.tv\/site\/wp-json\/wp\/v2\/tags?post=118247"}],"curies":[{"name":"wp","href":"https:\/\/api.w.org\/{rel}","templated":true}]}}