{"id":118208,"date":"2025-05-15T11:49:55","date_gmt":"2025-05-15T10:49:55","guid":{"rendered":"https:\/\/www.altominho.tv\/site\/?p=118208"},"modified":"2025-05-15T11:49:58","modified_gmt":"2025-05-15T10:49:58","slug":"viana-do-castelo-marinha-2","status":"publish","type":"post","link":"https:\/\/www.altominho.tv\/site\/2025\/05\/15\/viana-do-castelo-marinha-2\/","title":{"rendered":"Cerim\u00f3nia Militar do Dia da Marinha tem lugar este s\u00e1bado"},"content":{"rendered":"\n<p>No pr\u00f3ximo s\u00e1bado, dia 17 de maio, tem lugar a cerim\u00f3nia militar do Dia da Marinha, a partir das 11h00, no Parque de Estacionamento junto ao Navio-hospital Gil Eannes, em Viana do Castelo.<\/p>\n\n\n\n<p>\u200bEsta cerim\u00f3nia ser\u00e1 presidida pelo Chefe do Estado-Maior da Armada, Almirante Jorge Nobre de Sousa, e vai contar com a presen\u00e7a do Presidente da C\u00e2mara Municipal de Viana do Castelo, Lu\u00eds Nobre, entre outras entidades.\u200b<\/p>\n\n\n\n<p>A cerim\u00f3nia militar tem in\u00edcio \u00e0s 11h00, seguida pelo desfile das for\u00e7as em parada e pela demonstra\u00e7\u00e3o naval com a simula\u00e7\u00e3o de diversas a\u00e7\u00f5es.<\/p>\n\n\n\n<p>O Dia da Marinha comemora-se em homenagem ao feito de Vasco da Gama, que no dia 20 de maio em 1498, pela primeira vez na hist\u00f3ria, ligou, por via mar\u00edtima, a Europa ao Oriente, com a chegada a Calecute, na \u00cdndia.<\/p>\n","protected":false},"excerpt":{"rendered":"<p>No pr\u00f3ximo s\u00e1bado, dia 17 de maio, tem lugar a cerim\u00f3nia militar do Dia da Marinha, a partir das 11h00, no Parque de Estacionamento junto ao Navio-hospital Gil Eannes, em Viana do Castelo. \u200bEsta cerim\u00f3nia ser\u00e1 presidida pelo Chefe do Estado-Maior da Armada, Almirante Jorge Nobre de Sousa, e vai contar com a presen\u00e7a do [&hellip;]<\/p>\n","protected":false},"author":7,"featured_media":118213,"comment_status":"closed","ping_status":"closed","sticky":false,"template":"","format":"standard","meta":{"_exactmetrics_skip_tracking":false,"_exactmetrics_sitenote_active":false,"_exactmetrics_sitenote_note":"","_exactmetrics_sitenote_category":0,"footnotes":""},"categories":[14],"tags":[27],"class_list":["post-118208","post","type-post","status-publish","format-standard","has-post-thumbnail","hentry","category-viana-do-castelo","tag-sociedade"],"yoast_head":"<!-- This site is optimized with the Yoast SEO Premium plugin v27.4 (Yoast SEO v27.4) - https:\/\/yoast.com\/product\/yoast-seo-premium-wordpress\/ -->\n<title>Cerim\u00f3nia Militar do Dia da Marinha tem lugar este s\u00e1bado<\/title>\n<meta name=\"description\" content=\"A Cerim\u00f3nia Militar do Dia da Marinha tem lugar este s\u00e1bado, em Viana do Castelo, no Parque de Estacionamento do Navio Gil Eannes.\" \/>\n<meta name=\"robots\" content=\"index, follow, max-snippet:-1, max-image-preview:large, max-video-preview:-1\" \/>\n<link rel=\"canonical\" href=\"https:\/\/www.altominho.tv\/site\/2025\/05\/15\/viana-do-castelo-marinha-2\/\" \/>\n<meta property=\"og:locale\" content=\"pt_PT\" \/>\n<meta property=\"og:type\" content=\"article\" \/>\n<meta property=\"og:title\" content=\"Cerim\u00f3nia Militar do Dia da Marinha tem lugar este s\u00e1bado\" \/>\n<meta property=\"og:description\" content=\"A Cerim\u00f3nia Militar do Dia da Marinha tem lugar este s\u00e1bado, em Viana do Castelo, no Parque de Estacionamento do Navio Gil Eannes.\" \/>\n<meta property=\"og:url\" content=\"https:\/\/www.altominho.tv\/site\/2025\/05\/15\/viana-do-castelo-marinha-2\/\" \/>\n<meta property=\"og:site_name\" content=\"Altominho.tv\" \/>\n<meta property=\"article:publisher\" content=\"https:\/\/www.facebook.com\/altominhotv\" \/>\n<meta property=\"article:published_time\" content=\"2025-05-15T10:49:55+00:00\" \/>\n<meta property=\"article:modified_time\" content=\"2025-05-15T10:49:58+00:00\" \/>\n<meta property=\"og:image\" content=\"https:\/\/www.altominho.tv\/site\/wp-content\/uploads\/2025\/05\/marinha.png\" \/>\n\t<meta property=\"og:image:width\" content=\"1200\" \/>\n\t<meta property=\"og:image:height\" content=\"630\" \/>\n\t<meta property=\"og:image:type\" content=\"image\/png\" \/>\n<meta name=\"author\" content=\"Andreia Cunha\" \/>\n<meta name=\"twitter:card\" content=\"summary_large_image\" \/>\n<meta name=\"twitter:creator\" content=\"@altominhoTV\" \/>\n<meta name=\"twitter:site\" content=\"@altominhoTV\" \/>\n<meta name=\"twitter:label1\" content=\"Escrito por\" \/>\n\t<meta name=\"twitter:data1\" content=\"Andreia Cunha\" \/>\n\t<meta name=\"twitter:label2\" content=\"Tempo estimado de leitura\" \/>\n\t<meta name=\"twitter:data2\" content=\"1 minuto\" \/>\n<script type=\"application\/ld+json\" class=\"yoast-schema-graph\">{\"@context\":\"https:\\\/\\\/schema.org\",\"@graph\":[{\"@type\":\"Article\",\"@id\":\"https:\\\/\\\/www.altominho.tv\\\/site\\\/2025\\\/05\\\/15\\\/viana-do-castelo-marinha-2\\\/#article\",\"isPartOf\":{\"@id\":\"https:\\\/\\\/www.altominho.tv\\\/site\\\/2025\\\/05\\\/15\\\/viana-do-castelo-marinha-2\\\/\"},\"author\":{\"name\":\"Andreia Cunha\",\"@id\":\"https:\\\/\\\/www.altominho.tv\\\/site\\\/#\\\/schema\\\/person\\\/a0e4ef6d041f98ca284393d8f1d97153\"},\"headline\":\"Cerim\u00f3nia Militar do Dia da Marinha tem lugar este s\u00e1bado\",\"datePublished\":\"2025-05-15T10:49:55+00:00\",\"dateModified\":\"2025-05-15T10:49:58+00:00\",\"mainEntityOfPage\":{\"@id\":\"https:\\\/\\\/www.altominho.tv\\\/site\\\/2025\\\/05\\\/15\\\/viana-do-castelo-marinha-2\\\/\"},\"wordCount\":157,\"image\":{\"@id\":\"https:\\\/\\\/www.altominho.tv\\\/site\\\/2025\\\/05\\\/15\\\/viana-do-castelo-marinha-2\\\/#primaryimage\"},\"thumbnailUrl\":\"https:\\\/\\\/www.altominho.tv\\\/site\\\/wp-content\\\/uploads\\\/2025\\\/05\\\/marinha.png\",\"keywords\":[\"Sociedade\"],\"articleSection\":[\"Viana do Castelo\"],\"inLanguage\":\"pt-PT\",\"copyrightYear\":\"2025\",\"copyrightHolder\":{\"@id\":\"https:\\\/\\\/www.altominho.tv\\\/site\\\/#organization\"}},{\"@type\":\"WebPage\",\"@id\":\"https:\\\/\\\/www.altominho.tv\\\/site\\\/2025\\\/05\\\/15\\\/viana-do-castelo-marinha-2\\\/\",\"url\":\"https:\\\/\\\/www.altominho.tv\\\/site\\\/2025\\\/05\\\/15\\\/viana-do-castelo-marinha-2\\\/\",\"name\":\"Cerim\u00f3nia Militar do Dia da Marinha tem lugar este s\u00e1bado\",\"isPartOf\":{\"@id\":\"https:\\\/\\\/www.altominho.tv\\\/site\\\/#website\"},\"primaryImageOfPage\":{\"@id\":\"https:\\\/\\\/www.altominho.tv\\\/site\\\/2025\\\/05\\\/15\\\/viana-do-castelo-marinha-2\\\/#primaryimage\"},\"image\":{\"@id\":\"https:\\\/\\\/www.altominho.tv\\\/site\\\/2025\\\/05\\\/15\\\/viana-do-castelo-marinha-2\\\/#primaryimage\"},\"thumbnailUrl\":\"https:\\\/\\\/www.altominho.tv\\\/site\\\/wp-content\\\/uploads\\\/2025\\\/05\\\/marinha.png\",\"datePublished\":\"2025-05-15T10:49:55+00:00\",\"dateModified\":\"2025-05-15T10:49:58+00:00\",\"author\":{\"@id\":\"https:\\\/\\\/www.altominho.tv\\\/site\\\/#\\\/schema\\\/person\\\/a0e4ef6d041f98ca284393d8f1d97153\"},\"description\":\"A Cerim\u00f3nia Militar do Dia da Marinha tem lugar este s\u00e1bado, em Viana do Castelo, no Parque de Estacionamento do Navio Gil Eannes.\",\"breadcrumb\":{\"@id\":\"https:\\\/\\\/www.altominho.tv\\\/site\\\/2025\\\/05\\\/15\\\/viana-do-castelo-marinha-2\\\/#breadcrumb\"},\"inLanguage\":\"pt-PT\",\"potentialAction\":[{\"@type\":\"ReadAction\",\"target\":[\"https:\\\/\\\/www.altominho.tv\\\/site\\\/2025\\\/05\\\/15\\\/viana-do-castelo-marinha-2\\\/\"]}]},{\"@type\":\"ImageObject\",\"inLanguage\":\"pt-PT\",\"@id\":\"https:\\\/\\\/www.altominho.tv\\\/site\\\/2025\\\/05\\\/15\\\/viana-do-castelo-marinha-2\\\/#primaryimage\",\"url\":\"https:\\\/\\\/www.altominho.tv\\\/site\\\/wp-content\\\/uploads\\\/2025\\\/05\\\/marinha.png\",\"contentUrl\":\"https:\\\/\\\/www.altominho.tv\\\/site\\\/wp-content\\\/uploads\\\/2025\\\/05\\\/marinha.png\",\"width\":1200,\"height\":630},{\"@type\":\"BreadcrumbList\",\"@id\":\"https:\\\/\\\/www.altominho.tv\\\/site\\\/2025\\\/05\\\/15\\\/viana-do-castelo-marinha-2\\\/#breadcrumb\",\"itemListElement\":[{\"@type\":\"ListItem\",\"position\":1,\"name\":\"In\u00edcio\",\"item\":\"https:\\\/\\\/www.altominho.tv\\\/site\\\/\"},{\"@type\":\"ListItem\",\"position\":2,\"name\":\"Cerim\u00f3nia Militar do Dia da Marinha tem lugar este s\u00e1bado\"}]},{\"@type\":\"WebSite\",\"@id\":\"https:\\\/\\\/www.altominho.tv\\\/site\\\/#website\",\"url\":\"https:\\\/\\\/www.altominho.tv\\\/site\\\/\",\"name\":\"Altominho.tv\",\"description\":\"A sua regi\u00e3o \u00e0 dist\u00e2ncia de um clique...\",\"potentialAction\":[{\"@type\":\"SearchAction\",\"target\":{\"@type\":\"EntryPoint\",\"urlTemplate\":\"https:\\\/\\\/www.altominho.tv\\\/site\\\/?s={search_term_string}\"},\"query-input\":{\"@type\":\"PropertyValueSpecification\",\"valueRequired\":true,\"valueName\":\"search_term_string\"}}],\"inLanguage\":\"pt-PT\"},{\"@type\":\"Person\",\"@id\":\"https:\\\/\\\/www.altominho.tv\\\/site\\\/#\\\/schema\\\/person\\\/a0e4ef6d041f98ca284393d8f1d97153\",\"name\":\"Andreia Cunha\",\"image\":{\"@type\":\"ImageObject\",\"inLanguage\":\"pt-PT\",\"@id\":\"https:\\\/\\\/www.altominho.tv\\\/site\\\/wp-content\\\/uploads\\\/2017\\\/11\\\/Andreia_Cunha-1-150x150.jpg\",\"url\":\"https:\\\/\\\/www.altominho.tv\\\/site\\\/wp-content\\\/uploads\\\/2017\\\/11\\\/Andreia_Cunha-1-150x150.jpg\",\"contentUrl\":\"https:\\\/\\\/www.altominho.tv\\\/site\\\/wp-content\\\/uploads\\\/2017\\\/11\\\/Andreia_Cunha-1-150x150.jpg\",\"caption\":\"Andreia Cunha\"},\"url\":\"https:\\\/\\\/www.altominho.tv\\\/site\\\/author\\\/andreiacunha\\\/\"}]}<\/script>\n<!-- \/ Yoast SEO Premium plugin. -->","yoast_head_json":{"title":"Cerim\u00f3nia Militar do Dia da Marinha tem lugar este s\u00e1bado","description":"A Cerim\u00f3nia Militar do Dia da Marinha tem lugar este s\u00e1bado, em Viana do Castelo, no Parque de Estacionamento do Navio Gil Eannes.","robots":{"index":"index","follow":"follow","max-snippet":"max-snippet:-1","max-image-preview":"max-image-preview:large","max-video-preview":"max-video-preview:-1"},"canonical":"https:\/\/www.altominho.tv\/site\/2025\/05\/15\/viana-do-castelo-marinha-2\/","og_locale":"pt_PT","og_type":"article","og_title":"Cerim\u00f3nia Militar do Dia da Marinha tem lugar este s\u00e1bado","og_description":"A Cerim\u00f3nia Militar do Dia da Marinha tem lugar este s\u00e1bado, em Viana do Castelo, no Parque de Estacionamento do Navio Gil Eannes.","og_url":"https:\/\/www.altominho.tv\/site\/2025\/05\/15\/viana-do-castelo-marinha-2\/","og_site_name":"Altominho.tv","article_publisher":"https:\/\/www.facebook.com\/altominhotv","article_published_time":"2025-05-15T10:49:55+00:00","article_modified_time":"2025-05-15T10:49:58+00:00","og_image":[{"width":1200,"height":630,"url":"https:\/\/www.altominho.tv\/site\/wp-content\/uploads\/2025\/05\/marinha.png","type":"image\/png"}],"author":"Andreia Cunha","twitter_card":"summary_large_image","twitter_creator":"@altominhoTV","twitter_site":"@altominhoTV","twitter_misc":{"Escrito por":"Andreia Cunha","Tempo estimado de leitura":"1 minuto"},"schema":{"@context":"https:\/\/schema.org","@graph":[{"@type":"Article","@id":"https:\/\/www.altominho.tv\/site\/2025\/05\/15\/viana-do-castelo-marinha-2\/#article","isPartOf":{"@id":"https:\/\/www.altominho.tv\/site\/2025\/05\/15\/viana-do-castelo-marinha-2\/"},"author":{"name":"Andreia Cunha","@id":"https:\/\/www.altominho.tv\/site\/#\/schema\/person\/a0e4ef6d041f98ca284393d8f1d97153"},"headline":"Cerim\u00f3nia Militar do Dia da Marinha tem lugar este s\u00e1bado","datePublished":"2025-05-15T10:49:55+00:00","dateModified":"2025-05-15T10:49:58+00:00","mainEntityOfPage":{"@id":"https:\/\/www.altominho.tv\/site\/2025\/05\/15\/viana-do-castelo-marinha-2\/"},"wordCount":157,"image":{"@id":"https:\/\/www.altominho.tv\/site\/2025\/05\/15\/viana-do-castelo-marinha-2\/#primaryimage"},"thumbnailUrl":"https:\/\/www.altominho.tv\/site\/wp-content\/uploads\/2025\/05\/marinha.png","keywords":["Sociedade"],"articleSection":["Viana do Castelo"],"inLanguage":"pt-PT","copyrightYear":"2025","copyrightHolder":{"@id":"https:\/\/www.altominho.tv\/site\/#organization"}},{"@type":"WebPage","@id":"https:\/\/www.altominho.tv\/site\/2025\/05\/15\/viana-do-castelo-marinha-2\/","url":"https:\/\/www.altominho.tv\/site\/2025\/05\/15\/viana-do-castelo-marinha-2\/","name":"Cerim\u00f3nia Militar do Dia da Marinha tem lugar este s\u00e1bado","isPartOf":{"@id":"https:\/\/www.altominho.tv\/site\/#website"},"primaryImageOfPage":{"@id":"https:\/\/www.altominho.tv\/site\/2025\/05\/15\/viana-do-castelo-marinha-2\/#primaryimage"},"image":{"@id":"https:\/\/www.altominho.tv\/site\/2025\/05\/15\/viana-do-castelo-marinha-2\/#primaryimage"},"thumbnailUrl":"https:\/\/www.altominho.tv\/site\/wp-content\/uploads\/2025\/05\/marinha.png","datePublished":"2025-05-15T10:49:55+00:00","dateModified":"2025-05-15T10:49:58+00:00","author":{"@id":"https:\/\/www.altominho.tv\/site\/#\/schema\/person\/a0e4ef6d041f98ca284393d8f1d97153"},"description":"A Cerim\u00f3nia Militar do Dia da Marinha tem lugar este s\u00e1bado, em Viana do Castelo, no Parque de Estacionamento do Navio Gil Eannes.","breadcrumb":{"@id":"https:\/\/www.altominho.tv\/site\/2025\/05\/15\/viana-do-castelo-marinha-2\/#breadcrumb"},"inLanguage":"pt-PT","potentialAction":[{"@type":"ReadAction","target":["https:\/\/www.altominho.tv\/site\/2025\/05\/15\/viana-do-castelo-marinha-2\/"]}]},{"@type":"ImageObject","inLanguage":"pt-PT","@id":"https:\/\/www.altominho.tv\/site\/2025\/05\/15\/viana-do-castelo-marinha-2\/#primaryimage","url":"https:\/\/www.altominho.tv\/site\/wp-content\/uploads\/2025\/05\/marinha.png","contentUrl":"https:\/\/www.altominho.tv\/site\/wp-content\/uploads\/2025\/05\/marinha.png","width":1200,"height":630},{"@type":"BreadcrumbList","@id":"https:\/\/www.altominho.tv\/site\/2025\/05\/15\/viana-do-castelo-marinha-2\/#breadcrumb","itemListElement":[{"@type":"ListItem","position":1,"name":"In\u00edcio","item":"https:\/\/www.altominho.tv\/site\/"},{"@type":"ListItem","position":2,"name":"Cerim\u00f3nia Militar do Dia da Marinha tem lugar este s\u00e1bado"}]},{"@type":"WebSite","@id":"https:\/\/www.altominho.tv\/site\/#website","url":"https:\/\/www.altominho.tv\/site\/","name":"Altominho.tv","description":"A sua regi\u00e3o \u00e0 dist\u00e2ncia de um clique...","potentialAction":[{"@type":"SearchAction","target":{"@type":"EntryPoint","urlTemplate":"https:\/\/www.altominho.tv\/site\/?s={search_term_string}"},"query-input":{"@type":"PropertyValueSpecification","valueRequired":true,"valueName":"search_term_string"}}],"inLanguage":"pt-PT"},{"@type":"Person","@id":"https:\/\/www.altominho.tv\/site\/#\/schema\/person\/a0e4ef6d041f98ca284393d8f1d97153","name":"Andreia Cunha","image":{"@type":"ImageObject","inLanguage":"pt-PT","@id":"https:\/\/www.altominho.tv\/site\/wp-content\/uploads\/2017\/11\/Andreia_Cunha-1-150x150.jpg","url":"https:\/\/www.altominho.tv\/site\/wp-content\/uploads\/2017\/11\/Andreia_Cunha-1-150x150.jpg","contentUrl":"https:\/\/www.altominho.tv\/site\/wp-content\/uploads\/2017\/11\/Andreia_Cunha-1-150x150.jpg","caption":"Andreia Cunha"},"url":"https:\/\/www.altominho.tv\/site\/author\/andreiacunha\/"}]}},"_links":{"self":[{"href":"https:\/\/www.altominho.tv\/site\/wp-json\/wp\/v2\/posts\/118208","targetHints":{"allow":["GET"]}}],"collection":[{"href":"https:\/\/www.altominho.tv\/site\/wp-json\/wp\/v2\/posts"}],"about":[{"href":"https:\/\/www.altominho.tv\/site\/wp-json\/wp\/v2\/types\/post"}],"author":[{"embeddable":true,"href":"https:\/\/www.altominho.tv\/site\/wp-json\/wp\/v2\/users\/7"}],"replies":[{"embeddable":true,"href":"https:\/\/www.altominho.tv\/site\/wp-json\/wp\/v2\/comments?post=118208"}],"version-history":[{"count":1,"href":"https:\/\/www.altominho.tv\/site\/wp-json\/wp\/v2\/posts\/118208\/revisions"}],"predecessor-version":[{"id":118214,"href":"https:\/\/www.altominho.tv\/site\/wp-json\/wp\/v2\/posts\/118208\/revisions\/118214"}],"wp:featuredmedia":[{"embeddable":true,"href":"https:\/\/www.altominho.tv\/site\/wp-json\/wp\/v2\/media\/118213"}],"wp:attachment":[{"href":"https:\/\/www.altominho.tv\/site\/wp-json\/wp\/v2\/media?parent=118208"}],"wp:term":[{"taxonomy":"category","embeddable":true,"href":"https:\/\/www.altominho.tv\/site\/wp-json\/wp\/v2\/categories?post=118208"},{"taxonomy":"post_tag","embeddable":true,"href":"https:\/\/www.altominho.tv\/site\/wp-json\/wp\/v2\/tags?post=118208"}],"curies":[{"name":"wp","href":"https:\/\/api.w.org\/{rel}","templated":true}]}}