{"id":118203,"date":"2025-05-15T10:29:35","date_gmt":"2025-05-15T09:29:35","guid":{"rendered":"https:\/\/www.altominho.tv\/site\/?p=118203"},"modified":"2025-05-15T10:29:37","modified_gmt":"2025-05-15T09:29:37","slug":"associacao-cultural-recreativa-e-desportiva-de-miranda-recriou-a-lavrada-de-maio","status":"publish","type":"post","link":"https:\/\/www.altominho.tv\/site\/2025\/05\/15\/associacao-cultural-recreativa-e-desportiva-de-miranda-recriou-a-lavrada-de-maio\/","title":{"rendered":"Associa\u00e7\u00e3o Cultural Recreativa e Desportiva de Miranda recriou a Lavrada de Maio"},"content":{"rendered":"<p class=\"p1\">No passado dia 4 de maio a Associa\u00e7\u00e3o Cultural Recreativa e Desportiva de Miranda, em Arcos de Valdevez, recriou a Lavrada de Maio. Um dos principais objetivos desta associa\u00e7\u00e3o \u00e9 preservar usos e costumes de antigamente atrav\u00e9s do projeto \u201cReviver Tradi\u00e7\u00f5es\u201d, perpetuando a g\u00e9nese desta freguesia serrana.<\/p>\n<p class=\"p1\">Dezenas de pessoas de todas as idades assistiram e participaram neste evento. Os participantes vestiram-se a rigor, e a lavrada come\u00e7ou com quatro vacas de ra\u00e7a cachena prontas a puxar o arado e abrilhantar a tarde.<\/p>\n<p class=\"p1\">Mantendo a tradi\u00e7\u00e3o, no final foi servida a merenda, batatas amassadas com roj\u00f5es da barriga, acompanhada da broa de milho e de vinho. A tarde encheu-se ainda de muita anima\u00e7\u00e3o, com roda de cantigas e dan\u00e7as tradicionais.<\/p>\n<p class=\"p1\">\u201cA Associa\u00e7\u00e3o agradece a todos os participantes que fizeram deste dia, mais um dia inesquec\u00edvel na hist\u00f3ria que tem vindo a ser trilhada.\u00a0Um agradecimento especial \u00e0 fam\u00edlia do Senhor Ant\u00f3nio Vilela e fam\u00edlia donos dos animais que generosamente cederam para esta recria\u00e7\u00e3o\u201d, refere a autarquia em comunicado.<\/p>\n<p>Fotografia: N\u00e9lson Costa<\/p>\n","protected":false},"excerpt":{"rendered":"<p>No passado dia 4 de maio a Associa\u00e7\u00e3o Cultural Recreativa e Desportiva de Miranda, em Arcos de Valdevez, recriou a Lavrada de Maio. Um dos principais objetivos desta associa\u00e7\u00e3o \u00e9 preservar usos e costumes de antigamente atrav\u00e9s do projeto \u201cReviver Tradi\u00e7\u00f5es\u201d, perpetuando a g\u00e9nese desta freguesia serrana. Dezenas de pessoas de todas as idades assistiram [&hellip;]<\/p>\n","protected":false},"author":1,"featured_media":118204,"comment_status":"closed","ping_status":"closed","sticky":false,"template":"","format":"standard","meta":{"_exactmetrics_skip_tracking":false,"_exactmetrics_sitenote_active":false,"_exactmetrics_sitenote_note":"","_exactmetrics_sitenote_category":0,"footnotes":""},"categories":[2],"tags":[19,23],"class_list":["post-118203","post","type-post","status-publish","format-standard","has-post-thumbnail","hentry","category-arcos-de-valdevez","tag-cultura","tag-gente"],"yoast_head":"<!-- This site is optimized with the Yoast SEO Premium plugin v27.5 (Yoast SEO v27.5) - https:\/\/yoast.com\/product\/yoast-seo-premium-wordpress\/ -->\n<title>Associa\u00e7\u00e3o Cultural Recreativa e Desportiva de Miranda recriou a Lavrada de Maio<\/title>\n<meta name=\"description\" content=\"No passado dia 4 de maio a Associa\u00e7\u00e3o Cultural Recreativa e Desportiva de Miranda, em Arcos de Valdevez, recriou a Lavrada de Maio\" \/>\n<meta name=\"robots\" content=\"index, follow, max-snippet:-1, max-image-preview:large, max-video-preview:-1\" \/>\n<link rel=\"canonical\" href=\"https:\/\/www.altominho.tv\/site\/2025\/05\/15\/associacao-cultural-recreativa-e-desportiva-de-miranda-recriou-a-lavrada-de-maio\/\" \/>\n<meta property=\"og:locale\" content=\"pt_PT\" \/>\n<meta property=\"og:type\" content=\"article\" \/>\n<meta property=\"og:title\" content=\"Associa\u00e7\u00e3o Cultural Recreativa e Desportiva de Miranda recriou a Lavrada de Maio\" \/>\n<meta property=\"og:description\" content=\"No passado dia 4 de maio a Associa\u00e7\u00e3o Cultural Recreativa e Desportiva de Miranda, em Arcos de Valdevez, recriou a Lavrada de Maio\" \/>\n<meta property=\"og:url\" content=\"https:\/\/www.altominho.tv\/site\/2025\/05\/15\/associacao-cultural-recreativa-e-desportiva-de-miranda-recriou-a-lavrada-de-maio\/\" \/>\n<meta property=\"og:site_name\" content=\"Altominho.tv\" \/>\n<meta property=\"article:publisher\" content=\"https:\/\/www.facebook.com\/altominhotv\" \/>\n<meta property=\"article:published_time\" content=\"2025-05-15T09:29:35+00:00\" \/>\n<meta property=\"article:modified_time\" content=\"2025-05-15T09:29:37+00:00\" \/>\n<meta property=\"og:image\" content=\"https:\/\/www.altominho.tv\/site\/wp-content\/uploads\/2025\/05\/lavrada-de-maio.jpg\" \/>\n\t<meta property=\"og:image:width\" content=\"1200\" \/>\n\t<meta property=\"og:image:height\" content=\"630\" \/>\n\t<meta property=\"og:image:type\" content=\"image\/jpeg\" \/>\n<meta name=\"author\" content=\"Altominho.tv\" \/>\n<meta name=\"twitter:card\" content=\"summary_large_image\" \/>\n<meta name=\"twitter:creator\" content=\"@altominhoTV\" \/>\n<meta name=\"twitter:site\" content=\"@altominhoTV\" \/>\n<meta name=\"twitter:label1\" content=\"Escrito por\" \/>\n\t<meta name=\"twitter:data1\" content=\"Altominho.tv\" \/>\n\t<meta name=\"twitter:label2\" content=\"Tempo estimado de leitura\" \/>\n\t<meta name=\"twitter:data2\" content=\"2 minutos\" \/>\n<script type=\"application\/ld+json\" class=\"yoast-schema-graph\">{\"@context\":\"https:\\\/\\\/schema.org\",\"@graph\":[{\"@type\":\"Article\",\"@id\":\"https:\\\/\\\/www.altominho.tv\\\/site\\\/2025\\\/05\\\/15\\\/associacao-cultural-recreativa-e-desportiva-de-miranda-recriou-a-lavrada-de-maio\\\/#article\",\"isPartOf\":{\"@id\":\"https:\\\/\\\/www.altominho.tv\\\/site\\\/2025\\\/05\\\/15\\\/associacao-cultural-recreativa-e-desportiva-de-miranda-recriou-a-lavrada-de-maio\\\/\"},\"author\":{\"name\":\"Altominho.tv\",\"@id\":\"https:\\\/\\\/www.altominho.tv\\\/site\\\/#\\\/schema\\\/person\\\/4e536851627d7914baf3dac752b6af22\"},\"headline\":\"Associa\u00e7\u00e3o Cultural Recreativa e Desportiva de Miranda recriou a Lavrada de Maio\",\"datePublished\":\"2025-05-15T09:29:35+00:00\",\"dateModified\":\"2025-05-15T09:29:37+00:00\",\"mainEntityOfPage\":{\"@id\":\"https:\\\/\\\/www.altominho.tv\\\/site\\\/2025\\\/05\\\/15\\\/associacao-cultural-recreativa-e-desportiva-de-miranda-recriou-a-lavrada-de-maio\\\/\"},\"wordCount\":200,\"image\":{\"@id\":\"https:\\\/\\\/www.altominho.tv\\\/site\\\/2025\\\/05\\\/15\\\/associacao-cultural-recreativa-e-desportiva-de-miranda-recriou-a-lavrada-de-maio\\\/#primaryimage\"},\"thumbnailUrl\":\"https:\\\/\\\/www.altominho.tv\\\/site\\\/wp-content\\\/uploads\\\/2025\\\/05\\\/lavrada-de-maio.jpg\",\"keywords\":[\"Cultura\",\"Gente\"],\"articleSection\":[\"Arcos de Valdevez\"],\"inLanguage\":\"pt-PT\",\"copyrightYear\":\"2025\",\"copyrightHolder\":{\"@id\":\"https:\\\/\\\/www.altominho.tv\\\/site\\\/#organization\"}},{\"@type\":\"WebPage\",\"@id\":\"https:\\\/\\\/www.altominho.tv\\\/site\\\/2025\\\/05\\\/15\\\/associacao-cultural-recreativa-e-desportiva-de-miranda-recriou-a-lavrada-de-maio\\\/\",\"url\":\"https:\\\/\\\/www.altominho.tv\\\/site\\\/2025\\\/05\\\/15\\\/associacao-cultural-recreativa-e-desportiva-de-miranda-recriou-a-lavrada-de-maio\\\/\",\"name\":\"Associa\u00e7\u00e3o Cultural Recreativa e Desportiva de Miranda recriou a Lavrada de Maio\",\"isPartOf\":{\"@id\":\"https:\\\/\\\/www.altominho.tv\\\/site\\\/#website\"},\"primaryImageOfPage\":{\"@id\":\"https:\\\/\\\/www.altominho.tv\\\/site\\\/2025\\\/05\\\/15\\\/associacao-cultural-recreativa-e-desportiva-de-miranda-recriou-a-lavrada-de-maio\\\/#primaryimage\"},\"image\":{\"@id\":\"https:\\\/\\\/www.altominho.tv\\\/site\\\/2025\\\/05\\\/15\\\/associacao-cultural-recreativa-e-desportiva-de-miranda-recriou-a-lavrada-de-maio\\\/#primaryimage\"},\"thumbnailUrl\":\"https:\\\/\\\/www.altominho.tv\\\/site\\\/wp-content\\\/uploads\\\/2025\\\/05\\\/lavrada-de-maio.jpg\",\"datePublished\":\"2025-05-15T09:29:35+00:00\",\"dateModified\":\"2025-05-15T09:29:37+00:00\",\"author\":{\"@id\":\"https:\\\/\\\/www.altominho.tv\\\/site\\\/#\\\/schema\\\/person\\\/4e536851627d7914baf3dac752b6af22\"},\"description\":\"No passado dia 4 de maio a Associa\u00e7\u00e3o Cultural Recreativa e Desportiva de Miranda, em Arcos de Valdevez, recriou a Lavrada de Maio\",\"breadcrumb\":{\"@id\":\"https:\\\/\\\/www.altominho.tv\\\/site\\\/2025\\\/05\\\/15\\\/associacao-cultural-recreativa-e-desportiva-de-miranda-recriou-a-lavrada-de-maio\\\/#breadcrumb\"},\"inLanguage\":\"pt-PT\",\"potentialAction\":[{\"@type\":\"ReadAction\",\"target\":[\"https:\\\/\\\/www.altominho.tv\\\/site\\\/2025\\\/05\\\/15\\\/associacao-cultural-recreativa-e-desportiva-de-miranda-recriou-a-lavrada-de-maio\\\/\"]}]},{\"@type\":\"ImageObject\",\"inLanguage\":\"pt-PT\",\"@id\":\"https:\\\/\\\/www.altominho.tv\\\/site\\\/2025\\\/05\\\/15\\\/associacao-cultural-recreativa-e-desportiva-de-miranda-recriou-a-lavrada-de-maio\\\/#primaryimage\",\"url\":\"https:\\\/\\\/www.altominho.tv\\\/site\\\/wp-content\\\/uploads\\\/2025\\\/05\\\/lavrada-de-maio.jpg\",\"contentUrl\":\"https:\\\/\\\/www.altominho.tv\\\/site\\\/wp-content\\\/uploads\\\/2025\\\/05\\\/lavrada-de-maio.jpg\",\"width\":1200,\"height\":630},{\"@type\":\"BreadcrumbList\",\"@id\":\"https:\\\/\\\/www.altominho.tv\\\/site\\\/2025\\\/05\\\/15\\\/associacao-cultural-recreativa-e-desportiva-de-miranda-recriou-a-lavrada-de-maio\\\/#breadcrumb\",\"itemListElement\":[{\"@type\":\"ListItem\",\"position\":1,\"name\":\"In\u00edcio\",\"item\":\"https:\\\/\\\/www.altominho.tv\\\/site\\\/\"},{\"@type\":\"ListItem\",\"position\":2,\"name\":\"Associa\u00e7\u00e3o Cultural Recreativa e Desportiva de Miranda recriou a Lavrada de Maio\"}]},{\"@type\":\"WebSite\",\"@id\":\"https:\\\/\\\/www.altominho.tv\\\/site\\\/#website\",\"url\":\"https:\\\/\\\/www.altominho.tv\\\/site\\\/\",\"name\":\"Altominho.tv\",\"description\":\"A sua regi\u00e3o \u00e0 dist\u00e2ncia de um clique...\",\"potentialAction\":[{\"@type\":\"SearchAction\",\"target\":{\"@type\":\"EntryPoint\",\"urlTemplate\":\"https:\\\/\\\/www.altominho.tv\\\/site\\\/?s={search_term_string}\"},\"query-input\":{\"@type\":\"PropertyValueSpecification\",\"valueRequired\":true,\"valueName\":\"search_term_string\"}}],\"inLanguage\":\"pt-PT\"},{\"@type\":\"Person\",\"@id\":\"https:\\\/\\\/www.altominho.tv\\\/site\\\/#\\\/schema\\\/person\\\/4e536851627d7914baf3dac752b6af22\",\"name\":\"Altominho.tv\",\"image\":{\"@type\":\"ImageObject\",\"inLanguage\":\"pt-PT\",\"@id\":\"https:\\\/\\\/www.altominho.tv\\\/site\\\/wp-content\\\/uploads\\\/2019\\\/11\\\/Logo_Avatar_2-150x150.jpg\",\"url\":\"https:\\\/\\\/www.altominho.tv\\\/site\\\/wp-content\\\/uploads\\\/2019\\\/11\\\/Logo_Avatar_2-150x150.jpg\",\"contentUrl\":\"https:\\\/\\\/www.altominho.tv\\\/site\\\/wp-content\\\/uploads\\\/2019\\\/11\\\/Logo_Avatar_2-150x150.jpg\",\"caption\":\"Altominho.tv\"},\"url\":\"https:\\\/\\\/www.altominho.tv\\\/site\\\/author\\\/altominhotv-tecnico\\\/\"}]}<\/script>\n<!-- \/ Yoast SEO Premium plugin. -->","yoast_head_json":{"title":"Associa\u00e7\u00e3o Cultural Recreativa e Desportiva de Miranda recriou a Lavrada de Maio","description":"No passado dia 4 de maio a Associa\u00e7\u00e3o Cultural Recreativa e Desportiva de Miranda, em Arcos de Valdevez, recriou a Lavrada de Maio","robots":{"index":"index","follow":"follow","max-snippet":"max-snippet:-1","max-image-preview":"max-image-preview:large","max-video-preview":"max-video-preview:-1"},"canonical":"https:\/\/www.altominho.tv\/site\/2025\/05\/15\/associacao-cultural-recreativa-e-desportiva-de-miranda-recriou-a-lavrada-de-maio\/","og_locale":"pt_PT","og_type":"article","og_title":"Associa\u00e7\u00e3o Cultural Recreativa e Desportiva de Miranda recriou a Lavrada de Maio","og_description":"No passado dia 4 de maio a Associa\u00e7\u00e3o Cultural Recreativa e Desportiva de Miranda, em Arcos de Valdevez, recriou a Lavrada de Maio","og_url":"https:\/\/www.altominho.tv\/site\/2025\/05\/15\/associacao-cultural-recreativa-e-desportiva-de-miranda-recriou-a-lavrada-de-maio\/","og_site_name":"Altominho.tv","article_publisher":"https:\/\/www.facebook.com\/altominhotv","article_published_time":"2025-05-15T09:29:35+00:00","article_modified_time":"2025-05-15T09:29:37+00:00","og_image":[{"width":1200,"height":630,"url":"https:\/\/www.altominho.tv\/site\/wp-content\/uploads\/2025\/05\/lavrada-de-maio.jpg","type":"image\/jpeg"}],"author":"Altominho.tv","twitter_card":"summary_large_image","twitter_creator":"@altominhoTV","twitter_site":"@altominhoTV","twitter_misc":{"Escrito por":"Altominho.tv","Tempo estimado de leitura":"2 minutos"},"schema":{"@context":"https:\/\/schema.org","@graph":[{"@type":"Article","@id":"https:\/\/www.altominho.tv\/site\/2025\/05\/15\/associacao-cultural-recreativa-e-desportiva-de-miranda-recriou-a-lavrada-de-maio\/#article","isPartOf":{"@id":"https:\/\/www.altominho.tv\/site\/2025\/05\/15\/associacao-cultural-recreativa-e-desportiva-de-miranda-recriou-a-lavrada-de-maio\/"},"author":{"name":"Altominho.tv","@id":"https:\/\/www.altominho.tv\/site\/#\/schema\/person\/4e536851627d7914baf3dac752b6af22"},"headline":"Associa\u00e7\u00e3o Cultural Recreativa e Desportiva de Miranda recriou a Lavrada de Maio","datePublished":"2025-05-15T09:29:35+00:00","dateModified":"2025-05-15T09:29:37+00:00","mainEntityOfPage":{"@id":"https:\/\/www.altominho.tv\/site\/2025\/05\/15\/associacao-cultural-recreativa-e-desportiva-de-miranda-recriou-a-lavrada-de-maio\/"},"wordCount":200,"image":{"@id":"https:\/\/www.altominho.tv\/site\/2025\/05\/15\/associacao-cultural-recreativa-e-desportiva-de-miranda-recriou-a-lavrada-de-maio\/#primaryimage"},"thumbnailUrl":"https:\/\/www.altominho.tv\/site\/wp-content\/uploads\/2025\/05\/lavrada-de-maio.jpg","keywords":["Cultura","Gente"],"articleSection":["Arcos de Valdevez"],"inLanguage":"pt-PT","copyrightYear":"2025","copyrightHolder":{"@id":"https:\/\/www.altominho.tv\/site\/#organization"}},{"@type":"WebPage","@id":"https:\/\/www.altominho.tv\/site\/2025\/05\/15\/associacao-cultural-recreativa-e-desportiva-de-miranda-recriou-a-lavrada-de-maio\/","url":"https:\/\/www.altominho.tv\/site\/2025\/05\/15\/associacao-cultural-recreativa-e-desportiva-de-miranda-recriou-a-lavrada-de-maio\/","name":"Associa\u00e7\u00e3o Cultural Recreativa e Desportiva de Miranda recriou a Lavrada de Maio","isPartOf":{"@id":"https:\/\/www.altominho.tv\/site\/#website"},"primaryImageOfPage":{"@id":"https:\/\/www.altominho.tv\/site\/2025\/05\/15\/associacao-cultural-recreativa-e-desportiva-de-miranda-recriou-a-lavrada-de-maio\/#primaryimage"},"image":{"@id":"https:\/\/www.altominho.tv\/site\/2025\/05\/15\/associacao-cultural-recreativa-e-desportiva-de-miranda-recriou-a-lavrada-de-maio\/#primaryimage"},"thumbnailUrl":"https:\/\/www.altominho.tv\/site\/wp-content\/uploads\/2025\/05\/lavrada-de-maio.jpg","datePublished":"2025-05-15T09:29:35+00:00","dateModified":"2025-05-15T09:29:37+00:00","author":{"@id":"https:\/\/www.altominho.tv\/site\/#\/schema\/person\/4e536851627d7914baf3dac752b6af22"},"description":"No passado dia 4 de maio a Associa\u00e7\u00e3o Cultural Recreativa e Desportiva de Miranda, em Arcos de Valdevez, recriou a Lavrada de Maio","breadcrumb":{"@id":"https:\/\/www.altominho.tv\/site\/2025\/05\/15\/associacao-cultural-recreativa-e-desportiva-de-miranda-recriou-a-lavrada-de-maio\/#breadcrumb"},"inLanguage":"pt-PT","potentialAction":[{"@type":"ReadAction","target":["https:\/\/www.altominho.tv\/site\/2025\/05\/15\/associacao-cultural-recreativa-e-desportiva-de-miranda-recriou-a-lavrada-de-maio\/"]}]},{"@type":"ImageObject","inLanguage":"pt-PT","@id":"https:\/\/www.altominho.tv\/site\/2025\/05\/15\/associacao-cultural-recreativa-e-desportiva-de-miranda-recriou-a-lavrada-de-maio\/#primaryimage","url":"https:\/\/www.altominho.tv\/site\/wp-content\/uploads\/2025\/05\/lavrada-de-maio.jpg","contentUrl":"https:\/\/www.altominho.tv\/site\/wp-content\/uploads\/2025\/05\/lavrada-de-maio.jpg","width":1200,"height":630},{"@type":"BreadcrumbList","@id":"https:\/\/www.altominho.tv\/site\/2025\/05\/15\/associacao-cultural-recreativa-e-desportiva-de-miranda-recriou-a-lavrada-de-maio\/#breadcrumb","itemListElement":[{"@type":"ListItem","position":1,"name":"In\u00edcio","item":"https:\/\/www.altominho.tv\/site\/"},{"@type":"ListItem","position":2,"name":"Associa\u00e7\u00e3o Cultural Recreativa e Desportiva de Miranda recriou a Lavrada de Maio"}]},{"@type":"WebSite","@id":"https:\/\/www.altominho.tv\/site\/#website","url":"https:\/\/www.altominho.tv\/site\/","name":"Altominho.tv","description":"A sua regi\u00e3o \u00e0 dist\u00e2ncia de um clique...","potentialAction":[{"@type":"SearchAction","target":{"@type":"EntryPoint","urlTemplate":"https:\/\/www.altominho.tv\/site\/?s={search_term_string}"},"query-input":{"@type":"PropertyValueSpecification","valueRequired":true,"valueName":"search_term_string"}}],"inLanguage":"pt-PT"},{"@type":"Person","@id":"https:\/\/www.altominho.tv\/site\/#\/schema\/person\/4e536851627d7914baf3dac752b6af22","name":"Altominho.tv","image":{"@type":"ImageObject","inLanguage":"pt-PT","@id":"https:\/\/www.altominho.tv\/site\/wp-content\/uploads\/2019\/11\/Logo_Avatar_2-150x150.jpg","url":"https:\/\/www.altominho.tv\/site\/wp-content\/uploads\/2019\/11\/Logo_Avatar_2-150x150.jpg","contentUrl":"https:\/\/www.altominho.tv\/site\/wp-content\/uploads\/2019\/11\/Logo_Avatar_2-150x150.jpg","caption":"Altominho.tv"},"url":"https:\/\/www.altominho.tv\/site\/author\/altominhotv-tecnico\/"}]}},"_links":{"self":[{"href":"https:\/\/www.altominho.tv\/site\/wp-json\/wp\/v2\/posts\/118203","targetHints":{"allow":["GET"]}}],"collection":[{"href":"https:\/\/www.altominho.tv\/site\/wp-json\/wp\/v2\/posts"}],"about":[{"href":"https:\/\/www.altominho.tv\/site\/wp-json\/wp\/v2\/types\/post"}],"author":[{"embeddable":true,"href":"https:\/\/www.altominho.tv\/site\/wp-json\/wp\/v2\/users\/1"}],"replies":[{"embeddable":true,"href":"https:\/\/www.altominho.tv\/site\/wp-json\/wp\/v2\/comments?post=118203"}],"version-history":[{"count":1,"href":"https:\/\/www.altominho.tv\/site\/wp-json\/wp\/v2\/posts\/118203\/revisions"}],"predecessor-version":[{"id":118205,"href":"https:\/\/www.altominho.tv\/site\/wp-json\/wp\/v2\/posts\/118203\/revisions\/118205"}],"wp:featuredmedia":[{"embeddable":true,"href":"https:\/\/www.altominho.tv\/site\/wp-json\/wp\/v2\/media\/118204"}],"wp:attachment":[{"href":"https:\/\/www.altominho.tv\/site\/wp-json\/wp\/v2\/media?parent=118203"}],"wp:term":[{"taxonomy":"category","embeddable":true,"href":"https:\/\/www.altominho.tv\/site\/wp-json\/wp\/v2\/categories?post=118203"},{"taxonomy":"post_tag","embeddable":true,"href":"https:\/\/www.altominho.tv\/site\/wp-json\/wp\/v2\/tags?post=118203"}],"curies":[{"name":"wp","href":"https:\/\/api.w.org\/{rel}","templated":true}]}}