{"id":118197,"date":"2025-05-15T10:13:45","date_gmt":"2025-05-15T09:13:45","guid":{"rendered":"https:\/\/www.altominho.tv\/site\/?p=118197"},"modified":"2025-05-16T12:09:02","modified_gmt":"2025-05-16T11:09:02","slug":"vila-nova-de-cerveira-educacao","status":"publish","type":"post","link":"https:\/\/www.altominho.tv\/site\/2025\/05\/15\/vila-nova-de-cerveira-educacao\/","title":{"rendered":"XI EDUCARTE 2025 homenageia o Mestre Jos\u00e9 Rodrigues"},"content":{"rendered":"\n<p>Sob o mote \u201cTerrit\u00f3rios sem Fronteira \u2013 Trabalhar na Margem\u201d, a XI EDUCARTE &#8211; Educa\u00e7\u00e3o Atrav\u00e9s da Arte desafia, mais uma vez, a comunidade escolar do concelho de Vila Nova de Cerveira a mergulhar no universo da cria\u00e7\u00e3o art\u00edstica, homenageando o Mestre Jos\u00e9 Rodrigues com a replica\u00e7\u00e3o de pe\u00e7as escult\u00f3ricas coletivas.<\/p>\n\n\n\n<p>De 16 de maio a 1 de junho, os jardins Chagny e Mestre Jos\u00e9 Rodrigues acolhem 24 esculturas de grandes dimens\u00f5es, fruto do trabalho colaborativo entre alunos e professores do pr\u00e9-escolar ao ensino secund\u00e1rio e Unis\u00e9nior.<\/p>\n\n\n\n<p>A inaugura\u00e7\u00e3o oficial decorre esta sexta-feira, 16 de maio, \u00e0s 10h00, no Audit\u00f3rio Municipal.<\/p>\n\n\n\n<p>Para esta edi\u00e7\u00e3o, &#8220;o Munic\u00edpio de Vila Nova de Cerveira e a Funda\u00e7\u00e3o Bienal de Arte de Cerveira propuseram uma maior envolv\u00eancia da comunidade escolar em torno de uma reflex\u00e3o sobre os conceitos de fronteira, explorando as suas dimens\u00f5es geogr\u00e1fica, social, mental e pol\u00edtica&#8221;, deu hoje nota a autarquia.<\/p>\n\n\n\n<p>Atrav\u00e9s desta proposta, &#8220;os alunos dos v\u00e1rios n\u00edveis de ensino exploraram a rela\u00e7\u00e3o entre estas formas geom\u00e9tricas simples, os elementos naturais e outras texturas do mundo natural, abordando os conceitos t\u00e3o presentes nas obras do Mestre Jos\u00e9 Rodrigues&#8221;.<\/p>\n\n\n\n<p>Com o apoio de \u00c1gata Rodrigues, filha do escultor e respons\u00e1vel pela Funda\u00e7\u00e3o Jos\u00e9 Rodrigues e pelo Convento de SanPayo, alunos e professores tiveram contacto direto com o percurso e legado do Mestre, atrav\u00e9s de encontros e visitas a algumas das suas obras p\u00fablicas.<\/p>\n\n\n\n<p>A escolha das esculturas a replicar recaiu sobre duas pe\u00e7as emblem\u00e1ticas de Vila Nova de Cerveira: \u2018O Esfor\u00e7o\u2019 (1982), instalada no Jardim Mestre Jos\u00e9 Rodrigues, e \u2018Navega\u00e7\u00f5es\u2019 (1996), localizada no Parque de Lazer do Castelinho.<\/p>\n\n\n\n<p>Seguindo o exemplo do escultor, habituado a reciclar materiais e a procurar nas sucatas e estaleiros mat\u00e9ria-prima para as suas cria\u00e7\u00f5es, as 24 estruturas foram executadas nos Estaleiros da C\u00e2mara Municipal de Vila Nova de Cerveira, com recurso a materiais j\u00e1 existentes.<\/p>\n\n\n\n<p>As pe\u00e7as de madeira foram pintadas com tinta dourada, bronze e preto, de forma a mimetizar os materiais utilizados pelo escultor Jos\u00e9 Rodrigues, sendo preenchidas com pe\u00e7as geom\u00e9tricas (quadrados, c\u00edrculos, tri\u00e2ngulos, cubos, pir\u00e2mides, etc.) combinadas com elementos naturais como ramos, pedras, folhas, ou elementos conectores, como cordas e\/ou fios.<\/p>\n\n\n\n<p>No final da edi\u00e7\u00e3o 2025 da EDUCARTE &#8220;prev\u00ea-se a circula\u00e7\u00e3o dos trabalhos produzidos pelos alunos, culminando com a instala\u00e7\u00e3o nos espa\u00e7os exteriores do Convento de San Payo&#8221;.<\/p>\n\n\n\n<p>Intercalada com a Bienal Internacional de Arte de Cerveira, a realiza\u00e7\u00e3o da EDUCARTE \u2013 Educa\u00e7\u00e3o atrav\u00e9s da Arte \u00e9 uma iniciativa da C\u00e2mara Municipal de Vila Nova de Cerveira, tendo como parceiros a Funda\u00e7\u00e3o Bienal de Arte de Cerveira, o Agrupamento de Escolas de Vila Nova de Cerveira, a Associa\u00e7\u00e3o Convento San Payo, a ETAP &#8211; Escola Profissional, Santa Casa da Miseric\u00f3rdia de Vila Nova de Cerveira, a Creche &#8211; Centro Social e Paroquial de Campos.<\/p>\n\n\n\n<p>Tem como objetivo &#8220;aproximar alunos e professores das pr\u00e1ticas art\u00edsticas, promovendo a literacia com e para as artes, estimulando a sua capacidade de observa\u00e7\u00e3o, reflex\u00e3o e sentido cr\u00edtico, enquanto desenvolvem compet\u00eancias criativas, pl\u00e1sticas e t\u00e9cnicas na execu\u00e7\u00e3o dos trabalhos&#8221;.<\/p>\n\n\n\n<p>Cada edi\u00e7\u00e3o da EDUCARTE presta homenagem a um artista de renome.<\/p>\n\n\n\n<p>Em 2023 foi Zadok Ben-David, em 2025 \u00e9 Mestre Jos\u00e9 Rodrigues, e em 2027 ser\u00e1 a vez do escultor Robert Schad.<\/p>\n","protected":false},"excerpt":{"rendered":"<p>Sob o mote \u201cTerrit\u00f3rios sem Fronteira \u2013 Trabalhar na Margem\u201d, a XI EDUCARTE &#8211; Educa\u00e7\u00e3o Atrav\u00e9s da Arte desafia, mais uma vez, a comunidade escolar do concelho de Vila Nova de Cerveira a mergulhar no universo da cria\u00e7\u00e3o art\u00edstica, homenageando o Mestre Jos\u00e9 Rodrigues com a replica\u00e7\u00e3o de pe\u00e7as escult\u00f3ricas coletivas. De 16 de maio [&hellip;]<\/p>\n","protected":false},"author":7,"featured_media":118253,"comment_status":"closed","ping_status":"closed","sticky":false,"template":"","format":"standard","meta":{"_exactmetrics_skip_tracking":false,"_exactmetrics_sitenote_active":false,"_exactmetrics_sitenote_note":"","_exactmetrics_sitenote_category":0,"footnotes":""},"categories":[15],"tags":[22],"class_list":["post-118197","post","type-post","status-publish","format-standard","has-post-thumbnail","hentry","category-vila-nova-de-cerveira","tag-educacao"],"yoast_head":"<!-- This site is optimized with the Yoast SEO Premium plugin v27.5 (Yoast SEO v27.5) - https:\/\/yoast.com\/product\/yoast-seo-premium-wordpress\/ -->\n<title>XI EDUCARTE 2025 homenageia o Mestre Jos\u00e9 Rodrigues<\/title>\n<meta name=\"description\" content=\"A XI edi\u00e7\u00e3o da EDUCARTE vai homenagear o Mestre Jos\u00e9 Rodrigues.\" \/>\n<meta name=\"robots\" content=\"index, follow, max-snippet:-1, max-image-preview:large, max-video-preview:-1\" \/>\n<link rel=\"canonical\" href=\"https:\/\/www.altominho.tv\/site\/2025\/05\/15\/vila-nova-de-cerveira-educacao\/\" \/>\n<meta property=\"og:locale\" content=\"pt_PT\" \/>\n<meta property=\"og:type\" content=\"article\" \/>\n<meta property=\"og:title\" content=\"XI EDUCARTE 2025 homenageia o Mestre Jos\u00e9 Rodrigues\" \/>\n<meta property=\"og:description\" content=\"A XI edi\u00e7\u00e3o da EDUCARTE vai homenagear o Mestre Jos\u00e9 Rodrigues.\" \/>\n<meta property=\"og:url\" content=\"https:\/\/www.altominho.tv\/site\/2025\/05\/15\/vila-nova-de-cerveira-educacao\/\" \/>\n<meta property=\"og:site_name\" content=\"Altominho.tv\" \/>\n<meta property=\"article:publisher\" content=\"https:\/\/www.facebook.com\/altominhotv\" \/>\n<meta property=\"article:published_time\" content=\"2025-05-15T09:13:45+00:00\" \/>\n<meta property=\"article:modified_time\" content=\"2025-05-16T11:09:02+00:00\" \/>\n<meta property=\"og:image\" content=\"https:\/\/www.altominho.tv\/site\/wp-content\/uploads\/2025\/05\/BASE-FB-logo-Branco-x2-1200-x-630-px-6-1.png\" \/>\n\t<meta property=\"og:image:width\" content=\"1200\" \/>\n\t<meta property=\"og:image:height\" content=\"630\" \/>\n\t<meta property=\"og:image:type\" content=\"image\/png\" \/>\n<meta name=\"author\" content=\"Andreia Cunha\" \/>\n<meta name=\"twitter:card\" content=\"summary_large_image\" \/>\n<meta name=\"twitter:creator\" content=\"@altominhoTV\" \/>\n<meta name=\"twitter:site\" content=\"@altominhoTV\" \/>\n<meta name=\"twitter:label1\" content=\"Escrito por\" \/>\n\t<meta name=\"twitter:data1\" content=\"Andreia Cunha\" \/>\n\t<meta name=\"twitter:label2\" content=\"Tempo estimado de leitura\" \/>\n\t<meta name=\"twitter:data2\" content=\"4 minutos\" \/>\n<script type=\"application\/ld+json\" class=\"yoast-schema-graph\">{\"@context\":\"https:\\\/\\\/schema.org\",\"@graph\":[{\"@type\":\"Article\",\"@id\":\"https:\\\/\\\/www.altominho.tv\\\/site\\\/2025\\\/05\\\/15\\\/vila-nova-de-cerveira-educacao\\\/#article\",\"isPartOf\":{\"@id\":\"https:\\\/\\\/www.altominho.tv\\\/site\\\/2025\\\/05\\\/15\\\/vila-nova-de-cerveira-educacao\\\/\"},\"author\":{\"name\":\"Andreia Cunha\",\"@id\":\"https:\\\/\\\/www.altominho.tv\\\/site\\\/#\\\/schema\\\/person\\\/a0e4ef6d041f98ca284393d8f1d97153\"},\"headline\":\"XI EDUCARTE 2025 homenageia o Mestre Jos\u00e9 Rodrigues\",\"datePublished\":\"2025-05-15T09:13:45+00:00\",\"dateModified\":\"2025-05-16T11:09:02+00:00\",\"mainEntityOfPage\":{\"@id\":\"https:\\\/\\\/www.altominho.tv\\\/site\\\/2025\\\/05\\\/15\\\/vila-nova-de-cerveira-educacao\\\/\"},\"wordCount\":592,\"image\":{\"@id\":\"https:\\\/\\\/www.altominho.tv\\\/site\\\/2025\\\/05\\\/15\\\/vila-nova-de-cerveira-educacao\\\/#primaryimage\"},\"thumbnailUrl\":\"https:\\\/\\\/www.altominho.tv\\\/site\\\/wp-content\\\/uploads\\\/2025\\\/05\\\/BASE-FB-logo-Branco-x2-1200-x-630-px-6-1.png\",\"keywords\":[\"Educa\u00e7\u00e3o\"],\"articleSection\":[\"Vila Nova de Cerveira\"],\"inLanguage\":\"pt-PT\",\"copyrightYear\":\"2025\",\"copyrightHolder\":{\"@id\":\"https:\\\/\\\/www.altominho.tv\\\/site\\\/#organization\"}},{\"@type\":\"WebPage\",\"@id\":\"https:\\\/\\\/www.altominho.tv\\\/site\\\/2025\\\/05\\\/15\\\/vila-nova-de-cerveira-educacao\\\/\",\"url\":\"https:\\\/\\\/www.altominho.tv\\\/site\\\/2025\\\/05\\\/15\\\/vila-nova-de-cerveira-educacao\\\/\",\"name\":\"XI EDUCARTE 2025 homenageia o Mestre Jos\u00e9 Rodrigues\",\"isPartOf\":{\"@id\":\"https:\\\/\\\/www.altominho.tv\\\/site\\\/#website\"},\"primaryImageOfPage\":{\"@id\":\"https:\\\/\\\/www.altominho.tv\\\/site\\\/2025\\\/05\\\/15\\\/vila-nova-de-cerveira-educacao\\\/#primaryimage\"},\"image\":{\"@id\":\"https:\\\/\\\/www.altominho.tv\\\/site\\\/2025\\\/05\\\/15\\\/vila-nova-de-cerveira-educacao\\\/#primaryimage\"},\"thumbnailUrl\":\"https:\\\/\\\/www.altominho.tv\\\/site\\\/wp-content\\\/uploads\\\/2025\\\/05\\\/BASE-FB-logo-Branco-x2-1200-x-630-px-6-1.png\",\"datePublished\":\"2025-05-15T09:13:45+00:00\",\"dateModified\":\"2025-05-16T11:09:02+00:00\",\"author\":{\"@id\":\"https:\\\/\\\/www.altominho.tv\\\/site\\\/#\\\/schema\\\/person\\\/a0e4ef6d041f98ca284393d8f1d97153\"},\"description\":\"A XI edi\u00e7\u00e3o da EDUCARTE vai homenagear o Mestre Jos\u00e9 Rodrigues.\",\"breadcrumb\":{\"@id\":\"https:\\\/\\\/www.altominho.tv\\\/site\\\/2025\\\/05\\\/15\\\/vila-nova-de-cerveira-educacao\\\/#breadcrumb\"},\"inLanguage\":\"pt-PT\",\"potentialAction\":[{\"@type\":\"ReadAction\",\"target\":[\"https:\\\/\\\/www.altominho.tv\\\/site\\\/2025\\\/05\\\/15\\\/vila-nova-de-cerveira-educacao\\\/\"]}]},{\"@type\":\"ImageObject\",\"inLanguage\":\"pt-PT\",\"@id\":\"https:\\\/\\\/www.altominho.tv\\\/site\\\/2025\\\/05\\\/15\\\/vila-nova-de-cerveira-educacao\\\/#primaryimage\",\"url\":\"https:\\\/\\\/www.altominho.tv\\\/site\\\/wp-content\\\/uploads\\\/2025\\\/05\\\/BASE-FB-logo-Branco-x2-1200-x-630-px-6-1.png\",\"contentUrl\":\"https:\\\/\\\/www.altominho.tv\\\/site\\\/wp-content\\\/uploads\\\/2025\\\/05\\\/BASE-FB-logo-Branco-x2-1200-x-630-px-6-1.png\",\"width\":1200,\"height\":630},{\"@type\":\"BreadcrumbList\",\"@id\":\"https:\\\/\\\/www.altominho.tv\\\/site\\\/2025\\\/05\\\/15\\\/vila-nova-de-cerveira-educacao\\\/#breadcrumb\",\"itemListElement\":[{\"@type\":\"ListItem\",\"position\":1,\"name\":\"In\u00edcio\",\"item\":\"https:\\\/\\\/www.altominho.tv\\\/site\\\/\"},{\"@type\":\"ListItem\",\"position\":2,\"name\":\"XI EDUCARTE 2025 homenageia o Mestre Jos\u00e9 Rodrigues\"}]},{\"@type\":\"WebSite\",\"@id\":\"https:\\\/\\\/www.altominho.tv\\\/site\\\/#website\",\"url\":\"https:\\\/\\\/www.altominho.tv\\\/site\\\/\",\"name\":\"Altominho.tv\",\"description\":\"A sua regi\u00e3o \u00e0 dist\u00e2ncia de um clique...\",\"potentialAction\":[{\"@type\":\"SearchAction\",\"target\":{\"@type\":\"EntryPoint\",\"urlTemplate\":\"https:\\\/\\\/www.altominho.tv\\\/site\\\/?s={search_term_string}\"},\"query-input\":{\"@type\":\"PropertyValueSpecification\",\"valueRequired\":true,\"valueName\":\"search_term_string\"}}],\"inLanguage\":\"pt-PT\"},{\"@type\":\"Person\",\"@id\":\"https:\\\/\\\/www.altominho.tv\\\/site\\\/#\\\/schema\\\/person\\\/a0e4ef6d041f98ca284393d8f1d97153\",\"name\":\"Andreia Cunha\",\"image\":{\"@type\":\"ImageObject\",\"inLanguage\":\"pt-PT\",\"@id\":\"https:\\\/\\\/www.altominho.tv\\\/site\\\/wp-content\\\/uploads\\\/2017\\\/11\\\/Andreia_Cunha-1-150x150.jpg\",\"url\":\"https:\\\/\\\/www.altominho.tv\\\/site\\\/wp-content\\\/uploads\\\/2017\\\/11\\\/Andreia_Cunha-1-150x150.jpg\",\"contentUrl\":\"https:\\\/\\\/www.altominho.tv\\\/site\\\/wp-content\\\/uploads\\\/2017\\\/11\\\/Andreia_Cunha-1-150x150.jpg\",\"caption\":\"Andreia Cunha\"},\"url\":\"https:\\\/\\\/www.altominho.tv\\\/site\\\/author\\\/andreiacunha\\\/\"}]}<\/script>\n<!-- \/ Yoast SEO Premium plugin. -->","yoast_head_json":{"title":"XI EDUCARTE 2025 homenageia o Mestre Jos\u00e9 Rodrigues","description":"A XI edi\u00e7\u00e3o da EDUCARTE vai homenagear o Mestre Jos\u00e9 Rodrigues.","robots":{"index":"index","follow":"follow","max-snippet":"max-snippet:-1","max-image-preview":"max-image-preview:large","max-video-preview":"max-video-preview:-1"},"canonical":"https:\/\/www.altominho.tv\/site\/2025\/05\/15\/vila-nova-de-cerveira-educacao\/","og_locale":"pt_PT","og_type":"article","og_title":"XI EDUCARTE 2025 homenageia o Mestre Jos\u00e9 Rodrigues","og_description":"A XI edi\u00e7\u00e3o da EDUCARTE vai homenagear o Mestre Jos\u00e9 Rodrigues.","og_url":"https:\/\/www.altominho.tv\/site\/2025\/05\/15\/vila-nova-de-cerveira-educacao\/","og_site_name":"Altominho.tv","article_publisher":"https:\/\/www.facebook.com\/altominhotv","article_published_time":"2025-05-15T09:13:45+00:00","article_modified_time":"2025-05-16T11:09:02+00:00","og_image":[{"width":1200,"height":630,"url":"https:\/\/www.altominho.tv\/site\/wp-content\/uploads\/2025\/05\/BASE-FB-logo-Branco-x2-1200-x-630-px-6-1.png","type":"image\/png"}],"author":"Andreia Cunha","twitter_card":"summary_large_image","twitter_creator":"@altominhoTV","twitter_site":"@altominhoTV","twitter_misc":{"Escrito por":"Andreia Cunha","Tempo estimado de leitura":"4 minutos"},"schema":{"@context":"https:\/\/schema.org","@graph":[{"@type":"Article","@id":"https:\/\/www.altominho.tv\/site\/2025\/05\/15\/vila-nova-de-cerveira-educacao\/#article","isPartOf":{"@id":"https:\/\/www.altominho.tv\/site\/2025\/05\/15\/vila-nova-de-cerveira-educacao\/"},"author":{"name":"Andreia Cunha","@id":"https:\/\/www.altominho.tv\/site\/#\/schema\/person\/a0e4ef6d041f98ca284393d8f1d97153"},"headline":"XI EDUCARTE 2025 homenageia o Mestre Jos\u00e9 Rodrigues","datePublished":"2025-05-15T09:13:45+00:00","dateModified":"2025-05-16T11:09:02+00:00","mainEntityOfPage":{"@id":"https:\/\/www.altominho.tv\/site\/2025\/05\/15\/vila-nova-de-cerveira-educacao\/"},"wordCount":592,"image":{"@id":"https:\/\/www.altominho.tv\/site\/2025\/05\/15\/vila-nova-de-cerveira-educacao\/#primaryimage"},"thumbnailUrl":"https:\/\/www.altominho.tv\/site\/wp-content\/uploads\/2025\/05\/BASE-FB-logo-Branco-x2-1200-x-630-px-6-1.png","keywords":["Educa\u00e7\u00e3o"],"articleSection":["Vila Nova de Cerveira"],"inLanguage":"pt-PT","copyrightYear":"2025","copyrightHolder":{"@id":"https:\/\/www.altominho.tv\/site\/#organization"}},{"@type":"WebPage","@id":"https:\/\/www.altominho.tv\/site\/2025\/05\/15\/vila-nova-de-cerveira-educacao\/","url":"https:\/\/www.altominho.tv\/site\/2025\/05\/15\/vila-nova-de-cerveira-educacao\/","name":"XI EDUCARTE 2025 homenageia o Mestre Jos\u00e9 Rodrigues","isPartOf":{"@id":"https:\/\/www.altominho.tv\/site\/#website"},"primaryImageOfPage":{"@id":"https:\/\/www.altominho.tv\/site\/2025\/05\/15\/vila-nova-de-cerveira-educacao\/#primaryimage"},"image":{"@id":"https:\/\/www.altominho.tv\/site\/2025\/05\/15\/vila-nova-de-cerveira-educacao\/#primaryimage"},"thumbnailUrl":"https:\/\/www.altominho.tv\/site\/wp-content\/uploads\/2025\/05\/BASE-FB-logo-Branco-x2-1200-x-630-px-6-1.png","datePublished":"2025-05-15T09:13:45+00:00","dateModified":"2025-05-16T11:09:02+00:00","author":{"@id":"https:\/\/www.altominho.tv\/site\/#\/schema\/person\/a0e4ef6d041f98ca284393d8f1d97153"},"description":"A XI edi\u00e7\u00e3o da EDUCARTE vai homenagear o Mestre Jos\u00e9 Rodrigues.","breadcrumb":{"@id":"https:\/\/www.altominho.tv\/site\/2025\/05\/15\/vila-nova-de-cerveira-educacao\/#breadcrumb"},"inLanguage":"pt-PT","potentialAction":[{"@type":"ReadAction","target":["https:\/\/www.altominho.tv\/site\/2025\/05\/15\/vila-nova-de-cerveira-educacao\/"]}]},{"@type":"ImageObject","inLanguage":"pt-PT","@id":"https:\/\/www.altominho.tv\/site\/2025\/05\/15\/vila-nova-de-cerveira-educacao\/#primaryimage","url":"https:\/\/www.altominho.tv\/site\/wp-content\/uploads\/2025\/05\/BASE-FB-logo-Branco-x2-1200-x-630-px-6-1.png","contentUrl":"https:\/\/www.altominho.tv\/site\/wp-content\/uploads\/2025\/05\/BASE-FB-logo-Branco-x2-1200-x-630-px-6-1.png","width":1200,"height":630},{"@type":"BreadcrumbList","@id":"https:\/\/www.altominho.tv\/site\/2025\/05\/15\/vila-nova-de-cerveira-educacao\/#breadcrumb","itemListElement":[{"@type":"ListItem","position":1,"name":"In\u00edcio","item":"https:\/\/www.altominho.tv\/site\/"},{"@type":"ListItem","position":2,"name":"XI EDUCARTE 2025 homenageia o Mestre Jos\u00e9 Rodrigues"}]},{"@type":"WebSite","@id":"https:\/\/www.altominho.tv\/site\/#website","url":"https:\/\/www.altominho.tv\/site\/","name":"Altominho.tv","description":"A sua regi\u00e3o \u00e0 dist\u00e2ncia de um clique...","potentialAction":[{"@type":"SearchAction","target":{"@type":"EntryPoint","urlTemplate":"https:\/\/www.altominho.tv\/site\/?s={search_term_string}"},"query-input":{"@type":"PropertyValueSpecification","valueRequired":true,"valueName":"search_term_string"}}],"inLanguage":"pt-PT"},{"@type":"Person","@id":"https:\/\/www.altominho.tv\/site\/#\/schema\/person\/a0e4ef6d041f98ca284393d8f1d97153","name":"Andreia Cunha","image":{"@type":"ImageObject","inLanguage":"pt-PT","@id":"https:\/\/www.altominho.tv\/site\/wp-content\/uploads\/2017\/11\/Andreia_Cunha-1-150x150.jpg","url":"https:\/\/www.altominho.tv\/site\/wp-content\/uploads\/2017\/11\/Andreia_Cunha-1-150x150.jpg","contentUrl":"https:\/\/www.altominho.tv\/site\/wp-content\/uploads\/2017\/11\/Andreia_Cunha-1-150x150.jpg","caption":"Andreia Cunha"},"url":"https:\/\/www.altominho.tv\/site\/author\/andreiacunha\/"}]}},"_links":{"self":[{"href":"https:\/\/www.altominho.tv\/site\/wp-json\/wp\/v2\/posts\/118197","targetHints":{"allow":["GET"]}}],"collection":[{"href":"https:\/\/www.altominho.tv\/site\/wp-json\/wp\/v2\/posts"}],"about":[{"href":"https:\/\/www.altominho.tv\/site\/wp-json\/wp\/v2\/types\/post"}],"author":[{"embeddable":true,"href":"https:\/\/www.altominho.tv\/site\/wp-json\/wp\/v2\/users\/7"}],"replies":[{"embeddable":true,"href":"https:\/\/www.altominho.tv\/site\/wp-json\/wp\/v2\/comments?post=118197"}],"version-history":[{"count":1,"href":"https:\/\/www.altominho.tv\/site\/wp-json\/wp\/v2\/posts\/118197\/revisions"}],"predecessor-version":[{"id":118202,"href":"https:\/\/www.altominho.tv\/site\/wp-json\/wp\/v2\/posts\/118197\/revisions\/118202"}],"wp:featuredmedia":[{"embeddable":true,"href":"https:\/\/www.altominho.tv\/site\/wp-json\/wp\/v2\/media\/118253"}],"wp:attachment":[{"href":"https:\/\/www.altominho.tv\/site\/wp-json\/wp\/v2\/media?parent=118197"}],"wp:term":[{"taxonomy":"category","embeddable":true,"href":"https:\/\/www.altominho.tv\/site\/wp-json\/wp\/v2\/categories?post=118197"},{"taxonomy":"post_tag","embeddable":true,"href":"https:\/\/www.altominho.tv\/site\/wp-json\/wp\/v2\/tags?post=118197"}],"curies":[{"name":"wp","href":"https:\/\/api.w.org\/{rel}","templated":true}]}}