{"id":118182,"date":"2025-05-14T17:55:33","date_gmt":"2025-05-14T16:55:33","guid":{"rendered":"https:\/\/www.altominho.tv\/site\/?p=118182"},"modified":"2025-05-14T17:55:35","modified_gmt":"2025-05-14T16:55:35","slug":"espanha-espera-nova-ligacao-eletrica-entre-galiza-e-norte-de-portugal-em-funcionamento-este-ano","status":"publish","type":"post","link":"https:\/\/www.altominho.tv\/site\/2025\/05\/14\/espanha-espera-nova-ligacao-eletrica-entre-galiza-e-norte-de-portugal-em-funcionamento-este-ano\/","title":{"rendered":"Espanha espera nova liga\u00e7\u00e3o el\u00e9trica entre Galiza e norte de Portugal em funcionamento este ano"},"content":{"rendered":"<p>O Governo de Espanha espera que a nova liga\u00e7\u00e3o el\u00e9trica entre a Galiza e o norte de Portugal entre em funcionamento no final deste ano, disse hoje a ministra com a tutela da energia, Sara Aagesen.<\/p>\n<p>A ministra falava no parlamento espanhol, durante um debate sobre o apag\u00e3o na Pen\u00ednsula Ib\u00e9rica em 28 de abril, durante o qual sublinhou e defendeu a import\u00e2ncia das liga\u00e7\u00f5es el\u00e9tricas, tanto com Portugal como com Fran\u00e7a.<\/p>\n<p>Foi neste contexto que se referiu aos avan\u00e7os e ponto de situa\u00e7\u00e3o nos trabalhos para as novas interconex\u00f5es energ\u00e9ticas com os dois pa\u00edses.<\/p>\n<p>A ministra defendeu que as liga\u00e7\u00f5es energ\u00e9ticas &#8220;s\u00e3o uma forma de ter um sistema muito mais robusto e maior firmeza&#8221; e destacou o papel de Fran\u00e7a e do fornecimento de energia deste pa\u00eds no restabelecimento do abastecimento el\u00e9trico ap\u00f3s o apag\u00e3o.<\/p>\n<p>Sobre a nova liga\u00e7\u00e3o entre a Galiza e o norte de Portugal, Espanha anunciou em janeiro passado a entrada em funcionamento da subesta\u00e7\u00e3o de Fontefr\u00eda e divulgou na altura que a interconex\u00e3o permitir\u00e1 aumentar a capacidade de interc\u00e2mbio de energia entre os dois pa\u00edses em cerca de 1.000 megawatts (MW), para 4.200 MW na dire\u00e7\u00e3o Espanha-Portugal e para 3.500 MW no sentido Portugal-Espanha.<\/p>\n<p>Tamb\u00e9m em janeiro, o Governo portugu\u00eas, a REN e os munic\u00edpios do Alto Minho, por onde passar\u00e1 a linha de alta tens\u00e3o Ponte de Lima-Fontefria, revelaram estarem a ser estudados \u201cpequenos desvios\u201d para minimizar o impacto da obra, contestada localmente.<\/p>\n<p>\u201cA REN, a nosso pedido, e com a media\u00e7\u00e3o e envolvimento do secret\u00e1rio de Estado do Ambiente, e do presidente da Ag\u00eancia Portuguesa para o Ambiente (APA), t\u00eam estado em negocia\u00e7\u00f5es com os senhores presidentes de c\u00e2mara para ver pequenos desvios que sejam poss\u00edveis e que n\u00e3o v\u00e3o impactar, ou que n\u00e3o impactam muito os custos [de constru\u00e7\u00e3o da linha]\u201d, afirmou ent\u00e3o a ministra do Ambiente, Gra\u00e7a Carvalho.<\/p>\n<p>Em causa est\u00e1 a \u201clinha Dupla Ponte de Lima &#8211; Fontefr\u00eda, Tro\u00e7o Portugu\u00eas, a 400 kV\u201d, que em julho de 2023 recebeu parecer favor\u00e1vel condicionado no RECAPE &#8211; Relat\u00f3rio de Conformidade Ambiental do Projeto de Execu\u00e7\u00e3o e, em fevereiro de 2024, obteve a Decis\u00e3o de Conformidade Ambiental do Projeto de Execu\u00e7\u00e3o (DCAPE) da APA.<\/p>\n<p>Em outubro do ano passado, o Supremo Tribunal Administrativo aceitou um recurso de munic\u00edpios do Alto Minho e remeteu para a primeira inst\u00e2ncia a avalia\u00e7\u00e3o da provid\u00eancia cautelar que apresentaram contra a linha.<\/p>\n<p>Os munic\u00edpios de Mon\u00e7\u00e3o, Ponte de Lima, Ponte da Barca, Arcos de Valdevez e Melga\u00e7o interpuseram um \u201cprocesso cautelar para a suspens\u00e3o de efic\u00e1cia\u201d da Declara\u00e7\u00e3o de Impacto Ambiental (DIA) favor\u00e1vel ao projeto de constru\u00e7\u00e3o da linha de alta tens\u00e3o.<\/p>\n<p>As autarquias pretendiam ainda \u201ca intima\u00e7\u00e3o do Minist\u00e9rio do Ambiente para se abster de autorizar ou licenciar tal projeto\u201d.<\/p>\n<p>Para o STA, o recurso dos munic\u00edpios justifica-se por \u201cestarem em causa potenciais preju\u00edzos para valores fundamentais da sociedade, sejam eles a sa\u00fade, o ambiente ou o patrim\u00f3nio arquitet\u00f3nico\u201d.<\/p>\n<p>O STA considera ainda que o \u201cato que possibilita a constru\u00e7\u00e3o de uma linha de muita alta tens\u00e3o \u00e9 suscet\u00edvel de criar uma situa\u00e7\u00e3o de facto consumado e de causar preju\u00edzos irrepar\u00e1veis ou de dif\u00edcil repara\u00e7\u00e3o\u201d.<\/p>\n<p>De acordo com o projeto, a linha abrange os concelhos de Vila Verde, no distrito de Braga, e Ponte de Lima, Ponte da Barca, Arcos de Valdevez, Mon\u00e7\u00e3o e Melga\u00e7o, no distrito de Viana do Castelo.<\/p>\n","protected":false},"excerpt":{"rendered":"<p>O Governo de Espanha espera que a nova liga\u00e7\u00e3o el\u00e9trica entre a Galiza e o norte de Portugal entre em funcionamento no final deste ano, disse hoje a ministra com a tutela da energia, Sara Aagesen. A ministra falava no parlamento espanhol, durante um debate sobre o apag\u00e3o na Pen\u00ednsula Ib\u00e9rica em 28 de abril, [&hellip;]<\/p>\n","protected":false},"author":13,"featured_media":118183,"comment_status":"closed","ping_status":"closed","sticky":false,"template":"","format":"standard","meta":{"_exactmetrics_skip_tracking":false,"footnotes":""},"categories":[73],"tags":[27],"class_list":["post-118182","post","type-post","status-publish","format-standard","has-post-thumbnail","hentry","category-alto-minho","tag-sociedade"],"yoast_head":"<!-- This site is optimized with the Yoast SEO Premium plugin v28.3 (Yoast SEO v28.3) - https:\/\/yoast.com\/product\/yoast-seo-premium-wordpress\/ -->\n<title>Espanha espera nova liga\u00e7\u00e3o el\u00e9trica entre Galiza e norte de Portugal em funcionamento este ano<\/title>\n<meta name=\"description\" content=\"O Governo de Espanha espera que a nova liga\u00e7\u00e3o el\u00e9trica entre a Galiza e o norte de Portugal entre em funcionamento no final deste ano, disse hoje a ministra com a tutela da energia, Sara Aagesen.\" \/>\n<meta name=\"robots\" content=\"index, follow, max-snippet:-1, max-image-preview:large, max-video-preview:-1\" \/>\n<link rel=\"canonical\" href=\"https:\/\/www.altominho.tv\/site\/2025\/05\/14\/espanha-espera-nova-ligacao-eletrica-entre-galiza-e-norte-de-portugal-em-funcionamento-este-ano\/\" \/>\n<meta property=\"og:locale\" content=\"pt_PT\" \/>\n<meta property=\"og:type\" content=\"article\" \/>\n<meta property=\"og:title\" content=\"Espanha espera nova liga\u00e7\u00e3o el\u00e9trica entre Galiza e norte de Portugal em funcionamento este ano\" \/>\n<meta property=\"og:description\" content=\"O Governo de Espanha espera que a nova liga\u00e7\u00e3o el\u00e9trica entre a Galiza e o norte de Portugal entre em funcionamento no final deste ano, disse hoje a ministra com a tutela da energia, Sara Aagesen.\" \/>\n<meta property=\"og:url\" content=\"https:\/\/www.altominho.tv\/site\/2025\/05\/14\/espanha-espera-nova-ligacao-eletrica-entre-galiza-e-norte-de-portugal-em-funcionamento-este-ano\/\" \/>\n<meta property=\"og:site_name\" content=\"Altominho.tv\" \/>\n<meta property=\"article:publisher\" content=\"https:\/\/www.facebook.com\/altominhotv\" \/>\n<meta property=\"article:published_time\" content=\"2025-05-14T16:55:33+00:00\" \/>\n<meta property=\"article:modified_time\" content=\"2025-05-14T16:55:35+00:00\" \/>\n<meta property=\"og:image\" content=\"https:\/\/www.altominho.tv\/site\/wp-content\/uploads\/2025\/05\/linha-alta-tensao.jpg\" \/>\n\t<meta property=\"og:image:width\" content=\"1200\" \/>\n\t<meta property=\"og:image:height\" content=\"630\" \/>\n\t<meta property=\"og:image:type\" content=\"image\/jpeg\" \/>\n<meta name=\"author\" content=\"Lusa\" \/>\n<meta name=\"twitter:card\" content=\"summary_large_image\" \/>\n<meta name=\"twitter:creator\" content=\"@altominhoTV\" \/>\n<meta name=\"twitter:site\" content=\"@altominhoTV\" \/>\n<meta name=\"twitter:label1\" content=\"Escrito por\" \/>\n\t<meta name=\"twitter:data1\" content=\"Lusa\" \/>\n\t<meta name=\"twitter:label2\" content=\"Tempo estimado de leitura\" \/>\n\t<meta name=\"twitter:data2\" content=\"4 minutos\" \/>\n<script type=\"application\/ld+json\" class=\"yoast-schema-graph\">{\"@context\":\"https:\\\/\\\/schema.org\",\"@graph\":[{\"@type\":\"Article\",\"@id\":\"https:\\\/\\\/www.altominho.tv\\\/site\\\/2025\\\/05\\\/14\\\/espanha-espera-nova-ligacao-eletrica-entre-galiza-e-norte-de-portugal-em-funcionamento-este-ano\\\/#article\",\"isPartOf\":{\"@id\":\"https:\\\/\\\/www.altominho.tv\\\/site\\\/2025\\\/05\\\/14\\\/espanha-espera-nova-ligacao-eletrica-entre-galiza-e-norte-de-portugal-em-funcionamento-este-ano\\\/\"},\"author\":{\"name\":\"Lusa\",\"@id\":\"https:\\\/\\\/www.altominho.tv\\\/site\\\/#\\\/schema\\\/person\\\/63f693da3e1899361cbe955c46f3232e\"},\"headline\":\"Espanha espera nova liga\u00e7\u00e3o el\u00e9trica entre Galiza e norte de Portugal em funcionamento este ano\",\"datePublished\":\"2025-05-14T16:55:33+00:00\",\"dateModified\":\"2025-05-14T16:55:35+00:00\",\"mainEntityOfPage\":{\"@id\":\"https:\\\/\\\/www.altominho.tv\\\/site\\\/2025\\\/05\\\/14\\\/espanha-espera-nova-ligacao-eletrica-entre-galiza-e-norte-de-portugal-em-funcionamento-este-ano\\\/\"},\"wordCount\":647,\"image\":{\"@id\":\"https:\\\/\\\/www.altominho.tv\\\/site\\\/2025\\\/05\\\/14\\\/espanha-espera-nova-ligacao-eletrica-entre-galiza-e-norte-de-portugal-em-funcionamento-este-ano\\\/#primaryimage\"},\"thumbnailUrl\":\"https:\\\/\\\/www.altominho.tv\\\/site\\\/wp-content\\\/uploads\\\/2025\\\/05\\\/linha-alta-tensao.jpg\",\"keywords\":[\"Sociedade\"],\"articleSection\":[\"Alto Minho\"],\"inLanguage\":\"pt-PT\",\"copyrightYear\":\"2025\",\"copyrightHolder\":{\"@id\":\"https:\\\/\\\/www.altominho.tv\\\/site\\\/#organization\"}},{\"@type\":\"WebPage\",\"@id\":\"https:\\\/\\\/www.altominho.tv\\\/site\\\/2025\\\/05\\\/14\\\/espanha-espera-nova-ligacao-eletrica-entre-galiza-e-norte-de-portugal-em-funcionamento-este-ano\\\/\",\"url\":\"https:\\\/\\\/www.altominho.tv\\\/site\\\/2025\\\/05\\\/14\\\/espanha-espera-nova-ligacao-eletrica-entre-galiza-e-norte-de-portugal-em-funcionamento-este-ano\\\/\",\"name\":\"Espanha espera nova liga\u00e7\u00e3o el\u00e9trica entre Galiza e norte de Portugal em funcionamento este ano\",\"isPartOf\":{\"@id\":\"https:\\\/\\\/www.altominho.tv\\\/site\\\/#website\"},\"primaryImageOfPage\":{\"@id\":\"https:\\\/\\\/www.altominho.tv\\\/site\\\/2025\\\/05\\\/14\\\/espanha-espera-nova-ligacao-eletrica-entre-galiza-e-norte-de-portugal-em-funcionamento-este-ano\\\/#primaryimage\"},\"image\":{\"@id\":\"https:\\\/\\\/www.altominho.tv\\\/site\\\/2025\\\/05\\\/14\\\/espanha-espera-nova-ligacao-eletrica-entre-galiza-e-norte-de-portugal-em-funcionamento-este-ano\\\/#primaryimage\"},\"thumbnailUrl\":\"https:\\\/\\\/www.altominho.tv\\\/site\\\/wp-content\\\/uploads\\\/2025\\\/05\\\/linha-alta-tensao.jpg\",\"datePublished\":\"2025-05-14T16:55:33+00:00\",\"dateModified\":\"2025-05-14T16:55:35+00:00\",\"author\":{\"@id\":\"https:\\\/\\\/www.altominho.tv\\\/site\\\/#\\\/schema\\\/person\\\/63f693da3e1899361cbe955c46f3232e\"},\"description\":\"O Governo de Espanha espera que a nova liga\u00e7\u00e3o el\u00e9trica entre a Galiza e o norte de Portugal entre em funcionamento no final deste ano, disse hoje a ministra com a tutela da energia, Sara Aagesen.\",\"breadcrumb\":{\"@id\":\"https:\\\/\\\/www.altominho.tv\\\/site\\\/2025\\\/05\\\/14\\\/espanha-espera-nova-ligacao-eletrica-entre-galiza-e-norte-de-portugal-em-funcionamento-este-ano\\\/#breadcrumb\"},\"inLanguage\":\"pt-PT\",\"potentialAction\":[{\"@type\":\"ReadAction\",\"target\":[\"https:\\\/\\\/www.altominho.tv\\\/site\\\/2025\\\/05\\\/14\\\/espanha-espera-nova-ligacao-eletrica-entre-galiza-e-norte-de-portugal-em-funcionamento-este-ano\\\/\"]}]},{\"@type\":\"ImageObject\",\"inLanguage\":\"pt-PT\",\"@id\":\"https:\\\/\\\/www.altominho.tv\\\/site\\\/2025\\\/05\\\/14\\\/espanha-espera-nova-ligacao-eletrica-entre-galiza-e-norte-de-portugal-em-funcionamento-este-ano\\\/#primaryimage\",\"url\":\"https:\\\/\\\/www.altominho.tv\\\/site\\\/wp-content\\\/uploads\\\/2025\\\/05\\\/linha-alta-tensao.jpg\",\"contentUrl\":\"https:\\\/\\\/www.altominho.tv\\\/site\\\/wp-content\\\/uploads\\\/2025\\\/05\\\/linha-alta-tensao.jpg\",\"width\":1200,\"height\":630},{\"@type\":\"BreadcrumbList\",\"@id\":\"https:\\\/\\\/www.altominho.tv\\\/site\\\/2025\\\/05\\\/14\\\/espanha-espera-nova-ligacao-eletrica-entre-galiza-e-norte-de-portugal-em-funcionamento-este-ano\\\/#breadcrumb\",\"itemListElement\":[{\"@type\":\"ListItem\",\"position\":1,\"name\":\"In\u00edcio\",\"item\":\"https:\\\/\\\/www.altominho.tv\\\/site\\\/\"},{\"@type\":\"ListItem\",\"position\":2,\"name\":\"Espanha espera nova liga\u00e7\u00e3o el\u00e9trica entre Galiza e norte de Portugal em funcionamento este ano\"}]},{\"@type\":\"WebSite\",\"@id\":\"https:\\\/\\\/www.altominho.tv\\\/site\\\/#website\",\"url\":\"https:\\\/\\\/www.altominho.tv\\\/site\\\/\",\"name\":\"Altominho.tv\",\"description\":\"A sua regi\u00e3o \u00e0 dist\u00e2ncia de um clique...\",\"potentialAction\":[{\"@type\":\"SearchAction\",\"target\":{\"@type\":\"EntryPoint\",\"urlTemplate\":\"https:\\\/\\\/www.altominho.tv\\\/site\\\/?s={search_term_string}\"},\"query-input\":{\"@type\":\"PropertyValueSpecification\",\"valueRequired\":true,\"valueName\":\"search_term_string\"}}],\"inLanguage\":\"pt-PT\"},{\"@type\":\"Person\",\"@id\":\"https:\\\/\\\/www.altominho.tv\\\/site\\\/#\\\/schema\\\/person\\\/63f693da3e1899361cbe955c46f3232e\",\"name\":\"Lusa\",\"image\":{\"@type\":\"ImageObject\",\"inLanguage\":\"pt-PT\",\"@id\":\"https:\\\/\\\/www.altominho.tv\\\/site\\\/wp-content\\\/uploads\\\/2019\\\/08\\\/LUSA_Logo.gif\",\"url\":\"https:\\\/\\\/www.altominho.tv\\\/site\\\/wp-content\\\/uploads\\\/2019\\\/08\\\/LUSA_Logo.gif\",\"contentUrl\":\"https:\\\/\\\/www.altominho.tv\\\/site\\\/wp-content\\\/uploads\\\/2019\\\/08\\\/LUSA_Logo.gif\",\"caption\":\"Lusa\"},\"sameAs\":[\"http:\\\/\\\/\\\/\\\/www.altominho.tv\\\/site\"],\"url\":\"https:\\\/\\\/www.altominho.tv\\\/site\\\/author\\\/lusa\\\/\"}]}<\/script>\n<!-- \/ Yoast SEO Premium plugin. -->","yoast_head_json":{"title":"Espanha espera nova liga\u00e7\u00e3o el\u00e9trica entre Galiza e norte de Portugal em funcionamento este ano","description":"O Governo de Espanha espera que a nova liga\u00e7\u00e3o el\u00e9trica entre a Galiza e o norte de Portugal entre em funcionamento no final deste ano, disse hoje a ministra com a tutela da energia, Sara Aagesen.","robots":{"index":"index","follow":"follow","max-snippet":"max-snippet:-1","max-image-preview":"max-image-preview:large","max-video-preview":"max-video-preview:-1"},"canonical":"https:\/\/www.altominho.tv\/site\/2025\/05\/14\/espanha-espera-nova-ligacao-eletrica-entre-galiza-e-norte-de-portugal-em-funcionamento-este-ano\/","og_locale":"pt_PT","og_type":"article","og_title":"Espanha espera nova liga\u00e7\u00e3o el\u00e9trica entre Galiza e norte de Portugal em funcionamento este ano","og_description":"O Governo de Espanha espera que a nova liga\u00e7\u00e3o el\u00e9trica entre a Galiza e o norte de Portugal entre em funcionamento no final deste ano, disse hoje a ministra com a tutela da energia, Sara Aagesen.","og_url":"https:\/\/www.altominho.tv\/site\/2025\/05\/14\/espanha-espera-nova-ligacao-eletrica-entre-galiza-e-norte-de-portugal-em-funcionamento-este-ano\/","og_site_name":"Altominho.tv","article_publisher":"https:\/\/www.facebook.com\/altominhotv","article_published_time":"2025-05-14T16:55:33+00:00","article_modified_time":"2025-05-14T16:55:35+00:00","og_image":[{"width":1200,"height":630,"url":"https:\/\/www.altominho.tv\/site\/wp-content\/uploads\/2025\/05\/linha-alta-tensao.jpg","type":"image\/jpeg"}],"author":"Lusa","twitter_card":"summary_large_image","twitter_creator":"@altominhoTV","twitter_site":"@altominhoTV","twitter_misc":{"Escrito por":"Lusa","Tempo estimado de leitura":"4 minutos"},"schema":{"@context":"https:\/\/schema.org","@graph":[{"@type":"Article","@id":"https:\/\/www.altominho.tv\/site\/2025\/05\/14\/espanha-espera-nova-ligacao-eletrica-entre-galiza-e-norte-de-portugal-em-funcionamento-este-ano\/#article","isPartOf":{"@id":"https:\/\/www.altominho.tv\/site\/2025\/05\/14\/espanha-espera-nova-ligacao-eletrica-entre-galiza-e-norte-de-portugal-em-funcionamento-este-ano\/"},"author":{"name":"Lusa","@id":"https:\/\/www.altominho.tv\/site\/#\/schema\/person\/63f693da3e1899361cbe955c46f3232e"},"headline":"Espanha espera nova liga\u00e7\u00e3o el\u00e9trica entre Galiza e norte de Portugal em funcionamento este ano","datePublished":"2025-05-14T16:55:33+00:00","dateModified":"2025-05-14T16:55:35+00:00","mainEntityOfPage":{"@id":"https:\/\/www.altominho.tv\/site\/2025\/05\/14\/espanha-espera-nova-ligacao-eletrica-entre-galiza-e-norte-de-portugal-em-funcionamento-este-ano\/"},"wordCount":647,"image":{"@id":"https:\/\/www.altominho.tv\/site\/2025\/05\/14\/espanha-espera-nova-ligacao-eletrica-entre-galiza-e-norte-de-portugal-em-funcionamento-este-ano\/#primaryimage"},"thumbnailUrl":"https:\/\/www.altominho.tv\/site\/wp-content\/uploads\/2025\/05\/linha-alta-tensao.jpg","keywords":["Sociedade"],"articleSection":["Alto Minho"],"inLanguage":"pt-PT","copyrightYear":"2025","copyrightHolder":{"@id":"https:\/\/www.altominho.tv\/site\/#organization"}},{"@type":"WebPage","@id":"https:\/\/www.altominho.tv\/site\/2025\/05\/14\/espanha-espera-nova-ligacao-eletrica-entre-galiza-e-norte-de-portugal-em-funcionamento-este-ano\/","url":"https:\/\/www.altominho.tv\/site\/2025\/05\/14\/espanha-espera-nova-ligacao-eletrica-entre-galiza-e-norte-de-portugal-em-funcionamento-este-ano\/","name":"Espanha espera nova liga\u00e7\u00e3o el\u00e9trica entre Galiza e norte de Portugal em funcionamento este ano","isPartOf":{"@id":"https:\/\/www.altominho.tv\/site\/#website"},"primaryImageOfPage":{"@id":"https:\/\/www.altominho.tv\/site\/2025\/05\/14\/espanha-espera-nova-ligacao-eletrica-entre-galiza-e-norte-de-portugal-em-funcionamento-este-ano\/#primaryimage"},"image":{"@id":"https:\/\/www.altominho.tv\/site\/2025\/05\/14\/espanha-espera-nova-ligacao-eletrica-entre-galiza-e-norte-de-portugal-em-funcionamento-este-ano\/#primaryimage"},"thumbnailUrl":"https:\/\/www.altominho.tv\/site\/wp-content\/uploads\/2025\/05\/linha-alta-tensao.jpg","datePublished":"2025-05-14T16:55:33+00:00","dateModified":"2025-05-14T16:55:35+00:00","author":{"@id":"https:\/\/www.altominho.tv\/site\/#\/schema\/person\/63f693da3e1899361cbe955c46f3232e"},"description":"O Governo de Espanha espera que a nova liga\u00e7\u00e3o el\u00e9trica entre a Galiza e o norte de Portugal entre em funcionamento no final deste ano, disse hoje a ministra com a tutela da energia, Sara Aagesen.","breadcrumb":{"@id":"https:\/\/www.altominho.tv\/site\/2025\/05\/14\/espanha-espera-nova-ligacao-eletrica-entre-galiza-e-norte-de-portugal-em-funcionamento-este-ano\/#breadcrumb"},"inLanguage":"pt-PT","potentialAction":[{"@type":"ReadAction","target":["https:\/\/www.altominho.tv\/site\/2025\/05\/14\/espanha-espera-nova-ligacao-eletrica-entre-galiza-e-norte-de-portugal-em-funcionamento-este-ano\/"]}]},{"@type":"ImageObject","inLanguage":"pt-PT","@id":"https:\/\/www.altominho.tv\/site\/2025\/05\/14\/espanha-espera-nova-ligacao-eletrica-entre-galiza-e-norte-de-portugal-em-funcionamento-este-ano\/#primaryimage","url":"https:\/\/www.altominho.tv\/site\/wp-content\/uploads\/2025\/05\/linha-alta-tensao.jpg","contentUrl":"https:\/\/www.altominho.tv\/site\/wp-content\/uploads\/2025\/05\/linha-alta-tensao.jpg","width":1200,"height":630},{"@type":"BreadcrumbList","@id":"https:\/\/www.altominho.tv\/site\/2025\/05\/14\/espanha-espera-nova-ligacao-eletrica-entre-galiza-e-norte-de-portugal-em-funcionamento-este-ano\/#breadcrumb","itemListElement":[{"@type":"ListItem","position":1,"name":"In\u00edcio","item":"https:\/\/www.altominho.tv\/site\/"},{"@type":"ListItem","position":2,"name":"Espanha espera nova liga\u00e7\u00e3o el\u00e9trica entre Galiza e norte de Portugal em funcionamento este ano"}]},{"@type":"WebSite","@id":"https:\/\/www.altominho.tv\/site\/#website","url":"https:\/\/www.altominho.tv\/site\/","name":"Altominho.tv","description":"A sua regi\u00e3o \u00e0 dist\u00e2ncia de um clique...","potentialAction":[{"@type":"SearchAction","target":{"@type":"EntryPoint","urlTemplate":"https:\/\/www.altominho.tv\/site\/?s={search_term_string}"},"query-input":{"@type":"PropertyValueSpecification","valueRequired":true,"valueName":"search_term_string"}}],"inLanguage":"pt-PT"},{"@type":"Person","@id":"https:\/\/www.altominho.tv\/site\/#\/schema\/person\/63f693da3e1899361cbe955c46f3232e","name":"Lusa","image":{"@type":"ImageObject","inLanguage":"pt-PT","@id":"https:\/\/www.altominho.tv\/site\/wp-content\/uploads\/2019\/08\/LUSA_Logo.gif","url":"https:\/\/www.altominho.tv\/site\/wp-content\/uploads\/2019\/08\/LUSA_Logo.gif","contentUrl":"https:\/\/www.altominho.tv\/site\/wp-content\/uploads\/2019\/08\/LUSA_Logo.gif","caption":"Lusa"},"sameAs":["http:\/\/\/\/www.altominho.tv\/site"],"url":"https:\/\/www.altominho.tv\/site\/author\/lusa\/"}]}},"_links":{"self":[{"href":"https:\/\/www.altominho.tv\/site\/wp-json\/wp\/v2\/posts\/118182","targetHints":{"allow":["GET"]}}],"collection":[{"href":"https:\/\/www.altominho.tv\/site\/wp-json\/wp\/v2\/posts"}],"about":[{"href":"https:\/\/www.altominho.tv\/site\/wp-json\/wp\/v2\/types\/post"}],"author":[{"embeddable":true,"href":"https:\/\/www.altominho.tv\/site\/wp-json\/wp\/v2\/users\/13"}],"replies":[{"embeddable":true,"href":"https:\/\/www.altominho.tv\/site\/wp-json\/wp\/v2\/comments?post=118182"}],"version-history":[{"count":1,"href":"https:\/\/www.altominho.tv\/site\/wp-json\/wp\/v2\/posts\/118182\/revisions"}],"predecessor-version":[{"id":118184,"href":"https:\/\/www.altominho.tv\/site\/wp-json\/wp\/v2\/posts\/118182\/revisions\/118184"}],"wp:featuredmedia":[{"embeddable":true,"href":"https:\/\/www.altominho.tv\/site\/wp-json\/wp\/v2\/media\/118183"}],"wp:attachment":[{"href":"https:\/\/www.altominho.tv\/site\/wp-json\/wp\/v2\/media?parent=118182"}],"wp:term":[{"taxonomy":"category","embeddable":true,"href":"https:\/\/www.altominho.tv\/site\/wp-json\/wp\/v2\/categories?post=118182"},{"taxonomy":"post_tag","embeddable":true,"href":"https:\/\/www.altominho.tv\/site\/wp-json\/wp\/v2\/tags?post=118182"}],"curies":[{"name":"wp","href":"https:\/\/api.w.org\/{rel}","templated":true}]}}