{"id":118151,"date":"2025-05-14T14:54:40","date_gmt":"2025-05-14T13:54:40","guid":{"rendered":"https:\/\/www.altominho.tv\/site\/?p=118151"},"modified":"2025-05-14T14:54:42","modified_gmt":"2025-05-14T13:54:42","slug":"viana-do-castelo-ipvc-2","status":"publish","type":"post","link":"https:\/\/www.altominho.tv\/site\/2025\/05\/14\/viana-do-castelo-ipvc-2\/","title":{"rendered":"Open Days de Inform\u00e1tica do Polit\u00e9cnico de Viana do Castelo ligam estudantes ao mercado de trabalho e \u00e0 inova\u00e7\u00e3o"},"content":{"rendered":"\n<p>A 22.\u00aa edi\u00e7\u00e3o dos Open Days de Inform\u00e1tica est\u00e1 a decorrer na Escola Superior de Tecnologia e Gest\u00e3o do Polit\u00e9cnico de Viana do Castelo, com mais de tr\u00eas centenas de participantes, dezenas de empresas e um programa que aproxima o ensino superior do mundo real do trabalho.<\/p>\n\n\n\n<p>Ao longo de dois dias, a Escola Superior de Tecnologia e Gest\u00e3o do Polit\u00e9cnico de Viana do Castelo (ESTG-IPVC) est\u00e1 a acolher a 22.\u00aa edi\u00e7\u00e3o dos Open Days de Inform\u00e1tica, um evento que promove a aproxima\u00e7\u00e3o entre a academia, o setor das Tecnologias de Informa\u00e7\u00e3o e o mercado de trabalho, numa l\u00f3gica de inova\u00e7\u00e3o, forma\u00e7\u00e3o pr\u00e1tica e desenvolvimento de compet\u00eancias transversais.<\/p>\n\n\n\n<p>Com mais de tr\u00eas centenas de participantes, os Open Days afirmam-se como uma refer\u00eancia na regi\u00e3o, reunindo empresas, institui\u00e7\u00f5es e alumni da \u00e1rea da Engenharia Inform\u00e1tica, atualmente integrados em organiza\u00e7\u00f5es de destaque, em Portugal e no estrangeiro.<\/p>\n\n\n\n<p>O programa inclui semin\u00e1rios, workshops, demonstra\u00e7\u00f5es tecnol\u00f3gicas e sess\u00f5es tem\u00e1ticas, de acesso gratuito e abertas \u00e0 comunidade. Entre os momentos em destaque est\u00e1 a apresenta\u00e7\u00e3o do projeto do IPVC vencedor do Festival Nacional de Rob\u00f3tica 2025.<\/p>\n\n\n\n<p>Para Jorge Ribeiro, coordenador do curso de licenciatura em Engenharia Inform\u00e1tica, \u201cos Open Days representam a parte mais vis\u00edvel de um trabalho cont\u00ednuo que decorre ao longo de todo o ano. S\u00e3o muitas as atividades que colocam os estudantes em contacto com o setor, desde workshops a sess\u00f5es pr\u00e1ticas, e que promovem o desenvolvimento de compet\u00eancias t\u00e9cnicas e soft skills, fundamentais para a sua integra\u00e7\u00e3o profissional\u201d.<\/p>\n\n\n\n<p>Na sess\u00e3o de abertura, o presidente do Polit\u00e9cnico de Viana do Castelo, Carlos Rodrigues, destacou a import\u00e2ncia estrat\u00e9gica da liga\u00e7\u00e3o ao tecido empresarial: \u201cEstes momentos s\u00e3o fundamentais. A aprendizagem n\u00e3o acontece apenas nas aulas. Ao interagirem com empresas e com desafios reais, os nossos estudantes desenvolvem compet\u00eancias adicionais que fazem a diferen\u00e7a na empregabilidade. Agradecemos \u00e0s empresas parceiras que se juntam a n\u00f3s neste esfor\u00e7o formativo.\u201d<\/p>\n\n\n\n<p>Carlos Rodrigues sublinhou ainda que \u201cos Open Days simbolizam uma nova forma de ensinar, mais din\u00e2mica, mais pr\u00f3xima do mundo real. Hoje, a diferen\u00e7a entre dois candidatos a um emprego n\u00e3o se mede s\u00f3 pelas notas, mas pela capacidade de trabalhar em equipa, comunicar, resolver problemas. \u00c9 o chamado suplemento ao diploma, ou seja, tudo aquilo que se aprende para al\u00e9m dos conte\u00fados obrigat\u00f3rios e que est\u00e1 cada vez mais a fazer a diferen\u00e7a\u201d.<\/p>\n","protected":false},"excerpt":{"rendered":"<p>A 22.\u00aa edi\u00e7\u00e3o dos Open Days de Inform\u00e1tica est\u00e1 a decorrer na Escola Superior de Tecnologia e Gest\u00e3o do Polit\u00e9cnico de Viana do Castelo, com mais de tr\u00eas centenas de participantes, dezenas de empresas e um programa que aproxima o ensino superior do mundo real do trabalho. Ao longo de dois dias, a Escola Superior [&hellip;]<\/p>\n","protected":false},"author":7,"featured_media":118158,"comment_status":"closed","ping_status":"closed","sticky":false,"template":"","format":"standard","meta":{"_exactmetrics_skip_tracking":false,"_exactmetrics_sitenote_active":false,"_exactmetrics_sitenote_note":"","_exactmetrics_sitenote_category":0,"footnotes":""},"categories":[14],"tags":[27],"class_list":["post-118151","post","type-post","status-publish","format-standard","has-post-thumbnail","hentry","category-viana-do-castelo","tag-sociedade"],"yoast_head":"<!-- This site is optimized with the Yoast SEO Premium plugin v27.4 (Yoast SEO v27.4) - https:\/\/yoast.com\/product\/yoast-seo-premium-wordpress\/ -->\n<title>Open Days de Inform\u00e1tica do Polit\u00e9cnico de Viana do Castelo ligam estudantes ao mercado de trabalho e \u00e0 inova\u00e7\u00e3o<\/title>\n<meta name=\"description\" content=\"Open Days de Inform\u00e1tica do Polit\u00e9cnico de Viana do Castelo ligam estudantes ao mercado de trabalho e \u00e0 inova\u00e7\u00e3o.\" \/>\n<meta name=\"robots\" content=\"index, follow, max-snippet:-1, max-image-preview:large, max-video-preview:-1\" \/>\n<link rel=\"canonical\" href=\"https:\/\/www.altominho.tv\/site\/2025\/05\/14\/viana-do-castelo-ipvc-2\/\" \/>\n<meta property=\"og:locale\" content=\"pt_PT\" \/>\n<meta property=\"og:type\" content=\"article\" \/>\n<meta property=\"og:title\" content=\"Open Days de Inform\u00e1tica do Polit\u00e9cnico de Viana do Castelo ligam estudantes ao mercado de trabalho e \u00e0 inova\u00e7\u00e3o\" \/>\n<meta property=\"og:description\" content=\"Open Days de Inform\u00e1tica do Polit\u00e9cnico de Viana do Castelo ligam estudantes ao mercado de trabalho e \u00e0 inova\u00e7\u00e3o.\" \/>\n<meta property=\"og:url\" content=\"https:\/\/www.altominho.tv\/site\/2025\/05\/14\/viana-do-castelo-ipvc-2\/\" \/>\n<meta property=\"og:site_name\" content=\"Altominho.tv\" \/>\n<meta property=\"article:publisher\" content=\"https:\/\/www.facebook.com\/altominhotv\" \/>\n<meta property=\"article:published_time\" content=\"2025-05-14T13:54:40+00:00\" \/>\n<meta property=\"article:modified_time\" content=\"2025-05-14T13:54:42+00:00\" \/>\n<meta property=\"og:image\" content=\"https:\/\/www.altominho.tv\/site\/wp-content\/uploads\/2025\/05\/estg.png\" \/>\n\t<meta property=\"og:image:width\" content=\"1200\" \/>\n\t<meta property=\"og:image:height\" content=\"630\" \/>\n\t<meta property=\"og:image:type\" content=\"image\/png\" \/>\n<meta name=\"author\" content=\"Andreia Cunha\" \/>\n<meta name=\"twitter:card\" content=\"summary_large_image\" \/>\n<meta name=\"twitter:creator\" content=\"@altominhoTV\" \/>\n<meta name=\"twitter:site\" content=\"@altominhoTV\" \/>\n<meta name=\"twitter:label1\" content=\"Escrito por\" \/>\n\t<meta name=\"twitter:data1\" content=\"Andreia Cunha\" \/>\n\t<meta name=\"twitter:label2\" content=\"Tempo estimado de leitura\" \/>\n\t<meta name=\"twitter:data2\" content=\"3 minutos\" \/>\n<script type=\"application\/ld+json\" class=\"yoast-schema-graph\">{\"@context\":\"https:\\\/\\\/schema.org\",\"@graph\":[{\"@type\":\"Article\",\"@id\":\"https:\\\/\\\/www.altominho.tv\\\/site\\\/2025\\\/05\\\/14\\\/viana-do-castelo-ipvc-2\\\/#article\",\"isPartOf\":{\"@id\":\"https:\\\/\\\/www.altominho.tv\\\/site\\\/2025\\\/05\\\/14\\\/viana-do-castelo-ipvc-2\\\/\"},\"author\":{\"name\":\"Andreia Cunha\",\"@id\":\"https:\\\/\\\/www.altominho.tv\\\/site\\\/#\\\/schema\\\/person\\\/a0e4ef6d041f98ca284393d8f1d97153\"},\"headline\":\"Open Days de Inform\u00e1tica do Polit\u00e9cnico de Viana do Castelo ligam estudantes ao mercado de trabalho e \u00e0 inova\u00e7\u00e3o\",\"datePublished\":\"2025-05-14T13:54:40+00:00\",\"dateModified\":\"2025-05-14T13:54:42+00:00\",\"mainEntityOfPage\":{\"@id\":\"https:\\\/\\\/www.altominho.tv\\\/site\\\/2025\\\/05\\\/14\\\/viana-do-castelo-ipvc-2\\\/\"},\"wordCount\":460,\"image\":{\"@id\":\"https:\\\/\\\/www.altominho.tv\\\/site\\\/2025\\\/05\\\/14\\\/viana-do-castelo-ipvc-2\\\/#primaryimage\"},\"thumbnailUrl\":\"https:\\\/\\\/www.altominho.tv\\\/site\\\/wp-content\\\/uploads\\\/2025\\\/05\\\/estg.png\",\"keywords\":[\"Sociedade\"],\"articleSection\":[\"Viana do Castelo\"],\"inLanguage\":\"pt-PT\",\"copyrightYear\":\"2025\",\"copyrightHolder\":{\"@id\":\"https:\\\/\\\/www.altominho.tv\\\/site\\\/#organization\"}},{\"@type\":\"WebPage\",\"@id\":\"https:\\\/\\\/www.altominho.tv\\\/site\\\/2025\\\/05\\\/14\\\/viana-do-castelo-ipvc-2\\\/\",\"url\":\"https:\\\/\\\/www.altominho.tv\\\/site\\\/2025\\\/05\\\/14\\\/viana-do-castelo-ipvc-2\\\/\",\"name\":\"Open Days de Inform\u00e1tica do Polit\u00e9cnico de Viana do Castelo ligam estudantes ao mercado de trabalho e \u00e0 inova\u00e7\u00e3o\",\"isPartOf\":{\"@id\":\"https:\\\/\\\/www.altominho.tv\\\/site\\\/#website\"},\"primaryImageOfPage\":{\"@id\":\"https:\\\/\\\/www.altominho.tv\\\/site\\\/2025\\\/05\\\/14\\\/viana-do-castelo-ipvc-2\\\/#primaryimage\"},\"image\":{\"@id\":\"https:\\\/\\\/www.altominho.tv\\\/site\\\/2025\\\/05\\\/14\\\/viana-do-castelo-ipvc-2\\\/#primaryimage\"},\"thumbnailUrl\":\"https:\\\/\\\/www.altominho.tv\\\/site\\\/wp-content\\\/uploads\\\/2025\\\/05\\\/estg.png\",\"datePublished\":\"2025-05-14T13:54:40+00:00\",\"dateModified\":\"2025-05-14T13:54:42+00:00\",\"author\":{\"@id\":\"https:\\\/\\\/www.altominho.tv\\\/site\\\/#\\\/schema\\\/person\\\/a0e4ef6d041f98ca284393d8f1d97153\"},\"description\":\"Open Days de Inform\u00e1tica do Polit\u00e9cnico de Viana do Castelo ligam estudantes ao mercado de trabalho e \u00e0 inova\u00e7\u00e3o.\",\"breadcrumb\":{\"@id\":\"https:\\\/\\\/www.altominho.tv\\\/site\\\/2025\\\/05\\\/14\\\/viana-do-castelo-ipvc-2\\\/#breadcrumb\"},\"inLanguage\":\"pt-PT\",\"potentialAction\":[{\"@type\":\"ReadAction\",\"target\":[\"https:\\\/\\\/www.altominho.tv\\\/site\\\/2025\\\/05\\\/14\\\/viana-do-castelo-ipvc-2\\\/\"]}]},{\"@type\":\"ImageObject\",\"inLanguage\":\"pt-PT\",\"@id\":\"https:\\\/\\\/www.altominho.tv\\\/site\\\/2025\\\/05\\\/14\\\/viana-do-castelo-ipvc-2\\\/#primaryimage\",\"url\":\"https:\\\/\\\/www.altominho.tv\\\/site\\\/wp-content\\\/uploads\\\/2025\\\/05\\\/estg.png\",\"contentUrl\":\"https:\\\/\\\/www.altominho.tv\\\/site\\\/wp-content\\\/uploads\\\/2025\\\/05\\\/estg.png\",\"width\":1200,\"height\":630},{\"@type\":\"BreadcrumbList\",\"@id\":\"https:\\\/\\\/www.altominho.tv\\\/site\\\/2025\\\/05\\\/14\\\/viana-do-castelo-ipvc-2\\\/#breadcrumb\",\"itemListElement\":[{\"@type\":\"ListItem\",\"position\":1,\"name\":\"In\u00edcio\",\"item\":\"https:\\\/\\\/www.altominho.tv\\\/site\\\/\"},{\"@type\":\"ListItem\",\"position\":2,\"name\":\"Open Days de Inform\u00e1tica do Polit\u00e9cnico de Viana do Castelo ligam estudantes ao mercado de trabalho e \u00e0 inova\u00e7\u00e3o\"}]},{\"@type\":\"WebSite\",\"@id\":\"https:\\\/\\\/www.altominho.tv\\\/site\\\/#website\",\"url\":\"https:\\\/\\\/www.altominho.tv\\\/site\\\/\",\"name\":\"Altominho.tv\",\"description\":\"A sua regi\u00e3o \u00e0 dist\u00e2ncia de um clique...\",\"potentialAction\":[{\"@type\":\"SearchAction\",\"target\":{\"@type\":\"EntryPoint\",\"urlTemplate\":\"https:\\\/\\\/www.altominho.tv\\\/site\\\/?s={search_term_string}\"},\"query-input\":{\"@type\":\"PropertyValueSpecification\",\"valueRequired\":true,\"valueName\":\"search_term_string\"}}],\"inLanguage\":\"pt-PT\"},{\"@type\":\"Person\",\"@id\":\"https:\\\/\\\/www.altominho.tv\\\/site\\\/#\\\/schema\\\/person\\\/a0e4ef6d041f98ca284393d8f1d97153\",\"name\":\"Andreia Cunha\",\"image\":{\"@type\":\"ImageObject\",\"inLanguage\":\"pt-PT\",\"@id\":\"https:\\\/\\\/www.altominho.tv\\\/site\\\/wp-content\\\/uploads\\\/2017\\\/11\\\/Andreia_Cunha-1-150x150.jpg\",\"url\":\"https:\\\/\\\/www.altominho.tv\\\/site\\\/wp-content\\\/uploads\\\/2017\\\/11\\\/Andreia_Cunha-1-150x150.jpg\",\"contentUrl\":\"https:\\\/\\\/www.altominho.tv\\\/site\\\/wp-content\\\/uploads\\\/2017\\\/11\\\/Andreia_Cunha-1-150x150.jpg\",\"caption\":\"Andreia Cunha\"},\"url\":\"https:\\\/\\\/www.altominho.tv\\\/site\\\/author\\\/andreiacunha\\\/\"}]}<\/script>\n<!-- \/ Yoast SEO Premium plugin. -->","yoast_head_json":{"title":"Open Days de Inform\u00e1tica do Polit\u00e9cnico de Viana do Castelo ligam estudantes ao mercado de trabalho e \u00e0 inova\u00e7\u00e3o","description":"Open Days de Inform\u00e1tica do Polit\u00e9cnico de Viana do Castelo ligam estudantes ao mercado de trabalho e \u00e0 inova\u00e7\u00e3o.","robots":{"index":"index","follow":"follow","max-snippet":"max-snippet:-1","max-image-preview":"max-image-preview:large","max-video-preview":"max-video-preview:-1"},"canonical":"https:\/\/www.altominho.tv\/site\/2025\/05\/14\/viana-do-castelo-ipvc-2\/","og_locale":"pt_PT","og_type":"article","og_title":"Open Days de Inform\u00e1tica do Polit\u00e9cnico de Viana do Castelo ligam estudantes ao mercado de trabalho e \u00e0 inova\u00e7\u00e3o","og_description":"Open Days de Inform\u00e1tica do Polit\u00e9cnico de Viana do Castelo ligam estudantes ao mercado de trabalho e \u00e0 inova\u00e7\u00e3o.","og_url":"https:\/\/www.altominho.tv\/site\/2025\/05\/14\/viana-do-castelo-ipvc-2\/","og_site_name":"Altominho.tv","article_publisher":"https:\/\/www.facebook.com\/altominhotv","article_published_time":"2025-05-14T13:54:40+00:00","article_modified_time":"2025-05-14T13:54:42+00:00","og_image":[{"width":1200,"height":630,"url":"https:\/\/www.altominho.tv\/site\/wp-content\/uploads\/2025\/05\/estg.png","type":"image\/png"}],"author":"Andreia Cunha","twitter_card":"summary_large_image","twitter_creator":"@altominhoTV","twitter_site":"@altominhoTV","twitter_misc":{"Escrito por":"Andreia Cunha","Tempo estimado de leitura":"3 minutos"},"schema":{"@context":"https:\/\/schema.org","@graph":[{"@type":"Article","@id":"https:\/\/www.altominho.tv\/site\/2025\/05\/14\/viana-do-castelo-ipvc-2\/#article","isPartOf":{"@id":"https:\/\/www.altominho.tv\/site\/2025\/05\/14\/viana-do-castelo-ipvc-2\/"},"author":{"name":"Andreia Cunha","@id":"https:\/\/www.altominho.tv\/site\/#\/schema\/person\/a0e4ef6d041f98ca284393d8f1d97153"},"headline":"Open Days de Inform\u00e1tica do Polit\u00e9cnico de Viana do Castelo ligam estudantes ao mercado de trabalho e \u00e0 inova\u00e7\u00e3o","datePublished":"2025-05-14T13:54:40+00:00","dateModified":"2025-05-14T13:54:42+00:00","mainEntityOfPage":{"@id":"https:\/\/www.altominho.tv\/site\/2025\/05\/14\/viana-do-castelo-ipvc-2\/"},"wordCount":460,"image":{"@id":"https:\/\/www.altominho.tv\/site\/2025\/05\/14\/viana-do-castelo-ipvc-2\/#primaryimage"},"thumbnailUrl":"https:\/\/www.altominho.tv\/site\/wp-content\/uploads\/2025\/05\/estg.png","keywords":["Sociedade"],"articleSection":["Viana do Castelo"],"inLanguage":"pt-PT","copyrightYear":"2025","copyrightHolder":{"@id":"https:\/\/www.altominho.tv\/site\/#organization"}},{"@type":"WebPage","@id":"https:\/\/www.altominho.tv\/site\/2025\/05\/14\/viana-do-castelo-ipvc-2\/","url":"https:\/\/www.altominho.tv\/site\/2025\/05\/14\/viana-do-castelo-ipvc-2\/","name":"Open Days de Inform\u00e1tica do Polit\u00e9cnico de Viana do Castelo ligam estudantes ao mercado de trabalho e \u00e0 inova\u00e7\u00e3o","isPartOf":{"@id":"https:\/\/www.altominho.tv\/site\/#website"},"primaryImageOfPage":{"@id":"https:\/\/www.altominho.tv\/site\/2025\/05\/14\/viana-do-castelo-ipvc-2\/#primaryimage"},"image":{"@id":"https:\/\/www.altominho.tv\/site\/2025\/05\/14\/viana-do-castelo-ipvc-2\/#primaryimage"},"thumbnailUrl":"https:\/\/www.altominho.tv\/site\/wp-content\/uploads\/2025\/05\/estg.png","datePublished":"2025-05-14T13:54:40+00:00","dateModified":"2025-05-14T13:54:42+00:00","author":{"@id":"https:\/\/www.altominho.tv\/site\/#\/schema\/person\/a0e4ef6d041f98ca284393d8f1d97153"},"description":"Open Days de Inform\u00e1tica do Polit\u00e9cnico de Viana do Castelo ligam estudantes ao mercado de trabalho e \u00e0 inova\u00e7\u00e3o.","breadcrumb":{"@id":"https:\/\/www.altominho.tv\/site\/2025\/05\/14\/viana-do-castelo-ipvc-2\/#breadcrumb"},"inLanguage":"pt-PT","potentialAction":[{"@type":"ReadAction","target":["https:\/\/www.altominho.tv\/site\/2025\/05\/14\/viana-do-castelo-ipvc-2\/"]}]},{"@type":"ImageObject","inLanguage":"pt-PT","@id":"https:\/\/www.altominho.tv\/site\/2025\/05\/14\/viana-do-castelo-ipvc-2\/#primaryimage","url":"https:\/\/www.altominho.tv\/site\/wp-content\/uploads\/2025\/05\/estg.png","contentUrl":"https:\/\/www.altominho.tv\/site\/wp-content\/uploads\/2025\/05\/estg.png","width":1200,"height":630},{"@type":"BreadcrumbList","@id":"https:\/\/www.altominho.tv\/site\/2025\/05\/14\/viana-do-castelo-ipvc-2\/#breadcrumb","itemListElement":[{"@type":"ListItem","position":1,"name":"In\u00edcio","item":"https:\/\/www.altominho.tv\/site\/"},{"@type":"ListItem","position":2,"name":"Open Days de Inform\u00e1tica do Polit\u00e9cnico de Viana do Castelo ligam estudantes ao mercado de trabalho e \u00e0 inova\u00e7\u00e3o"}]},{"@type":"WebSite","@id":"https:\/\/www.altominho.tv\/site\/#website","url":"https:\/\/www.altominho.tv\/site\/","name":"Altominho.tv","description":"A sua regi\u00e3o \u00e0 dist\u00e2ncia de um clique...","potentialAction":[{"@type":"SearchAction","target":{"@type":"EntryPoint","urlTemplate":"https:\/\/www.altominho.tv\/site\/?s={search_term_string}"},"query-input":{"@type":"PropertyValueSpecification","valueRequired":true,"valueName":"search_term_string"}}],"inLanguage":"pt-PT"},{"@type":"Person","@id":"https:\/\/www.altominho.tv\/site\/#\/schema\/person\/a0e4ef6d041f98ca284393d8f1d97153","name":"Andreia Cunha","image":{"@type":"ImageObject","inLanguage":"pt-PT","@id":"https:\/\/www.altominho.tv\/site\/wp-content\/uploads\/2017\/11\/Andreia_Cunha-1-150x150.jpg","url":"https:\/\/www.altominho.tv\/site\/wp-content\/uploads\/2017\/11\/Andreia_Cunha-1-150x150.jpg","contentUrl":"https:\/\/www.altominho.tv\/site\/wp-content\/uploads\/2017\/11\/Andreia_Cunha-1-150x150.jpg","caption":"Andreia Cunha"},"url":"https:\/\/www.altominho.tv\/site\/author\/andreiacunha\/"}]}},"_links":{"self":[{"href":"https:\/\/www.altominho.tv\/site\/wp-json\/wp\/v2\/posts\/118151","targetHints":{"allow":["GET"]}}],"collection":[{"href":"https:\/\/www.altominho.tv\/site\/wp-json\/wp\/v2\/posts"}],"about":[{"href":"https:\/\/www.altominho.tv\/site\/wp-json\/wp\/v2\/types\/post"}],"author":[{"embeddable":true,"href":"https:\/\/www.altominho.tv\/site\/wp-json\/wp\/v2\/users\/7"}],"replies":[{"embeddable":true,"href":"https:\/\/www.altominho.tv\/site\/wp-json\/wp\/v2\/comments?post=118151"}],"version-history":[{"count":1,"href":"https:\/\/www.altominho.tv\/site\/wp-json\/wp\/v2\/posts\/118151\/revisions"}],"predecessor-version":[{"id":118159,"href":"https:\/\/www.altominho.tv\/site\/wp-json\/wp\/v2\/posts\/118151\/revisions\/118159"}],"wp:featuredmedia":[{"embeddable":true,"href":"https:\/\/www.altominho.tv\/site\/wp-json\/wp\/v2\/media\/118158"}],"wp:attachment":[{"href":"https:\/\/www.altominho.tv\/site\/wp-json\/wp\/v2\/media?parent=118151"}],"wp:term":[{"taxonomy":"category","embeddable":true,"href":"https:\/\/www.altominho.tv\/site\/wp-json\/wp\/v2\/categories?post=118151"},{"taxonomy":"post_tag","embeddable":true,"href":"https:\/\/www.altominho.tv\/site\/wp-json\/wp\/v2\/tags?post=118151"}],"curies":[{"name":"wp","href":"https:\/\/api.w.org\/{rel}","templated":true}]}}