{"id":118117,"date":"2025-05-13T15:38:52","date_gmt":"2025-05-13T14:38:52","guid":{"rendered":"https:\/\/www.altominho.tv\/site\/?p=118117"},"modified":"2025-05-13T15:38:55","modified_gmt":"2025-05-13T14:38:55","slug":"paredes-de-coura-cultura-6","status":"publish","type":"post","link":"https:\/\/www.altominho.tv\/site\/2025\/05\/13\/paredes-de-coura-cultura-6\/","title":{"rendered":"Cour\u00e1via\u00a0e Reminisc\u00eancias do Alentejo estreiam no Ciclo de Poliniza\u00e7\u00e3o Musical"},"content":{"rendered":"\n<p>Quatro talentosos criadores contempor\u00e2neos, Gileno Santana, Bruno Pernadas, Ang\u00e9lica Salvi e Carlos Barretto, re\u00fanem-se em torno do projeto Cour\u00e1via, para trazer \u00e0 abertura do segundo fim de semana do Ciclo de Poliniza\u00e7\u00e3o Musical de Paredes de Coura a interse\u00e7\u00e3o entre tradi\u00e7\u00e3o e experimenta\u00e7\u00e3o, &#8220;num mergulho em texturas sonoras \u00fanicas, combinando influ\u00eancias do jazz, m\u00fasica erudita, eletr\u00f3nica e improvisa\u00e7\u00e3o livre&#8221;. <\/p>\n\n\n\n<p>O espet\u00e1culo tem lugar esta sexta-feira, dia 16 de maio, pelas 21h30, no Centro Cultural, num programa de entrada livre com concertos e atividades dedicadas a diferentes g\u00e9neros musicais, incluindo estreias e artistas nacionais e estrangeiros.<\/p>\n\n\n\n<p>Para al\u00e9m da estreia do Cour\u00e1via, cujo espet\u00e1culo \u00e9 o resultado de uma resid\u00eancia art\u00edstica no \u00e2mbito do Ciclo de Poliniza\u00e7\u00e3o Musical, o outro concerto in\u00e9dito \u00e9 Reminisc\u00eancias do Alentejo do Trio Son\u00e2ncia, um projeto dos artistas courense Rita Barbosa com Francisco Ber\u00e9ny Domingues e Hugo Sim\u00f5es, na tarde de s\u00e1bado, pelas 17h00, na Capela do Esp\u00edrito Santo, e que mistura a tradi\u00e7\u00e3o alentejana com a m\u00fasica erudita e contempor\u00e2nea, com a particularidade de incluir a estreia absoluta de obras dos compositores \u00d3scar Rodrigues e Jo\u00e3o Diogo Leit\u00e3o.<\/p>\n\n\n\n<p>Neste fim de semana ser\u00e1 tamb\u00e9m poss\u00edvel ainda ver e ouvir Arianna Casellas y Kau\u00ea \u2013 o folk que cruza as inf\u00e2ncias em Caracas, os ecos do Rio Grande do Sul, as juventudes no Porto e as paisagens de Tr\u00e1s-os-Montes &#8211;, os espet\u00e1culos para fam\u00edlias Canto Medo Espanto e Tatabitato da Gira Sol Azul, e ainda participar num Workshop de Forr\u00f3 orientado por Matheus Carvalho Teixeira e com m\u00fasica ao vivo do trio Raiz do Norte.<\/p>\n\n\n\n<p>O Ciclo de Poliniza\u00e7\u00e3o Musical \u00e9 promovido pelo Munic\u00edpio de Paredes de Coura no \u00e2mbito da programa\u00e7\u00e3o do Centro Cultural de Paredes de Coura, contando com o apoio da Rede de Teatros e Cineteatros Portugueses \/ Dire\u00e7\u00e3o-Geral das Artes.<\/p>\n\n\n\n<p>Conta ainda com parceria de programa\u00e7\u00e3o da Associa\u00e7\u00e3o Cultural Rock\u2019n\u2019Cave e da Associa\u00e7\u00e3o Porta-Jazz.<\/p>\n\n\n\n<figure class=\"wp-block-image size-full\"><img loading=\"lazy\" decoding=\"async\" width=\"836\" height=\"448\" src=\"https:\/\/www.altominho.tv\/site\/wp-content\/uploads\/2025\/05\/Trio-Sonancia1-860-836x448-1.jpeg\" alt=\"\" class=\"wp-image-118119\" srcset=\"https:\/\/www.altominho.tv\/site\/wp-content\/uploads\/2025\/05\/Trio-Sonancia1-860-836x448-1.jpeg 836w, https:\/\/www.altominho.tv\/site\/wp-content\/uploads\/2025\/05\/Trio-Sonancia1-860-836x448-1-770x413.jpeg 770w, https:\/\/www.altominho.tv\/site\/wp-content\/uploads\/2025\/05\/Trio-Sonancia1-860-836x448-1-768x412.jpeg 768w, https:\/\/www.altominho.tv\/site\/wp-content\/uploads\/2025\/05\/Trio-Sonancia1-860-836x448-1-370x198.jpeg 370w, https:\/\/www.altominho.tv\/site\/wp-content\/uploads\/2025\/05\/Trio-Sonancia1-860-836x448-1-270x145.jpeg 270w, https:\/\/www.altominho.tv\/site\/wp-content\/uploads\/2025\/05\/Trio-Sonancia1-860-836x448-1-570x305.jpeg 570w, https:\/\/www.altominho.tv\/site\/wp-content\/uploads\/2025\/05\/Trio-Sonancia1-860-836x448-1-740x397.jpeg 740w\" sizes=\"auto, (max-width: 836px) 100vw, 836px\" \/><\/figure>\n","protected":false},"excerpt":{"rendered":"<p>Quatro talentosos criadores contempor\u00e2neos, Gileno Santana, Bruno Pernadas, Ang\u00e9lica Salvi e Carlos Barretto, re\u00fanem-se em torno do projeto Cour\u00e1via, para trazer \u00e0 abertura do segundo fim de semana do Ciclo de Poliniza\u00e7\u00e3o Musical de Paredes de Coura a interse\u00e7\u00e3o entre tradi\u00e7\u00e3o e experimenta\u00e7\u00e3o, &#8220;num mergulho em texturas sonoras \u00fanicas, combinando influ\u00eancias do jazz, m\u00fasica erudita, [&hellip;]<\/p>\n","protected":false},"author":7,"featured_media":118120,"comment_status":"closed","ping_status":"closed","sticky":false,"template":"","format":"standard","meta":{"_exactmetrics_skip_tracking":false,"_exactmetrics_sitenote_active":false,"_exactmetrics_sitenote_note":"","_exactmetrics_sitenote_category":0,"footnotes":""},"categories":[10],"tags":[19,24],"class_list":["post-118117","post","type-post","status-publish","format-standard","has-post-thumbnail","hentry","category-paredes-de-coura","tag-cultura","tag-lazer"],"yoast_head":"<!-- This site is optimized with the Yoast SEO Premium plugin v27.4 (Yoast SEO v27.4) - https:\/\/yoast.com\/product\/yoast-seo-premium-wordpress\/ -->\n<title>Cour\u00e1via\u00a0e Reminisc\u00eancias do Alentejo estreiam no Ciclo de Poliniza\u00e7\u00e3o Musical<\/title>\n<meta name=\"description\" content=\"Cour\u00e1via e Reminisc\u00eancias do Alentejo estreiam no Ciclo de Poliniza\u00e7\u00e3o Musical, em Paredes de Coura.\" \/>\n<meta name=\"robots\" content=\"index, follow, max-snippet:-1, max-image-preview:large, max-video-preview:-1\" \/>\n<link rel=\"canonical\" href=\"https:\/\/www.altominho.tv\/site\/2025\/05\/13\/paredes-de-coura-cultura-6\/\" \/>\n<meta property=\"og:locale\" content=\"pt_PT\" \/>\n<meta property=\"og:type\" content=\"article\" \/>\n<meta property=\"og:title\" content=\"Cour\u00e1via\u00a0e Reminisc\u00eancias do Alentejo estreiam no Ciclo de Poliniza\u00e7\u00e3o Musical\" \/>\n<meta property=\"og:description\" content=\"Cour\u00e1via e Reminisc\u00eancias do Alentejo estreiam no Ciclo de Poliniza\u00e7\u00e3o Musical, em Paredes de Coura.\" \/>\n<meta property=\"og:url\" content=\"https:\/\/www.altominho.tv\/site\/2025\/05\/13\/paredes-de-coura-cultura-6\/\" \/>\n<meta property=\"og:site_name\" content=\"Altominho.tv\" \/>\n<meta property=\"article:publisher\" content=\"https:\/\/www.facebook.com\/altominhotv\" \/>\n<meta property=\"article:published_time\" content=\"2025-05-13T14:38:52+00:00\" \/>\n<meta property=\"article:modified_time\" content=\"2025-05-13T14:38:55+00:00\" \/>\n<meta property=\"og:image\" content=\"https:\/\/www.altominho.tv\/site\/wp-content\/uploads\/2025\/05\/couravia.png\" \/>\n\t<meta property=\"og:image:width\" content=\"1200\" \/>\n\t<meta property=\"og:image:height\" content=\"630\" \/>\n\t<meta property=\"og:image:type\" content=\"image\/png\" \/>\n<meta name=\"author\" content=\"Andreia Cunha\" \/>\n<meta name=\"twitter:card\" content=\"summary_large_image\" \/>\n<meta name=\"twitter:creator\" content=\"@altominhoTV\" \/>\n<meta name=\"twitter:site\" content=\"@altominhoTV\" \/>\n<meta name=\"twitter:label1\" content=\"Escrito por\" \/>\n\t<meta name=\"twitter:data1\" content=\"Andreia Cunha\" \/>\n\t<meta name=\"twitter:label2\" content=\"Tempo estimado de leitura\" \/>\n\t<meta name=\"twitter:data2\" content=\"3 minutos\" \/>\n<script type=\"application\/ld+json\" class=\"yoast-schema-graph\">{\"@context\":\"https:\\\/\\\/schema.org\",\"@graph\":[{\"@type\":\"Article\",\"@id\":\"https:\\\/\\\/www.altominho.tv\\\/site\\\/2025\\\/05\\\/13\\\/paredes-de-coura-cultura-6\\\/#article\",\"isPartOf\":{\"@id\":\"https:\\\/\\\/www.altominho.tv\\\/site\\\/2025\\\/05\\\/13\\\/paredes-de-coura-cultura-6\\\/\"},\"author\":{\"name\":\"Andreia Cunha\",\"@id\":\"https:\\\/\\\/www.altominho.tv\\\/site\\\/#\\\/schema\\\/person\\\/a0e4ef6d041f98ca284393d8f1d97153\"},\"headline\":\"Cour\u00e1via\u00a0e Reminisc\u00eancias do Alentejo estreiam no Ciclo de Poliniza\u00e7\u00e3o Musical\",\"datePublished\":\"2025-05-13T14:38:52+00:00\",\"dateModified\":\"2025-05-13T14:38:55+00:00\",\"mainEntityOfPage\":{\"@id\":\"https:\\\/\\\/www.altominho.tv\\\/site\\\/2025\\\/05\\\/13\\\/paredes-de-coura-cultura-6\\\/\"},\"wordCount\":367,\"image\":{\"@id\":\"https:\\\/\\\/www.altominho.tv\\\/site\\\/2025\\\/05\\\/13\\\/paredes-de-coura-cultura-6\\\/#primaryimage\"},\"thumbnailUrl\":\"https:\\\/\\\/www.altominho.tv\\\/site\\\/wp-content\\\/uploads\\\/2025\\\/05\\\/couravia.png\",\"keywords\":[\"Cultura\",\"Lazer\"],\"articleSection\":[\"Paredes de Coura\"],\"inLanguage\":\"pt-PT\",\"copyrightYear\":\"2025\",\"copyrightHolder\":{\"@id\":\"https:\\\/\\\/www.altominho.tv\\\/site\\\/#organization\"}},{\"@type\":\"WebPage\",\"@id\":\"https:\\\/\\\/www.altominho.tv\\\/site\\\/2025\\\/05\\\/13\\\/paredes-de-coura-cultura-6\\\/\",\"url\":\"https:\\\/\\\/www.altominho.tv\\\/site\\\/2025\\\/05\\\/13\\\/paredes-de-coura-cultura-6\\\/\",\"name\":\"Cour\u00e1via\u00a0e Reminisc\u00eancias do Alentejo estreiam no Ciclo de Poliniza\u00e7\u00e3o Musical\",\"isPartOf\":{\"@id\":\"https:\\\/\\\/www.altominho.tv\\\/site\\\/#website\"},\"primaryImageOfPage\":{\"@id\":\"https:\\\/\\\/www.altominho.tv\\\/site\\\/2025\\\/05\\\/13\\\/paredes-de-coura-cultura-6\\\/#primaryimage\"},\"image\":{\"@id\":\"https:\\\/\\\/www.altominho.tv\\\/site\\\/2025\\\/05\\\/13\\\/paredes-de-coura-cultura-6\\\/#primaryimage\"},\"thumbnailUrl\":\"https:\\\/\\\/www.altominho.tv\\\/site\\\/wp-content\\\/uploads\\\/2025\\\/05\\\/couravia.png\",\"datePublished\":\"2025-05-13T14:38:52+00:00\",\"dateModified\":\"2025-05-13T14:38:55+00:00\",\"author\":{\"@id\":\"https:\\\/\\\/www.altominho.tv\\\/site\\\/#\\\/schema\\\/person\\\/a0e4ef6d041f98ca284393d8f1d97153\"},\"description\":\"Cour\u00e1via e Reminisc\u00eancias do Alentejo estreiam no Ciclo de Poliniza\u00e7\u00e3o Musical, em Paredes de Coura.\",\"breadcrumb\":{\"@id\":\"https:\\\/\\\/www.altominho.tv\\\/site\\\/2025\\\/05\\\/13\\\/paredes-de-coura-cultura-6\\\/#breadcrumb\"},\"inLanguage\":\"pt-PT\",\"potentialAction\":[{\"@type\":\"ReadAction\",\"target\":[\"https:\\\/\\\/www.altominho.tv\\\/site\\\/2025\\\/05\\\/13\\\/paredes-de-coura-cultura-6\\\/\"]}]},{\"@type\":\"ImageObject\",\"inLanguage\":\"pt-PT\",\"@id\":\"https:\\\/\\\/www.altominho.tv\\\/site\\\/2025\\\/05\\\/13\\\/paredes-de-coura-cultura-6\\\/#primaryimage\",\"url\":\"https:\\\/\\\/www.altominho.tv\\\/site\\\/wp-content\\\/uploads\\\/2025\\\/05\\\/couravia.png\",\"contentUrl\":\"https:\\\/\\\/www.altominho.tv\\\/site\\\/wp-content\\\/uploads\\\/2025\\\/05\\\/couravia.png\",\"width\":1200,\"height\":630},{\"@type\":\"BreadcrumbList\",\"@id\":\"https:\\\/\\\/www.altominho.tv\\\/site\\\/2025\\\/05\\\/13\\\/paredes-de-coura-cultura-6\\\/#breadcrumb\",\"itemListElement\":[{\"@type\":\"ListItem\",\"position\":1,\"name\":\"In\u00edcio\",\"item\":\"https:\\\/\\\/www.altominho.tv\\\/site\\\/\"},{\"@type\":\"ListItem\",\"position\":2,\"name\":\"Cour\u00e1via\u00a0e Reminisc\u00eancias do Alentejo estreiam no Ciclo de Poliniza\u00e7\u00e3o Musical\"}]},{\"@type\":\"WebSite\",\"@id\":\"https:\\\/\\\/www.altominho.tv\\\/site\\\/#website\",\"url\":\"https:\\\/\\\/www.altominho.tv\\\/site\\\/\",\"name\":\"Altominho.tv\",\"description\":\"A sua regi\u00e3o \u00e0 dist\u00e2ncia de um clique...\",\"potentialAction\":[{\"@type\":\"SearchAction\",\"target\":{\"@type\":\"EntryPoint\",\"urlTemplate\":\"https:\\\/\\\/www.altominho.tv\\\/site\\\/?s={search_term_string}\"},\"query-input\":{\"@type\":\"PropertyValueSpecification\",\"valueRequired\":true,\"valueName\":\"search_term_string\"}}],\"inLanguage\":\"pt-PT\"},{\"@type\":\"Person\",\"@id\":\"https:\\\/\\\/www.altominho.tv\\\/site\\\/#\\\/schema\\\/person\\\/a0e4ef6d041f98ca284393d8f1d97153\",\"name\":\"Andreia Cunha\",\"image\":{\"@type\":\"ImageObject\",\"inLanguage\":\"pt-PT\",\"@id\":\"https:\\\/\\\/www.altominho.tv\\\/site\\\/wp-content\\\/uploads\\\/2017\\\/11\\\/Andreia_Cunha-1-150x150.jpg\",\"url\":\"https:\\\/\\\/www.altominho.tv\\\/site\\\/wp-content\\\/uploads\\\/2017\\\/11\\\/Andreia_Cunha-1-150x150.jpg\",\"contentUrl\":\"https:\\\/\\\/www.altominho.tv\\\/site\\\/wp-content\\\/uploads\\\/2017\\\/11\\\/Andreia_Cunha-1-150x150.jpg\",\"caption\":\"Andreia Cunha\"},\"url\":\"https:\\\/\\\/www.altominho.tv\\\/site\\\/author\\\/andreiacunha\\\/\"}]}<\/script>\n<!-- \/ Yoast SEO Premium plugin. -->","yoast_head_json":{"title":"Cour\u00e1via\u00a0e Reminisc\u00eancias do Alentejo estreiam no Ciclo de Poliniza\u00e7\u00e3o Musical","description":"Cour\u00e1via e Reminisc\u00eancias do Alentejo estreiam no Ciclo de Poliniza\u00e7\u00e3o Musical, em Paredes de Coura.","robots":{"index":"index","follow":"follow","max-snippet":"max-snippet:-1","max-image-preview":"max-image-preview:large","max-video-preview":"max-video-preview:-1"},"canonical":"https:\/\/www.altominho.tv\/site\/2025\/05\/13\/paredes-de-coura-cultura-6\/","og_locale":"pt_PT","og_type":"article","og_title":"Cour\u00e1via\u00a0e Reminisc\u00eancias do Alentejo estreiam no Ciclo de Poliniza\u00e7\u00e3o Musical","og_description":"Cour\u00e1via e Reminisc\u00eancias do Alentejo estreiam no Ciclo de Poliniza\u00e7\u00e3o Musical, em Paredes de Coura.","og_url":"https:\/\/www.altominho.tv\/site\/2025\/05\/13\/paredes-de-coura-cultura-6\/","og_site_name":"Altominho.tv","article_publisher":"https:\/\/www.facebook.com\/altominhotv","article_published_time":"2025-05-13T14:38:52+00:00","article_modified_time":"2025-05-13T14:38:55+00:00","og_image":[{"width":1200,"height":630,"url":"https:\/\/www.altominho.tv\/site\/wp-content\/uploads\/2025\/05\/couravia.png","type":"image\/png"}],"author":"Andreia Cunha","twitter_card":"summary_large_image","twitter_creator":"@altominhoTV","twitter_site":"@altominhoTV","twitter_misc":{"Escrito por":"Andreia Cunha","Tempo estimado de leitura":"3 minutos"},"schema":{"@context":"https:\/\/schema.org","@graph":[{"@type":"Article","@id":"https:\/\/www.altominho.tv\/site\/2025\/05\/13\/paredes-de-coura-cultura-6\/#article","isPartOf":{"@id":"https:\/\/www.altominho.tv\/site\/2025\/05\/13\/paredes-de-coura-cultura-6\/"},"author":{"name":"Andreia Cunha","@id":"https:\/\/www.altominho.tv\/site\/#\/schema\/person\/a0e4ef6d041f98ca284393d8f1d97153"},"headline":"Cour\u00e1via\u00a0e Reminisc\u00eancias do Alentejo estreiam no Ciclo de Poliniza\u00e7\u00e3o Musical","datePublished":"2025-05-13T14:38:52+00:00","dateModified":"2025-05-13T14:38:55+00:00","mainEntityOfPage":{"@id":"https:\/\/www.altominho.tv\/site\/2025\/05\/13\/paredes-de-coura-cultura-6\/"},"wordCount":367,"image":{"@id":"https:\/\/www.altominho.tv\/site\/2025\/05\/13\/paredes-de-coura-cultura-6\/#primaryimage"},"thumbnailUrl":"https:\/\/www.altominho.tv\/site\/wp-content\/uploads\/2025\/05\/couravia.png","keywords":["Cultura","Lazer"],"articleSection":["Paredes de Coura"],"inLanguage":"pt-PT","copyrightYear":"2025","copyrightHolder":{"@id":"https:\/\/www.altominho.tv\/site\/#organization"}},{"@type":"WebPage","@id":"https:\/\/www.altominho.tv\/site\/2025\/05\/13\/paredes-de-coura-cultura-6\/","url":"https:\/\/www.altominho.tv\/site\/2025\/05\/13\/paredes-de-coura-cultura-6\/","name":"Cour\u00e1via\u00a0e Reminisc\u00eancias do Alentejo estreiam no Ciclo de Poliniza\u00e7\u00e3o Musical","isPartOf":{"@id":"https:\/\/www.altominho.tv\/site\/#website"},"primaryImageOfPage":{"@id":"https:\/\/www.altominho.tv\/site\/2025\/05\/13\/paredes-de-coura-cultura-6\/#primaryimage"},"image":{"@id":"https:\/\/www.altominho.tv\/site\/2025\/05\/13\/paredes-de-coura-cultura-6\/#primaryimage"},"thumbnailUrl":"https:\/\/www.altominho.tv\/site\/wp-content\/uploads\/2025\/05\/couravia.png","datePublished":"2025-05-13T14:38:52+00:00","dateModified":"2025-05-13T14:38:55+00:00","author":{"@id":"https:\/\/www.altominho.tv\/site\/#\/schema\/person\/a0e4ef6d041f98ca284393d8f1d97153"},"description":"Cour\u00e1via e Reminisc\u00eancias do Alentejo estreiam no Ciclo de Poliniza\u00e7\u00e3o Musical, em Paredes de Coura.","breadcrumb":{"@id":"https:\/\/www.altominho.tv\/site\/2025\/05\/13\/paredes-de-coura-cultura-6\/#breadcrumb"},"inLanguage":"pt-PT","potentialAction":[{"@type":"ReadAction","target":["https:\/\/www.altominho.tv\/site\/2025\/05\/13\/paredes-de-coura-cultura-6\/"]}]},{"@type":"ImageObject","inLanguage":"pt-PT","@id":"https:\/\/www.altominho.tv\/site\/2025\/05\/13\/paredes-de-coura-cultura-6\/#primaryimage","url":"https:\/\/www.altominho.tv\/site\/wp-content\/uploads\/2025\/05\/couravia.png","contentUrl":"https:\/\/www.altominho.tv\/site\/wp-content\/uploads\/2025\/05\/couravia.png","width":1200,"height":630},{"@type":"BreadcrumbList","@id":"https:\/\/www.altominho.tv\/site\/2025\/05\/13\/paredes-de-coura-cultura-6\/#breadcrumb","itemListElement":[{"@type":"ListItem","position":1,"name":"In\u00edcio","item":"https:\/\/www.altominho.tv\/site\/"},{"@type":"ListItem","position":2,"name":"Cour\u00e1via\u00a0e Reminisc\u00eancias do Alentejo estreiam no Ciclo de Poliniza\u00e7\u00e3o Musical"}]},{"@type":"WebSite","@id":"https:\/\/www.altominho.tv\/site\/#website","url":"https:\/\/www.altominho.tv\/site\/","name":"Altominho.tv","description":"A sua regi\u00e3o \u00e0 dist\u00e2ncia de um clique...","potentialAction":[{"@type":"SearchAction","target":{"@type":"EntryPoint","urlTemplate":"https:\/\/www.altominho.tv\/site\/?s={search_term_string}"},"query-input":{"@type":"PropertyValueSpecification","valueRequired":true,"valueName":"search_term_string"}}],"inLanguage":"pt-PT"},{"@type":"Person","@id":"https:\/\/www.altominho.tv\/site\/#\/schema\/person\/a0e4ef6d041f98ca284393d8f1d97153","name":"Andreia Cunha","image":{"@type":"ImageObject","inLanguage":"pt-PT","@id":"https:\/\/www.altominho.tv\/site\/wp-content\/uploads\/2017\/11\/Andreia_Cunha-1-150x150.jpg","url":"https:\/\/www.altominho.tv\/site\/wp-content\/uploads\/2017\/11\/Andreia_Cunha-1-150x150.jpg","contentUrl":"https:\/\/www.altominho.tv\/site\/wp-content\/uploads\/2017\/11\/Andreia_Cunha-1-150x150.jpg","caption":"Andreia Cunha"},"url":"https:\/\/www.altominho.tv\/site\/author\/andreiacunha\/"}]}},"_links":{"self":[{"href":"https:\/\/www.altominho.tv\/site\/wp-json\/wp\/v2\/posts\/118117","targetHints":{"allow":["GET"]}}],"collection":[{"href":"https:\/\/www.altominho.tv\/site\/wp-json\/wp\/v2\/posts"}],"about":[{"href":"https:\/\/www.altominho.tv\/site\/wp-json\/wp\/v2\/types\/post"}],"author":[{"embeddable":true,"href":"https:\/\/www.altominho.tv\/site\/wp-json\/wp\/v2\/users\/7"}],"replies":[{"embeddable":true,"href":"https:\/\/www.altominho.tv\/site\/wp-json\/wp\/v2\/comments?post=118117"}],"version-history":[{"count":1,"href":"https:\/\/www.altominho.tv\/site\/wp-json\/wp\/v2\/posts\/118117\/revisions"}],"predecessor-version":[{"id":118122,"href":"https:\/\/www.altominho.tv\/site\/wp-json\/wp\/v2\/posts\/118117\/revisions\/118122"}],"wp:featuredmedia":[{"embeddable":true,"href":"https:\/\/www.altominho.tv\/site\/wp-json\/wp\/v2\/media\/118120"}],"wp:attachment":[{"href":"https:\/\/www.altominho.tv\/site\/wp-json\/wp\/v2\/media?parent=118117"}],"wp:term":[{"taxonomy":"category","embeddable":true,"href":"https:\/\/www.altominho.tv\/site\/wp-json\/wp\/v2\/categories?post=118117"},{"taxonomy":"post_tag","embeddable":true,"href":"https:\/\/www.altominho.tv\/site\/wp-json\/wp\/v2\/tags?post=118117"}],"curies":[{"name":"wp","href":"https:\/\/api.w.org\/{rel}","templated":true}]}}