{"id":118115,"date":"2025-05-13T15:38:54","date_gmt":"2025-05-13T14:38:54","guid":{"rendered":"https:\/\/www.altominho.tv\/site\/?p=118115"},"modified":"2025-05-13T15:38:56","modified_gmt":"2025-05-13T14:38:56","slug":"fundacao-bienal-arte-cerveira-assinala-dia-internacional-museus-entrada-gratuita","status":"publish","type":"post","link":"https:\/\/www.altominho.tv\/site\/2025\/05\/13\/fundacao-bienal-arte-cerveira-assinala-dia-internacional-museus-entrada-gratuita\/","title":{"rendered":"Funda\u00e7\u00e3o Bienal de Arte de Cerveira assinala o Dia Internacional dos Museus com entrada gratuita\u00a0"},"content":{"rendered":"<p class=\"p1\">No pr\u00f3ximo domingo, 18 de maio, o Museu Bienal de Cerveira convida o p\u00fablico a celebrar o Dia Internacional dos Museus com um \u201cDia Aberto\u201d que contempla entrada gratuita e uma visita orientada \u00e0s exposi\u00e7\u00f5es patentes, agendada para as 15h00.<\/p>\n<p class=\"p1\">A edi\u00e7\u00e3o de 2025 do Dia Internacional dos Museus, sob o tema \u201cMuseus para a Educa\u00e7\u00e3o e a Investiga\u00e7\u00e3o\u201d, destaca o papel dos museus como espa\u00e7os de acesso ao conhecimento, \u00e0 diversidade cultural e \u00e0 promo\u00e7\u00e3o de pensamento cr\u00edtico.<\/p>\n<p class=\"p1\">Neste contexto, a Funda\u00e7\u00e3o Bienal de Arte de Cerveira (FBAC), sob a sua miss\u00e3o de promover, investigar e difundir a arte contempor\u00e2nea, associa-se \u00e0 efem\u00e9ride com o mote do bi\u00e9nio 2025-2026 \u201cTerrit\u00f3rios sem Fronteira\u201d, propondo uma reflex\u00e3o sobre a capacidade da arte contempor\u00e2nea de derrubar barreiras geogr\u00e1ficas, sociais e simb\u00f3licas.<\/p>\n<p class=\"p1\">Para al\u00e9m da entrada gratuita, o p\u00fablico poder\u00e1 usufruir de uma visita orientada \u00e0s exposi\u00e7\u00f5es patentes \u201cPeople I saw but never met\u201d de Zadok Ben-David e \u201cSURREALISMO: Um salto no vazio\u201d pela Diretora Art\u00edstica, Mafalda Santos.<\/p>\n<p class=\"p1\">\n","protected":false},"excerpt":{"rendered":"<p>No pr\u00f3ximo domingo, 18 de maio, o Museu Bienal de Cerveira convida o p\u00fablico a celebrar o Dia Internacional dos Museus com um \u201cDia Aberto\u201d que contempla entrada gratuita e uma visita orientada \u00e0s exposi\u00e7\u00f5es patentes, agendada para as 15h00. A edi\u00e7\u00e3o de 2025 do Dia Internacional dos Museus, sob o tema \u201cMuseus para a [&hellip;]<\/p>\n","protected":false},"author":1,"featured_media":115665,"comment_status":"closed","ping_status":"closed","sticky":false,"template":"","format":"standard","meta":{"_exactmetrics_skip_tracking":false,"_exactmetrics_sitenote_active":false,"_exactmetrics_sitenote_note":"","_exactmetrics_sitenote_category":0,"footnotes":""},"categories":[15],"tags":[19,27],"class_list":["post-118115","post","type-post","status-publish","format-standard","has-post-thumbnail","hentry","category-vila-nova-de-cerveira","tag-cultura","tag-sociedade"],"yoast_head":"<!-- This site is optimized with the Yoast SEO Premium plugin v27.5 (Yoast SEO v27.5) - https:\/\/yoast.com\/product\/yoast-seo-premium-wordpress\/ -->\n<title>Funda\u00e7\u00e3o Bienal de Arte de Cerveira assinala o Dia Internacional dos Museus com entrada gratuita\u00a0<\/title>\n<meta name=\"description\" content=\"No pr\u00f3ximo domingo, 18 de maio, o Museu Bienal de Cerveira convida o p\u00fablico a celebrar o Dia Internacional dos Museus com um \u201cDia Aberto\u201d que contempla entrada gratuita e uma visita orientada \u00e0s exposi\u00e7\u00f5es patentes, agendada para as 15h00.\" \/>\n<meta name=\"robots\" content=\"index, follow, max-snippet:-1, max-image-preview:large, max-video-preview:-1\" \/>\n<link rel=\"canonical\" href=\"https:\/\/www.altominho.tv\/site\/2025\/05\/13\/fundacao-bienal-arte-cerveira-assinala-dia-internacional-museus-entrada-gratuita\/\" \/>\n<meta property=\"og:locale\" content=\"pt_PT\" \/>\n<meta property=\"og:type\" content=\"article\" \/>\n<meta property=\"og:title\" content=\"Funda\u00e7\u00e3o Bienal de Arte de Cerveira assinala o Dia Internacional dos Museus com entrada gratuita\u00a0\" \/>\n<meta property=\"og:description\" content=\"No pr\u00f3ximo domingo, 18 de maio, o Museu Bienal de Cerveira convida o p\u00fablico a celebrar o Dia Internacional dos Museus com um \u201cDia Aberto\u201d que contempla entrada gratuita e uma visita orientada \u00e0s exposi\u00e7\u00f5es patentes, agendada para as 15h00.\" \/>\n<meta property=\"og:url\" content=\"https:\/\/www.altominho.tv\/site\/2025\/05\/13\/fundacao-bienal-arte-cerveira-assinala-dia-internacional-museus-entrada-gratuita\/\" \/>\n<meta property=\"og:site_name\" content=\"Altominho.tv\" \/>\n<meta property=\"article:publisher\" content=\"https:\/\/www.facebook.com\/altominhotv\" \/>\n<meta property=\"article:published_time\" content=\"2025-05-13T14:38:54+00:00\" \/>\n<meta property=\"article:modified_time\" content=\"2025-05-13T14:38:56+00:00\" \/>\n<meta property=\"og:image\" content=\"https:\/\/www.altominho.tv\/site\/wp-content\/uploads\/2025\/03\/zadok-ben-david-.jpg\" \/>\n\t<meta property=\"og:image:width\" content=\"1200\" \/>\n\t<meta property=\"og:image:height\" content=\"630\" \/>\n\t<meta property=\"og:image:type\" content=\"image\/jpeg\" \/>\n<meta name=\"author\" content=\"Altominho.tv\" \/>\n<meta name=\"twitter:card\" content=\"summary_large_image\" \/>\n<meta name=\"twitter:creator\" content=\"@altominhoTV\" \/>\n<meta name=\"twitter:site\" content=\"@altominhoTV\" \/>\n<meta name=\"twitter:label1\" content=\"Escrito por\" \/>\n\t<meta name=\"twitter:data1\" content=\"Altominho.tv\" \/>\n\t<meta name=\"twitter:label2\" content=\"Tempo estimado de leitura\" \/>\n\t<meta name=\"twitter:data2\" content=\"2 minutos\" \/>\n<script type=\"application\/ld+json\" class=\"yoast-schema-graph\">{\"@context\":\"https:\\\/\\\/schema.org\",\"@graph\":[{\"@type\":\"Article\",\"@id\":\"https:\\\/\\\/www.altominho.tv\\\/site\\\/2025\\\/05\\\/13\\\/fundacao-bienal-arte-cerveira-assinala-dia-internacional-museus-entrada-gratuita\\\/#article\",\"isPartOf\":{\"@id\":\"https:\\\/\\\/www.altominho.tv\\\/site\\\/2025\\\/05\\\/13\\\/fundacao-bienal-arte-cerveira-assinala-dia-internacional-museus-entrada-gratuita\\\/\"},\"author\":{\"name\":\"Altominho.tv\",\"@id\":\"https:\\\/\\\/www.altominho.tv\\\/site\\\/#\\\/schema\\\/person\\\/4e536851627d7914baf3dac752b6af22\"},\"headline\":\"Funda\u00e7\u00e3o Bienal de Arte de Cerveira assinala o Dia Internacional dos Museus com entrada gratuita\u00a0\",\"datePublished\":\"2025-05-13T14:38:54+00:00\",\"dateModified\":\"2025-05-13T14:38:56+00:00\",\"mainEntityOfPage\":{\"@id\":\"https:\\\/\\\/www.altominho.tv\\\/site\\\/2025\\\/05\\\/13\\\/fundacao-bienal-arte-cerveira-assinala-dia-internacional-museus-entrada-gratuita\\\/\"},\"wordCount\":199,\"image\":{\"@id\":\"https:\\\/\\\/www.altominho.tv\\\/site\\\/2025\\\/05\\\/13\\\/fundacao-bienal-arte-cerveira-assinala-dia-internacional-museus-entrada-gratuita\\\/#primaryimage\"},\"thumbnailUrl\":\"https:\\\/\\\/www.altominho.tv\\\/site\\\/wp-content\\\/uploads\\\/2025\\\/03\\\/zadok-ben-david-.jpg\",\"keywords\":[\"Cultura\",\"Sociedade\"],\"articleSection\":[\"Vila Nova de Cerveira\"],\"inLanguage\":\"pt-PT\",\"copyrightYear\":\"2025\",\"copyrightHolder\":{\"@id\":\"https:\\\/\\\/www.altominho.tv\\\/site\\\/#organization\"}},{\"@type\":\"WebPage\",\"@id\":\"https:\\\/\\\/www.altominho.tv\\\/site\\\/2025\\\/05\\\/13\\\/fundacao-bienal-arte-cerveira-assinala-dia-internacional-museus-entrada-gratuita\\\/\",\"url\":\"https:\\\/\\\/www.altominho.tv\\\/site\\\/2025\\\/05\\\/13\\\/fundacao-bienal-arte-cerveira-assinala-dia-internacional-museus-entrada-gratuita\\\/\",\"name\":\"Funda\u00e7\u00e3o Bienal de Arte de Cerveira assinala o Dia Internacional dos Museus com entrada gratuita\u00a0\",\"isPartOf\":{\"@id\":\"https:\\\/\\\/www.altominho.tv\\\/site\\\/#website\"},\"primaryImageOfPage\":{\"@id\":\"https:\\\/\\\/www.altominho.tv\\\/site\\\/2025\\\/05\\\/13\\\/fundacao-bienal-arte-cerveira-assinala-dia-internacional-museus-entrada-gratuita\\\/#primaryimage\"},\"image\":{\"@id\":\"https:\\\/\\\/www.altominho.tv\\\/site\\\/2025\\\/05\\\/13\\\/fundacao-bienal-arte-cerveira-assinala-dia-internacional-museus-entrada-gratuita\\\/#primaryimage\"},\"thumbnailUrl\":\"https:\\\/\\\/www.altominho.tv\\\/site\\\/wp-content\\\/uploads\\\/2025\\\/03\\\/zadok-ben-david-.jpg\",\"datePublished\":\"2025-05-13T14:38:54+00:00\",\"dateModified\":\"2025-05-13T14:38:56+00:00\",\"author\":{\"@id\":\"https:\\\/\\\/www.altominho.tv\\\/site\\\/#\\\/schema\\\/person\\\/4e536851627d7914baf3dac752b6af22\"},\"description\":\"No pr\u00f3ximo domingo, 18 de maio, o Museu Bienal de Cerveira convida o p\u00fablico a celebrar o Dia Internacional dos Museus com um \u201cDia Aberto\u201d que contempla entrada gratuita e uma visita orientada \u00e0s exposi\u00e7\u00f5es patentes, agendada para as 15h00.\",\"breadcrumb\":{\"@id\":\"https:\\\/\\\/www.altominho.tv\\\/site\\\/2025\\\/05\\\/13\\\/fundacao-bienal-arte-cerveira-assinala-dia-internacional-museus-entrada-gratuita\\\/#breadcrumb\"},\"inLanguage\":\"pt-PT\",\"potentialAction\":[{\"@type\":\"ReadAction\",\"target\":[\"https:\\\/\\\/www.altominho.tv\\\/site\\\/2025\\\/05\\\/13\\\/fundacao-bienal-arte-cerveira-assinala-dia-internacional-museus-entrada-gratuita\\\/\"]}]},{\"@type\":\"ImageObject\",\"inLanguage\":\"pt-PT\",\"@id\":\"https:\\\/\\\/www.altominho.tv\\\/site\\\/2025\\\/05\\\/13\\\/fundacao-bienal-arte-cerveira-assinala-dia-internacional-museus-entrada-gratuita\\\/#primaryimage\",\"url\":\"https:\\\/\\\/www.altominho.tv\\\/site\\\/wp-content\\\/uploads\\\/2025\\\/03\\\/zadok-ben-david-.jpg\",\"contentUrl\":\"https:\\\/\\\/www.altominho.tv\\\/site\\\/wp-content\\\/uploads\\\/2025\\\/03\\\/zadok-ben-david-.jpg\",\"width\":1200,\"height\":630},{\"@type\":\"BreadcrumbList\",\"@id\":\"https:\\\/\\\/www.altominho.tv\\\/site\\\/2025\\\/05\\\/13\\\/fundacao-bienal-arte-cerveira-assinala-dia-internacional-museus-entrada-gratuita\\\/#breadcrumb\",\"itemListElement\":[{\"@type\":\"ListItem\",\"position\":1,\"name\":\"In\u00edcio\",\"item\":\"https:\\\/\\\/www.altominho.tv\\\/site\\\/\"},{\"@type\":\"ListItem\",\"position\":2,\"name\":\"Funda\u00e7\u00e3o Bienal de Arte de Cerveira assinala o Dia Internacional dos Museus com entrada gratuita\u00a0\"}]},{\"@type\":\"WebSite\",\"@id\":\"https:\\\/\\\/www.altominho.tv\\\/site\\\/#website\",\"url\":\"https:\\\/\\\/www.altominho.tv\\\/site\\\/\",\"name\":\"Altominho.tv\",\"description\":\"A sua regi\u00e3o \u00e0 dist\u00e2ncia de um clique...\",\"potentialAction\":[{\"@type\":\"SearchAction\",\"target\":{\"@type\":\"EntryPoint\",\"urlTemplate\":\"https:\\\/\\\/www.altominho.tv\\\/site\\\/?s={search_term_string}\"},\"query-input\":{\"@type\":\"PropertyValueSpecification\",\"valueRequired\":true,\"valueName\":\"search_term_string\"}}],\"inLanguage\":\"pt-PT\"},{\"@type\":\"Person\",\"@id\":\"https:\\\/\\\/www.altominho.tv\\\/site\\\/#\\\/schema\\\/person\\\/4e536851627d7914baf3dac752b6af22\",\"name\":\"Altominho.tv\",\"image\":{\"@type\":\"ImageObject\",\"inLanguage\":\"pt-PT\",\"@id\":\"https:\\\/\\\/www.altominho.tv\\\/site\\\/wp-content\\\/uploads\\\/2019\\\/11\\\/Logo_Avatar_2-150x150.jpg\",\"url\":\"https:\\\/\\\/www.altominho.tv\\\/site\\\/wp-content\\\/uploads\\\/2019\\\/11\\\/Logo_Avatar_2-150x150.jpg\",\"contentUrl\":\"https:\\\/\\\/www.altominho.tv\\\/site\\\/wp-content\\\/uploads\\\/2019\\\/11\\\/Logo_Avatar_2-150x150.jpg\",\"caption\":\"Altominho.tv\"},\"url\":\"https:\\\/\\\/www.altominho.tv\\\/site\\\/author\\\/altominhotv-tecnico\\\/\"}]}<\/script>\n<!-- \/ Yoast SEO Premium plugin. -->","yoast_head_json":{"title":"Funda\u00e7\u00e3o Bienal de Arte de Cerveira assinala o Dia Internacional dos Museus com entrada gratuita\u00a0","description":"No pr\u00f3ximo domingo, 18 de maio, o Museu Bienal de Cerveira convida o p\u00fablico a celebrar o Dia Internacional dos Museus com um \u201cDia Aberto\u201d que contempla entrada gratuita e uma visita orientada \u00e0s exposi\u00e7\u00f5es patentes, agendada para as 15h00.","robots":{"index":"index","follow":"follow","max-snippet":"max-snippet:-1","max-image-preview":"max-image-preview:large","max-video-preview":"max-video-preview:-1"},"canonical":"https:\/\/www.altominho.tv\/site\/2025\/05\/13\/fundacao-bienal-arte-cerveira-assinala-dia-internacional-museus-entrada-gratuita\/","og_locale":"pt_PT","og_type":"article","og_title":"Funda\u00e7\u00e3o Bienal de Arte de Cerveira assinala o Dia Internacional dos Museus com entrada gratuita\u00a0","og_description":"No pr\u00f3ximo domingo, 18 de maio, o Museu Bienal de Cerveira convida o p\u00fablico a celebrar o Dia Internacional dos Museus com um \u201cDia Aberto\u201d que contempla entrada gratuita e uma visita orientada \u00e0s exposi\u00e7\u00f5es patentes, agendada para as 15h00.","og_url":"https:\/\/www.altominho.tv\/site\/2025\/05\/13\/fundacao-bienal-arte-cerveira-assinala-dia-internacional-museus-entrada-gratuita\/","og_site_name":"Altominho.tv","article_publisher":"https:\/\/www.facebook.com\/altominhotv","article_published_time":"2025-05-13T14:38:54+00:00","article_modified_time":"2025-05-13T14:38:56+00:00","og_image":[{"width":1200,"height":630,"url":"https:\/\/www.altominho.tv\/site\/wp-content\/uploads\/2025\/03\/zadok-ben-david-.jpg","type":"image\/jpeg"}],"author":"Altominho.tv","twitter_card":"summary_large_image","twitter_creator":"@altominhoTV","twitter_site":"@altominhoTV","twitter_misc":{"Escrito por":"Altominho.tv","Tempo estimado de leitura":"2 minutos"},"schema":{"@context":"https:\/\/schema.org","@graph":[{"@type":"Article","@id":"https:\/\/www.altominho.tv\/site\/2025\/05\/13\/fundacao-bienal-arte-cerveira-assinala-dia-internacional-museus-entrada-gratuita\/#article","isPartOf":{"@id":"https:\/\/www.altominho.tv\/site\/2025\/05\/13\/fundacao-bienal-arte-cerveira-assinala-dia-internacional-museus-entrada-gratuita\/"},"author":{"name":"Altominho.tv","@id":"https:\/\/www.altominho.tv\/site\/#\/schema\/person\/4e536851627d7914baf3dac752b6af22"},"headline":"Funda\u00e7\u00e3o Bienal de Arte de Cerveira assinala o Dia Internacional dos Museus com entrada gratuita\u00a0","datePublished":"2025-05-13T14:38:54+00:00","dateModified":"2025-05-13T14:38:56+00:00","mainEntityOfPage":{"@id":"https:\/\/www.altominho.tv\/site\/2025\/05\/13\/fundacao-bienal-arte-cerveira-assinala-dia-internacional-museus-entrada-gratuita\/"},"wordCount":199,"image":{"@id":"https:\/\/www.altominho.tv\/site\/2025\/05\/13\/fundacao-bienal-arte-cerveira-assinala-dia-internacional-museus-entrada-gratuita\/#primaryimage"},"thumbnailUrl":"https:\/\/www.altominho.tv\/site\/wp-content\/uploads\/2025\/03\/zadok-ben-david-.jpg","keywords":["Cultura","Sociedade"],"articleSection":["Vila Nova de Cerveira"],"inLanguage":"pt-PT","copyrightYear":"2025","copyrightHolder":{"@id":"https:\/\/www.altominho.tv\/site\/#organization"}},{"@type":"WebPage","@id":"https:\/\/www.altominho.tv\/site\/2025\/05\/13\/fundacao-bienal-arte-cerveira-assinala-dia-internacional-museus-entrada-gratuita\/","url":"https:\/\/www.altominho.tv\/site\/2025\/05\/13\/fundacao-bienal-arte-cerveira-assinala-dia-internacional-museus-entrada-gratuita\/","name":"Funda\u00e7\u00e3o Bienal de Arte de Cerveira assinala o Dia Internacional dos Museus com entrada gratuita\u00a0","isPartOf":{"@id":"https:\/\/www.altominho.tv\/site\/#website"},"primaryImageOfPage":{"@id":"https:\/\/www.altominho.tv\/site\/2025\/05\/13\/fundacao-bienal-arte-cerveira-assinala-dia-internacional-museus-entrada-gratuita\/#primaryimage"},"image":{"@id":"https:\/\/www.altominho.tv\/site\/2025\/05\/13\/fundacao-bienal-arte-cerveira-assinala-dia-internacional-museus-entrada-gratuita\/#primaryimage"},"thumbnailUrl":"https:\/\/www.altominho.tv\/site\/wp-content\/uploads\/2025\/03\/zadok-ben-david-.jpg","datePublished":"2025-05-13T14:38:54+00:00","dateModified":"2025-05-13T14:38:56+00:00","author":{"@id":"https:\/\/www.altominho.tv\/site\/#\/schema\/person\/4e536851627d7914baf3dac752b6af22"},"description":"No pr\u00f3ximo domingo, 18 de maio, o Museu Bienal de Cerveira convida o p\u00fablico a celebrar o Dia Internacional dos Museus com um \u201cDia Aberto\u201d que contempla entrada gratuita e uma visita orientada \u00e0s exposi\u00e7\u00f5es patentes, agendada para as 15h00.","breadcrumb":{"@id":"https:\/\/www.altominho.tv\/site\/2025\/05\/13\/fundacao-bienal-arte-cerveira-assinala-dia-internacional-museus-entrada-gratuita\/#breadcrumb"},"inLanguage":"pt-PT","potentialAction":[{"@type":"ReadAction","target":["https:\/\/www.altominho.tv\/site\/2025\/05\/13\/fundacao-bienal-arte-cerveira-assinala-dia-internacional-museus-entrada-gratuita\/"]}]},{"@type":"ImageObject","inLanguage":"pt-PT","@id":"https:\/\/www.altominho.tv\/site\/2025\/05\/13\/fundacao-bienal-arte-cerveira-assinala-dia-internacional-museus-entrada-gratuita\/#primaryimage","url":"https:\/\/www.altominho.tv\/site\/wp-content\/uploads\/2025\/03\/zadok-ben-david-.jpg","contentUrl":"https:\/\/www.altominho.tv\/site\/wp-content\/uploads\/2025\/03\/zadok-ben-david-.jpg","width":1200,"height":630},{"@type":"BreadcrumbList","@id":"https:\/\/www.altominho.tv\/site\/2025\/05\/13\/fundacao-bienal-arte-cerveira-assinala-dia-internacional-museus-entrada-gratuita\/#breadcrumb","itemListElement":[{"@type":"ListItem","position":1,"name":"In\u00edcio","item":"https:\/\/www.altominho.tv\/site\/"},{"@type":"ListItem","position":2,"name":"Funda\u00e7\u00e3o Bienal de Arte de Cerveira assinala o Dia Internacional dos Museus com entrada gratuita\u00a0"}]},{"@type":"WebSite","@id":"https:\/\/www.altominho.tv\/site\/#website","url":"https:\/\/www.altominho.tv\/site\/","name":"Altominho.tv","description":"A sua regi\u00e3o \u00e0 dist\u00e2ncia de um clique...","potentialAction":[{"@type":"SearchAction","target":{"@type":"EntryPoint","urlTemplate":"https:\/\/www.altominho.tv\/site\/?s={search_term_string}"},"query-input":{"@type":"PropertyValueSpecification","valueRequired":true,"valueName":"search_term_string"}}],"inLanguage":"pt-PT"},{"@type":"Person","@id":"https:\/\/www.altominho.tv\/site\/#\/schema\/person\/4e536851627d7914baf3dac752b6af22","name":"Altominho.tv","image":{"@type":"ImageObject","inLanguage":"pt-PT","@id":"https:\/\/www.altominho.tv\/site\/wp-content\/uploads\/2019\/11\/Logo_Avatar_2-150x150.jpg","url":"https:\/\/www.altominho.tv\/site\/wp-content\/uploads\/2019\/11\/Logo_Avatar_2-150x150.jpg","contentUrl":"https:\/\/www.altominho.tv\/site\/wp-content\/uploads\/2019\/11\/Logo_Avatar_2-150x150.jpg","caption":"Altominho.tv"},"url":"https:\/\/www.altominho.tv\/site\/author\/altominhotv-tecnico\/"}]}},"_links":{"self":[{"href":"https:\/\/www.altominho.tv\/site\/wp-json\/wp\/v2\/posts\/118115","targetHints":{"allow":["GET"]}}],"collection":[{"href":"https:\/\/www.altominho.tv\/site\/wp-json\/wp\/v2\/posts"}],"about":[{"href":"https:\/\/www.altominho.tv\/site\/wp-json\/wp\/v2\/types\/post"}],"author":[{"embeddable":true,"href":"https:\/\/www.altominho.tv\/site\/wp-json\/wp\/v2\/users\/1"}],"replies":[{"embeddable":true,"href":"https:\/\/www.altominho.tv\/site\/wp-json\/wp\/v2\/comments?post=118115"}],"version-history":[{"count":1,"href":"https:\/\/www.altominho.tv\/site\/wp-json\/wp\/v2\/posts\/118115\/revisions"}],"predecessor-version":[{"id":118116,"href":"https:\/\/www.altominho.tv\/site\/wp-json\/wp\/v2\/posts\/118115\/revisions\/118116"}],"wp:featuredmedia":[{"embeddable":true,"href":"https:\/\/www.altominho.tv\/site\/wp-json\/wp\/v2\/media\/115665"}],"wp:attachment":[{"href":"https:\/\/www.altominho.tv\/site\/wp-json\/wp\/v2\/media?parent=118115"}],"wp:term":[{"taxonomy":"category","embeddable":true,"href":"https:\/\/www.altominho.tv\/site\/wp-json\/wp\/v2\/categories?post=118115"},{"taxonomy":"post_tag","embeddable":true,"href":"https:\/\/www.altominho.tv\/site\/wp-json\/wp\/v2\/tags?post=118115"}],"curies":[{"name":"wp","href":"https:\/\/api.w.org\/{rel}","templated":true}]}}