{"id":118082,"date":"2025-05-13T10:38:16","date_gmt":"2025-05-13T09:38:16","guid":{"rendered":"https:\/\/www.altominho.tv\/site\/?p=118082"},"modified":"2025-05-13T10:38:19","modified_gmt":"2025-05-13T09:38:19","slug":"arcos-de-valdevez-limpezas","status":"publish","type":"post","link":"https:\/\/www.altominho.tv\/site\/2025\/05\/13\/arcos-de-valdevez-limpezas\/","title":{"rendered":"Aprovada a abertura de procedimento para a abertura e repara\u00e7\u00e3o de caminhos florestais"},"content":{"rendered":"\n<p>A C\u00e2mara Municipal de Arcos de Valdevez, deu hoje nota que aprovou a abertura de um procedimento para a aquisi\u00e7\u00e3o de servi\u00e7os no valor base de 71.000,00\u20ac, &#8220;com o objetivo de refor\u00e7ar a preven\u00e7\u00e3o e o combate a inc\u00eandios florestais e rurais&#8221;.<\/p>\n\n\n\n<p>A autarquia deu nota que &#8220;esta iniciativa contempla a abertura de novos caminhos florestais, a repara\u00e7\u00e3o e manuten\u00e7\u00e3o de vias existentes, bem como a cria\u00e7\u00e3o de faixas corta-fogo em locais estrat\u00e9gicos&#8221;.<\/p>\n\n\n\n<p>Est\u00e3o previstas interven\u00e7\u00f5es ao n\u00edvel da abertura de Caminhos Florestais e, &#8220;atrav\u00e9s desta medida ser\u00e3o criados novos caminhos com largura m\u00ednima entre 3 a 4 metros, conforme especifica\u00e7\u00f5es t\u00e9cnicas municipais&#8221;.<\/p>\n\n\n\n<p>Os trabalhos &#8220;v\u00e3o incluir desmata\u00e7\u00e3o, escava\u00e7\u00e3o, nivelamento, compacta\u00e7\u00e3o e, quando necess\u00e1rio, a aplica\u00e7\u00e3o de materiais inertes para estabiliza\u00e7\u00e3o do piso&#8221;.<\/p>\n\n\n\n<p>Est\u00e1, igualmente, prevista a repara\u00e7\u00e3o e manuten\u00e7\u00e3o de caminhos existentes. As vias florestais j\u00e1 existentes ser\u00e3o alvo de limpeza lateral, corte de vegeta\u00e7\u00e3o invasiva, nivelamento do piso, refor\u00e7o de drenagem e corre\u00e7\u00e3o de pontos de eros\u00e3o ou abatimento, segundo informa a autarquia.<\/p>\n\n\n\n<p>Este procedimento inclui tamb\u00e9m a abertura de faixas corta-fogo, com largura m\u00ednima de 10 metros, ampliadas em \u00e1reas estrat\u00e9gicas como cumes e linhas de defesa. Estas faixas visam criar barreiras f\u00edsicas que dificultem a propaga\u00e7\u00e3o do fogo, atrav\u00e9s da remo\u00e7\u00e3o total da vegeta\u00e7\u00e3o arbustiva e herb\u00e1cea e prepara\u00e7\u00e3o do solo para minimizar a eros\u00e3o.<\/p>\n\n\n\n<p>A Rede de Defesa da Floresta \u00e9 constitu\u00edda por um conjunto de infraestruturas, nomeadamente pela rede de faixas de gest\u00e3o de combust\u00edvel, mosaico de parcelas de gest\u00e3o de combust\u00edvel, rede vi\u00e1ria florestal, rede de pontos de \u00e1gua, a rede de vigil\u00e2ncia e dete\u00e7\u00e3o de inc\u00eandios e a rede de infraestruturas de combate.<\/p>\n\n\n\n<p>A conserva\u00e7\u00e3o e operacionalidade de todas as componentes da rede de defesa da floresta, &#8220;\u00e9 condi\u00e7\u00e3o necess\u00e1ria para permitir uma boa coordena\u00e7\u00e3o e gest\u00e3o de meios (humanos, materiais e financeiros) e uma maior efici\u00eancia na defesa de pessoas e bens e ambiente em caso de inc\u00eandio&#8221;. <\/p>\n","protected":false},"excerpt":{"rendered":"<p>A C\u00e2mara Municipal de Arcos de Valdevez, deu hoje nota que aprovou a abertura de um procedimento para a aquisi\u00e7\u00e3o de servi\u00e7os no valor base de 71.000,00\u20ac, &#8220;com o objetivo de refor\u00e7ar a preven\u00e7\u00e3o e o combate a inc\u00eandios florestais e rurais&#8221;. A autarquia deu nota que &#8220;esta iniciativa contempla a abertura de novos caminhos [&hellip;]<\/p>\n","protected":false},"author":7,"featured_media":118087,"comment_status":"closed","ping_status":"closed","sticky":false,"template":"","format":"standard","meta":{"_exactmetrics_skip_tracking":false,"_exactmetrics_sitenote_active":false,"_exactmetrics_sitenote_note":"","_exactmetrics_sitenote_category":0,"footnotes":""},"categories":[2],"tags":[27],"class_list":["post-118082","post","type-post","status-publish","format-standard","has-post-thumbnail","hentry","category-arcos-de-valdevez","tag-sociedade"],"yoast_head":"<!-- This site is optimized with the Yoast SEO Premium plugin v27.5 (Yoast SEO v27.5) - https:\/\/yoast.com\/product\/yoast-seo-premium-wordpress\/ -->\n<title>Aprovada a abertura de procedimento para a abertura e repara\u00e7\u00e3o de caminhos florestais<\/title>\n<meta name=\"description\" content=\"A C\u00e2mara de Arcos de Valdevez aprovou a abertura de um procedimento para a aquisi\u00e7\u00e3o de servi\u00e7os no valor base de 71.000,00\u20ac, &quot;com o objetivo de refor\u00e7ar a preven\u00e7\u00e3o e o combate a inc\u00eandios florestais e rurais&quot;.\" \/>\n<meta name=\"robots\" content=\"index, follow, max-snippet:-1, max-image-preview:large, max-video-preview:-1\" \/>\n<link rel=\"canonical\" href=\"https:\/\/www.altominho.tv\/site\/2025\/05\/13\/arcos-de-valdevez-limpezas\/\" \/>\n<meta property=\"og:locale\" content=\"pt_PT\" \/>\n<meta property=\"og:type\" content=\"article\" \/>\n<meta property=\"og:title\" content=\"Aprovada a abertura de procedimento para a abertura e repara\u00e7\u00e3o de caminhos florestais\" \/>\n<meta property=\"og:description\" content=\"A C\u00e2mara de Arcos de Valdevez aprovou a abertura de um procedimento para a aquisi\u00e7\u00e3o de servi\u00e7os no valor base de 71.000,00\u20ac, &quot;com o objetivo de refor\u00e7ar a preven\u00e7\u00e3o e o combate a inc\u00eandios florestais e rurais&quot;.\" \/>\n<meta property=\"og:url\" content=\"https:\/\/www.altominho.tv\/site\/2025\/05\/13\/arcos-de-valdevez-limpezas\/\" \/>\n<meta property=\"og:site_name\" content=\"Altominho.tv\" \/>\n<meta property=\"article:publisher\" content=\"https:\/\/www.facebook.com\/altominhotv\" \/>\n<meta property=\"article:published_time\" content=\"2025-05-13T09:38:16+00:00\" \/>\n<meta property=\"article:modified_time\" content=\"2025-05-13T09:38:19+00:00\" \/>\n<meta property=\"og:image\" content=\"https:\/\/www.altominho.tv\/site\/wp-content\/uploads\/2025\/05\/limpezas-arcos.png\" \/>\n\t<meta property=\"og:image:width\" content=\"1200\" \/>\n\t<meta property=\"og:image:height\" content=\"630\" \/>\n\t<meta property=\"og:image:type\" content=\"image\/png\" \/>\n<meta name=\"author\" content=\"Andreia Cunha\" \/>\n<meta name=\"twitter:card\" content=\"summary_large_image\" \/>\n<meta name=\"twitter:creator\" content=\"@altominhoTV\" \/>\n<meta name=\"twitter:site\" content=\"@altominhoTV\" \/>\n<meta name=\"twitter:label1\" content=\"Escrito por\" \/>\n\t<meta name=\"twitter:data1\" content=\"Andreia Cunha\" \/>\n\t<meta name=\"twitter:label2\" content=\"Tempo estimado de leitura\" \/>\n\t<meta name=\"twitter:data2\" content=\"2 minutos\" \/>\n<script type=\"application\/ld+json\" class=\"yoast-schema-graph\">{\"@context\":\"https:\\\/\\\/schema.org\",\"@graph\":[{\"@type\":\"Article\",\"@id\":\"https:\\\/\\\/www.altominho.tv\\\/site\\\/2025\\\/05\\\/13\\\/arcos-de-valdevez-limpezas\\\/#article\",\"isPartOf\":{\"@id\":\"https:\\\/\\\/www.altominho.tv\\\/site\\\/2025\\\/05\\\/13\\\/arcos-de-valdevez-limpezas\\\/\"},\"author\":{\"name\":\"Andreia Cunha\",\"@id\":\"https:\\\/\\\/www.altominho.tv\\\/site\\\/#\\\/schema\\\/person\\\/a0e4ef6d041f98ca284393d8f1d97153\"},\"headline\":\"Aprovada a abertura de procedimento para a abertura e repara\u00e7\u00e3o de caminhos florestais\",\"datePublished\":\"2025-05-13T09:38:16+00:00\",\"dateModified\":\"2025-05-13T09:38:19+00:00\",\"mainEntityOfPage\":{\"@id\":\"https:\\\/\\\/www.altominho.tv\\\/site\\\/2025\\\/05\\\/13\\\/arcos-de-valdevez-limpezas\\\/\"},\"wordCount\":384,\"image\":{\"@id\":\"https:\\\/\\\/www.altominho.tv\\\/site\\\/2025\\\/05\\\/13\\\/arcos-de-valdevez-limpezas\\\/#primaryimage\"},\"thumbnailUrl\":\"https:\\\/\\\/www.altominho.tv\\\/site\\\/wp-content\\\/uploads\\\/2025\\\/05\\\/limpezas-arcos.png\",\"keywords\":[\"Sociedade\"],\"articleSection\":[\"Arcos de Valdevez\"],\"inLanguage\":\"pt-PT\",\"copyrightYear\":\"2025\",\"copyrightHolder\":{\"@id\":\"https:\\\/\\\/www.altominho.tv\\\/site\\\/#organization\"}},{\"@type\":\"WebPage\",\"@id\":\"https:\\\/\\\/www.altominho.tv\\\/site\\\/2025\\\/05\\\/13\\\/arcos-de-valdevez-limpezas\\\/\",\"url\":\"https:\\\/\\\/www.altominho.tv\\\/site\\\/2025\\\/05\\\/13\\\/arcos-de-valdevez-limpezas\\\/\",\"name\":\"Aprovada a abertura de procedimento para a abertura e repara\u00e7\u00e3o de caminhos florestais\",\"isPartOf\":{\"@id\":\"https:\\\/\\\/www.altominho.tv\\\/site\\\/#website\"},\"primaryImageOfPage\":{\"@id\":\"https:\\\/\\\/www.altominho.tv\\\/site\\\/2025\\\/05\\\/13\\\/arcos-de-valdevez-limpezas\\\/#primaryimage\"},\"image\":{\"@id\":\"https:\\\/\\\/www.altominho.tv\\\/site\\\/2025\\\/05\\\/13\\\/arcos-de-valdevez-limpezas\\\/#primaryimage\"},\"thumbnailUrl\":\"https:\\\/\\\/www.altominho.tv\\\/site\\\/wp-content\\\/uploads\\\/2025\\\/05\\\/limpezas-arcos.png\",\"datePublished\":\"2025-05-13T09:38:16+00:00\",\"dateModified\":\"2025-05-13T09:38:19+00:00\",\"author\":{\"@id\":\"https:\\\/\\\/www.altominho.tv\\\/site\\\/#\\\/schema\\\/person\\\/a0e4ef6d041f98ca284393d8f1d97153\"},\"description\":\"A C\u00e2mara de Arcos de Valdevez aprovou a abertura de um procedimento para a aquisi\u00e7\u00e3o de servi\u00e7os no valor base de 71.000,00\u20ac, \\\"com o objetivo de refor\u00e7ar a preven\u00e7\u00e3o e o combate a inc\u00eandios florestais e rurais\\\".\",\"breadcrumb\":{\"@id\":\"https:\\\/\\\/www.altominho.tv\\\/site\\\/2025\\\/05\\\/13\\\/arcos-de-valdevez-limpezas\\\/#breadcrumb\"},\"inLanguage\":\"pt-PT\",\"potentialAction\":[{\"@type\":\"ReadAction\",\"target\":[\"https:\\\/\\\/www.altominho.tv\\\/site\\\/2025\\\/05\\\/13\\\/arcos-de-valdevez-limpezas\\\/\"]}]},{\"@type\":\"ImageObject\",\"inLanguage\":\"pt-PT\",\"@id\":\"https:\\\/\\\/www.altominho.tv\\\/site\\\/2025\\\/05\\\/13\\\/arcos-de-valdevez-limpezas\\\/#primaryimage\",\"url\":\"https:\\\/\\\/www.altominho.tv\\\/site\\\/wp-content\\\/uploads\\\/2025\\\/05\\\/limpezas-arcos.png\",\"contentUrl\":\"https:\\\/\\\/www.altominho.tv\\\/site\\\/wp-content\\\/uploads\\\/2025\\\/05\\\/limpezas-arcos.png\",\"width\":1200,\"height\":630},{\"@type\":\"BreadcrumbList\",\"@id\":\"https:\\\/\\\/www.altominho.tv\\\/site\\\/2025\\\/05\\\/13\\\/arcos-de-valdevez-limpezas\\\/#breadcrumb\",\"itemListElement\":[{\"@type\":\"ListItem\",\"position\":1,\"name\":\"In\u00edcio\",\"item\":\"https:\\\/\\\/www.altominho.tv\\\/site\\\/\"},{\"@type\":\"ListItem\",\"position\":2,\"name\":\"Aprovada a abertura de procedimento para a abertura e repara\u00e7\u00e3o de caminhos florestais\"}]},{\"@type\":\"WebSite\",\"@id\":\"https:\\\/\\\/www.altominho.tv\\\/site\\\/#website\",\"url\":\"https:\\\/\\\/www.altominho.tv\\\/site\\\/\",\"name\":\"Altominho.tv\",\"description\":\"A sua regi\u00e3o \u00e0 dist\u00e2ncia de um clique...\",\"potentialAction\":[{\"@type\":\"SearchAction\",\"target\":{\"@type\":\"EntryPoint\",\"urlTemplate\":\"https:\\\/\\\/www.altominho.tv\\\/site\\\/?s={search_term_string}\"},\"query-input\":{\"@type\":\"PropertyValueSpecification\",\"valueRequired\":true,\"valueName\":\"search_term_string\"}}],\"inLanguage\":\"pt-PT\"},{\"@type\":\"Person\",\"@id\":\"https:\\\/\\\/www.altominho.tv\\\/site\\\/#\\\/schema\\\/person\\\/a0e4ef6d041f98ca284393d8f1d97153\",\"name\":\"Andreia Cunha\",\"image\":{\"@type\":\"ImageObject\",\"inLanguage\":\"pt-PT\",\"@id\":\"https:\\\/\\\/www.altominho.tv\\\/site\\\/wp-content\\\/uploads\\\/2017\\\/11\\\/Andreia_Cunha-1-150x150.jpg\",\"url\":\"https:\\\/\\\/www.altominho.tv\\\/site\\\/wp-content\\\/uploads\\\/2017\\\/11\\\/Andreia_Cunha-1-150x150.jpg\",\"contentUrl\":\"https:\\\/\\\/www.altominho.tv\\\/site\\\/wp-content\\\/uploads\\\/2017\\\/11\\\/Andreia_Cunha-1-150x150.jpg\",\"caption\":\"Andreia Cunha\"},\"url\":\"https:\\\/\\\/www.altominho.tv\\\/site\\\/author\\\/andreiacunha\\\/\"}]}<\/script>\n<!-- \/ Yoast SEO Premium plugin. -->","yoast_head_json":{"title":"Aprovada a abertura de procedimento para a abertura e repara\u00e7\u00e3o de caminhos florestais","description":"A C\u00e2mara de Arcos de Valdevez aprovou a abertura de um procedimento para a aquisi\u00e7\u00e3o de servi\u00e7os no valor base de 71.000,00\u20ac, \"com o objetivo de refor\u00e7ar a preven\u00e7\u00e3o e o combate a inc\u00eandios florestais e rurais\".","robots":{"index":"index","follow":"follow","max-snippet":"max-snippet:-1","max-image-preview":"max-image-preview:large","max-video-preview":"max-video-preview:-1"},"canonical":"https:\/\/www.altominho.tv\/site\/2025\/05\/13\/arcos-de-valdevez-limpezas\/","og_locale":"pt_PT","og_type":"article","og_title":"Aprovada a abertura de procedimento para a abertura e repara\u00e7\u00e3o de caminhos florestais","og_description":"A C\u00e2mara de Arcos de Valdevez aprovou a abertura de um procedimento para a aquisi\u00e7\u00e3o de servi\u00e7os no valor base de 71.000,00\u20ac, \"com o objetivo de refor\u00e7ar a preven\u00e7\u00e3o e o combate a inc\u00eandios florestais e rurais\".","og_url":"https:\/\/www.altominho.tv\/site\/2025\/05\/13\/arcos-de-valdevez-limpezas\/","og_site_name":"Altominho.tv","article_publisher":"https:\/\/www.facebook.com\/altominhotv","article_published_time":"2025-05-13T09:38:16+00:00","article_modified_time":"2025-05-13T09:38:19+00:00","og_image":[{"width":1200,"height":630,"url":"https:\/\/www.altominho.tv\/site\/wp-content\/uploads\/2025\/05\/limpezas-arcos.png","type":"image\/png"}],"author":"Andreia Cunha","twitter_card":"summary_large_image","twitter_creator":"@altominhoTV","twitter_site":"@altominhoTV","twitter_misc":{"Escrito por":"Andreia Cunha","Tempo estimado de leitura":"2 minutos"},"schema":{"@context":"https:\/\/schema.org","@graph":[{"@type":"Article","@id":"https:\/\/www.altominho.tv\/site\/2025\/05\/13\/arcos-de-valdevez-limpezas\/#article","isPartOf":{"@id":"https:\/\/www.altominho.tv\/site\/2025\/05\/13\/arcos-de-valdevez-limpezas\/"},"author":{"name":"Andreia Cunha","@id":"https:\/\/www.altominho.tv\/site\/#\/schema\/person\/a0e4ef6d041f98ca284393d8f1d97153"},"headline":"Aprovada a abertura de procedimento para a abertura e repara\u00e7\u00e3o de caminhos florestais","datePublished":"2025-05-13T09:38:16+00:00","dateModified":"2025-05-13T09:38:19+00:00","mainEntityOfPage":{"@id":"https:\/\/www.altominho.tv\/site\/2025\/05\/13\/arcos-de-valdevez-limpezas\/"},"wordCount":384,"image":{"@id":"https:\/\/www.altominho.tv\/site\/2025\/05\/13\/arcos-de-valdevez-limpezas\/#primaryimage"},"thumbnailUrl":"https:\/\/www.altominho.tv\/site\/wp-content\/uploads\/2025\/05\/limpezas-arcos.png","keywords":["Sociedade"],"articleSection":["Arcos de Valdevez"],"inLanguage":"pt-PT","copyrightYear":"2025","copyrightHolder":{"@id":"https:\/\/www.altominho.tv\/site\/#organization"}},{"@type":"WebPage","@id":"https:\/\/www.altominho.tv\/site\/2025\/05\/13\/arcos-de-valdevez-limpezas\/","url":"https:\/\/www.altominho.tv\/site\/2025\/05\/13\/arcos-de-valdevez-limpezas\/","name":"Aprovada a abertura de procedimento para a abertura e repara\u00e7\u00e3o de caminhos florestais","isPartOf":{"@id":"https:\/\/www.altominho.tv\/site\/#website"},"primaryImageOfPage":{"@id":"https:\/\/www.altominho.tv\/site\/2025\/05\/13\/arcos-de-valdevez-limpezas\/#primaryimage"},"image":{"@id":"https:\/\/www.altominho.tv\/site\/2025\/05\/13\/arcos-de-valdevez-limpezas\/#primaryimage"},"thumbnailUrl":"https:\/\/www.altominho.tv\/site\/wp-content\/uploads\/2025\/05\/limpezas-arcos.png","datePublished":"2025-05-13T09:38:16+00:00","dateModified":"2025-05-13T09:38:19+00:00","author":{"@id":"https:\/\/www.altominho.tv\/site\/#\/schema\/person\/a0e4ef6d041f98ca284393d8f1d97153"},"description":"A C\u00e2mara de Arcos de Valdevez aprovou a abertura de um procedimento para a aquisi\u00e7\u00e3o de servi\u00e7os no valor base de 71.000,00\u20ac, \"com o objetivo de refor\u00e7ar a preven\u00e7\u00e3o e o combate a inc\u00eandios florestais e rurais\".","breadcrumb":{"@id":"https:\/\/www.altominho.tv\/site\/2025\/05\/13\/arcos-de-valdevez-limpezas\/#breadcrumb"},"inLanguage":"pt-PT","potentialAction":[{"@type":"ReadAction","target":["https:\/\/www.altominho.tv\/site\/2025\/05\/13\/arcos-de-valdevez-limpezas\/"]}]},{"@type":"ImageObject","inLanguage":"pt-PT","@id":"https:\/\/www.altominho.tv\/site\/2025\/05\/13\/arcos-de-valdevez-limpezas\/#primaryimage","url":"https:\/\/www.altominho.tv\/site\/wp-content\/uploads\/2025\/05\/limpezas-arcos.png","contentUrl":"https:\/\/www.altominho.tv\/site\/wp-content\/uploads\/2025\/05\/limpezas-arcos.png","width":1200,"height":630},{"@type":"BreadcrumbList","@id":"https:\/\/www.altominho.tv\/site\/2025\/05\/13\/arcos-de-valdevez-limpezas\/#breadcrumb","itemListElement":[{"@type":"ListItem","position":1,"name":"In\u00edcio","item":"https:\/\/www.altominho.tv\/site\/"},{"@type":"ListItem","position":2,"name":"Aprovada a abertura de procedimento para a abertura e repara\u00e7\u00e3o de caminhos florestais"}]},{"@type":"WebSite","@id":"https:\/\/www.altominho.tv\/site\/#website","url":"https:\/\/www.altominho.tv\/site\/","name":"Altominho.tv","description":"A sua regi\u00e3o \u00e0 dist\u00e2ncia de um clique...","potentialAction":[{"@type":"SearchAction","target":{"@type":"EntryPoint","urlTemplate":"https:\/\/www.altominho.tv\/site\/?s={search_term_string}"},"query-input":{"@type":"PropertyValueSpecification","valueRequired":true,"valueName":"search_term_string"}}],"inLanguage":"pt-PT"},{"@type":"Person","@id":"https:\/\/www.altominho.tv\/site\/#\/schema\/person\/a0e4ef6d041f98ca284393d8f1d97153","name":"Andreia Cunha","image":{"@type":"ImageObject","inLanguage":"pt-PT","@id":"https:\/\/www.altominho.tv\/site\/wp-content\/uploads\/2017\/11\/Andreia_Cunha-1-150x150.jpg","url":"https:\/\/www.altominho.tv\/site\/wp-content\/uploads\/2017\/11\/Andreia_Cunha-1-150x150.jpg","contentUrl":"https:\/\/www.altominho.tv\/site\/wp-content\/uploads\/2017\/11\/Andreia_Cunha-1-150x150.jpg","caption":"Andreia Cunha"},"url":"https:\/\/www.altominho.tv\/site\/author\/andreiacunha\/"}]}},"_links":{"self":[{"href":"https:\/\/www.altominho.tv\/site\/wp-json\/wp\/v2\/posts\/118082","targetHints":{"allow":["GET"]}}],"collection":[{"href":"https:\/\/www.altominho.tv\/site\/wp-json\/wp\/v2\/posts"}],"about":[{"href":"https:\/\/www.altominho.tv\/site\/wp-json\/wp\/v2\/types\/post"}],"author":[{"embeddable":true,"href":"https:\/\/www.altominho.tv\/site\/wp-json\/wp\/v2\/users\/7"}],"replies":[{"embeddable":true,"href":"https:\/\/www.altominho.tv\/site\/wp-json\/wp\/v2\/comments?post=118082"}],"version-history":[{"count":1,"href":"https:\/\/www.altominho.tv\/site\/wp-json\/wp\/v2\/posts\/118082\/revisions"}],"predecessor-version":[{"id":118088,"href":"https:\/\/www.altominho.tv\/site\/wp-json\/wp\/v2\/posts\/118082\/revisions\/118088"}],"wp:featuredmedia":[{"embeddable":true,"href":"https:\/\/www.altominho.tv\/site\/wp-json\/wp\/v2\/media\/118087"}],"wp:attachment":[{"href":"https:\/\/www.altominho.tv\/site\/wp-json\/wp\/v2\/media?parent=118082"}],"wp:term":[{"taxonomy":"category","embeddable":true,"href":"https:\/\/www.altominho.tv\/site\/wp-json\/wp\/v2\/categories?post=118082"},{"taxonomy":"post_tag","embeddable":true,"href":"https:\/\/www.altominho.tv\/site\/wp-json\/wp\/v2\/tags?post=118082"}],"curies":[{"name":"wp","href":"https:\/\/api.w.org\/{rel}","templated":true}]}}