{"id":118075,"date":"2025-05-12T17:10:37","date_gmt":"2025-05-12T16:10:37","guid":{"rendered":"https:\/\/www.altominho.tv\/site\/?p=118075"},"modified":"2025-05-12T17:10:40","modified_gmt":"2025-05-12T16:10:40","slug":"valorizacao-do-rio-neiva-em-braga-e-viana-do-castelo-comeca-este-mes","status":"publish","type":"post","link":"https:\/\/www.altominho.tv\/site\/2025\/05\/12\/valorizacao-do-rio-neiva-em-braga-e-viana-do-castelo-comeca-este-mes\/","title":{"rendered":"Valoriza\u00e7\u00e3o do rio Neiva em Braga e Viana do Castelo come\u00e7a este m\u00eas"},"content":{"rendered":"<p>O rio Neiva, que atravessa os concelhos de Viana do Castelo e Braga, vai ser alvo de uma interven\u00e7\u00e3o de reabilita\u00e7\u00e3o e valoriza\u00e7\u00e3o, num investimento superior a 600 mil euros que arranca este m\u00eas, foi hoje divulgado.<\/p>\n<p>Em declara\u00e7\u00f5es \u00e0 Lusa, Manuel Salgueiro, presidente da Junta de Freguesia de S\u00e3o Rom\u00e3o de Neiva, no concelho de Viana do Castelo, referiu que a interven\u00e7\u00e3o, da responsabilidade da Ag\u00eancia Portuguesa do Ambiente (APA), vai \u201cestende-se ao longo de 10 quil\u00f3metros\u201d, entre Alvar\u00e3es e Castelo de Neiva, atravessando as freguesias de S\u00e3o Rom\u00e3o de Neiva, no concelho de Viana do Castelo, e Forj\u00e3es e Antas, concelho de Esposende, distrito de Braga.<\/p>\n<p>Manuel Salgueiro, que falava a prop\u00f3sito da apresenta\u00e7\u00e3o p\u00fablica da interven\u00e7\u00e3o, que decorreu na sexta-feira nas freguesias de S\u00e3o Rom\u00e3o de Neiva e de Antas, e que envolveu autarquias, diversas entidades e propriet\u00e1rios de terrenos que confrontam com as margens do rio, adiantou que \u201ca empreitada ter\u00e1 in\u00edcio no dia 20 de maio\u201d.<\/p>\n<p>Segundo o autarca, a interven\u00e7\u00e3o \u201cvisa n\u00e3o s\u00f3 a limpeza e requalifica\u00e7\u00e3o ecol\u00f3gica das margens, mas tamb\u00e9m a recupera\u00e7\u00e3o do patrim\u00f3nio natural e edificado, bem como a implementa\u00e7\u00e3o de percursos de usufruto sustent\u00e1vel, sempre em estreita articula\u00e7\u00e3o com as popula\u00e7\u00f5es locais\u201d.<\/p>\n<p>Manuel Salgueiro adiantou que \u201ca APA vai assumir-se como dona da obra, assegurando a coordena\u00e7\u00e3o t\u00e9cnica e ambiental do projeto, em estreita colabora\u00e7\u00e3o com os dois munic\u00edpios e demais entidades envolvidas\u201d.<\/p>\n<p>\u201cEsta etapa \u00e9 marcada por um modelo de governa\u00e7\u00e3o partilhada, envolvendo os dois munic\u00edpios e as juntas de freguesia confinantes e entidades p\u00fablicas, numa l\u00f3gica de corresponsabiliza\u00e7\u00e3o e planeamento integrado, com vista \u00e0 adapta\u00e7\u00e3o \u00e0s altera\u00e7\u00f5es clim\u00e1ticas e \u00e0 promo\u00e7\u00e3o de novos usos equilibrados do territ\u00f3rio\u201d, disse.<\/p>\n<p>De acordo com a proposta de interven\u00e7\u00e3o, a que a Lusa teve hoje acesso, o objetivo passa por criar \u201ccondi\u00e7\u00f5es de melhoria da funcionalidade ecol\u00f3gica, hidrogeomorfol\u00f3gica e de qualidade ambiental que levam a um aumento da capacidade adaptativa deste territ\u00f3rio\u201d.<\/p>\n<p>O projeto, elaborado pela empresa E.RIO, prev\u00ea \u201ca\u00e7\u00f5es ao n\u00edvel da estabiliza\u00e7\u00e3o de margens e recupera\u00e7\u00e3o da galeria rip\u00edcola, de corte e limpeza da vegeta\u00e7\u00e3o, conten\u00e7\u00e3o de vegeta\u00e7\u00e3o ex\u00f3tica e invasora, remo\u00e7\u00e3o de entulhos e \u00e1rvores do leito, planta\u00e7\u00f5es de esp\u00e9cies aut\u00f3ctones e aplica\u00e7\u00e3o de solu\u00e7\u00f5es t\u00e9cnicas de engenharia natural\u201d.<\/p>\n<p>A \u201cmelhoria das condi\u00e7\u00f5es hidrol\u00f3gicas e ecol\u00f3gicas do espa\u00e7o fluvial requer a\u00e7\u00f5es de podas e cortes seletivos direcionados para a vegeta\u00e7\u00e3o arb\u00f3rea\/arbustiva, interven\u00e7\u00e3o que deve constar de uma avalia\u00e7\u00e3o pr\u00e9via e cuidada da real necessidade de poda, principalmente das ramagens de salgueiros mais baixas e pr\u00f3ximas do leito, de forma a estabelecer e manter o equil\u00edbrio ecol\u00f3gico\/din\u00e2mica fluvial\u201d.<\/p>\n<p>\u201cQuanto \u00e0s interven\u00e7\u00f5es de controlo da flora vascular ex\u00f3tica e\/ou invasora, a sua aplicabilidade em sistemas ribeirinhos exige um planeamento pr\u00e9vio e concilia\u00e7\u00e3o de metodologias de controlo o mais adequadas \u00e0s esp\u00e9cies, mas tamb\u00e9m aferidas e reajustadas de acordo com as condi\u00e7\u00f5es hidrogeomorfol\u00f3gicas do meio fluvial, a dimens\u00e3o e a proximidade dos n\u00facleos de infesta\u00e7\u00e3o ao leito principal, a prioriza\u00e7\u00e3o dos custos, a ocorr\u00eancia de riscos ecol\u00f3gicos para os ecossistemas aqu\u00e1ticos e ribeirinhos, em paralelo, com a maior efic\u00e1cia de atua\u00e7\u00e3o, potenciando-se ao m\u00e1ximo, a minimiza\u00e7\u00e3o do grau de invas\u00e3o dos t\u00e1xones invasores presentes nesses meios\u201d, l\u00ea-se no documento.<\/p>\n<p>Para \u201ctodo o material resultante essencialmente dos trabalhos de corte seletivo e poda de forma\u00e7\u00e3o de \u00e1rvores aut\u00f3ctones existentes na \u00e1rea de interven\u00e7\u00e3o (ou de zonas envolventes, alvo de trabalhos semelhantes), prop\u00f5e-se a respetiva reutiliza\u00e7\u00e3o em obra para instala\u00e7\u00e3o de solu\u00e7\u00f5es t\u00e9cnicas de engenharia natural para estabiliza\u00e7\u00e3o dos taludes e margens ribeirinhas\u201d.<\/p>\n<p>A \u201cproposta de interven\u00e7\u00e3o de valoriza\u00e7\u00e3o e adapta\u00e7\u00e3o do corredor ribeirinho \u00e9 fundamental para melhorar as fun\u00e7\u00f5es ecol\u00f3gicas, hidrol\u00f3gicas e paisag\u00edsticas associadas ao sistema fluvial e na adapta\u00e7\u00e3o do territ\u00f3rio \u00e0s altera\u00e7\u00f5es clim\u00e1ticas\u201d.<\/p>\n","protected":false},"excerpt":{"rendered":"<p>O rio Neiva, que atravessa os concelhos de Viana do Castelo e Braga, vai ser alvo de uma interven\u00e7\u00e3o de reabilita\u00e7\u00e3o e valoriza\u00e7\u00e3o, num investimento superior a 600 mil euros que arranca este m\u00eas, foi hoje divulgado. Em declara\u00e7\u00f5es \u00e0 Lusa, Manuel Salgueiro, presidente da Junta de Freguesia de S\u00e3o Rom\u00e3o de Neiva, no concelho [&hellip;]<\/p>\n","protected":false},"author":13,"featured_media":118076,"comment_status":"closed","ping_status":"closed","sticky":false,"template":"","format":"standard","meta":{"_exactmetrics_skip_tracking":false,"_exactmetrics_sitenote_active":false,"_exactmetrics_sitenote_note":"","_exactmetrics_sitenote_category":0,"footnotes":""},"categories":[14],"tags":[27],"class_list":["post-118075","post","type-post","status-publish","format-standard","has-post-thumbnail","hentry","category-viana-do-castelo","tag-sociedade"],"yoast_head":"<!-- This site is optimized with the Yoast SEO Premium plugin v27.5 (Yoast SEO v27.5) - https:\/\/yoast.com\/product\/yoast-seo-premium-wordpress\/ -->\n<title>Valoriza\u00e7\u00e3o do rio Neiva em Braga e Viana do Castelo come\u00e7a este m\u00eas<\/title>\n<meta name=\"description\" content=\"\u00a0O rio Neiva, que atravessa os concelhos de Viana do Castelo e Braga, vai ser alvo de uma interven\u00e7\u00e3o de reabilita\u00e7\u00e3o e valoriza\u00e7\u00e3o, num investimento superior a 600 mil euros que arranca este m\u00eas, foi hoje divulgado.\" \/>\n<meta name=\"robots\" content=\"index, follow, max-snippet:-1, max-image-preview:large, max-video-preview:-1\" \/>\n<link rel=\"canonical\" href=\"https:\/\/www.altominho.tv\/site\/2025\/05\/12\/valorizacao-do-rio-neiva-em-braga-e-viana-do-castelo-comeca-este-mes\/\" \/>\n<meta property=\"og:locale\" content=\"pt_PT\" \/>\n<meta property=\"og:type\" content=\"article\" \/>\n<meta property=\"og:title\" content=\"Valoriza\u00e7\u00e3o do rio Neiva em Braga e Viana do Castelo come\u00e7a este m\u00eas\" \/>\n<meta property=\"og:description\" content=\"\u00a0O rio Neiva, que atravessa os concelhos de Viana do Castelo e Braga, vai ser alvo de uma interven\u00e7\u00e3o de reabilita\u00e7\u00e3o e valoriza\u00e7\u00e3o, num investimento superior a 600 mil euros que arranca este m\u00eas, foi hoje divulgado.\" \/>\n<meta property=\"og:url\" content=\"https:\/\/www.altominho.tv\/site\/2025\/05\/12\/valorizacao-do-rio-neiva-em-braga-e-viana-do-castelo-comeca-este-mes\/\" \/>\n<meta property=\"og:site_name\" content=\"Altominho.tv\" \/>\n<meta property=\"article:publisher\" content=\"https:\/\/www.facebook.com\/altominhotv\" \/>\n<meta property=\"article:published_time\" content=\"2025-05-12T16:10:37+00:00\" \/>\n<meta property=\"article:modified_time\" content=\"2025-05-12T16:10:40+00:00\" \/>\n<meta property=\"og:image\" content=\"https:\/\/www.altominho.tv\/site\/wp-content\/uploads\/2025\/05\/rio-neiva.jpg\" \/>\n\t<meta property=\"og:image:width\" content=\"1200\" \/>\n\t<meta property=\"og:image:height\" content=\"630\" \/>\n\t<meta property=\"og:image:type\" content=\"image\/jpeg\" \/>\n<meta name=\"author\" content=\"Lusa\" \/>\n<meta name=\"twitter:card\" content=\"summary_large_image\" \/>\n<meta name=\"twitter:creator\" content=\"@altominhoTV\" \/>\n<meta name=\"twitter:site\" content=\"@altominhoTV\" \/>\n<meta name=\"twitter:label1\" content=\"Escrito por\" \/>\n\t<meta name=\"twitter:data1\" content=\"Lusa\" \/>\n\t<meta name=\"twitter:label2\" content=\"Tempo estimado de leitura\" \/>\n\t<meta name=\"twitter:data2\" content=\"4 minutos\" \/>\n<script type=\"application\/ld+json\" class=\"yoast-schema-graph\">{\"@context\":\"https:\\\/\\\/schema.org\",\"@graph\":[{\"@type\":\"Article\",\"@id\":\"https:\\\/\\\/www.altominho.tv\\\/site\\\/2025\\\/05\\\/12\\\/valorizacao-do-rio-neiva-em-braga-e-viana-do-castelo-comeca-este-mes\\\/#article\",\"isPartOf\":{\"@id\":\"https:\\\/\\\/www.altominho.tv\\\/site\\\/2025\\\/05\\\/12\\\/valorizacao-do-rio-neiva-em-braga-e-viana-do-castelo-comeca-este-mes\\\/\"},\"author\":{\"name\":\"Lusa\",\"@id\":\"https:\\\/\\\/www.altominho.tv\\\/site\\\/#\\\/schema\\\/person\\\/63f693da3e1899361cbe955c46f3232e\"},\"headline\":\"Valoriza\u00e7\u00e3o do rio Neiva em Braga e Viana do Castelo come\u00e7a este m\u00eas\",\"datePublished\":\"2025-05-12T16:10:37+00:00\",\"dateModified\":\"2025-05-12T16:10:40+00:00\",\"mainEntityOfPage\":{\"@id\":\"https:\\\/\\\/www.altominho.tv\\\/site\\\/2025\\\/05\\\/12\\\/valorizacao-do-rio-neiva-em-braga-e-viana-do-castelo-comeca-este-mes\\\/\"},\"wordCount\":748,\"image\":{\"@id\":\"https:\\\/\\\/www.altominho.tv\\\/site\\\/2025\\\/05\\\/12\\\/valorizacao-do-rio-neiva-em-braga-e-viana-do-castelo-comeca-este-mes\\\/#primaryimage\"},\"thumbnailUrl\":\"https:\\\/\\\/www.altominho.tv\\\/site\\\/wp-content\\\/uploads\\\/2025\\\/05\\\/rio-neiva.jpg\",\"keywords\":[\"Sociedade\"],\"articleSection\":[\"Viana do Castelo\"],\"inLanguage\":\"pt-PT\",\"copyrightYear\":\"2025\",\"copyrightHolder\":{\"@id\":\"https:\\\/\\\/www.altominho.tv\\\/site\\\/#organization\"}},{\"@type\":\"WebPage\",\"@id\":\"https:\\\/\\\/www.altominho.tv\\\/site\\\/2025\\\/05\\\/12\\\/valorizacao-do-rio-neiva-em-braga-e-viana-do-castelo-comeca-este-mes\\\/\",\"url\":\"https:\\\/\\\/www.altominho.tv\\\/site\\\/2025\\\/05\\\/12\\\/valorizacao-do-rio-neiva-em-braga-e-viana-do-castelo-comeca-este-mes\\\/\",\"name\":\"Valoriza\u00e7\u00e3o do rio Neiva em Braga e Viana do Castelo come\u00e7a este m\u00eas\",\"isPartOf\":{\"@id\":\"https:\\\/\\\/www.altominho.tv\\\/site\\\/#website\"},\"primaryImageOfPage\":{\"@id\":\"https:\\\/\\\/www.altominho.tv\\\/site\\\/2025\\\/05\\\/12\\\/valorizacao-do-rio-neiva-em-braga-e-viana-do-castelo-comeca-este-mes\\\/#primaryimage\"},\"image\":{\"@id\":\"https:\\\/\\\/www.altominho.tv\\\/site\\\/2025\\\/05\\\/12\\\/valorizacao-do-rio-neiva-em-braga-e-viana-do-castelo-comeca-este-mes\\\/#primaryimage\"},\"thumbnailUrl\":\"https:\\\/\\\/www.altominho.tv\\\/site\\\/wp-content\\\/uploads\\\/2025\\\/05\\\/rio-neiva.jpg\",\"datePublished\":\"2025-05-12T16:10:37+00:00\",\"dateModified\":\"2025-05-12T16:10:40+00:00\",\"author\":{\"@id\":\"https:\\\/\\\/www.altominho.tv\\\/site\\\/#\\\/schema\\\/person\\\/63f693da3e1899361cbe955c46f3232e\"},\"description\":\"\u00a0O rio Neiva, que atravessa os concelhos de Viana do Castelo e Braga, vai ser alvo de uma interven\u00e7\u00e3o de reabilita\u00e7\u00e3o e valoriza\u00e7\u00e3o, num investimento superior a 600 mil euros que arranca este m\u00eas, foi hoje divulgado.\",\"breadcrumb\":{\"@id\":\"https:\\\/\\\/www.altominho.tv\\\/site\\\/2025\\\/05\\\/12\\\/valorizacao-do-rio-neiva-em-braga-e-viana-do-castelo-comeca-este-mes\\\/#breadcrumb\"},\"inLanguage\":\"pt-PT\",\"potentialAction\":[{\"@type\":\"ReadAction\",\"target\":[\"https:\\\/\\\/www.altominho.tv\\\/site\\\/2025\\\/05\\\/12\\\/valorizacao-do-rio-neiva-em-braga-e-viana-do-castelo-comeca-este-mes\\\/\"]}]},{\"@type\":\"ImageObject\",\"inLanguage\":\"pt-PT\",\"@id\":\"https:\\\/\\\/www.altominho.tv\\\/site\\\/2025\\\/05\\\/12\\\/valorizacao-do-rio-neiva-em-braga-e-viana-do-castelo-comeca-este-mes\\\/#primaryimage\",\"url\":\"https:\\\/\\\/www.altominho.tv\\\/site\\\/wp-content\\\/uploads\\\/2025\\\/05\\\/rio-neiva.jpg\",\"contentUrl\":\"https:\\\/\\\/www.altominho.tv\\\/site\\\/wp-content\\\/uploads\\\/2025\\\/05\\\/rio-neiva.jpg\",\"width\":1200,\"height\":630},{\"@type\":\"BreadcrumbList\",\"@id\":\"https:\\\/\\\/www.altominho.tv\\\/site\\\/2025\\\/05\\\/12\\\/valorizacao-do-rio-neiva-em-braga-e-viana-do-castelo-comeca-este-mes\\\/#breadcrumb\",\"itemListElement\":[{\"@type\":\"ListItem\",\"position\":1,\"name\":\"In\u00edcio\",\"item\":\"https:\\\/\\\/www.altominho.tv\\\/site\\\/\"},{\"@type\":\"ListItem\",\"position\":2,\"name\":\"Valoriza\u00e7\u00e3o do rio Neiva em Braga e Viana do Castelo come\u00e7a este m\u00eas\"}]},{\"@type\":\"WebSite\",\"@id\":\"https:\\\/\\\/www.altominho.tv\\\/site\\\/#website\",\"url\":\"https:\\\/\\\/www.altominho.tv\\\/site\\\/\",\"name\":\"Altominho.tv\",\"description\":\"A sua regi\u00e3o \u00e0 dist\u00e2ncia de um clique...\",\"potentialAction\":[{\"@type\":\"SearchAction\",\"target\":{\"@type\":\"EntryPoint\",\"urlTemplate\":\"https:\\\/\\\/www.altominho.tv\\\/site\\\/?s={search_term_string}\"},\"query-input\":{\"@type\":\"PropertyValueSpecification\",\"valueRequired\":true,\"valueName\":\"search_term_string\"}}],\"inLanguage\":\"pt-PT\"},{\"@type\":\"Person\",\"@id\":\"https:\\\/\\\/www.altominho.tv\\\/site\\\/#\\\/schema\\\/person\\\/63f693da3e1899361cbe955c46f3232e\",\"name\":\"Lusa\",\"image\":{\"@type\":\"ImageObject\",\"inLanguage\":\"pt-PT\",\"@id\":\"https:\\\/\\\/www.altominho.tv\\\/site\\\/wp-content\\\/uploads\\\/2019\\\/08\\\/LUSA_Logo.gif\",\"url\":\"https:\\\/\\\/www.altominho.tv\\\/site\\\/wp-content\\\/uploads\\\/2019\\\/08\\\/LUSA_Logo.gif\",\"contentUrl\":\"https:\\\/\\\/www.altominho.tv\\\/site\\\/wp-content\\\/uploads\\\/2019\\\/08\\\/LUSA_Logo.gif\",\"caption\":\"Lusa\"},\"sameAs\":[\"http:\\\/\\\/\\\/\\\/www.altominho.tv\\\/site\"],\"url\":\"https:\\\/\\\/www.altominho.tv\\\/site\\\/author\\\/lusa\\\/\"}]}<\/script>\n<!-- \/ Yoast SEO Premium plugin. -->","yoast_head_json":{"title":"Valoriza\u00e7\u00e3o do rio Neiva em Braga e Viana do Castelo come\u00e7a este m\u00eas","description":"\u00a0O rio Neiva, que atravessa os concelhos de Viana do Castelo e Braga, vai ser alvo de uma interven\u00e7\u00e3o de reabilita\u00e7\u00e3o e valoriza\u00e7\u00e3o, num investimento superior a 600 mil euros que arranca este m\u00eas, foi hoje divulgado.","robots":{"index":"index","follow":"follow","max-snippet":"max-snippet:-1","max-image-preview":"max-image-preview:large","max-video-preview":"max-video-preview:-1"},"canonical":"https:\/\/www.altominho.tv\/site\/2025\/05\/12\/valorizacao-do-rio-neiva-em-braga-e-viana-do-castelo-comeca-este-mes\/","og_locale":"pt_PT","og_type":"article","og_title":"Valoriza\u00e7\u00e3o do rio Neiva em Braga e Viana do Castelo come\u00e7a este m\u00eas","og_description":"\u00a0O rio Neiva, que atravessa os concelhos de Viana do Castelo e Braga, vai ser alvo de uma interven\u00e7\u00e3o de reabilita\u00e7\u00e3o e valoriza\u00e7\u00e3o, num investimento superior a 600 mil euros que arranca este m\u00eas, foi hoje divulgado.","og_url":"https:\/\/www.altominho.tv\/site\/2025\/05\/12\/valorizacao-do-rio-neiva-em-braga-e-viana-do-castelo-comeca-este-mes\/","og_site_name":"Altominho.tv","article_publisher":"https:\/\/www.facebook.com\/altominhotv","article_published_time":"2025-05-12T16:10:37+00:00","article_modified_time":"2025-05-12T16:10:40+00:00","og_image":[{"width":1200,"height":630,"url":"https:\/\/www.altominho.tv\/site\/wp-content\/uploads\/2025\/05\/rio-neiva.jpg","type":"image\/jpeg"}],"author":"Lusa","twitter_card":"summary_large_image","twitter_creator":"@altominhoTV","twitter_site":"@altominhoTV","twitter_misc":{"Escrito por":"Lusa","Tempo estimado de leitura":"4 minutos"},"schema":{"@context":"https:\/\/schema.org","@graph":[{"@type":"Article","@id":"https:\/\/www.altominho.tv\/site\/2025\/05\/12\/valorizacao-do-rio-neiva-em-braga-e-viana-do-castelo-comeca-este-mes\/#article","isPartOf":{"@id":"https:\/\/www.altominho.tv\/site\/2025\/05\/12\/valorizacao-do-rio-neiva-em-braga-e-viana-do-castelo-comeca-este-mes\/"},"author":{"name":"Lusa","@id":"https:\/\/www.altominho.tv\/site\/#\/schema\/person\/63f693da3e1899361cbe955c46f3232e"},"headline":"Valoriza\u00e7\u00e3o do rio Neiva em Braga e Viana do Castelo come\u00e7a este m\u00eas","datePublished":"2025-05-12T16:10:37+00:00","dateModified":"2025-05-12T16:10:40+00:00","mainEntityOfPage":{"@id":"https:\/\/www.altominho.tv\/site\/2025\/05\/12\/valorizacao-do-rio-neiva-em-braga-e-viana-do-castelo-comeca-este-mes\/"},"wordCount":748,"image":{"@id":"https:\/\/www.altominho.tv\/site\/2025\/05\/12\/valorizacao-do-rio-neiva-em-braga-e-viana-do-castelo-comeca-este-mes\/#primaryimage"},"thumbnailUrl":"https:\/\/www.altominho.tv\/site\/wp-content\/uploads\/2025\/05\/rio-neiva.jpg","keywords":["Sociedade"],"articleSection":["Viana do Castelo"],"inLanguage":"pt-PT","copyrightYear":"2025","copyrightHolder":{"@id":"https:\/\/www.altominho.tv\/site\/#organization"}},{"@type":"WebPage","@id":"https:\/\/www.altominho.tv\/site\/2025\/05\/12\/valorizacao-do-rio-neiva-em-braga-e-viana-do-castelo-comeca-este-mes\/","url":"https:\/\/www.altominho.tv\/site\/2025\/05\/12\/valorizacao-do-rio-neiva-em-braga-e-viana-do-castelo-comeca-este-mes\/","name":"Valoriza\u00e7\u00e3o do rio Neiva em Braga e Viana do Castelo come\u00e7a este m\u00eas","isPartOf":{"@id":"https:\/\/www.altominho.tv\/site\/#website"},"primaryImageOfPage":{"@id":"https:\/\/www.altominho.tv\/site\/2025\/05\/12\/valorizacao-do-rio-neiva-em-braga-e-viana-do-castelo-comeca-este-mes\/#primaryimage"},"image":{"@id":"https:\/\/www.altominho.tv\/site\/2025\/05\/12\/valorizacao-do-rio-neiva-em-braga-e-viana-do-castelo-comeca-este-mes\/#primaryimage"},"thumbnailUrl":"https:\/\/www.altominho.tv\/site\/wp-content\/uploads\/2025\/05\/rio-neiva.jpg","datePublished":"2025-05-12T16:10:37+00:00","dateModified":"2025-05-12T16:10:40+00:00","author":{"@id":"https:\/\/www.altominho.tv\/site\/#\/schema\/person\/63f693da3e1899361cbe955c46f3232e"},"description":"\u00a0O rio Neiva, que atravessa os concelhos de Viana do Castelo e Braga, vai ser alvo de uma interven\u00e7\u00e3o de reabilita\u00e7\u00e3o e valoriza\u00e7\u00e3o, num investimento superior a 600 mil euros que arranca este m\u00eas, foi hoje divulgado.","breadcrumb":{"@id":"https:\/\/www.altominho.tv\/site\/2025\/05\/12\/valorizacao-do-rio-neiva-em-braga-e-viana-do-castelo-comeca-este-mes\/#breadcrumb"},"inLanguage":"pt-PT","potentialAction":[{"@type":"ReadAction","target":["https:\/\/www.altominho.tv\/site\/2025\/05\/12\/valorizacao-do-rio-neiva-em-braga-e-viana-do-castelo-comeca-este-mes\/"]}]},{"@type":"ImageObject","inLanguage":"pt-PT","@id":"https:\/\/www.altominho.tv\/site\/2025\/05\/12\/valorizacao-do-rio-neiva-em-braga-e-viana-do-castelo-comeca-este-mes\/#primaryimage","url":"https:\/\/www.altominho.tv\/site\/wp-content\/uploads\/2025\/05\/rio-neiva.jpg","contentUrl":"https:\/\/www.altominho.tv\/site\/wp-content\/uploads\/2025\/05\/rio-neiva.jpg","width":1200,"height":630},{"@type":"BreadcrumbList","@id":"https:\/\/www.altominho.tv\/site\/2025\/05\/12\/valorizacao-do-rio-neiva-em-braga-e-viana-do-castelo-comeca-este-mes\/#breadcrumb","itemListElement":[{"@type":"ListItem","position":1,"name":"In\u00edcio","item":"https:\/\/www.altominho.tv\/site\/"},{"@type":"ListItem","position":2,"name":"Valoriza\u00e7\u00e3o do rio Neiva em Braga e Viana do Castelo come\u00e7a este m\u00eas"}]},{"@type":"WebSite","@id":"https:\/\/www.altominho.tv\/site\/#website","url":"https:\/\/www.altominho.tv\/site\/","name":"Altominho.tv","description":"A sua regi\u00e3o \u00e0 dist\u00e2ncia de um clique...","potentialAction":[{"@type":"SearchAction","target":{"@type":"EntryPoint","urlTemplate":"https:\/\/www.altominho.tv\/site\/?s={search_term_string}"},"query-input":{"@type":"PropertyValueSpecification","valueRequired":true,"valueName":"search_term_string"}}],"inLanguage":"pt-PT"},{"@type":"Person","@id":"https:\/\/www.altominho.tv\/site\/#\/schema\/person\/63f693da3e1899361cbe955c46f3232e","name":"Lusa","image":{"@type":"ImageObject","inLanguage":"pt-PT","@id":"https:\/\/www.altominho.tv\/site\/wp-content\/uploads\/2019\/08\/LUSA_Logo.gif","url":"https:\/\/www.altominho.tv\/site\/wp-content\/uploads\/2019\/08\/LUSA_Logo.gif","contentUrl":"https:\/\/www.altominho.tv\/site\/wp-content\/uploads\/2019\/08\/LUSA_Logo.gif","caption":"Lusa"},"sameAs":["http:\/\/\/\/www.altominho.tv\/site"],"url":"https:\/\/www.altominho.tv\/site\/author\/lusa\/"}]}},"_links":{"self":[{"href":"https:\/\/www.altominho.tv\/site\/wp-json\/wp\/v2\/posts\/118075","targetHints":{"allow":["GET"]}}],"collection":[{"href":"https:\/\/www.altominho.tv\/site\/wp-json\/wp\/v2\/posts"}],"about":[{"href":"https:\/\/www.altominho.tv\/site\/wp-json\/wp\/v2\/types\/post"}],"author":[{"embeddable":true,"href":"https:\/\/www.altominho.tv\/site\/wp-json\/wp\/v2\/users\/13"}],"replies":[{"embeddable":true,"href":"https:\/\/www.altominho.tv\/site\/wp-json\/wp\/v2\/comments?post=118075"}],"version-history":[{"count":1,"href":"https:\/\/www.altominho.tv\/site\/wp-json\/wp\/v2\/posts\/118075\/revisions"}],"predecessor-version":[{"id":118077,"href":"https:\/\/www.altominho.tv\/site\/wp-json\/wp\/v2\/posts\/118075\/revisions\/118077"}],"wp:featuredmedia":[{"embeddable":true,"href":"https:\/\/www.altominho.tv\/site\/wp-json\/wp\/v2\/media\/118076"}],"wp:attachment":[{"href":"https:\/\/www.altominho.tv\/site\/wp-json\/wp\/v2\/media?parent=118075"}],"wp:term":[{"taxonomy":"category","embeddable":true,"href":"https:\/\/www.altominho.tv\/site\/wp-json\/wp\/v2\/categories?post=118075"},{"taxonomy":"post_tag","embeddable":true,"href":"https:\/\/www.altominho.tv\/site\/wp-json\/wp\/v2\/tags?post=118075"}],"curies":[{"name":"wp","href":"https:\/\/api.w.org\/{rel}","templated":true}]}}