{"id":118047,"date":"2025-05-12T13:35:24","date_gmt":"2025-05-12T12:35:24","guid":{"rendered":"https:\/\/www.altominho.tv\/site\/?p=118047"},"modified":"2025-05-12T13:35:26","modified_gmt":"2025-05-12T12:35:26","slug":"arcos-de-valdevez-teatro-cultura","status":"publish","type":"post","link":"https:\/\/www.altominho.tv\/site\/2025\/05\/12\/arcos-de-valdevez-teatro-cultura\/","title":{"rendered":"&#8216;Filhas da M\u00e3e&#8217; com J\u00falio Oliveira e Jorge Gabriel a 24 de maio na Casa das Artes"},"content":{"rendered":"\n<p>O espet\u00e1culo &#8216;Filhas da M\u00e3e&#8217; com J\u00falio Oliveira e Jorge Gabriel, vai ser apresentado a 24 de maio, na Casa das Artes de Arcos de Valdevez.<\/p>\n\n\n\n<p>Este novo espet\u00e1culo, que estreou em 2024, apresenta um programa de televis\u00e3o \u00fanico em Portugal.<\/p>\n\n\n\n<p>O espet\u00e1culo &#8220;promete alegria, divers\u00e3o e muitas gargalhadas&#8221;, e tem lugar no s\u00e1bado, dia 24 de maio, \u00e0s 22h00. <\/p>\n\n\n\n<figure class=\"wp-block-image size-large\"><img loading=\"lazy\" decoding=\"async\" width=\"576\" height=\"1024\" src=\"https:\/\/www.altominho.tv\/site\/wp-content\/uploads\/2025\/05\/comedia-576x1024.jpeg\" alt=\"\" class=\"wp-image-118049\" srcset=\"https:\/\/www.altominho.tv\/site\/wp-content\/uploads\/2025\/05\/comedia-576x1024.jpeg 576w, https:\/\/www.altominho.tv\/site\/wp-content\/uploads\/2025\/05\/comedia-244x433.jpeg 244w, https:\/\/www.altominho.tv\/site\/wp-content\/uploads\/2025\/05\/comedia-768x1365.jpeg 768w, https:\/\/www.altominho.tv\/site\/wp-content\/uploads\/2025\/05\/comedia-864x1536.jpeg 864w, https:\/\/www.altominho.tv\/site\/wp-content\/uploads\/2025\/05\/comedia-370x658.jpeg 370w, https:\/\/www.altominho.tv\/site\/wp-content\/uploads\/2025\/05\/comedia-270x480.jpeg 270w, https:\/\/www.altominho.tv\/site\/wp-content\/uploads\/2025\/05\/comedia-570x1013.jpeg 570w, https:\/\/www.altominho.tv\/site\/wp-content\/uploads\/2025\/05\/comedia-740x1316.jpeg 740w, https:\/\/www.altominho.tv\/site\/wp-content\/uploads\/2025\/05\/comedia.jpeg 900w\" sizes=\"auto, (max-width: 576px) 100vw, 576px\" \/><\/figure>\n","protected":false},"excerpt":{"rendered":"<p>O espet\u00e1culo &#8216;Filhas da M\u00e3e&#8217; com J\u00falio Oliveira e Jorge Gabriel, vai ser apresentado a 24 de maio, na Casa das Artes de Arcos de Valdevez. Este novo espet\u00e1culo, que estreou em 2024, apresenta um programa de televis\u00e3o \u00fanico em Portugal. O espet\u00e1culo &#8220;promete alegria, divers\u00e3o e muitas gargalhadas&#8221;, e tem lugar no s\u00e1bado, dia [&hellip;]<\/p>\n","protected":false},"author":7,"featured_media":118048,"comment_status":"closed","ping_status":"closed","sticky":false,"template":"","format":"standard","meta":{"_exactmetrics_skip_tracking":false,"_exactmetrics_sitenote_active":false,"_exactmetrics_sitenote_note":"","_exactmetrics_sitenote_category":0,"footnotes":""},"categories":[2],"tags":[19],"class_list":["post-118047","post","type-post","status-publish","format-standard","has-post-thumbnail","hentry","category-arcos-de-valdevez","tag-cultura"],"yoast_head":"<!-- This site is optimized with the Yoast SEO Premium plugin v27.5 (Yoast SEO v27.5) - https:\/\/yoast.com\/product\/yoast-seo-premium-wordpress\/ -->\n<title>&#039;Filhas da M\u00e3e&#039; com J\u00falio Oliveira e Jorge Gabriel a 24 de maio na Casa das Artes<\/title>\n<meta name=\"description\" content=\"O espet\u00e1culo &quot;Filhas da M\u00e3e&quot;, com J\u00falio Oliveira e Jorge Gabriel (RTP) vai ser apresentado na Casa das Artes, no dia 24 de maio.\" \/>\n<meta name=\"robots\" content=\"index, follow, max-snippet:-1, max-image-preview:large, max-video-preview:-1\" \/>\n<link rel=\"canonical\" href=\"https:\/\/www.altominho.tv\/site\/2025\/05\/12\/arcos-de-valdevez-teatro-cultura\/\" \/>\n<meta property=\"og:locale\" content=\"pt_PT\" \/>\n<meta property=\"og:type\" content=\"article\" \/>\n<meta property=\"og:title\" content=\"&#039;Filhas da M\u00e3e&#039; com J\u00falio Oliveira e Jorge Gabriel a 24 de maio na Casa das Artes\" \/>\n<meta property=\"og:description\" content=\"O espet\u00e1culo &quot;Filhas da M\u00e3e&quot;, com J\u00falio Oliveira e Jorge Gabriel (RTP) vai ser apresentado na Casa das Artes, no dia 24 de maio.\" \/>\n<meta property=\"og:url\" content=\"https:\/\/www.altominho.tv\/site\/2025\/05\/12\/arcos-de-valdevez-teatro-cultura\/\" \/>\n<meta property=\"og:site_name\" content=\"Altominho.tv\" \/>\n<meta property=\"article:publisher\" content=\"https:\/\/www.facebook.com\/altominhotv\" \/>\n<meta property=\"article:published_time\" content=\"2025-05-12T12:35:24+00:00\" \/>\n<meta property=\"article:modified_time\" content=\"2025-05-12T12:35:26+00:00\" \/>\n<meta property=\"og:image\" content=\"https:\/\/www.altominho.tv\/site\/wp-content\/uploads\/2025\/05\/casa-das-artes-1.png\" \/>\n\t<meta property=\"og:image:width\" content=\"1200\" \/>\n\t<meta property=\"og:image:height\" content=\"630\" \/>\n\t<meta property=\"og:image:type\" content=\"image\/png\" \/>\n<meta name=\"author\" content=\"Andreia Cunha\" \/>\n<meta name=\"twitter:card\" content=\"summary_large_image\" \/>\n<meta name=\"twitter:creator\" content=\"@altominhoTV\" \/>\n<meta name=\"twitter:site\" content=\"@altominhoTV\" \/>\n<meta name=\"twitter:label1\" content=\"Escrito por\" \/>\n\t<meta name=\"twitter:data1\" content=\"Andreia Cunha\" \/>\n\t<meta name=\"twitter:label2\" content=\"Tempo estimado de leitura\" \/>\n\t<meta name=\"twitter:data2\" content=\"1 minuto\" \/>\n<script type=\"application\/ld+json\" class=\"yoast-schema-graph\">{\"@context\":\"https:\\\/\\\/schema.org\",\"@graph\":[{\"@type\":\"Article\",\"@id\":\"https:\\\/\\\/www.altominho.tv\\\/site\\\/2025\\\/05\\\/12\\\/arcos-de-valdevez-teatro-cultura\\\/#article\",\"isPartOf\":{\"@id\":\"https:\\\/\\\/www.altominho.tv\\\/site\\\/2025\\\/05\\\/12\\\/arcos-de-valdevez-teatro-cultura\\\/\"},\"author\":{\"name\":\"Andreia Cunha\",\"@id\":\"https:\\\/\\\/www.altominho.tv\\\/site\\\/#\\\/schema\\\/person\\\/a0e4ef6d041f98ca284393d8f1d97153\"},\"headline\":\"&#8216;Filhas da M\u00e3e&#8217; com J\u00falio Oliveira e Jorge Gabriel a 24 de maio na Casa das Artes\",\"datePublished\":\"2025-05-12T12:35:24+00:00\",\"dateModified\":\"2025-05-12T12:35:26+00:00\",\"mainEntityOfPage\":{\"@id\":\"https:\\\/\\\/www.altominho.tv\\\/site\\\/2025\\\/05\\\/12\\\/arcos-de-valdevez-teatro-cultura\\\/\"},\"wordCount\":83,\"image\":{\"@id\":\"https:\\\/\\\/www.altominho.tv\\\/site\\\/2025\\\/05\\\/12\\\/arcos-de-valdevez-teatro-cultura\\\/#primaryimage\"},\"thumbnailUrl\":\"https:\\\/\\\/www.altominho.tv\\\/site\\\/wp-content\\\/uploads\\\/2025\\\/05\\\/casa-das-artes-1.png\",\"keywords\":[\"Cultura\"],\"articleSection\":[\"Arcos de Valdevez\"],\"inLanguage\":\"pt-PT\",\"copyrightYear\":\"2025\",\"copyrightHolder\":{\"@id\":\"https:\\\/\\\/www.altominho.tv\\\/site\\\/#organization\"}},{\"@type\":\"WebPage\",\"@id\":\"https:\\\/\\\/www.altominho.tv\\\/site\\\/2025\\\/05\\\/12\\\/arcos-de-valdevez-teatro-cultura\\\/\",\"url\":\"https:\\\/\\\/www.altominho.tv\\\/site\\\/2025\\\/05\\\/12\\\/arcos-de-valdevez-teatro-cultura\\\/\",\"name\":\"'Filhas da M\u00e3e' com J\u00falio Oliveira e Jorge Gabriel a 24 de maio na Casa das Artes\",\"isPartOf\":{\"@id\":\"https:\\\/\\\/www.altominho.tv\\\/site\\\/#website\"},\"primaryImageOfPage\":{\"@id\":\"https:\\\/\\\/www.altominho.tv\\\/site\\\/2025\\\/05\\\/12\\\/arcos-de-valdevez-teatro-cultura\\\/#primaryimage\"},\"image\":{\"@id\":\"https:\\\/\\\/www.altominho.tv\\\/site\\\/2025\\\/05\\\/12\\\/arcos-de-valdevez-teatro-cultura\\\/#primaryimage\"},\"thumbnailUrl\":\"https:\\\/\\\/www.altominho.tv\\\/site\\\/wp-content\\\/uploads\\\/2025\\\/05\\\/casa-das-artes-1.png\",\"datePublished\":\"2025-05-12T12:35:24+00:00\",\"dateModified\":\"2025-05-12T12:35:26+00:00\",\"author\":{\"@id\":\"https:\\\/\\\/www.altominho.tv\\\/site\\\/#\\\/schema\\\/person\\\/a0e4ef6d041f98ca284393d8f1d97153\"},\"description\":\"O espet\u00e1culo \\\"Filhas da M\u00e3e\\\", com J\u00falio Oliveira e Jorge Gabriel (RTP) vai ser apresentado na Casa das Artes, no dia 24 de maio.\",\"breadcrumb\":{\"@id\":\"https:\\\/\\\/www.altominho.tv\\\/site\\\/2025\\\/05\\\/12\\\/arcos-de-valdevez-teatro-cultura\\\/#breadcrumb\"},\"inLanguage\":\"pt-PT\",\"potentialAction\":[{\"@type\":\"ReadAction\",\"target\":[\"https:\\\/\\\/www.altominho.tv\\\/site\\\/2025\\\/05\\\/12\\\/arcos-de-valdevez-teatro-cultura\\\/\"]}]},{\"@type\":\"ImageObject\",\"inLanguage\":\"pt-PT\",\"@id\":\"https:\\\/\\\/www.altominho.tv\\\/site\\\/2025\\\/05\\\/12\\\/arcos-de-valdevez-teatro-cultura\\\/#primaryimage\",\"url\":\"https:\\\/\\\/www.altominho.tv\\\/site\\\/wp-content\\\/uploads\\\/2025\\\/05\\\/casa-das-artes-1.png\",\"contentUrl\":\"https:\\\/\\\/www.altominho.tv\\\/site\\\/wp-content\\\/uploads\\\/2025\\\/05\\\/casa-das-artes-1.png\",\"width\":1200,\"height\":630},{\"@type\":\"BreadcrumbList\",\"@id\":\"https:\\\/\\\/www.altominho.tv\\\/site\\\/2025\\\/05\\\/12\\\/arcos-de-valdevez-teatro-cultura\\\/#breadcrumb\",\"itemListElement\":[{\"@type\":\"ListItem\",\"position\":1,\"name\":\"In\u00edcio\",\"item\":\"https:\\\/\\\/www.altominho.tv\\\/site\\\/\"},{\"@type\":\"ListItem\",\"position\":2,\"name\":\"&#8216;Filhas da M\u00e3e&#8217; com J\u00falio Oliveira e Jorge Gabriel a 24 de maio na Casa das Artes\"}]},{\"@type\":\"WebSite\",\"@id\":\"https:\\\/\\\/www.altominho.tv\\\/site\\\/#website\",\"url\":\"https:\\\/\\\/www.altominho.tv\\\/site\\\/\",\"name\":\"Altominho.tv\",\"description\":\"A sua regi\u00e3o \u00e0 dist\u00e2ncia de um clique...\",\"potentialAction\":[{\"@type\":\"SearchAction\",\"target\":{\"@type\":\"EntryPoint\",\"urlTemplate\":\"https:\\\/\\\/www.altominho.tv\\\/site\\\/?s={search_term_string}\"},\"query-input\":{\"@type\":\"PropertyValueSpecification\",\"valueRequired\":true,\"valueName\":\"search_term_string\"}}],\"inLanguage\":\"pt-PT\"},{\"@type\":\"Person\",\"@id\":\"https:\\\/\\\/www.altominho.tv\\\/site\\\/#\\\/schema\\\/person\\\/a0e4ef6d041f98ca284393d8f1d97153\",\"name\":\"Andreia Cunha\",\"image\":{\"@type\":\"ImageObject\",\"inLanguage\":\"pt-PT\",\"@id\":\"https:\\\/\\\/www.altominho.tv\\\/site\\\/wp-content\\\/uploads\\\/2017\\\/11\\\/Andreia_Cunha-1-150x150.jpg\",\"url\":\"https:\\\/\\\/www.altominho.tv\\\/site\\\/wp-content\\\/uploads\\\/2017\\\/11\\\/Andreia_Cunha-1-150x150.jpg\",\"contentUrl\":\"https:\\\/\\\/www.altominho.tv\\\/site\\\/wp-content\\\/uploads\\\/2017\\\/11\\\/Andreia_Cunha-1-150x150.jpg\",\"caption\":\"Andreia Cunha\"},\"url\":\"https:\\\/\\\/www.altominho.tv\\\/site\\\/author\\\/andreiacunha\\\/\"}]}<\/script>\n<!-- \/ Yoast SEO Premium plugin. -->","yoast_head_json":{"title":"'Filhas da M\u00e3e' com J\u00falio Oliveira e Jorge Gabriel a 24 de maio na Casa das Artes","description":"O espet\u00e1culo \"Filhas da M\u00e3e\", com J\u00falio Oliveira e Jorge Gabriel (RTP) vai ser apresentado na Casa das Artes, no dia 24 de maio.","robots":{"index":"index","follow":"follow","max-snippet":"max-snippet:-1","max-image-preview":"max-image-preview:large","max-video-preview":"max-video-preview:-1"},"canonical":"https:\/\/www.altominho.tv\/site\/2025\/05\/12\/arcos-de-valdevez-teatro-cultura\/","og_locale":"pt_PT","og_type":"article","og_title":"'Filhas da M\u00e3e' com J\u00falio Oliveira e Jorge Gabriel a 24 de maio na Casa das Artes","og_description":"O espet\u00e1culo \"Filhas da M\u00e3e\", com J\u00falio Oliveira e Jorge Gabriel (RTP) vai ser apresentado na Casa das Artes, no dia 24 de maio.","og_url":"https:\/\/www.altominho.tv\/site\/2025\/05\/12\/arcos-de-valdevez-teatro-cultura\/","og_site_name":"Altominho.tv","article_publisher":"https:\/\/www.facebook.com\/altominhotv","article_published_time":"2025-05-12T12:35:24+00:00","article_modified_time":"2025-05-12T12:35:26+00:00","og_image":[{"width":1200,"height":630,"url":"https:\/\/www.altominho.tv\/site\/wp-content\/uploads\/2025\/05\/casa-das-artes-1.png","type":"image\/png"}],"author":"Andreia Cunha","twitter_card":"summary_large_image","twitter_creator":"@altominhoTV","twitter_site":"@altominhoTV","twitter_misc":{"Escrito por":"Andreia Cunha","Tempo estimado de leitura":"1 minuto"},"schema":{"@context":"https:\/\/schema.org","@graph":[{"@type":"Article","@id":"https:\/\/www.altominho.tv\/site\/2025\/05\/12\/arcos-de-valdevez-teatro-cultura\/#article","isPartOf":{"@id":"https:\/\/www.altominho.tv\/site\/2025\/05\/12\/arcos-de-valdevez-teatro-cultura\/"},"author":{"name":"Andreia Cunha","@id":"https:\/\/www.altominho.tv\/site\/#\/schema\/person\/a0e4ef6d041f98ca284393d8f1d97153"},"headline":"&#8216;Filhas da M\u00e3e&#8217; com J\u00falio Oliveira e Jorge Gabriel a 24 de maio na Casa das Artes","datePublished":"2025-05-12T12:35:24+00:00","dateModified":"2025-05-12T12:35:26+00:00","mainEntityOfPage":{"@id":"https:\/\/www.altominho.tv\/site\/2025\/05\/12\/arcos-de-valdevez-teatro-cultura\/"},"wordCount":83,"image":{"@id":"https:\/\/www.altominho.tv\/site\/2025\/05\/12\/arcos-de-valdevez-teatro-cultura\/#primaryimage"},"thumbnailUrl":"https:\/\/www.altominho.tv\/site\/wp-content\/uploads\/2025\/05\/casa-das-artes-1.png","keywords":["Cultura"],"articleSection":["Arcos de Valdevez"],"inLanguage":"pt-PT","copyrightYear":"2025","copyrightHolder":{"@id":"https:\/\/www.altominho.tv\/site\/#organization"}},{"@type":"WebPage","@id":"https:\/\/www.altominho.tv\/site\/2025\/05\/12\/arcos-de-valdevez-teatro-cultura\/","url":"https:\/\/www.altominho.tv\/site\/2025\/05\/12\/arcos-de-valdevez-teatro-cultura\/","name":"'Filhas da M\u00e3e' com J\u00falio Oliveira e Jorge Gabriel a 24 de maio na Casa das Artes","isPartOf":{"@id":"https:\/\/www.altominho.tv\/site\/#website"},"primaryImageOfPage":{"@id":"https:\/\/www.altominho.tv\/site\/2025\/05\/12\/arcos-de-valdevez-teatro-cultura\/#primaryimage"},"image":{"@id":"https:\/\/www.altominho.tv\/site\/2025\/05\/12\/arcos-de-valdevez-teatro-cultura\/#primaryimage"},"thumbnailUrl":"https:\/\/www.altominho.tv\/site\/wp-content\/uploads\/2025\/05\/casa-das-artes-1.png","datePublished":"2025-05-12T12:35:24+00:00","dateModified":"2025-05-12T12:35:26+00:00","author":{"@id":"https:\/\/www.altominho.tv\/site\/#\/schema\/person\/a0e4ef6d041f98ca284393d8f1d97153"},"description":"O espet\u00e1culo \"Filhas da M\u00e3e\", com J\u00falio Oliveira e Jorge Gabriel (RTP) vai ser apresentado na Casa das Artes, no dia 24 de maio.","breadcrumb":{"@id":"https:\/\/www.altominho.tv\/site\/2025\/05\/12\/arcos-de-valdevez-teatro-cultura\/#breadcrumb"},"inLanguage":"pt-PT","potentialAction":[{"@type":"ReadAction","target":["https:\/\/www.altominho.tv\/site\/2025\/05\/12\/arcos-de-valdevez-teatro-cultura\/"]}]},{"@type":"ImageObject","inLanguage":"pt-PT","@id":"https:\/\/www.altominho.tv\/site\/2025\/05\/12\/arcos-de-valdevez-teatro-cultura\/#primaryimage","url":"https:\/\/www.altominho.tv\/site\/wp-content\/uploads\/2025\/05\/casa-das-artes-1.png","contentUrl":"https:\/\/www.altominho.tv\/site\/wp-content\/uploads\/2025\/05\/casa-das-artes-1.png","width":1200,"height":630},{"@type":"BreadcrumbList","@id":"https:\/\/www.altominho.tv\/site\/2025\/05\/12\/arcos-de-valdevez-teatro-cultura\/#breadcrumb","itemListElement":[{"@type":"ListItem","position":1,"name":"In\u00edcio","item":"https:\/\/www.altominho.tv\/site\/"},{"@type":"ListItem","position":2,"name":"&#8216;Filhas da M\u00e3e&#8217; com J\u00falio Oliveira e Jorge Gabriel a 24 de maio na Casa das Artes"}]},{"@type":"WebSite","@id":"https:\/\/www.altominho.tv\/site\/#website","url":"https:\/\/www.altominho.tv\/site\/","name":"Altominho.tv","description":"A sua regi\u00e3o \u00e0 dist\u00e2ncia de um clique...","potentialAction":[{"@type":"SearchAction","target":{"@type":"EntryPoint","urlTemplate":"https:\/\/www.altominho.tv\/site\/?s={search_term_string}"},"query-input":{"@type":"PropertyValueSpecification","valueRequired":true,"valueName":"search_term_string"}}],"inLanguage":"pt-PT"},{"@type":"Person","@id":"https:\/\/www.altominho.tv\/site\/#\/schema\/person\/a0e4ef6d041f98ca284393d8f1d97153","name":"Andreia Cunha","image":{"@type":"ImageObject","inLanguage":"pt-PT","@id":"https:\/\/www.altominho.tv\/site\/wp-content\/uploads\/2017\/11\/Andreia_Cunha-1-150x150.jpg","url":"https:\/\/www.altominho.tv\/site\/wp-content\/uploads\/2017\/11\/Andreia_Cunha-1-150x150.jpg","contentUrl":"https:\/\/www.altominho.tv\/site\/wp-content\/uploads\/2017\/11\/Andreia_Cunha-1-150x150.jpg","caption":"Andreia Cunha"},"url":"https:\/\/www.altominho.tv\/site\/author\/andreiacunha\/"}]}},"_links":{"self":[{"href":"https:\/\/www.altominho.tv\/site\/wp-json\/wp\/v2\/posts\/118047","targetHints":{"allow":["GET"]}}],"collection":[{"href":"https:\/\/www.altominho.tv\/site\/wp-json\/wp\/v2\/posts"}],"about":[{"href":"https:\/\/www.altominho.tv\/site\/wp-json\/wp\/v2\/types\/post"}],"author":[{"embeddable":true,"href":"https:\/\/www.altominho.tv\/site\/wp-json\/wp\/v2\/users\/7"}],"replies":[{"embeddable":true,"href":"https:\/\/www.altominho.tv\/site\/wp-json\/wp\/v2\/comments?post=118047"}],"version-history":[{"count":1,"href":"https:\/\/www.altominho.tv\/site\/wp-json\/wp\/v2\/posts\/118047\/revisions"}],"predecessor-version":[{"id":118050,"href":"https:\/\/www.altominho.tv\/site\/wp-json\/wp\/v2\/posts\/118047\/revisions\/118050"}],"wp:featuredmedia":[{"embeddable":true,"href":"https:\/\/www.altominho.tv\/site\/wp-json\/wp\/v2\/media\/118048"}],"wp:attachment":[{"href":"https:\/\/www.altominho.tv\/site\/wp-json\/wp\/v2\/media?parent=118047"}],"wp:term":[{"taxonomy":"category","embeddable":true,"href":"https:\/\/www.altominho.tv\/site\/wp-json\/wp\/v2\/categories?post=118047"},{"taxonomy":"post_tag","embeddable":true,"href":"https:\/\/www.altominho.tv\/site\/wp-json\/wp\/v2\/tags?post=118047"}],"curies":[{"name":"wp","href":"https:\/\/api.w.org\/{rel}","templated":true}]}}