{"id":118028,"date":"2025-05-11T16:23:44","date_gmt":"2025-05-11T15:23:44","guid":{"rendered":"https:\/\/www.altominho.tv\/site\/?p=118028"},"modified":"2025-05-11T16:23:46","modified_gmt":"2025-05-11T15:23:46","slug":"ciclo-de-polinizacao-em-paredes-de-coura","status":"publish","type":"post","link":"https:\/\/www.altominho.tv\/site\/2025\/05\/11\/ciclo-de-polinizacao-em-paredes-de-coura\/","title":{"rendered":"Ciclo de Poliniza\u00e7\u00e3o Musical: A Celebra\u00e7\u00e3o da diversidade em harmonia \u00a0"},"content":{"rendered":"\n<figure class=\"wp-block-embed is-type-video is-provider-youtube wp-block-embed-youtube wp-embed-aspect-16-9 wp-has-aspect-ratio\"><div class=\"wp-block-embed__wrapper\">\n<iframe loading=\"lazy\" title=\"Ciclo de Poliniza\u00e7\u00e3o Musical: A Celebra\u00e7\u00e3o da diversidade em harmonia | Altominho TV\" width=\"770\" height=\"433\" src=\"https:\/\/www.youtube.com\/embed\/z6aZBVNQGD4?feature=oembed\" frameborder=\"0\" allow=\"accelerometer; autoplay; clipboard-write; encrypted-media; gyroscope; picture-in-picture; web-share\" referrerpolicy=\"strict-origin-when-cross-origin\" allowfullscreen><\/iframe>\n<\/div><\/figure>\n\n\n<p>Arrancou este fim de semana, em Paredes de Coura, a 5\u00aa edi\u00e7\u00e3o do Ciclo de Poliniza\u00e7\u00e3o Musical.<\/p>\n<p>O evento, que se prolongar\u00e1 de 16 a 18 de maio, conta com concertos e atividades gratuitas, destacando estreias e atua\u00e7\u00f5es de artistas nacionais e estrangeiros.<\/p>\n<p>A Altominho TV acompanhou o Workshop de Canto e Dan\u00e7a &#8211; \u00c0 Roda, realizado na Junta de Freguesia de Rubi\u00e3es.<\/p>\n<p>A iniciativa promoveu a intera\u00e7\u00e3o entre participantes atrav\u00e9s de express\u00f5es art\u00edsticas ligadas \u00e0 m\u00fasica e ao movimento.<\/p>\n<p>De seguida, na Casa Grande de Romarig\u00e3es, o quarteto de jazz GODUA apresentou o seu disco de estreia, \u201cSTOP\u201d.<\/p>\n<p>O concerto cativou o p\u00fablico com composi\u00e7\u00f5es originais e uma abordagem contempor\u00e2nea ao jazz.<\/p>\n<p>Promovido pelo Munic\u00edpio de Paredes de Coura, o Ciclo de Poliniza\u00e7\u00e3o Musical celebra a diversidade cultural com espet\u00e1culos de m\u00fasica cl\u00e1ssica, tradicional e jazz, unindo p\u00fablicos e g\u00e9neros musicais num programa inovador.<\/p>","protected":false},"excerpt":{"rendered":"<p>Arrancou este fim de semana, em Paredes de Coura, a 5\u00aa edi\u00e7\u00e3o do Ciclo de Poliniza\u00e7\u00e3o Musical. O evento, que se prolongar\u00e1 de 16 a 18 de maio, conta com concertos e atividades gratuitas, destacando estreias e atua\u00e7\u00f5es de artistas nacionais e estrangeiros. A Altominho TV acompanhou o Workshop de Canto e Dan\u00e7a &#8211; \u00c0 [&hellip;]<\/p>\n","protected":false},"author":8,"featured_media":118030,"comment_status":"closed","ping_status":"closed","sticky":false,"template":"","format":"video","meta":{"_exactmetrics_skip_tracking":false,"_exactmetrics_sitenote_active":false,"_exactmetrics_sitenote_note":"","_exactmetrics_sitenote_category":0,"footnotes":""},"categories":[10],"tags":[27],"class_list":["post-118028","post","type-post","status-publish","format-video","has-post-thumbnail","hentry","category-paredes-de-coura","tag-sociedade","post_format-post-format-video"],"yoast_head":"<!-- This site is optimized with the Yoast SEO Premium plugin v27.4 (Yoast SEO v27.4) - https:\/\/yoast.com\/product\/yoast-seo-premium-wordpress\/ -->\n<title>Ciclo de Poliniza\u00e7\u00e3o Musical: A Celebra\u00e7\u00e3o da diversidade em harmonia \u00a0<\/title>\n<meta name=\"description\" content=\"O evento, que se prolongar\u00e1 de 16 a 18 de maio, conta com concertos e atividades gratuitas, destacando atua\u00e7\u00f5es de artistas nacionais e estrangeiros.\" \/>\n<meta name=\"robots\" content=\"index, follow, max-snippet:-1, max-image-preview:large, max-video-preview:-1\" \/>\n<link rel=\"canonical\" href=\"https:\/\/www.altominho.tv\/site\/2025\/05\/11\/ciclo-de-polinizacao-em-paredes-de-coura\/\" \/>\n<meta property=\"og:locale\" content=\"pt_PT\" \/>\n<meta property=\"og:type\" content=\"article\" \/>\n<meta property=\"og:title\" content=\"Ciclo de Poliniza\u00e7\u00e3o Musical: A Celebra\u00e7\u00e3o da diversidade em harmonia \u00a0\" \/>\n<meta property=\"og:description\" content=\"O evento, que se prolongar\u00e1 de 16 a 18 de maio, conta com concertos e atividades gratuitas, destacando atua\u00e7\u00f5es de artistas nacionais e estrangeiros.\" \/>\n<meta property=\"og:url\" content=\"https:\/\/www.altominho.tv\/site\/2025\/05\/11\/ciclo-de-polinizacao-em-paredes-de-coura\/\" \/>\n<meta property=\"og:site_name\" content=\"Altominho.tv\" \/>\n<meta property=\"article:publisher\" content=\"https:\/\/www.facebook.com\/altominhotv\" \/>\n<meta property=\"article:published_time\" content=\"2025-05-11T15:23:44+00:00\" \/>\n<meta property=\"article:modified_time\" content=\"2025-05-11T15:23:46+00:00\" \/>\n<meta property=\"og:image\" content=\"https:\/\/www.altominho.tv\/site\/wp-content\/uploads\/2025\/05\/z6azbvnqgd4.jpg\" \/>\n\t<meta property=\"og:image:width\" content=\"1280\" \/>\n\t<meta property=\"og:image:height\" content=\"720\" \/>\n\t<meta property=\"og:image:type\" content=\"image\/jpeg\" \/>\n<meta name=\"author\" content=\"Alexandre Ferreira\" \/>\n<meta name=\"twitter:card\" content=\"summary_large_image\" \/>\n<meta name=\"twitter:creator\" content=\"@altominhoTV\" \/>\n<meta name=\"twitter:site\" content=\"@altominhoTV\" \/>\n<meta name=\"twitter:label1\" content=\"Escrito por\" \/>\n\t<meta name=\"twitter:data1\" content=\"Alexandre Ferreira\" \/>\n\t<meta name=\"twitter:label2\" content=\"Tempo estimado de leitura\" \/>\n\t<meta name=\"twitter:data2\" content=\"2 minutos\" \/>\n<script type=\"application\/ld+json\" class=\"yoast-schema-graph\">{\"@context\":\"https:\\\/\\\/schema.org\",\"@graph\":[{\"@type\":\"Article\",\"@id\":\"https:\\\/\\\/www.altominho.tv\\\/site\\\/2025\\\/05\\\/11\\\/ciclo-de-polinizacao-em-paredes-de-coura\\\/#article\",\"isPartOf\":{\"@id\":\"https:\\\/\\\/www.altominho.tv\\\/site\\\/2025\\\/05\\\/11\\\/ciclo-de-polinizacao-em-paredes-de-coura\\\/\"},\"author\":{\"name\":\"Alexandre Ferreira\",\"@id\":\"https:\\\/\\\/www.altominho.tv\\\/site\\\/#\\\/schema\\\/person\\\/56c462a0f6591602f4e9fb3fa6ea49bd\"},\"headline\":\"Ciclo de Poliniza\u00e7\u00e3o Musical: A Celebra\u00e7\u00e3o da diversidade em harmonia \u00a0\",\"datePublished\":\"2025-05-11T15:23:44+00:00\",\"dateModified\":\"2025-05-11T15:23:46+00:00\",\"mainEntityOfPage\":{\"@id\":\"https:\\\/\\\/www.altominho.tv\\\/site\\\/2025\\\/05\\\/11\\\/ciclo-de-polinizacao-em-paredes-de-coura\\\/\"},\"wordCount\":178,\"image\":{\"@id\":\"https:\\\/\\\/www.altominho.tv\\\/site\\\/2025\\\/05\\\/11\\\/ciclo-de-polinizacao-em-paredes-de-coura\\\/#primaryimage\"},\"thumbnailUrl\":\"https:\\\/\\\/www.altominho.tv\\\/site\\\/wp-content\\\/uploads\\\/2025\\\/05\\\/z6azbvnqgd4.jpg\",\"keywords\":[\"Sociedade\"],\"articleSection\":[\"Paredes de Coura\"],\"inLanguage\":\"pt-PT\",\"copyrightYear\":\"2025\",\"copyrightHolder\":{\"@id\":\"https:\\\/\\\/www.altominho.tv\\\/site\\\/#organization\"}},{\"@type\":\"WebPage\",\"@id\":\"https:\\\/\\\/www.altominho.tv\\\/site\\\/2025\\\/05\\\/11\\\/ciclo-de-polinizacao-em-paredes-de-coura\\\/\",\"url\":\"https:\\\/\\\/www.altominho.tv\\\/site\\\/2025\\\/05\\\/11\\\/ciclo-de-polinizacao-em-paredes-de-coura\\\/\",\"name\":\"Ciclo de Poliniza\u00e7\u00e3o Musical: A Celebra\u00e7\u00e3o da diversidade em harmonia \u00a0\",\"isPartOf\":{\"@id\":\"https:\\\/\\\/www.altominho.tv\\\/site\\\/#website\"},\"primaryImageOfPage\":{\"@id\":\"https:\\\/\\\/www.altominho.tv\\\/site\\\/2025\\\/05\\\/11\\\/ciclo-de-polinizacao-em-paredes-de-coura\\\/#primaryimage\"},\"image\":{\"@id\":\"https:\\\/\\\/www.altominho.tv\\\/site\\\/2025\\\/05\\\/11\\\/ciclo-de-polinizacao-em-paredes-de-coura\\\/#primaryimage\"},\"thumbnailUrl\":\"https:\\\/\\\/www.altominho.tv\\\/site\\\/wp-content\\\/uploads\\\/2025\\\/05\\\/z6azbvnqgd4.jpg\",\"datePublished\":\"2025-05-11T15:23:44+00:00\",\"dateModified\":\"2025-05-11T15:23:46+00:00\",\"author\":{\"@id\":\"https:\\\/\\\/www.altominho.tv\\\/site\\\/#\\\/schema\\\/person\\\/56c462a0f6591602f4e9fb3fa6ea49bd\"},\"description\":\"O evento, que se prolongar\u00e1 de 16 a 18 de maio, conta com concertos e atividades gratuitas, destacando atua\u00e7\u00f5es de artistas nacionais e estrangeiros.\",\"breadcrumb\":{\"@id\":\"https:\\\/\\\/www.altominho.tv\\\/site\\\/2025\\\/05\\\/11\\\/ciclo-de-polinizacao-em-paredes-de-coura\\\/#breadcrumb\"},\"inLanguage\":\"pt-PT\",\"potentialAction\":[{\"@type\":\"ReadAction\",\"target\":[\"https:\\\/\\\/www.altominho.tv\\\/site\\\/2025\\\/05\\\/11\\\/ciclo-de-polinizacao-em-paredes-de-coura\\\/\"]}]},{\"@type\":\"ImageObject\",\"inLanguage\":\"pt-PT\",\"@id\":\"https:\\\/\\\/www.altominho.tv\\\/site\\\/2025\\\/05\\\/11\\\/ciclo-de-polinizacao-em-paredes-de-coura\\\/#primaryimage\",\"url\":\"https:\\\/\\\/www.altominho.tv\\\/site\\\/wp-content\\\/uploads\\\/2025\\\/05\\\/z6azbvnqgd4.jpg\",\"contentUrl\":\"https:\\\/\\\/www.altominho.tv\\\/site\\\/wp-content\\\/uploads\\\/2025\\\/05\\\/z6azbvnqgd4.jpg\",\"width\":1280,\"height\":720},{\"@type\":\"BreadcrumbList\",\"@id\":\"https:\\\/\\\/www.altominho.tv\\\/site\\\/2025\\\/05\\\/11\\\/ciclo-de-polinizacao-em-paredes-de-coura\\\/#breadcrumb\",\"itemListElement\":[{\"@type\":\"ListItem\",\"position\":1,\"name\":\"In\u00edcio\",\"item\":\"https:\\\/\\\/www.altominho.tv\\\/site\\\/\"},{\"@type\":\"ListItem\",\"position\":2,\"name\":\"Ciclo de Poliniza\u00e7\u00e3o Musical: A Celebra\u00e7\u00e3o da diversidade em harmonia \u00a0\"}]},{\"@type\":\"WebSite\",\"@id\":\"https:\\\/\\\/www.altominho.tv\\\/site\\\/#website\",\"url\":\"https:\\\/\\\/www.altominho.tv\\\/site\\\/\",\"name\":\"Altominho.tv\",\"description\":\"A sua regi\u00e3o \u00e0 dist\u00e2ncia de um clique...\",\"potentialAction\":[{\"@type\":\"SearchAction\",\"target\":{\"@type\":\"EntryPoint\",\"urlTemplate\":\"https:\\\/\\\/www.altominho.tv\\\/site\\\/?s={search_term_string}\"},\"query-input\":{\"@type\":\"PropertyValueSpecification\",\"valueRequired\":true,\"valueName\":\"search_term_string\"}}],\"inLanguage\":\"pt-PT\"},{\"@type\":\"Person\",\"@id\":\"https:\\\/\\\/www.altominho.tv\\\/site\\\/#\\\/schema\\\/person\\\/56c462a0f6591602f4e9fb3fa6ea49bd\",\"name\":\"Alexandre Ferreira\",\"image\":{\"@type\":\"ImageObject\",\"inLanguage\":\"pt-PT\",\"@id\":\"https:\\\/\\\/www.altominho.tv\\\/site\\\/wp-content\\\/uploads\\\/2017\\\/11\\\/Alexandre-150x150.jpg\",\"url\":\"https:\\\/\\\/www.altominho.tv\\\/site\\\/wp-content\\\/uploads\\\/2017\\\/11\\\/Alexandre-150x150.jpg\",\"contentUrl\":\"https:\\\/\\\/www.altominho.tv\\\/site\\\/wp-content\\\/uploads\\\/2017\\\/11\\\/Alexandre-150x150.jpg\",\"caption\":\"Alexandre Ferreira\"},\"url\":\"https:\\\/\\\/www.altominho.tv\\\/site\\\/author\\\/alexandreferreira\\\/\"}]}<\/script>\n<meta property=\"og:video\" content=\"https:\/\/www.youtube.com\/embed\/z6aZBVNQGD4\" \/>\n<meta property=\"og:video:type\" content=\"text\/html\" \/>\n<meta property=\"og:video:duration\" content=\"168\" \/>\n<meta property=\"og:video:width\" content=\"480\" \/>\n<meta property=\"og:video:height\" content=\"270\" \/>\n<meta property=\"ya:ovs:adult\" content=\"false\" \/>\n<meta property=\"ya:ovs:upload_date\" content=\"2025-05-11T15:23:44+00:00\" \/>\n<meta property=\"ya:ovs:allow_embed\" content=\"true\" \/>\n<!-- \/ Yoast SEO Premium plugin. -->","yoast_head_json":{"title":"Ciclo de Poliniza\u00e7\u00e3o Musical: A Celebra\u00e7\u00e3o da diversidade em harmonia \u00a0","description":"O evento, que se prolongar\u00e1 de 16 a 18 de maio, conta com concertos e atividades gratuitas, destacando atua\u00e7\u00f5es de artistas nacionais e estrangeiros.","robots":{"index":"index","follow":"follow","max-snippet":"max-snippet:-1","max-image-preview":"max-image-preview:large","max-video-preview":"max-video-preview:-1"},"canonical":"https:\/\/www.altominho.tv\/site\/2025\/05\/11\/ciclo-de-polinizacao-em-paredes-de-coura\/","og_locale":"pt_PT","og_type":"article","og_title":"Ciclo de Poliniza\u00e7\u00e3o Musical: A Celebra\u00e7\u00e3o da diversidade em harmonia \u00a0","og_description":"O evento, que se prolongar\u00e1 de 16 a 18 de maio, conta com concertos e atividades gratuitas, destacando atua\u00e7\u00f5es de artistas nacionais e estrangeiros.","og_url":"https:\/\/www.altominho.tv\/site\/2025\/05\/11\/ciclo-de-polinizacao-em-paredes-de-coura\/","og_site_name":"Altominho.tv","article_publisher":"https:\/\/www.facebook.com\/altominhotv","article_published_time":"2025-05-11T15:23:44+00:00","article_modified_time":"2025-05-11T15:23:46+00:00","og_image":[{"width":1280,"height":720,"url":"https:\/\/www.altominho.tv\/site\/wp-content\/uploads\/2025\/05\/z6azbvnqgd4.jpg","type":"image\/jpeg"}],"author":"Alexandre Ferreira","twitter_card":"summary_large_image","twitter_creator":"@altominhoTV","twitter_site":"@altominhoTV","twitter_misc":{"Escrito por":"Alexandre Ferreira","Tempo estimado de leitura":"2 minutos"},"schema":{"@context":"https:\/\/schema.org","@graph":[{"@type":"Article","@id":"https:\/\/www.altominho.tv\/site\/2025\/05\/11\/ciclo-de-polinizacao-em-paredes-de-coura\/#article","isPartOf":{"@id":"https:\/\/www.altominho.tv\/site\/2025\/05\/11\/ciclo-de-polinizacao-em-paredes-de-coura\/"},"author":{"name":"Alexandre Ferreira","@id":"https:\/\/www.altominho.tv\/site\/#\/schema\/person\/56c462a0f6591602f4e9fb3fa6ea49bd"},"headline":"Ciclo de Poliniza\u00e7\u00e3o Musical: A Celebra\u00e7\u00e3o da diversidade em harmonia \u00a0","datePublished":"2025-05-11T15:23:44+00:00","dateModified":"2025-05-11T15:23:46+00:00","mainEntityOfPage":{"@id":"https:\/\/www.altominho.tv\/site\/2025\/05\/11\/ciclo-de-polinizacao-em-paredes-de-coura\/"},"wordCount":178,"image":{"@id":"https:\/\/www.altominho.tv\/site\/2025\/05\/11\/ciclo-de-polinizacao-em-paredes-de-coura\/#primaryimage"},"thumbnailUrl":"https:\/\/www.altominho.tv\/site\/wp-content\/uploads\/2025\/05\/z6azbvnqgd4.jpg","keywords":["Sociedade"],"articleSection":["Paredes de Coura"],"inLanguage":"pt-PT","copyrightYear":"2025","copyrightHolder":{"@id":"https:\/\/www.altominho.tv\/site\/#organization"}},{"@type":"WebPage","@id":"https:\/\/www.altominho.tv\/site\/2025\/05\/11\/ciclo-de-polinizacao-em-paredes-de-coura\/","url":"https:\/\/www.altominho.tv\/site\/2025\/05\/11\/ciclo-de-polinizacao-em-paredes-de-coura\/","name":"Ciclo de Poliniza\u00e7\u00e3o Musical: A Celebra\u00e7\u00e3o da diversidade em harmonia \u00a0","isPartOf":{"@id":"https:\/\/www.altominho.tv\/site\/#website"},"primaryImageOfPage":{"@id":"https:\/\/www.altominho.tv\/site\/2025\/05\/11\/ciclo-de-polinizacao-em-paredes-de-coura\/#primaryimage"},"image":{"@id":"https:\/\/www.altominho.tv\/site\/2025\/05\/11\/ciclo-de-polinizacao-em-paredes-de-coura\/#primaryimage"},"thumbnailUrl":"https:\/\/www.altominho.tv\/site\/wp-content\/uploads\/2025\/05\/z6azbvnqgd4.jpg","datePublished":"2025-05-11T15:23:44+00:00","dateModified":"2025-05-11T15:23:46+00:00","author":{"@id":"https:\/\/www.altominho.tv\/site\/#\/schema\/person\/56c462a0f6591602f4e9fb3fa6ea49bd"},"description":"O evento, que se prolongar\u00e1 de 16 a 18 de maio, conta com concertos e atividades gratuitas, destacando atua\u00e7\u00f5es de artistas nacionais e estrangeiros.","breadcrumb":{"@id":"https:\/\/www.altominho.tv\/site\/2025\/05\/11\/ciclo-de-polinizacao-em-paredes-de-coura\/#breadcrumb"},"inLanguage":"pt-PT","potentialAction":[{"@type":"ReadAction","target":["https:\/\/www.altominho.tv\/site\/2025\/05\/11\/ciclo-de-polinizacao-em-paredes-de-coura\/"]}]},{"@type":"ImageObject","inLanguage":"pt-PT","@id":"https:\/\/www.altominho.tv\/site\/2025\/05\/11\/ciclo-de-polinizacao-em-paredes-de-coura\/#primaryimage","url":"https:\/\/www.altominho.tv\/site\/wp-content\/uploads\/2025\/05\/z6azbvnqgd4.jpg","contentUrl":"https:\/\/www.altominho.tv\/site\/wp-content\/uploads\/2025\/05\/z6azbvnqgd4.jpg","width":1280,"height":720},{"@type":"BreadcrumbList","@id":"https:\/\/www.altominho.tv\/site\/2025\/05\/11\/ciclo-de-polinizacao-em-paredes-de-coura\/#breadcrumb","itemListElement":[{"@type":"ListItem","position":1,"name":"In\u00edcio","item":"https:\/\/www.altominho.tv\/site\/"},{"@type":"ListItem","position":2,"name":"Ciclo de Poliniza\u00e7\u00e3o Musical: A Celebra\u00e7\u00e3o da diversidade em harmonia \u00a0"}]},{"@type":"WebSite","@id":"https:\/\/www.altominho.tv\/site\/#website","url":"https:\/\/www.altominho.tv\/site\/","name":"Altominho.tv","description":"A sua regi\u00e3o \u00e0 dist\u00e2ncia de um clique...","potentialAction":[{"@type":"SearchAction","target":{"@type":"EntryPoint","urlTemplate":"https:\/\/www.altominho.tv\/site\/?s={search_term_string}"},"query-input":{"@type":"PropertyValueSpecification","valueRequired":true,"valueName":"search_term_string"}}],"inLanguage":"pt-PT"},{"@type":"Person","@id":"https:\/\/www.altominho.tv\/site\/#\/schema\/person\/56c462a0f6591602f4e9fb3fa6ea49bd","name":"Alexandre Ferreira","image":{"@type":"ImageObject","inLanguage":"pt-PT","@id":"https:\/\/www.altominho.tv\/site\/wp-content\/uploads\/2017\/11\/Alexandre-150x150.jpg","url":"https:\/\/www.altominho.tv\/site\/wp-content\/uploads\/2017\/11\/Alexandre-150x150.jpg","contentUrl":"https:\/\/www.altominho.tv\/site\/wp-content\/uploads\/2017\/11\/Alexandre-150x150.jpg","caption":"Alexandre Ferreira"},"url":"https:\/\/www.altominho.tv\/site\/author\/alexandreferreira\/"}]},"og_video":"https:\/\/www.youtube.com\/embed\/z6aZBVNQGD4","og_video_type":"text\/html","og_video_duration":"168","og_video_width":"480","og_video_height":"270","ya_ovs_adult":"false","ya_ovs_upload_date":"2025-05-11T15:23:44+00:00","ya_ovs_allow_embed":"true"},"_links":{"self":[{"href":"https:\/\/www.altominho.tv\/site\/wp-json\/wp\/v2\/posts\/118028","targetHints":{"allow":["GET"]}}],"collection":[{"href":"https:\/\/www.altominho.tv\/site\/wp-json\/wp\/v2\/posts"}],"about":[{"href":"https:\/\/www.altominho.tv\/site\/wp-json\/wp\/v2\/types\/post"}],"author":[{"embeddable":true,"href":"https:\/\/www.altominho.tv\/site\/wp-json\/wp\/v2\/users\/8"}],"replies":[{"embeddable":true,"href":"https:\/\/www.altominho.tv\/site\/wp-json\/wp\/v2\/comments?post=118028"}],"version-history":[{"count":2,"href":"https:\/\/www.altominho.tv\/site\/wp-json\/wp\/v2\/posts\/118028\/revisions"}],"predecessor-version":[{"id":118031,"href":"https:\/\/www.altominho.tv\/site\/wp-json\/wp\/v2\/posts\/118028\/revisions\/118031"}],"wp:featuredmedia":[{"embeddable":true,"href":"https:\/\/www.altominho.tv\/site\/wp-json\/wp\/v2\/media\/118030"}],"wp:attachment":[{"href":"https:\/\/www.altominho.tv\/site\/wp-json\/wp\/v2\/media?parent=118028"}],"wp:term":[{"taxonomy":"category","embeddable":true,"href":"https:\/\/www.altominho.tv\/site\/wp-json\/wp\/v2\/categories?post=118028"},{"taxonomy":"post_tag","embeddable":true,"href":"https:\/\/www.altominho.tv\/site\/wp-json\/wp\/v2\/tags?post=118028"}],"curies":[{"name":"wp","href":"https:\/\/api.w.org\/{rel}","templated":true}]}}