{"id":117975,"date":"2025-05-09T13:57:08","date_gmt":"2025-05-09T12:57:08","guid":{"rendered":"https:\/\/www.altominho.tv\/site\/?p=117975"},"modified":"2025-05-09T13:57:12","modified_gmt":"2025-05-09T12:57:12","slug":"cim-alto-minho-fecha-contas-de-2024-com-resultado-positivo-superior-a-248-mil-euros","status":"publish","type":"post","link":"https:\/\/www.altominho.tv\/site\/2025\/05\/09\/cim-alto-minho-fecha-contas-de-2024-com-resultado-positivo-superior-a-248-mil-euros\/","title":{"rendered":"CIM Alto Minho fecha contas de 2024 com resultado positivo superior a 248 mil euros"},"content":{"rendered":"<p>A Assembleia Intermunicipal da Comunidade Intermunicipal (CIM) do Alto Minho aprovou, por unanimidade, o relat\u00f3rio de gest\u00e3o e contas de 2024 que apresenta um resultado l\u00edquido positivo no valor de 248.141,79 euros, foi hoje divulgado.<\/p>\n<p>Em comunicado, a CIM Alto Minho refere que o documento, aprovado na quinta-feira em reuni\u00e3o realizada em Mon\u00e7\u00e3o, reflete \u201cum equil\u00edbrio entre rendimentos no valor de 1.965.008,74 euros e gastos de 1.716.866,95 euros\u201d.<\/p>\n<p>\u201cEste resultado traduziu-se na proposta de afeta\u00e7\u00e3o de 5% a reservas legais e a integra\u00e7\u00e3o do valor restante no patrim\u00f3nio da CIM Alto Minho, refor\u00e7ando a sua capacidade de investimento em projetos futuros\u201d, acrescenta a entidade que agrega os 10 concelhos do distrito de Viana do Castelo.<\/p>\n<p>Segundo a CIM, em 2024, a \u201ca\u00e7\u00e3o centrou-se no aprofundamento da estrat\u00e9gia territorial atrav\u00e9s de uma interven\u00e7\u00e3o colaborativa entre os munic\u00edpios e diversos parceiros regionais e transfronteiri\u00e7os\u201d.<\/p>\n<p>No \u201c\u00e2mbito do Contrato de Desenvolvimento e Coes\u00e3o Territorial \u201cAlto Minho 2030\u201d (CDCT 2030), assinado a 24 de abril de 2024 com a Autoridade de Gest\u00e3o do NORTE 2030, a CIM Alto Minho assumiu a gest\u00e3o de um instrumento financeiro com uma dota\u00e7\u00e3o global de 128.138.510 euros, dos quais 116.367.009 euros provenientes do programa FEDER e 11.771.501 euros do FSE+\u201d.<\/p>\n<p>A \u201cCIM Alto Minho continuou igualmente a assegurar o acompanhamento, monitoriza\u00e7\u00e3o e encerramento de opera\u00e7\u00f5es no \u00e2mbito do Pacto para o Desenvolvimento e Coes\u00e3o Territorial \u201cAlto Minho 2020\u201d.<\/p>\n<p>As \u201ciniciativas intermunicipais de planeamento e qualifica\u00e7\u00e3o de servi\u00e7os p\u00fablicos locais abrangeram diversas \u00e1reas estrat\u00e9gicas\u201d.<\/p>\n<p>Entre outras \u00e1reas, a CIM Alto Minho aponta a prote\u00e7\u00e3o civil e riscos, tendo dado \u201ccontinuidade \u00e0 estrat\u00e9gia de comunica\u00e7\u00e3o para os riscos das altera\u00e7\u00f5es clim\u00e1ticas, a par do refor\u00e7o da capacidade operacional dos bombeiros da regi\u00e3o atrav\u00e9s do projeto ATEMPO &#8211; Assist\u00eancia Transfronteiri\u00e7a de Emerg\u00eancia, cofinanciado pelo programa Interreg VI-A Espanha-Portugal (POCTEP) 2021-2027\u201d.<\/p>\n<p>Nos transportes e mobilidade, acrescenta, \u201cavan\u00e7ou-se com os trabalhos de prepara\u00e7\u00e3o t\u00e9cnica, institucional e financeira para a operacionaliza\u00e7\u00e3o da Autoridade Intermunicipal de Transportes do Alto Minho, incluindo a celebra\u00e7\u00e3o de contratos de delega\u00e7\u00e3o de compet\u00eancias com os munic\u00edpios\u201d.<\/p>\n<p>Na \u201ceconomia regional, destacou-se a conclus\u00e3o da Estrat\u00e9gia de Efici\u00eancia Coletiva (EEC) Provere Minho Inova\u00e7\u00e3o, desenvolvida em articula\u00e7\u00e3o com as CIM do Ave e do C\u00e1vado, bem como o arranque da prepara\u00e7\u00e3o de uma nova Estrat\u00e9gia de Efici\u00eancia Coletiva para o Minho a concretizar no contexto do Norte 2030\u201d.<\/p>\n<p>A CIM Alto Minho foi constitu\u00edda em outubro de 2008 e engloba os munic\u00edpios de Arcos de Valdevez (PSD), Caminha (PS), Paredes de Coura (PS), Ponte de Lima (CDS-PP), Valen\u00e7a (PS), Viana do Castelo (PS), Vila Nova de Cerveira (PS), Ponte da Barca (PSD), Mon\u00e7\u00e3o (PSD) e Melga\u00e7o (PS).<\/p>\n","protected":false},"excerpt":{"rendered":"<p>A Assembleia Intermunicipal da Comunidade Intermunicipal (CIM) do Alto Minho aprovou, por unanimidade, o relat\u00f3rio de gest\u00e3o e contas de 2024 que apresenta um resultado l\u00edquido positivo no valor de 248.141,79 euros, foi hoje divulgado. Em comunicado, a CIM Alto Minho refere que o documento, aprovado na quinta-feira em reuni\u00e3o realizada em Mon\u00e7\u00e3o, reflete \u201cum [&hellip;]<\/p>\n","protected":false},"author":1,"featured_media":117976,"comment_status":"closed","ping_status":"closed","sticky":false,"template":"","format":"standard","meta":{"_exactmetrics_skip_tracking":false,"_exactmetrics_sitenote_active":false,"_exactmetrics_sitenote_note":"","_exactmetrics_sitenote_category":0,"footnotes":""},"categories":[73],"tags":[27],"class_list":["post-117975","post","type-post","status-publish","format-standard","has-post-thumbnail","hentry","category-alto-minho","tag-sociedade"],"yoast_head":"<!-- This site is optimized with the Yoast SEO Premium plugin v27.5 (Yoast SEO v27.5) - https:\/\/yoast.com\/product\/yoast-seo-premium-wordpress\/ -->\n<title>CIM Alto Minho fecha contas de 2024 com resultado positivo superior a 248 mil euros<\/title>\n<meta name=\"robots\" content=\"index, follow, max-snippet:-1, max-image-preview:large, max-video-preview:-1\" \/>\n<link rel=\"canonical\" href=\"https:\/\/www.altominho.tv\/site\/2025\/05\/09\/cim-alto-minho-fecha-contas-de-2024-com-resultado-positivo-superior-a-248-mil-euros\/\" \/>\n<meta property=\"og:locale\" content=\"pt_PT\" \/>\n<meta property=\"og:type\" content=\"article\" \/>\n<meta property=\"og:title\" content=\"CIM Alto Minho fecha contas de 2024 com resultado positivo superior a 248 mil euros\" \/>\n<meta property=\"og:description\" content=\"A Assembleia Intermunicipal da Comunidade Intermunicipal (CIM) do Alto Minho aprovou, por unanimidade, o relat\u00f3rio de gest\u00e3o e contas de 2024 que apresenta um resultado l\u00edquido positivo no valor de 248.141,79 euros, foi hoje divulgado. Em comunicado, a CIM Alto Minho refere que o documento, aprovado na quinta-feira em reuni\u00e3o realizada em Mon\u00e7\u00e3o, reflete \u201cum [&hellip;]\" \/>\n<meta property=\"og:url\" content=\"https:\/\/www.altominho.tv\/site\/2025\/05\/09\/cim-alto-minho-fecha-contas-de-2024-com-resultado-positivo-superior-a-248-mil-euros\/\" \/>\n<meta property=\"og:site_name\" content=\"Altominho.tv\" \/>\n<meta property=\"article:publisher\" content=\"https:\/\/www.facebook.com\/altominhotv\" \/>\n<meta property=\"article:published_time\" content=\"2025-05-09T12:57:08+00:00\" \/>\n<meta property=\"article:modified_time\" content=\"2025-05-09T12:57:12+00:00\" \/>\n<meta property=\"og:image\" content=\"https:\/\/www.altominho.tv\/site\/wp-content\/uploads\/2025\/05\/BASE-FB-logo-Branco-x2-1200-x-630-px-6.png\" \/>\n\t<meta property=\"og:image:width\" content=\"1200\" \/>\n\t<meta property=\"og:image:height\" content=\"630\" \/>\n\t<meta property=\"og:image:type\" content=\"image\/png\" \/>\n<meta name=\"author\" content=\"Altominho.tv\" \/>\n<meta name=\"twitter:card\" content=\"summary_large_image\" \/>\n<meta name=\"twitter:creator\" content=\"@altominhoTV\" \/>\n<meta name=\"twitter:site\" content=\"@altominhoTV\" \/>\n<meta name=\"twitter:label1\" content=\"Escrito por\" \/>\n\t<meta name=\"twitter:data1\" content=\"Altominho.tv\" \/>\n\t<meta name=\"twitter:label2\" content=\"Tempo estimado de leitura\" \/>\n\t<meta name=\"twitter:data2\" content=\"3 minutos\" \/>\n<script type=\"application\/ld+json\" class=\"yoast-schema-graph\">{\"@context\":\"https:\\\/\\\/schema.org\",\"@graph\":[{\"@type\":\"Article\",\"@id\":\"https:\\\/\\\/www.altominho.tv\\\/site\\\/2025\\\/05\\\/09\\\/cim-alto-minho-fecha-contas-de-2024-com-resultado-positivo-superior-a-248-mil-euros\\\/#article\",\"isPartOf\":{\"@id\":\"https:\\\/\\\/www.altominho.tv\\\/site\\\/2025\\\/05\\\/09\\\/cim-alto-minho-fecha-contas-de-2024-com-resultado-positivo-superior-a-248-mil-euros\\\/\"},\"author\":{\"name\":\"Altominho.tv\",\"@id\":\"https:\\\/\\\/www.altominho.tv\\\/site\\\/#\\\/schema\\\/person\\\/4e536851627d7914baf3dac752b6af22\"},\"headline\":\"CIM Alto Minho fecha contas de 2024 com resultado positivo superior a 248 mil euros\",\"datePublished\":\"2025-05-09T12:57:08+00:00\",\"dateModified\":\"2025-05-09T12:57:12+00:00\",\"mainEntityOfPage\":{\"@id\":\"https:\\\/\\\/www.altominho.tv\\\/site\\\/2025\\\/05\\\/09\\\/cim-alto-minho-fecha-contas-de-2024-com-resultado-positivo-superior-a-248-mil-euros\\\/\"},\"wordCount\":489,\"image\":{\"@id\":\"https:\\\/\\\/www.altominho.tv\\\/site\\\/2025\\\/05\\\/09\\\/cim-alto-minho-fecha-contas-de-2024-com-resultado-positivo-superior-a-248-mil-euros\\\/#primaryimage\"},\"thumbnailUrl\":\"https:\\\/\\\/www.altominho.tv\\\/site\\\/wp-content\\\/uploads\\\/2025\\\/05\\\/BASE-FB-logo-Branco-x2-1200-x-630-px-6.png\",\"keywords\":[\"Sociedade\"],\"articleSection\":[\"Alto Minho\"],\"inLanguage\":\"pt-PT\",\"copyrightYear\":\"2025\",\"copyrightHolder\":{\"@id\":\"https:\\\/\\\/www.altominho.tv\\\/site\\\/#organization\"}},{\"@type\":\"WebPage\",\"@id\":\"https:\\\/\\\/www.altominho.tv\\\/site\\\/2025\\\/05\\\/09\\\/cim-alto-minho-fecha-contas-de-2024-com-resultado-positivo-superior-a-248-mil-euros\\\/\",\"url\":\"https:\\\/\\\/www.altominho.tv\\\/site\\\/2025\\\/05\\\/09\\\/cim-alto-minho-fecha-contas-de-2024-com-resultado-positivo-superior-a-248-mil-euros\\\/\",\"name\":\"CIM Alto Minho fecha contas de 2024 com resultado positivo superior a 248 mil euros\",\"isPartOf\":{\"@id\":\"https:\\\/\\\/www.altominho.tv\\\/site\\\/#website\"},\"primaryImageOfPage\":{\"@id\":\"https:\\\/\\\/www.altominho.tv\\\/site\\\/2025\\\/05\\\/09\\\/cim-alto-minho-fecha-contas-de-2024-com-resultado-positivo-superior-a-248-mil-euros\\\/#primaryimage\"},\"image\":{\"@id\":\"https:\\\/\\\/www.altominho.tv\\\/site\\\/2025\\\/05\\\/09\\\/cim-alto-minho-fecha-contas-de-2024-com-resultado-positivo-superior-a-248-mil-euros\\\/#primaryimage\"},\"thumbnailUrl\":\"https:\\\/\\\/www.altominho.tv\\\/site\\\/wp-content\\\/uploads\\\/2025\\\/05\\\/BASE-FB-logo-Branco-x2-1200-x-630-px-6.png\",\"datePublished\":\"2025-05-09T12:57:08+00:00\",\"dateModified\":\"2025-05-09T12:57:12+00:00\",\"author\":{\"@id\":\"https:\\\/\\\/www.altominho.tv\\\/site\\\/#\\\/schema\\\/person\\\/4e536851627d7914baf3dac752b6af22\"},\"breadcrumb\":{\"@id\":\"https:\\\/\\\/www.altominho.tv\\\/site\\\/2025\\\/05\\\/09\\\/cim-alto-minho-fecha-contas-de-2024-com-resultado-positivo-superior-a-248-mil-euros\\\/#breadcrumb\"},\"inLanguage\":\"pt-PT\",\"potentialAction\":[{\"@type\":\"ReadAction\",\"target\":[\"https:\\\/\\\/www.altominho.tv\\\/site\\\/2025\\\/05\\\/09\\\/cim-alto-minho-fecha-contas-de-2024-com-resultado-positivo-superior-a-248-mil-euros\\\/\"]}]},{\"@type\":\"ImageObject\",\"inLanguage\":\"pt-PT\",\"@id\":\"https:\\\/\\\/www.altominho.tv\\\/site\\\/2025\\\/05\\\/09\\\/cim-alto-minho-fecha-contas-de-2024-com-resultado-positivo-superior-a-248-mil-euros\\\/#primaryimage\",\"url\":\"https:\\\/\\\/www.altominho.tv\\\/site\\\/wp-content\\\/uploads\\\/2025\\\/05\\\/BASE-FB-logo-Branco-x2-1200-x-630-px-6.png\",\"contentUrl\":\"https:\\\/\\\/www.altominho.tv\\\/site\\\/wp-content\\\/uploads\\\/2025\\\/05\\\/BASE-FB-logo-Branco-x2-1200-x-630-px-6.png\",\"width\":1200,\"height\":630},{\"@type\":\"BreadcrumbList\",\"@id\":\"https:\\\/\\\/www.altominho.tv\\\/site\\\/2025\\\/05\\\/09\\\/cim-alto-minho-fecha-contas-de-2024-com-resultado-positivo-superior-a-248-mil-euros\\\/#breadcrumb\",\"itemListElement\":[{\"@type\":\"ListItem\",\"position\":1,\"name\":\"In\u00edcio\",\"item\":\"https:\\\/\\\/www.altominho.tv\\\/site\\\/\"},{\"@type\":\"ListItem\",\"position\":2,\"name\":\"CIM Alto Minho fecha contas de 2024 com resultado positivo superior a 248 mil euros\"}]},{\"@type\":\"WebSite\",\"@id\":\"https:\\\/\\\/www.altominho.tv\\\/site\\\/#website\",\"url\":\"https:\\\/\\\/www.altominho.tv\\\/site\\\/\",\"name\":\"Altominho.tv\",\"description\":\"A sua regi\u00e3o \u00e0 dist\u00e2ncia de um clique...\",\"potentialAction\":[{\"@type\":\"SearchAction\",\"target\":{\"@type\":\"EntryPoint\",\"urlTemplate\":\"https:\\\/\\\/www.altominho.tv\\\/site\\\/?s={search_term_string}\"},\"query-input\":{\"@type\":\"PropertyValueSpecification\",\"valueRequired\":true,\"valueName\":\"search_term_string\"}}],\"inLanguage\":\"pt-PT\"},{\"@type\":\"Person\",\"@id\":\"https:\\\/\\\/www.altominho.tv\\\/site\\\/#\\\/schema\\\/person\\\/4e536851627d7914baf3dac752b6af22\",\"name\":\"Altominho.tv\",\"image\":{\"@type\":\"ImageObject\",\"inLanguage\":\"pt-PT\",\"@id\":\"https:\\\/\\\/www.altominho.tv\\\/site\\\/wp-content\\\/uploads\\\/2019\\\/11\\\/Logo_Avatar_2-150x150.jpg\",\"url\":\"https:\\\/\\\/www.altominho.tv\\\/site\\\/wp-content\\\/uploads\\\/2019\\\/11\\\/Logo_Avatar_2-150x150.jpg\",\"contentUrl\":\"https:\\\/\\\/www.altominho.tv\\\/site\\\/wp-content\\\/uploads\\\/2019\\\/11\\\/Logo_Avatar_2-150x150.jpg\",\"caption\":\"Altominho.tv\"},\"url\":\"https:\\\/\\\/www.altominho.tv\\\/site\\\/author\\\/altominhotv-tecnico\\\/\"}]}<\/script>\n<!-- \/ Yoast SEO Premium plugin. -->","yoast_head_json":{"title":"CIM Alto Minho fecha contas de 2024 com resultado positivo superior a 248 mil euros","robots":{"index":"index","follow":"follow","max-snippet":"max-snippet:-1","max-image-preview":"max-image-preview:large","max-video-preview":"max-video-preview:-1"},"canonical":"https:\/\/www.altominho.tv\/site\/2025\/05\/09\/cim-alto-minho-fecha-contas-de-2024-com-resultado-positivo-superior-a-248-mil-euros\/","og_locale":"pt_PT","og_type":"article","og_title":"CIM Alto Minho fecha contas de 2024 com resultado positivo superior a 248 mil euros","og_description":"A Assembleia Intermunicipal da Comunidade Intermunicipal (CIM) do Alto Minho aprovou, por unanimidade, o relat\u00f3rio de gest\u00e3o e contas de 2024 que apresenta um resultado l\u00edquido positivo no valor de 248.141,79 euros, foi hoje divulgado. Em comunicado, a CIM Alto Minho refere que o documento, aprovado na quinta-feira em reuni\u00e3o realizada em Mon\u00e7\u00e3o, reflete \u201cum [&hellip;]","og_url":"https:\/\/www.altominho.tv\/site\/2025\/05\/09\/cim-alto-minho-fecha-contas-de-2024-com-resultado-positivo-superior-a-248-mil-euros\/","og_site_name":"Altominho.tv","article_publisher":"https:\/\/www.facebook.com\/altominhotv","article_published_time":"2025-05-09T12:57:08+00:00","article_modified_time":"2025-05-09T12:57:12+00:00","og_image":[{"width":1200,"height":630,"url":"https:\/\/www.altominho.tv\/site\/wp-content\/uploads\/2025\/05\/BASE-FB-logo-Branco-x2-1200-x-630-px-6.png","type":"image\/png"}],"author":"Altominho.tv","twitter_card":"summary_large_image","twitter_creator":"@altominhoTV","twitter_site":"@altominhoTV","twitter_misc":{"Escrito por":"Altominho.tv","Tempo estimado de leitura":"3 minutos"},"schema":{"@context":"https:\/\/schema.org","@graph":[{"@type":"Article","@id":"https:\/\/www.altominho.tv\/site\/2025\/05\/09\/cim-alto-minho-fecha-contas-de-2024-com-resultado-positivo-superior-a-248-mil-euros\/#article","isPartOf":{"@id":"https:\/\/www.altominho.tv\/site\/2025\/05\/09\/cim-alto-minho-fecha-contas-de-2024-com-resultado-positivo-superior-a-248-mil-euros\/"},"author":{"name":"Altominho.tv","@id":"https:\/\/www.altominho.tv\/site\/#\/schema\/person\/4e536851627d7914baf3dac752b6af22"},"headline":"CIM Alto Minho fecha contas de 2024 com resultado positivo superior a 248 mil euros","datePublished":"2025-05-09T12:57:08+00:00","dateModified":"2025-05-09T12:57:12+00:00","mainEntityOfPage":{"@id":"https:\/\/www.altominho.tv\/site\/2025\/05\/09\/cim-alto-minho-fecha-contas-de-2024-com-resultado-positivo-superior-a-248-mil-euros\/"},"wordCount":489,"image":{"@id":"https:\/\/www.altominho.tv\/site\/2025\/05\/09\/cim-alto-minho-fecha-contas-de-2024-com-resultado-positivo-superior-a-248-mil-euros\/#primaryimage"},"thumbnailUrl":"https:\/\/www.altominho.tv\/site\/wp-content\/uploads\/2025\/05\/BASE-FB-logo-Branco-x2-1200-x-630-px-6.png","keywords":["Sociedade"],"articleSection":["Alto Minho"],"inLanguage":"pt-PT","copyrightYear":"2025","copyrightHolder":{"@id":"https:\/\/www.altominho.tv\/site\/#organization"}},{"@type":"WebPage","@id":"https:\/\/www.altominho.tv\/site\/2025\/05\/09\/cim-alto-minho-fecha-contas-de-2024-com-resultado-positivo-superior-a-248-mil-euros\/","url":"https:\/\/www.altominho.tv\/site\/2025\/05\/09\/cim-alto-minho-fecha-contas-de-2024-com-resultado-positivo-superior-a-248-mil-euros\/","name":"CIM Alto Minho fecha contas de 2024 com resultado positivo superior a 248 mil euros","isPartOf":{"@id":"https:\/\/www.altominho.tv\/site\/#website"},"primaryImageOfPage":{"@id":"https:\/\/www.altominho.tv\/site\/2025\/05\/09\/cim-alto-minho-fecha-contas-de-2024-com-resultado-positivo-superior-a-248-mil-euros\/#primaryimage"},"image":{"@id":"https:\/\/www.altominho.tv\/site\/2025\/05\/09\/cim-alto-minho-fecha-contas-de-2024-com-resultado-positivo-superior-a-248-mil-euros\/#primaryimage"},"thumbnailUrl":"https:\/\/www.altominho.tv\/site\/wp-content\/uploads\/2025\/05\/BASE-FB-logo-Branco-x2-1200-x-630-px-6.png","datePublished":"2025-05-09T12:57:08+00:00","dateModified":"2025-05-09T12:57:12+00:00","author":{"@id":"https:\/\/www.altominho.tv\/site\/#\/schema\/person\/4e536851627d7914baf3dac752b6af22"},"breadcrumb":{"@id":"https:\/\/www.altominho.tv\/site\/2025\/05\/09\/cim-alto-minho-fecha-contas-de-2024-com-resultado-positivo-superior-a-248-mil-euros\/#breadcrumb"},"inLanguage":"pt-PT","potentialAction":[{"@type":"ReadAction","target":["https:\/\/www.altominho.tv\/site\/2025\/05\/09\/cim-alto-minho-fecha-contas-de-2024-com-resultado-positivo-superior-a-248-mil-euros\/"]}]},{"@type":"ImageObject","inLanguage":"pt-PT","@id":"https:\/\/www.altominho.tv\/site\/2025\/05\/09\/cim-alto-minho-fecha-contas-de-2024-com-resultado-positivo-superior-a-248-mil-euros\/#primaryimage","url":"https:\/\/www.altominho.tv\/site\/wp-content\/uploads\/2025\/05\/BASE-FB-logo-Branco-x2-1200-x-630-px-6.png","contentUrl":"https:\/\/www.altominho.tv\/site\/wp-content\/uploads\/2025\/05\/BASE-FB-logo-Branco-x2-1200-x-630-px-6.png","width":1200,"height":630},{"@type":"BreadcrumbList","@id":"https:\/\/www.altominho.tv\/site\/2025\/05\/09\/cim-alto-minho-fecha-contas-de-2024-com-resultado-positivo-superior-a-248-mil-euros\/#breadcrumb","itemListElement":[{"@type":"ListItem","position":1,"name":"In\u00edcio","item":"https:\/\/www.altominho.tv\/site\/"},{"@type":"ListItem","position":2,"name":"CIM Alto Minho fecha contas de 2024 com resultado positivo superior a 248 mil euros"}]},{"@type":"WebSite","@id":"https:\/\/www.altominho.tv\/site\/#website","url":"https:\/\/www.altominho.tv\/site\/","name":"Altominho.tv","description":"A sua regi\u00e3o \u00e0 dist\u00e2ncia de um clique...","potentialAction":[{"@type":"SearchAction","target":{"@type":"EntryPoint","urlTemplate":"https:\/\/www.altominho.tv\/site\/?s={search_term_string}"},"query-input":{"@type":"PropertyValueSpecification","valueRequired":true,"valueName":"search_term_string"}}],"inLanguage":"pt-PT"},{"@type":"Person","@id":"https:\/\/www.altominho.tv\/site\/#\/schema\/person\/4e536851627d7914baf3dac752b6af22","name":"Altominho.tv","image":{"@type":"ImageObject","inLanguage":"pt-PT","@id":"https:\/\/www.altominho.tv\/site\/wp-content\/uploads\/2019\/11\/Logo_Avatar_2-150x150.jpg","url":"https:\/\/www.altominho.tv\/site\/wp-content\/uploads\/2019\/11\/Logo_Avatar_2-150x150.jpg","contentUrl":"https:\/\/www.altominho.tv\/site\/wp-content\/uploads\/2019\/11\/Logo_Avatar_2-150x150.jpg","caption":"Altominho.tv"},"url":"https:\/\/www.altominho.tv\/site\/author\/altominhotv-tecnico\/"}]}},"_links":{"self":[{"href":"https:\/\/www.altominho.tv\/site\/wp-json\/wp\/v2\/posts\/117975","targetHints":{"allow":["GET"]}}],"collection":[{"href":"https:\/\/www.altominho.tv\/site\/wp-json\/wp\/v2\/posts"}],"about":[{"href":"https:\/\/www.altominho.tv\/site\/wp-json\/wp\/v2\/types\/post"}],"author":[{"embeddable":true,"href":"https:\/\/www.altominho.tv\/site\/wp-json\/wp\/v2\/users\/1"}],"replies":[{"embeddable":true,"href":"https:\/\/www.altominho.tv\/site\/wp-json\/wp\/v2\/comments?post=117975"}],"version-history":[{"count":1,"href":"https:\/\/www.altominho.tv\/site\/wp-json\/wp\/v2\/posts\/117975\/revisions"}],"predecessor-version":[{"id":117977,"href":"https:\/\/www.altominho.tv\/site\/wp-json\/wp\/v2\/posts\/117975\/revisions\/117977"}],"wp:featuredmedia":[{"embeddable":true,"href":"https:\/\/www.altominho.tv\/site\/wp-json\/wp\/v2\/media\/117976"}],"wp:attachment":[{"href":"https:\/\/www.altominho.tv\/site\/wp-json\/wp\/v2\/media?parent=117975"}],"wp:term":[{"taxonomy":"category","embeddable":true,"href":"https:\/\/www.altominho.tv\/site\/wp-json\/wp\/v2\/categories?post=117975"},{"taxonomy":"post_tag","embeddable":true,"href":"https:\/\/www.altominho.tv\/site\/wp-json\/wp\/v2\/tags?post=117975"}],"curies":[{"name":"wp","href":"https:\/\/api.w.org\/{rel}","templated":true}]}}