{"id":117802,"date":"2025-05-05T14:07:12","date_gmt":"2025-05-05T13:07:12","guid":{"rendered":"https:\/\/www.altominho.tv\/site\/?p=117802"},"modified":"2025-05-05T14:07:15","modified_gmt":"2025-05-05T13:07:15","slug":"autora-arcuense-goreti-duarte-apresentou-o-seu-segundo-livro-historias-de-rimar","status":"publish","type":"post","link":"https:\/\/www.altominho.tv\/site\/2025\/05\/05\/autora-arcuense-goreti-duarte-apresentou-o-seu-segundo-livro-historias-de-rimar\/","title":{"rendered":"Autora arcuense Goreti Duarte apresentou o seu segundo livro Hist\u00f3rias de Rimar"},"content":{"rendered":"\n<p>Coincidindo simbolicamente com o Dia Mundial do Livro, a apresenta\u00e7\u00e3o da obra decorreu a 23 de abril, na Biblioteca Municipal Tomaz de Figueiredo, em Arcos de Valdevez.<\/p>\n\n\n\n<p>O Munic\u00edpio apoiou a edi\u00e7\u00e3o do livro, \u00e0 semelhan\u00e7a do que tem vindo a fazer com outros autores locais, refor\u00e7ando o seu compromisso com a promo\u00e7\u00e3o da cultura e da literatura no concelho.<\/p>\n\n\n\n<p>A sess\u00e3o contou com a participa\u00e7\u00e3o da professora Margarida Dias e dos alunos do 4.\u00baA da Escola B\u00e1sica Prof. Ant\u00f3nio Melo Machado, que dinamizaram leituras e atividades inspiradas na obra.<\/p>\n\n\n\n<p>Foi um momento de grande envolvimento e entusiasmo, que sensibilizou as crian\u00e7as para a import\u00e2ncia da leitura e valorizou o talento liter\u00e1rio de Gorei Duarte.<\/p>\n\n\n\n<p>O livro pode ser adquirido na Casa das Artes \/ Biblioteca Municipal Tomaz de Figueiredo ou online na sec\u00e7\u00e3o Livraria Municipal do Portal da memoria Arcuense (https:\/\/memoriarcuense.arcosdevaldevez.pt).<\/p>\n","protected":false},"excerpt":{"rendered":"<p>Coincidindo simbolicamente com o Dia Mundial do Livro, a apresenta\u00e7\u00e3o da obra decorreu a 23 de abril, na Biblioteca Municipal Tomaz de Figueiredo, em Arcos de Valdevez. O Munic\u00edpio apoiou a edi\u00e7\u00e3o do livro, \u00e0 semelhan\u00e7a do que tem vindo a fazer com outros autores locais, refor\u00e7ando o seu compromisso com a promo\u00e7\u00e3o da cultura [&hellip;]<\/p>\n","protected":false},"author":1,"featured_media":117803,"comment_status":"closed","ping_status":"closed","sticky":false,"template":"","format":"standard","meta":{"_exactmetrics_skip_tracking":false,"_exactmetrics_sitenote_active":false,"_exactmetrics_sitenote_note":"","_exactmetrics_sitenote_category":0,"footnotes":""},"categories":[2],"tags":[27],"class_list":["post-117802","post","type-post","status-publish","format-standard","has-post-thumbnail","hentry","category-arcos-de-valdevez","tag-sociedade"],"yoast_head":"<!-- This site is optimized with the Yoast SEO Premium plugin v27.4 (Yoast SEO v27.4) - https:\/\/yoast.com\/product\/yoast-seo-premium-wordpress\/ -->\n<title>Autora arcuense Goreti Duarte apresentou o seu segundo livro Hist\u00f3rias de Rimar<\/title>\n<meta name=\"robots\" content=\"index, follow, max-snippet:-1, max-image-preview:large, max-video-preview:-1\" \/>\n<link rel=\"canonical\" href=\"https:\/\/www.altominho.tv\/site\/2025\/05\/05\/autora-arcuense-goreti-duarte-apresentou-o-seu-segundo-livro-historias-de-rimar\/\" \/>\n<meta property=\"og:locale\" content=\"pt_PT\" \/>\n<meta property=\"og:type\" content=\"article\" \/>\n<meta property=\"og:title\" content=\"Autora arcuense Goreti Duarte apresentou o seu segundo livro Hist\u00f3rias de Rimar\" \/>\n<meta property=\"og:description\" content=\"Coincidindo simbolicamente com o Dia Mundial do Livro, a apresenta\u00e7\u00e3o da obra decorreu a 23 de abril, na Biblioteca Municipal Tomaz de Figueiredo, em Arcos de Valdevez. O Munic\u00edpio apoiou a edi\u00e7\u00e3o do livro, \u00e0 semelhan\u00e7a do que tem vindo a fazer com outros autores locais, refor\u00e7ando o seu compromisso com a promo\u00e7\u00e3o da cultura [&hellip;]\" \/>\n<meta property=\"og:url\" content=\"https:\/\/www.altominho.tv\/site\/2025\/05\/05\/autora-arcuense-goreti-duarte-apresentou-o-seu-segundo-livro-historias-de-rimar\/\" \/>\n<meta property=\"og:site_name\" content=\"Altominho.tv\" \/>\n<meta property=\"article:publisher\" content=\"https:\/\/www.facebook.com\/altominhotv\" \/>\n<meta property=\"article:published_time\" content=\"2025-05-05T13:07:12+00:00\" \/>\n<meta property=\"article:modified_time\" content=\"2025-05-05T13:07:15+00:00\" \/>\n<meta property=\"og:image\" content=\"https:\/\/www.altominho.tv\/site\/wp-content\/uploads\/2025\/05\/livro-arcos.jpg\" \/>\n\t<meta property=\"og:image:width\" content=\"1920\" \/>\n\t<meta property=\"og:image:height\" content=\"1080\" \/>\n\t<meta property=\"og:image:type\" content=\"image\/jpeg\" \/>\n<meta name=\"author\" content=\"Altominho.tv\" \/>\n<meta name=\"twitter:card\" content=\"summary_large_image\" \/>\n<meta name=\"twitter:creator\" content=\"@altominhoTV\" \/>\n<meta name=\"twitter:site\" content=\"@altominhoTV\" \/>\n<meta name=\"twitter:label1\" content=\"Escrito por\" \/>\n\t<meta name=\"twitter:data1\" content=\"Altominho.tv\" \/>\n\t<meta name=\"twitter:label2\" content=\"Tempo estimado de leitura\" \/>\n\t<meta name=\"twitter:data2\" content=\"1 minuto\" \/>\n<script type=\"application\/ld+json\" class=\"yoast-schema-graph\">{\"@context\":\"https:\\\/\\\/schema.org\",\"@graph\":[{\"@type\":\"Article\",\"@id\":\"https:\\\/\\\/www.altominho.tv\\\/site\\\/2025\\\/05\\\/05\\\/autora-arcuense-goreti-duarte-apresentou-o-seu-segundo-livro-historias-de-rimar\\\/#article\",\"isPartOf\":{\"@id\":\"https:\\\/\\\/www.altominho.tv\\\/site\\\/2025\\\/05\\\/05\\\/autora-arcuense-goreti-duarte-apresentou-o-seu-segundo-livro-historias-de-rimar\\\/\"},\"author\":{\"name\":\"Altominho.tv\",\"@id\":\"https:\\\/\\\/www.altominho.tv\\\/site\\\/#\\\/schema\\\/person\\\/4e536851627d7914baf3dac752b6af22\"},\"headline\":\"Autora arcuense Goreti Duarte apresentou o seu segundo livro Hist\u00f3rias de Rimar\",\"datePublished\":\"2025-05-05T13:07:12+00:00\",\"dateModified\":\"2025-05-05T13:07:15+00:00\",\"mainEntityOfPage\":{\"@id\":\"https:\\\/\\\/www.altominho.tv\\\/site\\\/2025\\\/05\\\/05\\\/autora-arcuense-goreti-duarte-apresentou-o-seu-segundo-livro-historias-de-rimar\\\/\"},\"wordCount\":169,\"image\":{\"@id\":\"https:\\\/\\\/www.altominho.tv\\\/site\\\/2025\\\/05\\\/05\\\/autora-arcuense-goreti-duarte-apresentou-o-seu-segundo-livro-historias-de-rimar\\\/#primaryimage\"},\"thumbnailUrl\":\"https:\\\/\\\/www.altominho.tv\\\/site\\\/wp-content\\\/uploads\\\/2025\\\/05\\\/livro-arcos.jpg\",\"keywords\":[\"Sociedade\"],\"articleSection\":[\"Arcos de Valdevez\"],\"inLanguage\":\"pt-PT\",\"copyrightYear\":\"2025\",\"copyrightHolder\":{\"@id\":\"https:\\\/\\\/www.altominho.tv\\\/site\\\/#organization\"}},{\"@type\":\"WebPage\",\"@id\":\"https:\\\/\\\/www.altominho.tv\\\/site\\\/2025\\\/05\\\/05\\\/autora-arcuense-goreti-duarte-apresentou-o-seu-segundo-livro-historias-de-rimar\\\/\",\"url\":\"https:\\\/\\\/www.altominho.tv\\\/site\\\/2025\\\/05\\\/05\\\/autora-arcuense-goreti-duarte-apresentou-o-seu-segundo-livro-historias-de-rimar\\\/\",\"name\":\"Autora arcuense Goreti Duarte apresentou o seu segundo livro Hist\u00f3rias de Rimar\",\"isPartOf\":{\"@id\":\"https:\\\/\\\/www.altominho.tv\\\/site\\\/#website\"},\"primaryImageOfPage\":{\"@id\":\"https:\\\/\\\/www.altominho.tv\\\/site\\\/2025\\\/05\\\/05\\\/autora-arcuense-goreti-duarte-apresentou-o-seu-segundo-livro-historias-de-rimar\\\/#primaryimage\"},\"image\":{\"@id\":\"https:\\\/\\\/www.altominho.tv\\\/site\\\/2025\\\/05\\\/05\\\/autora-arcuense-goreti-duarte-apresentou-o-seu-segundo-livro-historias-de-rimar\\\/#primaryimage\"},\"thumbnailUrl\":\"https:\\\/\\\/www.altominho.tv\\\/site\\\/wp-content\\\/uploads\\\/2025\\\/05\\\/livro-arcos.jpg\",\"datePublished\":\"2025-05-05T13:07:12+00:00\",\"dateModified\":\"2025-05-05T13:07:15+00:00\",\"author\":{\"@id\":\"https:\\\/\\\/www.altominho.tv\\\/site\\\/#\\\/schema\\\/person\\\/4e536851627d7914baf3dac752b6af22\"},\"breadcrumb\":{\"@id\":\"https:\\\/\\\/www.altominho.tv\\\/site\\\/2025\\\/05\\\/05\\\/autora-arcuense-goreti-duarte-apresentou-o-seu-segundo-livro-historias-de-rimar\\\/#breadcrumb\"},\"inLanguage\":\"pt-PT\",\"potentialAction\":[{\"@type\":\"ReadAction\",\"target\":[\"https:\\\/\\\/www.altominho.tv\\\/site\\\/2025\\\/05\\\/05\\\/autora-arcuense-goreti-duarte-apresentou-o-seu-segundo-livro-historias-de-rimar\\\/\"]}]},{\"@type\":\"ImageObject\",\"inLanguage\":\"pt-PT\",\"@id\":\"https:\\\/\\\/www.altominho.tv\\\/site\\\/2025\\\/05\\\/05\\\/autora-arcuense-goreti-duarte-apresentou-o-seu-segundo-livro-historias-de-rimar\\\/#primaryimage\",\"url\":\"https:\\\/\\\/www.altominho.tv\\\/site\\\/wp-content\\\/uploads\\\/2025\\\/05\\\/livro-arcos.jpg\",\"contentUrl\":\"https:\\\/\\\/www.altominho.tv\\\/site\\\/wp-content\\\/uploads\\\/2025\\\/05\\\/livro-arcos.jpg\",\"width\":1920,\"height\":1080},{\"@type\":\"BreadcrumbList\",\"@id\":\"https:\\\/\\\/www.altominho.tv\\\/site\\\/2025\\\/05\\\/05\\\/autora-arcuense-goreti-duarte-apresentou-o-seu-segundo-livro-historias-de-rimar\\\/#breadcrumb\",\"itemListElement\":[{\"@type\":\"ListItem\",\"position\":1,\"name\":\"In\u00edcio\",\"item\":\"https:\\\/\\\/www.altominho.tv\\\/site\\\/\"},{\"@type\":\"ListItem\",\"position\":2,\"name\":\"Autora arcuense Goreti Duarte apresentou o seu segundo livro Hist\u00f3rias de Rimar\"}]},{\"@type\":\"WebSite\",\"@id\":\"https:\\\/\\\/www.altominho.tv\\\/site\\\/#website\",\"url\":\"https:\\\/\\\/www.altominho.tv\\\/site\\\/\",\"name\":\"Altominho.tv\",\"description\":\"A sua regi\u00e3o \u00e0 dist\u00e2ncia de um clique...\",\"potentialAction\":[{\"@type\":\"SearchAction\",\"target\":{\"@type\":\"EntryPoint\",\"urlTemplate\":\"https:\\\/\\\/www.altominho.tv\\\/site\\\/?s={search_term_string}\"},\"query-input\":{\"@type\":\"PropertyValueSpecification\",\"valueRequired\":true,\"valueName\":\"search_term_string\"}}],\"inLanguage\":\"pt-PT\"},{\"@type\":\"Person\",\"@id\":\"https:\\\/\\\/www.altominho.tv\\\/site\\\/#\\\/schema\\\/person\\\/4e536851627d7914baf3dac752b6af22\",\"name\":\"Altominho.tv\",\"image\":{\"@type\":\"ImageObject\",\"inLanguage\":\"pt-PT\",\"@id\":\"https:\\\/\\\/www.altominho.tv\\\/site\\\/wp-content\\\/uploads\\\/2019\\\/11\\\/Logo_Avatar_2-150x150.jpg\",\"url\":\"https:\\\/\\\/www.altominho.tv\\\/site\\\/wp-content\\\/uploads\\\/2019\\\/11\\\/Logo_Avatar_2-150x150.jpg\",\"contentUrl\":\"https:\\\/\\\/www.altominho.tv\\\/site\\\/wp-content\\\/uploads\\\/2019\\\/11\\\/Logo_Avatar_2-150x150.jpg\",\"caption\":\"Altominho.tv\"},\"url\":\"https:\\\/\\\/www.altominho.tv\\\/site\\\/author\\\/altominhotv-tecnico\\\/\"}]}<\/script>\n<!-- \/ Yoast SEO Premium plugin. -->","yoast_head_json":{"title":"Autora arcuense Goreti Duarte apresentou o seu segundo livro Hist\u00f3rias de Rimar","robots":{"index":"index","follow":"follow","max-snippet":"max-snippet:-1","max-image-preview":"max-image-preview:large","max-video-preview":"max-video-preview:-1"},"canonical":"https:\/\/www.altominho.tv\/site\/2025\/05\/05\/autora-arcuense-goreti-duarte-apresentou-o-seu-segundo-livro-historias-de-rimar\/","og_locale":"pt_PT","og_type":"article","og_title":"Autora arcuense Goreti Duarte apresentou o seu segundo livro Hist\u00f3rias de Rimar","og_description":"Coincidindo simbolicamente com o Dia Mundial do Livro, a apresenta\u00e7\u00e3o da obra decorreu a 23 de abril, na Biblioteca Municipal Tomaz de Figueiredo, em Arcos de Valdevez. O Munic\u00edpio apoiou a edi\u00e7\u00e3o do livro, \u00e0 semelhan\u00e7a do que tem vindo a fazer com outros autores locais, refor\u00e7ando o seu compromisso com a promo\u00e7\u00e3o da cultura [&hellip;]","og_url":"https:\/\/www.altominho.tv\/site\/2025\/05\/05\/autora-arcuense-goreti-duarte-apresentou-o-seu-segundo-livro-historias-de-rimar\/","og_site_name":"Altominho.tv","article_publisher":"https:\/\/www.facebook.com\/altominhotv","article_published_time":"2025-05-05T13:07:12+00:00","article_modified_time":"2025-05-05T13:07:15+00:00","og_image":[{"width":1920,"height":1080,"url":"https:\/\/www.altominho.tv\/site\/wp-content\/uploads\/2025\/05\/livro-arcos.jpg","type":"image\/jpeg"}],"author":"Altominho.tv","twitter_card":"summary_large_image","twitter_creator":"@altominhoTV","twitter_site":"@altominhoTV","twitter_misc":{"Escrito por":"Altominho.tv","Tempo estimado de leitura":"1 minuto"},"schema":{"@context":"https:\/\/schema.org","@graph":[{"@type":"Article","@id":"https:\/\/www.altominho.tv\/site\/2025\/05\/05\/autora-arcuense-goreti-duarte-apresentou-o-seu-segundo-livro-historias-de-rimar\/#article","isPartOf":{"@id":"https:\/\/www.altominho.tv\/site\/2025\/05\/05\/autora-arcuense-goreti-duarte-apresentou-o-seu-segundo-livro-historias-de-rimar\/"},"author":{"name":"Altominho.tv","@id":"https:\/\/www.altominho.tv\/site\/#\/schema\/person\/4e536851627d7914baf3dac752b6af22"},"headline":"Autora arcuense Goreti Duarte apresentou o seu segundo livro Hist\u00f3rias de Rimar","datePublished":"2025-05-05T13:07:12+00:00","dateModified":"2025-05-05T13:07:15+00:00","mainEntityOfPage":{"@id":"https:\/\/www.altominho.tv\/site\/2025\/05\/05\/autora-arcuense-goreti-duarte-apresentou-o-seu-segundo-livro-historias-de-rimar\/"},"wordCount":169,"image":{"@id":"https:\/\/www.altominho.tv\/site\/2025\/05\/05\/autora-arcuense-goreti-duarte-apresentou-o-seu-segundo-livro-historias-de-rimar\/#primaryimage"},"thumbnailUrl":"https:\/\/www.altominho.tv\/site\/wp-content\/uploads\/2025\/05\/livro-arcos.jpg","keywords":["Sociedade"],"articleSection":["Arcos de Valdevez"],"inLanguage":"pt-PT","copyrightYear":"2025","copyrightHolder":{"@id":"https:\/\/www.altominho.tv\/site\/#organization"}},{"@type":"WebPage","@id":"https:\/\/www.altominho.tv\/site\/2025\/05\/05\/autora-arcuense-goreti-duarte-apresentou-o-seu-segundo-livro-historias-de-rimar\/","url":"https:\/\/www.altominho.tv\/site\/2025\/05\/05\/autora-arcuense-goreti-duarte-apresentou-o-seu-segundo-livro-historias-de-rimar\/","name":"Autora arcuense Goreti Duarte apresentou o seu segundo livro Hist\u00f3rias de Rimar","isPartOf":{"@id":"https:\/\/www.altominho.tv\/site\/#website"},"primaryImageOfPage":{"@id":"https:\/\/www.altominho.tv\/site\/2025\/05\/05\/autora-arcuense-goreti-duarte-apresentou-o-seu-segundo-livro-historias-de-rimar\/#primaryimage"},"image":{"@id":"https:\/\/www.altominho.tv\/site\/2025\/05\/05\/autora-arcuense-goreti-duarte-apresentou-o-seu-segundo-livro-historias-de-rimar\/#primaryimage"},"thumbnailUrl":"https:\/\/www.altominho.tv\/site\/wp-content\/uploads\/2025\/05\/livro-arcos.jpg","datePublished":"2025-05-05T13:07:12+00:00","dateModified":"2025-05-05T13:07:15+00:00","author":{"@id":"https:\/\/www.altominho.tv\/site\/#\/schema\/person\/4e536851627d7914baf3dac752b6af22"},"breadcrumb":{"@id":"https:\/\/www.altominho.tv\/site\/2025\/05\/05\/autora-arcuense-goreti-duarte-apresentou-o-seu-segundo-livro-historias-de-rimar\/#breadcrumb"},"inLanguage":"pt-PT","potentialAction":[{"@type":"ReadAction","target":["https:\/\/www.altominho.tv\/site\/2025\/05\/05\/autora-arcuense-goreti-duarte-apresentou-o-seu-segundo-livro-historias-de-rimar\/"]}]},{"@type":"ImageObject","inLanguage":"pt-PT","@id":"https:\/\/www.altominho.tv\/site\/2025\/05\/05\/autora-arcuense-goreti-duarte-apresentou-o-seu-segundo-livro-historias-de-rimar\/#primaryimage","url":"https:\/\/www.altominho.tv\/site\/wp-content\/uploads\/2025\/05\/livro-arcos.jpg","contentUrl":"https:\/\/www.altominho.tv\/site\/wp-content\/uploads\/2025\/05\/livro-arcos.jpg","width":1920,"height":1080},{"@type":"BreadcrumbList","@id":"https:\/\/www.altominho.tv\/site\/2025\/05\/05\/autora-arcuense-goreti-duarte-apresentou-o-seu-segundo-livro-historias-de-rimar\/#breadcrumb","itemListElement":[{"@type":"ListItem","position":1,"name":"In\u00edcio","item":"https:\/\/www.altominho.tv\/site\/"},{"@type":"ListItem","position":2,"name":"Autora arcuense Goreti Duarte apresentou o seu segundo livro Hist\u00f3rias de Rimar"}]},{"@type":"WebSite","@id":"https:\/\/www.altominho.tv\/site\/#website","url":"https:\/\/www.altominho.tv\/site\/","name":"Altominho.tv","description":"A sua regi\u00e3o \u00e0 dist\u00e2ncia de um clique...","potentialAction":[{"@type":"SearchAction","target":{"@type":"EntryPoint","urlTemplate":"https:\/\/www.altominho.tv\/site\/?s={search_term_string}"},"query-input":{"@type":"PropertyValueSpecification","valueRequired":true,"valueName":"search_term_string"}}],"inLanguage":"pt-PT"},{"@type":"Person","@id":"https:\/\/www.altominho.tv\/site\/#\/schema\/person\/4e536851627d7914baf3dac752b6af22","name":"Altominho.tv","image":{"@type":"ImageObject","inLanguage":"pt-PT","@id":"https:\/\/www.altominho.tv\/site\/wp-content\/uploads\/2019\/11\/Logo_Avatar_2-150x150.jpg","url":"https:\/\/www.altominho.tv\/site\/wp-content\/uploads\/2019\/11\/Logo_Avatar_2-150x150.jpg","contentUrl":"https:\/\/www.altominho.tv\/site\/wp-content\/uploads\/2019\/11\/Logo_Avatar_2-150x150.jpg","caption":"Altominho.tv"},"url":"https:\/\/www.altominho.tv\/site\/author\/altominhotv-tecnico\/"}]}},"_links":{"self":[{"href":"https:\/\/www.altominho.tv\/site\/wp-json\/wp\/v2\/posts\/117802","targetHints":{"allow":["GET"]}}],"collection":[{"href":"https:\/\/www.altominho.tv\/site\/wp-json\/wp\/v2\/posts"}],"about":[{"href":"https:\/\/www.altominho.tv\/site\/wp-json\/wp\/v2\/types\/post"}],"author":[{"embeddable":true,"href":"https:\/\/www.altominho.tv\/site\/wp-json\/wp\/v2\/users\/1"}],"replies":[{"embeddable":true,"href":"https:\/\/www.altominho.tv\/site\/wp-json\/wp\/v2\/comments?post=117802"}],"version-history":[{"count":1,"href":"https:\/\/www.altominho.tv\/site\/wp-json\/wp\/v2\/posts\/117802\/revisions"}],"predecessor-version":[{"id":117804,"href":"https:\/\/www.altominho.tv\/site\/wp-json\/wp\/v2\/posts\/117802\/revisions\/117804"}],"wp:featuredmedia":[{"embeddable":true,"href":"https:\/\/www.altominho.tv\/site\/wp-json\/wp\/v2\/media\/117803"}],"wp:attachment":[{"href":"https:\/\/www.altominho.tv\/site\/wp-json\/wp\/v2\/media?parent=117802"}],"wp:term":[{"taxonomy":"category","embeddable":true,"href":"https:\/\/www.altominho.tv\/site\/wp-json\/wp\/v2\/categories?post=117802"},{"taxonomy":"post_tag","embeddable":true,"href":"https:\/\/www.altominho.tv\/site\/wp-json\/wp\/v2\/tags?post=117802"}],"curies":[{"name":"wp","href":"https:\/\/api.w.org\/{rel}","templated":true}]}}