{"id":117757,"date":"2025-05-03T09:34:12","date_gmt":"2025-05-03T08:34:12","guid":{"rendered":"https:\/\/www.altominho.tv\/site\/?p=117757"},"modified":"2025-05-03T09:34:16","modified_gmt":"2025-05-03T08:34:16","slug":"movimento-civico-e-associativo-de-soajo-prepara-criacao-de-um-lar-de-idosos","status":"publish","type":"post","link":"https:\/\/www.altominho.tv\/site\/2025\/05\/03\/movimento-civico-e-associativo-de-soajo-prepara-criacao-de-um-lar-de-idosos\/","title":{"rendered":"Movimento C\u00edvico e Associativo de Soajo prepara cria\u00e7\u00e3o de um lar de idosos"},"content":{"rendered":"<p class=\"\" data-start=\"191\" data-end=\"475\">O Movimento C\u00edvico e Associativo de Soajo, que re\u00fane todas as estruturas locais da freguesia de Soajo, em Arcos de Valdevez, est\u00e1 a dinamizar desde o final de 2024 uma s\u00e9rie de encontros e reuni\u00f5es com o objetivo de criar uma Estrutura Residencial para Pessoas Idosas (ERPI) em Soajo.<\/p>\n<p class=\"\" data-start=\"477\" data-end=\"931\">Ao longo dos \u00faltimos meses, os representantes deste movimento percorreram praticamente todos os lugares da freguesia, reunindo com diversas entidades, entre as quais a C\u00e2mara Municipal de Arcos de Valdevez, a Par\u00f3quia de Soajo e os Bombeiros Volunt\u00e1rios locais. Estas reuni\u00f5es tiveram como finalidade comunicar as inten\u00e7\u00f5es da popula\u00e7\u00e3o soajeira, recolher contributos das institui\u00e7\u00f5es e estabelecer parcerias estrat\u00e9gicas para a concretiza\u00e7\u00e3o do projeto.<\/p>\n<p class=\"\" data-start=\"933\" data-end=\"1307\">Como resultado desta ronda de contactos, o Movimento por um Lar em Soajo prepara-se para constituir uma Associa\u00e7\u00e3o de Solidariedade Social, com vista ao reconhecimento como Institui\u00e7\u00e3o Particular de Solidariedade Social (IPSS). Este passo \u00e9 considerado essencial para dar seguimento ao processo de cria\u00e7\u00e3o do lar, em parceria com o Munic\u00edpio e com a colabora\u00e7\u00e3o da Par\u00f3quia.<\/p>\n<p class=\"\" data-start=\"1309\" data-end=\"1718\">A autarquia de Arcos de Valdevez j\u00e1 manifestou a sua disponibilidade para apoiar a futura IPSS a n\u00edvel institucional, log\u00edstico e no enquadramento em poss\u00edveis candidaturas a financiamento. Por sua vez, a Par\u00f3quia de Soajo, propriet\u00e1ria do Centro Social e Paroquial local, mostrou-se disposta a transferir os servi\u00e7os sociais atualmente prestados para a nova entidade, assim que esta estiver em funcionamento.<\/p>\n<p>O novo Lar vai ser edificado na zona de Tr\u00e1s de Outeiros, nos terrenos j\u00e1 adquiridos pelo Munic\u00edpio de Arcos de Valdevez e uma parcela confinante a escriturar.<\/p>\n<p>Atualmente este grupo de Associa\u00e7\u00f5es est\u00e1 a concluir a formaliza\u00e7\u00e3o da entidade legal &#8211; IPSS -para dar in\u00edcio \u00e0 conclus\u00e3o das formalidades necess\u00e1rias para edifica\u00e7\u00e3o do Lar de Soajo.<\/p>\n","protected":false},"excerpt":{"rendered":"<p>O Movimento C\u00edvico e Associativo de Soajo, que re\u00fane todas as estruturas locais da freguesia de Soajo, em Arcos de Valdevez, est\u00e1 a dinamizar desde o final de 2024 uma s\u00e9rie de encontros e reuni\u00f5es com o objetivo de criar uma Estrutura Residencial para Pessoas Idosas (ERPI) em Soajo. Ao longo dos \u00faltimos meses, os [&hellip;]<\/p>\n","protected":false},"author":1,"featured_media":117758,"comment_status":"closed","ping_status":"closed","sticky":false,"template":"","format":"standard","meta":{"_exactmetrics_skip_tracking":false,"_exactmetrics_sitenote_active":false,"_exactmetrics_sitenote_note":"","_exactmetrics_sitenote_category":0,"footnotes":""},"categories":[2],"tags":[27],"class_list":["post-117757","post","type-post","status-publish","format-standard","has-post-thumbnail","hentry","category-arcos-de-valdevez","tag-sociedade"],"yoast_head":"<!-- This site is optimized with the Yoast SEO Premium plugin v27.5 (Yoast SEO v27.5) - https:\/\/yoast.com\/product\/yoast-seo-premium-wordpress\/ -->\n<title>Movimento C\u00edvico e Associativo de Soajo prepara cria\u00e7\u00e3o de um lar de idosos<\/title>\n<meta name=\"robots\" content=\"index, follow, max-snippet:-1, max-image-preview:large, max-video-preview:-1\" \/>\n<link rel=\"canonical\" href=\"https:\/\/www.altominho.tv\/site\/2025\/05\/03\/movimento-civico-e-associativo-de-soajo-prepara-criacao-de-um-lar-de-idosos\/\" \/>\n<meta property=\"og:locale\" content=\"pt_PT\" \/>\n<meta property=\"og:type\" content=\"article\" \/>\n<meta property=\"og:title\" content=\"Movimento C\u00edvico e Associativo de Soajo prepara cria\u00e7\u00e3o de um lar de idosos\" \/>\n<meta property=\"og:description\" content=\"O Movimento C\u00edvico e Associativo de Soajo, que re\u00fane todas as estruturas locais da freguesia de Soajo, em Arcos de Valdevez, est\u00e1 a dinamizar desde o final de 2024 uma s\u00e9rie de encontros e reuni\u00f5es com o objetivo de criar uma Estrutura Residencial para Pessoas Idosas (ERPI) em Soajo. Ao longo dos \u00faltimos meses, os [&hellip;]\" \/>\n<meta property=\"og:url\" content=\"https:\/\/www.altominho.tv\/site\/2025\/05\/03\/movimento-civico-e-associativo-de-soajo-prepara-criacao-de-um-lar-de-idosos\/\" \/>\n<meta property=\"og:site_name\" content=\"Altominho.tv\" \/>\n<meta property=\"article:publisher\" content=\"https:\/\/www.facebook.com\/altominhotv\" \/>\n<meta property=\"article:published_time\" content=\"2025-05-03T08:34:12+00:00\" \/>\n<meta property=\"article:modified_time\" content=\"2025-05-03T08:34:16+00:00\" \/>\n<meta property=\"og:image\" content=\"https:\/\/www.altominho.tv\/site\/wp-content\/uploads\/2025\/05\/lar-idosos.jpg\" \/>\n\t<meta property=\"og:image:width\" content=\"1200\" \/>\n\t<meta property=\"og:image:height\" content=\"630\" \/>\n\t<meta property=\"og:image:type\" content=\"image\/jpeg\" \/>\n<meta name=\"author\" content=\"Altominho.tv\" \/>\n<meta name=\"twitter:card\" content=\"summary_large_image\" \/>\n<meta name=\"twitter:creator\" content=\"@altominhoTV\" \/>\n<meta name=\"twitter:site\" content=\"@altominhoTV\" \/>\n<meta name=\"twitter:label1\" content=\"Escrito por\" \/>\n\t<meta name=\"twitter:data1\" content=\"Altominho.tv\" \/>\n\t<meta name=\"twitter:label2\" content=\"Tempo estimado de leitura\" \/>\n\t<meta name=\"twitter:data2\" content=\"2 minutos\" \/>\n<script type=\"application\/ld+json\" class=\"yoast-schema-graph\">{\"@context\":\"https:\\\/\\\/schema.org\",\"@graph\":[{\"@type\":\"Article\",\"@id\":\"https:\\\/\\\/www.altominho.tv\\\/site\\\/2025\\\/05\\\/03\\\/movimento-civico-e-associativo-de-soajo-prepara-criacao-de-um-lar-de-idosos\\\/#article\",\"isPartOf\":{\"@id\":\"https:\\\/\\\/www.altominho.tv\\\/site\\\/2025\\\/05\\\/03\\\/movimento-civico-e-associativo-de-soajo-prepara-criacao-de-um-lar-de-idosos\\\/\"},\"author\":{\"name\":\"Altominho.tv\",\"@id\":\"https:\\\/\\\/www.altominho.tv\\\/site\\\/#\\\/schema\\\/person\\\/4e536851627d7914baf3dac752b6af22\"},\"headline\":\"Movimento C\u00edvico e Associativo de Soajo prepara cria\u00e7\u00e3o de um lar de idosos\",\"datePublished\":\"2025-05-03T08:34:12+00:00\",\"dateModified\":\"2025-05-03T08:34:16+00:00\",\"mainEntityOfPage\":{\"@id\":\"https:\\\/\\\/www.altominho.tv\\\/site\\\/2025\\\/05\\\/03\\\/movimento-civico-e-associativo-de-soajo-prepara-criacao-de-um-lar-de-idosos\\\/\"},\"wordCount\":332,\"image\":{\"@id\":\"https:\\\/\\\/www.altominho.tv\\\/site\\\/2025\\\/05\\\/03\\\/movimento-civico-e-associativo-de-soajo-prepara-criacao-de-um-lar-de-idosos\\\/#primaryimage\"},\"thumbnailUrl\":\"https:\\\/\\\/www.altominho.tv\\\/site\\\/wp-content\\\/uploads\\\/2025\\\/05\\\/lar-idosos.jpg\",\"keywords\":[\"Sociedade\"],\"articleSection\":[\"Arcos de Valdevez\"],\"inLanguage\":\"pt-PT\",\"copyrightYear\":\"2025\",\"copyrightHolder\":{\"@id\":\"https:\\\/\\\/www.altominho.tv\\\/site\\\/#organization\"}},{\"@type\":\"WebPage\",\"@id\":\"https:\\\/\\\/www.altominho.tv\\\/site\\\/2025\\\/05\\\/03\\\/movimento-civico-e-associativo-de-soajo-prepara-criacao-de-um-lar-de-idosos\\\/\",\"url\":\"https:\\\/\\\/www.altominho.tv\\\/site\\\/2025\\\/05\\\/03\\\/movimento-civico-e-associativo-de-soajo-prepara-criacao-de-um-lar-de-idosos\\\/\",\"name\":\"Movimento C\u00edvico e Associativo de Soajo prepara cria\u00e7\u00e3o de um lar de idosos\",\"isPartOf\":{\"@id\":\"https:\\\/\\\/www.altominho.tv\\\/site\\\/#website\"},\"primaryImageOfPage\":{\"@id\":\"https:\\\/\\\/www.altominho.tv\\\/site\\\/2025\\\/05\\\/03\\\/movimento-civico-e-associativo-de-soajo-prepara-criacao-de-um-lar-de-idosos\\\/#primaryimage\"},\"image\":{\"@id\":\"https:\\\/\\\/www.altominho.tv\\\/site\\\/2025\\\/05\\\/03\\\/movimento-civico-e-associativo-de-soajo-prepara-criacao-de-um-lar-de-idosos\\\/#primaryimage\"},\"thumbnailUrl\":\"https:\\\/\\\/www.altominho.tv\\\/site\\\/wp-content\\\/uploads\\\/2025\\\/05\\\/lar-idosos.jpg\",\"datePublished\":\"2025-05-03T08:34:12+00:00\",\"dateModified\":\"2025-05-03T08:34:16+00:00\",\"author\":{\"@id\":\"https:\\\/\\\/www.altominho.tv\\\/site\\\/#\\\/schema\\\/person\\\/4e536851627d7914baf3dac752b6af22\"},\"breadcrumb\":{\"@id\":\"https:\\\/\\\/www.altominho.tv\\\/site\\\/2025\\\/05\\\/03\\\/movimento-civico-e-associativo-de-soajo-prepara-criacao-de-um-lar-de-idosos\\\/#breadcrumb\"},\"inLanguage\":\"pt-PT\",\"potentialAction\":[{\"@type\":\"ReadAction\",\"target\":[\"https:\\\/\\\/www.altominho.tv\\\/site\\\/2025\\\/05\\\/03\\\/movimento-civico-e-associativo-de-soajo-prepara-criacao-de-um-lar-de-idosos\\\/\"]}]},{\"@type\":\"ImageObject\",\"inLanguage\":\"pt-PT\",\"@id\":\"https:\\\/\\\/www.altominho.tv\\\/site\\\/2025\\\/05\\\/03\\\/movimento-civico-e-associativo-de-soajo-prepara-criacao-de-um-lar-de-idosos\\\/#primaryimage\",\"url\":\"https:\\\/\\\/www.altominho.tv\\\/site\\\/wp-content\\\/uploads\\\/2025\\\/05\\\/lar-idosos.jpg\",\"contentUrl\":\"https:\\\/\\\/www.altominho.tv\\\/site\\\/wp-content\\\/uploads\\\/2025\\\/05\\\/lar-idosos.jpg\",\"width\":1200,\"height\":630},{\"@type\":\"BreadcrumbList\",\"@id\":\"https:\\\/\\\/www.altominho.tv\\\/site\\\/2025\\\/05\\\/03\\\/movimento-civico-e-associativo-de-soajo-prepara-criacao-de-um-lar-de-idosos\\\/#breadcrumb\",\"itemListElement\":[{\"@type\":\"ListItem\",\"position\":1,\"name\":\"In\u00edcio\",\"item\":\"https:\\\/\\\/www.altominho.tv\\\/site\\\/\"},{\"@type\":\"ListItem\",\"position\":2,\"name\":\"Movimento C\u00edvico e Associativo de Soajo prepara cria\u00e7\u00e3o de um lar de idosos\"}]},{\"@type\":\"WebSite\",\"@id\":\"https:\\\/\\\/www.altominho.tv\\\/site\\\/#website\",\"url\":\"https:\\\/\\\/www.altominho.tv\\\/site\\\/\",\"name\":\"Altominho.tv\",\"description\":\"A sua regi\u00e3o \u00e0 dist\u00e2ncia de um clique...\",\"potentialAction\":[{\"@type\":\"SearchAction\",\"target\":{\"@type\":\"EntryPoint\",\"urlTemplate\":\"https:\\\/\\\/www.altominho.tv\\\/site\\\/?s={search_term_string}\"},\"query-input\":{\"@type\":\"PropertyValueSpecification\",\"valueRequired\":true,\"valueName\":\"search_term_string\"}}],\"inLanguage\":\"pt-PT\"},{\"@type\":\"Person\",\"@id\":\"https:\\\/\\\/www.altominho.tv\\\/site\\\/#\\\/schema\\\/person\\\/4e536851627d7914baf3dac752b6af22\",\"name\":\"Altominho.tv\",\"image\":{\"@type\":\"ImageObject\",\"inLanguage\":\"pt-PT\",\"@id\":\"https:\\\/\\\/www.altominho.tv\\\/site\\\/wp-content\\\/uploads\\\/2019\\\/11\\\/Logo_Avatar_2-150x150.jpg\",\"url\":\"https:\\\/\\\/www.altominho.tv\\\/site\\\/wp-content\\\/uploads\\\/2019\\\/11\\\/Logo_Avatar_2-150x150.jpg\",\"contentUrl\":\"https:\\\/\\\/www.altominho.tv\\\/site\\\/wp-content\\\/uploads\\\/2019\\\/11\\\/Logo_Avatar_2-150x150.jpg\",\"caption\":\"Altominho.tv\"},\"url\":\"https:\\\/\\\/www.altominho.tv\\\/site\\\/author\\\/altominhotv-tecnico\\\/\"}]}<\/script>\n<!-- \/ Yoast SEO Premium plugin. -->","yoast_head_json":{"title":"Movimento C\u00edvico e Associativo de Soajo prepara cria\u00e7\u00e3o de um lar de idosos","robots":{"index":"index","follow":"follow","max-snippet":"max-snippet:-1","max-image-preview":"max-image-preview:large","max-video-preview":"max-video-preview:-1"},"canonical":"https:\/\/www.altominho.tv\/site\/2025\/05\/03\/movimento-civico-e-associativo-de-soajo-prepara-criacao-de-um-lar-de-idosos\/","og_locale":"pt_PT","og_type":"article","og_title":"Movimento C\u00edvico e Associativo de Soajo prepara cria\u00e7\u00e3o de um lar de idosos","og_description":"O Movimento C\u00edvico e Associativo de Soajo, que re\u00fane todas as estruturas locais da freguesia de Soajo, em Arcos de Valdevez, est\u00e1 a dinamizar desde o final de 2024 uma s\u00e9rie de encontros e reuni\u00f5es com o objetivo de criar uma Estrutura Residencial para Pessoas Idosas (ERPI) em Soajo. Ao longo dos \u00faltimos meses, os [&hellip;]","og_url":"https:\/\/www.altominho.tv\/site\/2025\/05\/03\/movimento-civico-e-associativo-de-soajo-prepara-criacao-de-um-lar-de-idosos\/","og_site_name":"Altominho.tv","article_publisher":"https:\/\/www.facebook.com\/altominhotv","article_published_time":"2025-05-03T08:34:12+00:00","article_modified_time":"2025-05-03T08:34:16+00:00","og_image":[{"width":1200,"height":630,"url":"https:\/\/www.altominho.tv\/site\/wp-content\/uploads\/2025\/05\/lar-idosos.jpg","type":"image\/jpeg"}],"author":"Altominho.tv","twitter_card":"summary_large_image","twitter_creator":"@altominhoTV","twitter_site":"@altominhoTV","twitter_misc":{"Escrito por":"Altominho.tv","Tempo estimado de leitura":"2 minutos"},"schema":{"@context":"https:\/\/schema.org","@graph":[{"@type":"Article","@id":"https:\/\/www.altominho.tv\/site\/2025\/05\/03\/movimento-civico-e-associativo-de-soajo-prepara-criacao-de-um-lar-de-idosos\/#article","isPartOf":{"@id":"https:\/\/www.altominho.tv\/site\/2025\/05\/03\/movimento-civico-e-associativo-de-soajo-prepara-criacao-de-um-lar-de-idosos\/"},"author":{"name":"Altominho.tv","@id":"https:\/\/www.altominho.tv\/site\/#\/schema\/person\/4e536851627d7914baf3dac752b6af22"},"headline":"Movimento C\u00edvico e Associativo de Soajo prepara cria\u00e7\u00e3o de um lar de idosos","datePublished":"2025-05-03T08:34:12+00:00","dateModified":"2025-05-03T08:34:16+00:00","mainEntityOfPage":{"@id":"https:\/\/www.altominho.tv\/site\/2025\/05\/03\/movimento-civico-e-associativo-de-soajo-prepara-criacao-de-um-lar-de-idosos\/"},"wordCount":332,"image":{"@id":"https:\/\/www.altominho.tv\/site\/2025\/05\/03\/movimento-civico-e-associativo-de-soajo-prepara-criacao-de-um-lar-de-idosos\/#primaryimage"},"thumbnailUrl":"https:\/\/www.altominho.tv\/site\/wp-content\/uploads\/2025\/05\/lar-idosos.jpg","keywords":["Sociedade"],"articleSection":["Arcos de Valdevez"],"inLanguage":"pt-PT","copyrightYear":"2025","copyrightHolder":{"@id":"https:\/\/www.altominho.tv\/site\/#organization"}},{"@type":"WebPage","@id":"https:\/\/www.altominho.tv\/site\/2025\/05\/03\/movimento-civico-e-associativo-de-soajo-prepara-criacao-de-um-lar-de-idosos\/","url":"https:\/\/www.altominho.tv\/site\/2025\/05\/03\/movimento-civico-e-associativo-de-soajo-prepara-criacao-de-um-lar-de-idosos\/","name":"Movimento C\u00edvico e Associativo de Soajo prepara cria\u00e7\u00e3o de um lar de idosos","isPartOf":{"@id":"https:\/\/www.altominho.tv\/site\/#website"},"primaryImageOfPage":{"@id":"https:\/\/www.altominho.tv\/site\/2025\/05\/03\/movimento-civico-e-associativo-de-soajo-prepara-criacao-de-um-lar-de-idosos\/#primaryimage"},"image":{"@id":"https:\/\/www.altominho.tv\/site\/2025\/05\/03\/movimento-civico-e-associativo-de-soajo-prepara-criacao-de-um-lar-de-idosos\/#primaryimage"},"thumbnailUrl":"https:\/\/www.altominho.tv\/site\/wp-content\/uploads\/2025\/05\/lar-idosos.jpg","datePublished":"2025-05-03T08:34:12+00:00","dateModified":"2025-05-03T08:34:16+00:00","author":{"@id":"https:\/\/www.altominho.tv\/site\/#\/schema\/person\/4e536851627d7914baf3dac752b6af22"},"breadcrumb":{"@id":"https:\/\/www.altominho.tv\/site\/2025\/05\/03\/movimento-civico-e-associativo-de-soajo-prepara-criacao-de-um-lar-de-idosos\/#breadcrumb"},"inLanguage":"pt-PT","potentialAction":[{"@type":"ReadAction","target":["https:\/\/www.altominho.tv\/site\/2025\/05\/03\/movimento-civico-e-associativo-de-soajo-prepara-criacao-de-um-lar-de-idosos\/"]}]},{"@type":"ImageObject","inLanguage":"pt-PT","@id":"https:\/\/www.altominho.tv\/site\/2025\/05\/03\/movimento-civico-e-associativo-de-soajo-prepara-criacao-de-um-lar-de-idosos\/#primaryimage","url":"https:\/\/www.altominho.tv\/site\/wp-content\/uploads\/2025\/05\/lar-idosos.jpg","contentUrl":"https:\/\/www.altominho.tv\/site\/wp-content\/uploads\/2025\/05\/lar-idosos.jpg","width":1200,"height":630},{"@type":"BreadcrumbList","@id":"https:\/\/www.altominho.tv\/site\/2025\/05\/03\/movimento-civico-e-associativo-de-soajo-prepara-criacao-de-um-lar-de-idosos\/#breadcrumb","itemListElement":[{"@type":"ListItem","position":1,"name":"In\u00edcio","item":"https:\/\/www.altominho.tv\/site\/"},{"@type":"ListItem","position":2,"name":"Movimento C\u00edvico e Associativo de Soajo prepara cria\u00e7\u00e3o de um lar de idosos"}]},{"@type":"WebSite","@id":"https:\/\/www.altominho.tv\/site\/#website","url":"https:\/\/www.altominho.tv\/site\/","name":"Altominho.tv","description":"A sua regi\u00e3o \u00e0 dist\u00e2ncia de um clique...","potentialAction":[{"@type":"SearchAction","target":{"@type":"EntryPoint","urlTemplate":"https:\/\/www.altominho.tv\/site\/?s={search_term_string}"},"query-input":{"@type":"PropertyValueSpecification","valueRequired":true,"valueName":"search_term_string"}}],"inLanguage":"pt-PT"},{"@type":"Person","@id":"https:\/\/www.altominho.tv\/site\/#\/schema\/person\/4e536851627d7914baf3dac752b6af22","name":"Altominho.tv","image":{"@type":"ImageObject","inLanguage":"pt-PT","@id":"https:\/\/www.altominho.tv\/site\/wp-content\/uploads\/2019\/11\/Logo_Avatar_2-150x150.jpg","url":"https:\/\/www.altominho.tv\/site\/wp-content\/uploads\/2019\/11\/Logo_Avatar_2-150x150.jpg","contentUrl":"https:\/\/www.altominho.tv\/site\/wp-content\/uploads\/2019\/11\/Logo_Avatar_2-150x150.jpg","caption":"Altominho.tv"},"url":"https:\/\/www.altominho.tv\/site\/author\/altominhotv-tecnico\/"}]}},"_links":{"self":[{"href":"https:\/\/www.altominho.tv\/site\/wp-json\/wp\/v2\/posts\/117757","targetHints":{"allow":["GET"]}}],"collection":[{"href":"https:\/\/www.altominho.tv\/site\/wp-json\/wp\/v2\/posts"}],"about":[{"href":"https:\/\/www.altominho.tv\/site\/wp-json\/wp\/v2\/types\/post"}],"author":[{"embeddable":true,"href":"https:\/\/www.altominho.tv\/site\/wp-json\/wp\/v2\/users\/1"}],"replies":[{"embeddable":true,"href":"https:\/\/www.altominho.tv\/site\/wp-json\/wp\/v2\/comments?post=117757"}],"version-history":[{"count":1,"href":"https:\/\/www.altominho.tv\/site\/wp-json\/wp\/v2\/posts\/117757\/revisions"}],"predecessor-version":[{"id":117759,"href":"https:\/\/www.altominho.tv\/site\/wp-json\/wp\/v2\/posts\/117757\/revisions\/117759"}],"wp:featuredmedia":[{"embeddable":true,"href":"https:\/\/www.altominho.tv\/site\/wp-json\/wp\/v2\/media\/117758"}],"wp:attachment":[{"href":"https:\/\/www.altominho.tv\/site\/wp-json\/wp\/v2\/media?parent=117757"}],"wp:term":[{"taxonomy":"category","embeddable":true,"href":"https:\/\/www.altominho.tv\/site\/wp-json\/wp\/v2\/categories?post=117757"},{"taxonomy":"post_tag","embeddable":true,"href":"https:\/\/www.altominho.tv\/site\/wp-json\/wp\/v2\/tags?post=117757"}],"curies":[{"name":"wp","href":"https:\/\/api.w.org\/{rel}","templated":true}]}}