{"id":117674,"date":"2025-04-30T16:13:39","date_gmt":"2025-04-30T15:13:39","guid":{"rendered":"https:\/\/www.altominho.tv\/site\/?p=117674"},"modified":"2025-04-30T16:13:41","modified_gmt":"2025-04-30T15:13:41","slug":"alunos-do-2-o-ciclo-refletem-sobre-a-importancia-da-agua-em-sessao-educativa","status":"publish","type":"post","link":"https:\/\/www.altominho.tv\/site\/2025\/04\/30\/alunos-do-2-o-ciclo-refletem-sobre-a-importancia-da-agua-em-sessao-educativa\/","title":{"rendered":"Alunos do 2.\u00ba ciclo refletem sobre a import\u00e2ncia da \u00e1gua em sess\u00e3o educativa"},"content":{"rendered":"<p><span data-contrast=\"auto\">Na manh\u00e3 desta quarta-feira, o audit\u00f3rio municipal de Ponte da Barca recebeu uma sess\u00e3o educativa dedicada ao tema \u201c\u00c1gua no Concelho de Ponte da Barca\u201d, dirigida a alunos do 6.\u00ba ano do Agrupamento de Escolas local. <\/span><\/p>\n<p><span data-contrast=\"auto\">A iniciativa insere-se nas campanhas de sensibiliza\u00e7\u00e3o ambiental promovidas pelo Munic\u00edpio, em parceria com a comunidade escolar.<\/span><span data-ccp-props=\"{}\">\u00a0<\/span><\/p>\n<p><span data-contrast=\"auto\">Participaram na a\u00e7\u00e3o cinco turmas do 2.\u00ba ciclo e os respetivos docentes, com o objetivo de aprofundar o conhecimento sobre a \u00e1gua como recurso vital e fomentar atitudes de preserva\u00e7\u00e3o junto dos mais jovens.<\/span><span data-ccp-props=\"{}\">\u00a0<\/span><\/p>\n<p><span data-contrast=\"auto\">O programa teve in\u00edcio \u00e0s 10h30 com a oficina \u201cO Valor da \u00c1gua\u201d, conduzida por Rui Pedro Sousa, da empresa \u00c1guas do Norte, onde se discutiram temas como a escassez h\u00eddrica, o consumo sustent\u00e1vel e o impacto das atividades humanas nos recursos h\u00eddricos.<\/span><span data-ccp-props=\"{}\">\u00a0<\/span><\/p>\n<p><span data-contrast=\"auto\">Seguiu-se, pelas 11h15, a sess\u00e3o \u201cComo anda a \u00c1gua em Ponte da Barca\u201d, dinamizada pelos t\u00e9cnicos superiores da autarquia, Liliana Pinto e Nuno Pousada. Durante a apresenta\u00e7\u00e3o, foram abordadas quest\u00f5es como a qualidade da \u00e1gua, os processos de tratamento, medidas de redu\u00e7\u00e3o de desperd\u00edcio e a biodiversidade dos cursos de \u00e1gua do concelho, com destaque para o rio Lima e os seus afluentes.<\/span><span data-ccp-props=\"{}\">\u00a0<\/span><\/p>\n<p><span data-contrast=\"auto\">A a\u00e7\u00e3o pretendeu sensibilizar os participantes para a relev\u00e2ncia da prote\u00e7\u00e3o dos ecossistemas aqu\u00e1ticos e para o papel ativo de cada cidad\u00e3o na gest\u00e3o respons\u00e1vel dos recursos naturais.<\/span><span data-ccp-props=\"{}\">\u00a0<\/span><\/p>\n<p><span data-ccp-props=\"{}\">\u00a0<\/span><\/p>\n","protected":false},"excerpt":{"rendered":"<p>Na manh\u00e3 desta quarta-feira, o audit\u00f3rio municipal de Ponte da Barca recebeu uma sess\u00e3o educativa dedicada ao tema \u201c\u00c1gua no Concelho de Ponte da Barca\u201d, dirigida a alunos do 6.\u00ba ano do Agrupamento de Escolas local. A iniciativa insere-se nas campanhas de sensibiliza\u00e7\u00e3o ambiental promovidas pelo Munic\u00edpio, em parceria com a comunidade escolar.\u00a0 Participaram na [&hellip;]<\/p>\n","protected":false},"author":1,"featured_media":117675,"comment_status":"closed","ping_status":"closed","sticky":false,"template":"","format":"standard","meta":{"_exactmetrics_skip_tracking":false,"_exactmetrics_sitenote_active":false,"_exactmetrics_sitenote_note":"","_exactmetrics_sitenote_category":0,"footnotes":""},"categories":[11],"tags":[22],"class_list":["post-117674","post","type-post","status-publish","format-standard","has-post-thumbnail","hentry","category-ponte-da-barca","tag-educacao"],"yoast_head":"<!-- This site is optimized with the Yoast SEO Premium plugin v27.5 (Yoast SEO v27.5) - https:\/\/yoast.com\/product\/yoast-seo-premium-wordpress\/ -->\n<title>Alunos do 2.\u00ba ciclo refletem sobre a import\u00e2ncia da \u00e1gua em sess\u00e3o educativa<\/title>\n<meta name=\"description\" content=\"Alunos do 2.\u00ba ciclo refletem sobre a import\u00e2ncia da \u00e1gua em sess\u00e3o educativa\" \/>\n<meta name=\"robots\" content=\"index, follow, max-snippet:-1, max-image-preview:large, max-video-preview:-1\" \/>\n<link rel=\"canonical\" href=\"https:\/\/www.altominho.tv\/site\/2025\/04\/30\/alunos-do-2-o-ciclo-refletem-sobre-a-importancia-da-agua-em-sessao-educativa\/\" \/>\n<meta property=\"og:locale\" content=\"pt_PT\" \/>\n<meta property=\"og:type\" content=\"article\" \/>\n<meta property=\"og:title\" content=\"Alunos do 2.\u00ba ciclo refletem sobre a import\u00e2ncia da \u00e1gua em sess\u00e3o educativa\" \/>\n<meta property=\"og:description\" content=\"Alunos do 2.\u00ba ciclo refletem sobre a import\u00e2ncia da \u00e1gua em sess\u00e3o educativa\" \/>\n<meta property=\"og:url\" content=\"https:\/\/www.altominho.tv\/site\/2025\/04\/30\/alunos-do-2-o-ciclo-refletem-sobre-a-importancia-da-agua-em-sessao-educativa\/\" \/>\n<meta property=\"og:site_name\" content=\"Altominho.tv\" \/>\n<meta property=\"article:publisher\" content=\"https:\/\/www.facebook.com\/altominhotv\" \/>\n<meta property=\"article:published_time\" content=\"2025-04-30T15:13:39+00:00\" \/>\n<meta property=\"article:modified_time\" content=\"2025-04-30T15:13:41+00:00\" \/>\n<meta property=\"og:image\" content=\"https:\/\/www.altominho.tv\/site\/wp-content\/uploads\/2025\/04\/sessao-sobre-agua.jpg\" \/>\n\t<meta property=\"og:image:width\" content=\"1920\" \/>\n\t<meta property=\"og:image:height\" content=\"1080\" \/>\n\t<meta property=\"og:image:type\" content=\"image\/jpeg\" \/>\n<meta name=\"author\" content=\"Altominho.tv\" \/>\n<meta name=\"twitter:card\" content=\"summary_large_image\" \/>\n<meta name=\"twitter:creator\" content=\"@altominhoTV\" \/>\n<meta name=\"twitter:site\" content=\"@altominhoTV\" \/>\n<meta name=\"twitter:label1\" content=\"Escrito por\" \/>\n\t<meta name=\"twitter:data1\" content=\"Altominho.tv\" \/>\n\t<meta name=\"twitter:label2\" content=\"Tempo estimado de leitura\" \/>\n\t<meta name=\"twitter:data2\" content=\"2 minutos\" \/>\n<script type=\"application\/ld+json\" class=\"yoast-schema-graph\">{\"@context\":\"https:\\\/\\\/schema.org\",\"@graph\":[{\"@type\":\"Article\",\"@id\":\"https:\\\/\\\/www.altominho.tv\\\/site\\\/2025\\\/04\\\/30\\\/alunos-do-2-o-ciclo-refletem-sobre-a-importancia-da-agua-em-sessao-educativa\\\/#article\",\"isPartOf\":{\"@id\":\"https:\\\/\\\/www.altominho.tv\\\/site\\\/2025\\\/04\\\/30\\\/alunos-do-2-o-ciclo-refletem-sobre-a-importancia-da-agua-em-sessao-educativa\\\/\"},\"author\":{\"name\":\"Altominho.tv\",\"@id\":\"https:\\\/\\\/www.altominho.tv\\\/site\\\/#\\\/schema\\\/person\\\/4e536851627d7914baf3dac752b6af22\"},\"headline\":\"Alunos do 2.\u00ba ciclo refletem sobre a import\u00e2ncia da \u00e1gua em sess\u00e3o educativa\",\"datePublished\":\"2025-04-30T15:13:39+00:00\",\"dateModified\":\"2025-04-30T15:13:41+00:00\",\"mainEntityOfPage\":{\"@id\":\"https:\\\/\\\/www.altominho.tv\\\/site\\\/2025\\\/04\\\/30\\\/alunos-do-2-o-ciclo-refletem-sobre-a-importancia-da-agua-em-sessao-educativa\\\/\"},\"wordCount\":256,\"image\":{\"@id\":\"https:\\\/\\\/www.altominho.tv\\\/site\\\/2025\\\/04\\\/30\\\/alunos-do-2-o-ciclo-refletem-sobre-a-importancia-da-agua-em-sessao-educativa\\\/#primaryimage\"},\"thumbnailUrl\":\"https:\\\/\\\/www.altominho.tv\\\/site\\\/wp-content\\\/uploads\\\/2025\\\/04\\\/sessao-sobre-agua.jpg\",\"keywords\":[\"Educa\u00e7\u00e3o\"],\"articleSection\":[\"Ponte da Barca\"],\"inLanguage\":\"pt-PT\",\"copyrightYear\":\"2025\",\"copyrightHolder\":{\"@id\":\"https:\\\/\\\/www.altominho.tv\\\/site\\\/#organization\"}},{\"@type\":\"WebPage\",\"@id\":\"https:\\\/\\\/www.altominho.tv\\\/site\\\/2025\\\/04\\\/30\\\/alunos-do-2-o-ciclo-refletem-sobre-a-importancia-da-agua-em-sessao-educativa\\\/\",\"url\":\"https:\\\/\\\/www.altominho.tv\\\/site\\\/2025\\\/04\\\/30\\\/alunos-do-2-o-ciclo-refletem-sobre-a-importancia-da-agua-em-sessao-educativa\\\/\",\"name\":\"Alunos do 2.\u00ba ciclo refletem sobre a import\u00e2ncia da \u00e1gua em sess\u00e3o educativa\",\"isPartOf\":{\"@id\":\"https:\\\/\\\/www.altominho.tv\\\/site\\\/#website\"},\"primaryImageOfPage\":{\"@id\":\"https:\\\/\\\/www.altominho.tv\\\/site\\\/2025\\\/04\\\/30\\\/alunos-do-2-o-ciclo-refletem-sobre-a-importancia-da-agua-em-sessao-educativa\\\/#primaryimage\"},\"image\":{\"@id\":\"https:\\\/\\\/www.altominho.tv\\\/site\\\/2025\\\/04\\\/30\\\/alunos-do-2-o-ciclo-refletem-sobre-a-importancia-da-agua-em-sessao-educativa\\\/#primaryimage\"},\"thumbnailUrl\":\"https:\\\/\\\/www.altominho.tv\\\/site\\\/wp-content\\\/uploads\\\/2025\\\/04\\\/sessao-sobre-agua.jpg\",\"datePublished\":\"2025-04-30T15:13:39+00:00\",\"dateModified\":\"2025-04-30T15:13:41+00:00\",\"author\":{\"@id\":\"https:\\\/\\\/www.altominho.tv\\\/site\\\/#\\\/schema\\\/person\\\/4e536851627d7914baf3dac752b6af22\"},\"description\":\"Alunos do 2.\u00ba ciclo refletem sobre a import\u00e2ncia da \u00e1gua em sess\u00e3o educativa\",\"breadcrumb\":{\"@id\":\"https:\\\/\\\/www.altominho.tv\\\/site\\\/2025\\\/04\\\/30\\\/alunos-do-2-o-ciclo-refletem-sobre-a-importancia-da-agua-em-sessao-educativa\\\/#breadcrumb\"},\"inLanguage\":\"pt-PT\",\"potentialAction\":[{\"@type\":\"ReadAction\",\"target\":[\"https:\\\/\\\/www.altominho.tv\\\/site\\\/2025\\\/04\\\/30\\\/alunos-do-2-o-ciclo-refletem-sobre-a-importancia-da-agua-em-sessao-educativa\\\/\"]}]},{\"@type\":\"ImageObject\",\"inLanguage\":\"pt-PT\",\"@id\":\"https:\\\/\\\/www.altominho.tv\\\/site\\\/2025\\\/04\\\/30\\\/alunos-do-2-o-ciclo-refletem-sobre-a-importancia-da-agua-em-sessao-educativa\\\/#primaryimage\",\"url\":\"https:\\\/\\\/www.altominho.tv\\\/site\\\/wp-content\\\/uploads\\\/2025\\\/04\\\/sessao-sobre-agua.jpg\",\"contentUrl\":\"https:\\\/\\\/www.altominho.tv\\\/site\\\/wp-content\\\/uploads\\\/2025\\\/04\\\/sessao-sobre-agua.jpg\",\"width\":1920,\"height\":1080},{\"@type\":\"BreadcrumbList\",\"@id\":\"https:\\\/\\\/www.altominho.tv\\\/site\\\/2025\\\/04\\\/30\\\/alunos-do-2-o-ciclo-refletem-sobre-a-importancia-da-agua-em-sessao-educativa\\\/#breadcrumb\",\"itemListElement\":[{\"@type\":\"ListItem\",\"position\":1,\"name\":\"In\u00edcio\",\"item\":\"https:\\\/\\\/www.altominho.tv\\\/site\\\/\"},{\"@type\":\"ListItem\",\"position\":2,\"name\":\"Alunos do 2.\u00ba ciclo refletem sobre a import\u00e2ncia da \u00e1gua em sess\u00e3o educativa\"}]},{\"@type\":\"WebSite\",\"@id\":\"https:\\\/\\\/www.altominho.tv\\\/site\\\/#website\",\"url\":\"https:\\\/\\\/www.altominho.tv\\\/site\\\/\",\"name\":\"Altominho.tv\",\"description\":\"A sua regi\u00e3o \u00e0 dist\u00e2ncia de um clique...\",\"potentialAction\":[{\"@type\":\"SearchAction\",\"target\":{\"@type\":\"EntryPoint\",\"urlTemplate\":\"https:\\\/\\\/www.altominho.tv\\\/site\\\/?s={search_term_string}\"},\"query-input\":{\"@type\":\"PropertyValueSpecification\",\"valueRequired\":true,\"valueName\":\"search_term_string\"}}],\"inLanguage\":\"pt-PT\"},{\"@type\":\"Person\",\"@id\":\"https:\\\/\\\/www.altominho.tv\\\/site\\\/#\\\/schema\\\/person\\\/4e536851627d7914baf3dac752b6af22\",\"name\":\"Altominho.tv\",\"image\":{\"@type\":\"ImageObject\",\"inLanguage\":\"pt-PT\",\"@id\":\"https:\\\/\\\/www.altominho.tv\\\/site\\\/wp-content\\\/uploads\\\/2019\\\/11\\\/Logo_Avatar_2-150x150.jpg\",\"url\":\"https:\\\/\\\/www.altominho.tv\\\/site\\\/wp-content\\\/uploads\\\/2019\\\/11\\\/Logo_Avatar_2-150x150.jpg\",\"contentUrl\":\"https:\\\/\\\/www.altominho.tv\\\/site\\\/wp-content\\\/uploads\\\/2019\\\/11\\\/Logo_Avatar_2-150x150.jpg\",\"caption\":\"Altominho.tv\"},\"url\":\"https:\\\/\\\/www.altominho.tv\\\/site\\\/author\\\/altominhotv-tecnico\\\/\"}]}<\/script>\n<!-- \/ Yoast SEO Premium plugin. -->","yoast_head_json":{"title":"Alunos do 2.\u00ba ciclo refletem sobre a import\u00e2ncia da \u00e1gua em sess\u00e3o educativa","description":"Alunos do 2.\u00ba ciclo refletem sobre a import\u00e2ncia da \u00e1gua em sess\u00e3o educativa","robots":{"index":"index","follow":"follow","max-snippet":"max-snippet:-1","max-image-preview":"max-image-preview:large","max-video-preview":"max-video-preview:-1"},"canonical":"https:\/\/www.altominho.tv\/site\/2025\/04\/30\/alunos-do-2-o-ciclo-refletem-sobre-a-importancia-da-agua-em-sessao-educativa\/","og_locale":"pt_PT","og_type":"article","og_title":"Alunos do 2.\u00ba ciclo refletem sobre a import\u00e2ncia da \u00e1gua em sess\u00e3o educativa","og_description":"Alunos do 2.\u00ba ciclo refletem sobre a import\u00e2ncia da \u00e1gua em sess\u00e3o educativa","og_url":"https:\/\/www.altominho.tv\/site\/2025\/04\/30\/alunos-do-2-o-ciclo-refletem-sobre-a-importancia-da-agua-em-sessao-educativa\/","og_site_name":"Altominho.tv","article_publisher":"https:\/\/www.facebook.com\/altominhotv","article_published_time":"2025-04-30T15:13:39+00:00","article_modified_time":"2025-04-30T15:13:41+00:00","og_image":[{"width":1920,"height":1080,"url":"https:\/\/www.altominho.tv\/site\/wp-content\/uploads\/2025\/04\/sessao-sobre-agua.jpg","type":"image\/jpeg"}],"author":"Altominho.tv","twitter_card":"summary_large_image","twitter_creator":"@altominhoTV","twitter_site":"@altominhoTV","twitter_misc":{"Escrito por":"Altominho.tv","Tempo estimado de leitura":"2 minutos"},"schema":{"@context":"https:\/\/schema.org","@graph":[{"@type":"Article","@id":"https:\/\/www.altominho.tv\/site\/2025\/04\/30\/alunos-do-2-o-ciclo-refletem-sobre-a-importancia-da-agua-em-sessao-educativa\/#article","isPartOf":{"@id":"https:\/\/www.altominho.tv\/site\/2025\/04\/30\/alunos-do-2-o-ciclo-refletem-sobre-a-importancia-da-agua-em-sessao-educativa\/"},"author":{"name":"Altominho.tv","@id":"https:\/\/www.altominho.tv\/site\/#\/schema\/person\/4e536851627d7914baf3dac752b6af22"},"headline":"Alunos do 2.\u00ba ciclo refletem sobre a import\u00e2ncia da \u00e1gua em sess\u00e3o educativa","datePublished":"2025-04-30T15:13:39+00:00","dateModified":"2025-04-30T15:13:41+00:00","mainEntityOfPage":{"@id":"https:\/\/www.altominho.tv\/site\/2025\/04\/30\/alunos-do-2-o-ciclo-refletem-sobre-a-importancia-da-agua-em-sessao-educativa\/"},"wordCount":256,"image":{"@id":"https:\/\/www.altominho.tv\/site\/2025\/04\/30\/alunos-do-2-o-ciclo-refletem-sobre-a-importancia-da-agua-em-sessao-educativa\/#primaryimage"},"thumbnailUrl":"https:\/\/www.altominho.tv\/site\/wp-content\/uploads\/2025\/04\/sessao-sobre-agua.jpg","keywords":["Educa\u00e7\u00e3o"],"articleSection":["Ponte da Barca"],"inLanguage":"pt-PT","copyrightYear":"2025","copyrightHolder":{"@id":"https:\/\/www.altominho.tv\/site\/#organization"}},{"@type":"WebPage","@id":"https:\/\/www.altominho.tv\/site\/2025\/04\/30\/alunos-do-2-o-ciclo-refletem-sobre-a-importancia-da-agua-em-sessao-educativa\/","url":"https:\/\/www.altominho.tv\/site\/2025\/04\/30\/alunos-do-2-o-ciclo-refletem-sobre-a-importancia-da-agua-em-sessao-educativa\/","name":"Alunos do 2.\u00ba ciclo refletem sobre a import\u00e2ncia da \u00e1gua em sess\u00e3o educativa","isPartOf":{"@id":"https:\/\/www.altominho.tv\/site\/#website"},"primaryImageOfPage":{"@id":"https:\/\/www.altominho.tv\/site\/2025\/04\/30\/alunos-do-2-o-ciclo-refletem-sobre-a-importancia-da-agua-em-sessao-educativa\/#primaryimage"},"image":{"@id":"https:\/\/www.altominho.tv\/site\/2025\/04\/30\/alunos-do-2-o-ciclo-refletem-sobre-a-importancia-da-agua-em-sessao-educativa\/#primaryimage"},"thumbnailUrl":"https:\/\/www.altominho.tv\/site\/wp-content\/uploads\/2025\/04\/sessao-sobre-agua.jpg","datePublished":"2025-04-30T15:13:39+00:00","dateModified":"2025-04-30T15:13:41+00:00","author":{"@id":"https:\/\/www.altominho.tv\/site\/#\/schema\/person\/4e536851627d7914baf3dac752b6af22"},"description":"Alunos do 2.\u00ba ciclo refletem sobre a import\u00e2ncia da \u00e1gua em sess\u00e3o educativa","breadcrumb":{"@id":"https:\/\/www.altominho.tv\/site\/2025\/04\/30\/alunos-do-2-o-ciclo-refletem-sobre-a-importancia-da-agua-em-sessao-educativa\/#breadcrumb"},"inLanguage":"pt-PT","potentialAction":[{"@type":"ReadAction","target":["https:\/\/www.altominho.tv\/site\/2025\/04\/30\/alunos-do-2-o-ciclo-refletem-sobre-a-importancia-da-agua-em-sessao-educativa\/"]}]},{"@type":"ImageObject","inLanguage":"pt-PT","@id":"https:\/\/www.altominho.tv\/site\/2025\/04\/30\/alunos-do-2-o-ciclo-refletem-sobre-a-importancia-da-agua-em-sessao-educativa\/#primaryimage","url":"https:\/\/www.altominho.tv\/site\/wp-content\/uploads\/2025\/04\/sessao-sobre-agua.jpg","contentUrl":"https:\/\/www.altominho.tv\/site\/wp-content\/uploads\/2025\/04\/sessao-sobre-agua.jpg","width":1920,"height":1080},{"@type":"BreadcrumbList","@id":"https:\/\/www.altominho.tv\/site\/2025\/04\/30\/alunos-do-2-o-ciclo-refletem-sobre-a-importancia-da-agua-em-sessao-educativa\/#breadcrumb","itemListElement":[{"@type":"ListItem","position":1,"name":"In\u00edcio","item":"https:\/\/www.altominho.tv\/site\/"},{"@type":"ListItem","position":2,"name":"Alunos do 2.\u00ba ciclo refletem sobre a import\u00e2ncia da \u00e1gua em sess\u00e3o educativa"}]},{"@type":"WebSite","@id":"https:\/\/www.altominho.tv\/site\/#website","url":"https:\/\/www.altominho.tv\/site\/","name":"Altominho.tv","description":"A sua regi\u00e3o \u00e0 dist\u00e2ncia de um clique...","potentialAction":[{"@type":"SearchAction","target":{"@type":"EntryPoint","urlTemplate":"https:\/\/www.altominho.tv\/site\/?s={search_term_string}"},"query-input":{"@type":"PropertyValueSpecification","valueRequired":true,"valueName":"search_term_string"}}],"inLanguage":"pt-PT"},{"@type":"Person","@id":"https:\/\/www.altominho.tv\/site\/#\/schema\/person\/4e536851627d7914baf3dac752b6af22","name":"Altominho.tv","image":{"@type":"ImageObject","inLanguage":"pt-PT","@id":"https:\/\/www.altominho.tv\/site\/wp-content\/uploads\/2019\/11\/Logo_Avatar_2-150x150.jpg","url":"https:\/\/www.altominho.tv\/site\/wp-content\/uploads\/2019\/11\/Logo_Avatar_2-150x150.jpg","contentUrl":"https:\/\/www.altominho.tv\/site\/wp-content\/uploads\/2019\/11\/Logo_Avatar_2-150x150.jpg","caption":"Altominho.tv"},"url":"https:\/\/www.altominho.tv\/site\/author\/altominhotv-tecnico\/"}]}},"_links":{"self":[{"href":"https:\/\/www.altominho.tv\/site\/wp-json\/wp\/v2\/posts\/117674","targetHints":{"allow":["GET"]}}],"collection":[{"href":"https:\/\/www.altominho.tv\/site\/wp-json\/wp\/v2\/posts"}],"about":[{"href":"https:\/\/www.altominho.tv\/site\/wp-json\/wp\/v2\/types\/post"}],"author":[{"embeddable":true,"href":"https:\/\/www.altominho.tv\/site\/wp-json\/wp\/v2\/users\/1"}],"replies":[{"embeddable":true,"href":"https:\/\/www.altominho.tv\/site\/wp-json\/wp\/v2\/comments?post=117674"}],"version-history":[{"count":1,"href":"https:\/\/www.altominho.tv\/site\/wp-json\/wp\/v2\/posts\/117674\/revisions"}],"predecessor-version":[{"id":117676,"href":"https:\/\/www.altominho.tv\/site\/wp-json\/wp\/v2\/posts\/117674\/revisions\/117676"}],"wp:featuredmedia":[{"embeddable":true,"href":"https:\/\/www.altominho.tv\/site\/wp-json\/wp\/v2\/media\/117675"}],"wp:attachment":[{"href":"https:\/\/www.altominho.tv\/site\/wp-json\/wp\/v2\/media?parent=117674"}],"wp:term":[{"taxonomy":"category","embeddable":true,"href":"https:\/\/www.altominho.tv\/site\/wp-json\/wp\/v2\/categories?post=117674"},{"taxonomy":"post_tag","embeddable":true,"href":"https:\/\/www.altominho.tv\/site\/wp-json\/wp\/v2\/tags?post=117674"}],"curies":[{"name":"wp","href":"https:\/\/api.w.org\/{rel}","templated":true}]}}