{"id":117633,"date":"2025-04-29T17:27:25","date_gmt":"2025-04-29T16:27:25","guid":{"rendered":"https:\/\/www.altominho.tv\/site\/?p=117633"},"modified":"2025-04-29T17:27:29","modified_gmt":"2025-04-29T16:27:29","slug":"auditorio-municipal-recebe-duas-noites-de-teatro-com-entrada-livre","status":"publish","type":"post","link":"https:\/\/www.altominho.tv\/site\/2025\/04\/29\/auditorio-municipal-recebe-duas-noites-de-teatro-com-entrada-livre\/","title":{"rendered":"Audit\u00f3rio Municipal recebe duas noites de teatro com entrada livre"},"content":{"rendered":"<p><span data-contrast=\"auto\">O Audit\u00f3rio Municipal de Ponta da Barca prepara-se para acolher duas noites de teatro, nos dias 30 de abril e 1 de maio, com entrada gratuita para todos os espectadores.<\/span><\/p>\n<p><span data-contrast=\"auto\">A iniciativa \u00e9 promovida pela Associa\u00e7\u00e3o Movimento Incriativo e promete envolver o p\u00fablico com propostas distintas, mas igualmente marcantes.<\/span><span data-ccp-props=\"{}\">\u00a0<\/span><\/p>\n<p><span data-contrast=\"auto\">Na noite de 30 de abril, pelas 21h21, sobe ao palco a pe\u00e7a &#8220;Sem Eira nem Beira&#8221;, uma cria\u00e7\u00e3o coletiva que transporta o p\u00fablico para tempos antigos, onde hist\u00f3rias guardadas em malas ganham vida \u00e0 volta da eira. Com encena\u00e7\u00e3o de Ana Costa, coreografias de Andr\u00e9 Abreu e dramaturgia partilhada entre Orlando Costa e Ana Costa, o espet\u00e1culo baseia-se em textos de Joaquim Pessoa e Manuel Bento Fialho. O elenco \u00e9 composto pelo Minc Juvenil da Associa\u00e7\u00e3o Movimento Incriativo, num trabalho que cruza tradi\u00e7\u00e3o, mem\u00f3ria e movimento.<\/span><span data-ccp-props=\"{}\">\u00a0<\/span><\/p>\n<p><span data-contrast=\"auto\">J\u00e1 no dia 1 de maio, tamb\u00e9m \u00e0s 21h21, ser\u00e1 apresentada A Casa de Bernarda Alba, um cl\u00e1ssico de Federico Garc\u00eda Lorca que retrata a opress\u00e3o feminina e os conflitos familiares no p\u00f3s-luto. A encena\u00e7\u00e3o est\u00e1 a cargo de Os Atores, com cenografia e figurinos assinados por Ana Costa e Orlando Costa. No elenco figuram Afonso Dias, Ana Costa, Francisca Carvalho, Joana Gomes, Juliana Barreto, Juliana Cunha, Lea Amorim, Matilde Pimenta, Petra Rios, Rita Costa, Santiago Silva e Tatiana Cunha.<\/span><span data-ccp-props=\"{}\">\u00a0<\/span><\/p>\n<p><span data-ccp-props=\"{}\">\u00a0<\/span><\/p>\n<p><span data-ccp-props=\"{}\">\u00a0<\/span><\/p>\n","protected":false},"excerpt":{"rendered":"<p>O Audit\u00f3rio Municipal de Ponta da Barca prepara-se para acolher duas noites de teatro, nos dias 30 de abril e 1 de maio, com entrada gratuita para todos os espectadores. A iniciativa \u00e9 promovida pela Associa\u00e7\u00e3o Movimento Incriativo e promete envolver o p\u00fablico com propostas distintas, mas igualmente marcantes.\u00a0 Na noite de 30 de abril, [&hellip;]<\/p>\n","protected":false},"author":1,"featured_media":117634,"comment_status":"closed","ping_status":"closed","sticky":false,"template":"","format":"standard","meta":{"_exactmetrics_skip_tracking":false,"_exactmetrics_sitenote_active":false,"_exactmetrics_sitenote_note":"","_exactmetrics_sitenote_category":0,"footnotes":""},"categories":[11],"tags":[19],"class_list":["post-117633","post","type-post","status-publish","format-standard","has-post-thumbnail","hentry","category-ponte-da-barca","tag-cultura"],"yoast_head":"<!-- This site is optimized with the Yoast SEO Premium plugin v27.5 (Yoast SEO v27.5) - https:\/\/yoast.com\/product\/yoast-seo-premium-wordpress\/ -->\n<title>Audit\u00f3rio Municipal recebe duas noites de teatro com entrada livre<\/title>\n<meta name=\"description\" content=\"O Audit\u00f3rio Municipal de Ponta da Barca prepara-se para acolher duas noites de teatro, nos dias 30 de abril e 1 de maio, com entrada gratuita para todos os espectadores.\" \/>\n<meta name=\"robots\" content=\"index, follow, max-snippet:-1, max-image-preview:large, max-video-preview:-1\" \/>\n<link rel=\"canonical\" href=\"https:\/\/www.altominho.tv\/site\/2025\/04\/29\/auditorio-municipal-recebe-duas-noites-de-teatro-com-entrada-livre\/\" \/>\n<meta property=\"og:locale\" content=\"pt_PT\" \/>\n<meta property=\"og:type\" content=\"article\" \/>\n<meta property=\"og:title\" content=\"Audit\u00f3rio Municipal recebe duas noites de teatro com entrada livre\" \/>\n<meta property=\"og:description\" content=\"O Audit\u00f3rio Municipal de Ponta da Barca prepara-se para acolher duas noites de teatro, nos dias 30 de abril e 1 de maio, com entrada gratuita para todos os espectadores.\" \/>\n<meta property=\"og:url\" content=\"https:\/\/www.altominho.tv\/site\/2025\/04\/29\/auditorio-municipal-recebe-duas-noites-de-teatro-com-entrada-livre\/\" \/>\n<meta property=\"og:site_name\" content=\"Altominho.tv\" \/>\n<meta property=\"article:publisher\" content=\"https:\/\/www.facebook.com\/altominhotv\" \/>\n<meta property=\"article:published_time\" content=\"2025-04-29T16:27:25+00:00\" \/>\n<meta property=\"article:modified_time\" content=\"2025-04-29T16:27:29+00:00\" \/>\n<meta property=\"og:image\" content=\"https:\/\/www.altominho.tv\/site\/wp-content\/uploads\/2025\/04\/teatro-barca.jpg\" \/>\n\t<meta property=\"og:image:width\" content=\"1920\" \/>\n\t<meta property=\"og:image:height\" content=\"1080\" \/>\n\t<meta property=\"og:image:type\" content=\"image\/jpeg\" \/>\n<meta name=\"author\" content=\"Altominho.tv\" \/>\n<meta name=\"twitter:card\" content=\"summary_large_image\" \/>\n<meta name=\"twitter:creator\" content=\"@altominhoTV\" \/>\n<meta name=\"twitter:site\" content=\"@altominhoTV\" \/>\n<meta name=\"twitter:label1\" content=\"Escrito por\" \/>\n\t<meta name=\"twitter:data1\" content=\"Altominho.tv\" \/>\n\t<meta name=\"twitter:label2\" content=\"Tempo estimado de leitura\" \/>\n\t<meta name=\"twitter:data2\" content=\"2 minutos\" \/>\n<script type=\"application\/ld+json\" class=\"yoast-schema-graph\">{\"@context\":\"https:\\\/\\\/schema.org\",\"@graph\":[{\"@type\":\"Article\",\"@id\":\"https:\\\/\\\/www.altominho.tv\\\/site\\\/2025\\\/04\\\/29\\\/auditorio-municipal-recebe-duas-noites-de-teatro-com-entrada-livre\\\/#article\",\"isPartOf\":{\"@id\":\"https:\\\/\\\/www.altominho.tv\\\/site\\\/2025\\\/04\\\/29\\\/auditorio-municipal-recebe-duas-noites-de-teatro-com-entrada-livre\\\/\"},\"author\":{\"name\":\"Altominho.tv\",\"@id\":\"https:\\\/\\\/www.altominho.tv\\\/site\\\/#\\\/schema\\\/person\\\/4e536851627d7914baf3dac752b6af22\"},\"headline\":\"Audit\u00f3rio Municipal recebe duas noites de teatro com entrada livre\",\"datePublished\":\"2025-04-29T16:27:25+00:00\",\"dateModified\":\"2025-04-29T16:27:29+00:00\",\"mainEntityOfPage\":{\"@id\":\"https:\\\/\\\/www.altominho.tv\\\/site\\\/2025\\\/04\\\/29\\\/auditorio-municipal-recebe-duas-noites-de-teatro-com-entrada-livre\\\/\"},\"wordCount\":238,\"image\":{\"@id\":\"https:\\\/\\\/www.altominho.tv\\\/site\\\/2025\\\/04\\\/29\\\/auditorio-municipal-recebe-duas-noites-de-teatro-com-entrada-livre\\\/#primaryimage\"},\"thumbnailUrl\":\"https:\\\/\\\/www.altominho.tv\\\/site\\\/wp-content\\\/uploads\\\/2025\\\/04\\\/teatro-barca.jpg\",\"keywords\":[\"Cultura\"],\"articleSection\":[\"Ponte da Barca\"],\"inLanguage\":\"pt-PT\",\"copyrightYear\":\"2025\",\"copyrightHolder\":{\"@id\":\"https:\\\/\\\/www.altominho.tv\\\/site\\\/#organization\"}},{\"@type\":\"WebPage\",\"@id\":\"https:\\\/\\\/www.altominho.tv\\\/site\\\/2025\\\/04\\\/29\\\/auditorio-municipal-recebe-duas-noites-de-teatro-com-entrada-livre\\\/\",\"url\":\"https:\\\/\\\/www.altominho.tv\\\/site\\\/2025\\\/04\\\/29\\\/auditorio-municipal-recebe-duas-noites-de-teatro-com-entrada-livre\\\/\",\"name\":\"Audit\u00f3rio Municipal recebe duas noites de teatro com entrada livre\",\"isPartOf\":{\"@id\":\"https:\\\/\\\/www.altominho.tv\\\/site\\\/#website\"},\"primaryImageOfPage\":{\"@id\":\"https:\\\/\\\/www.altominho.tv\\\/site\\\/2025\\\/04\\\/29\\\/auditorio-municipal-recebe-duas-noites-de-teatro-com-entrada-livre\\\/#primaryimage\"},\"image\":{\"@id\":\"https:\\\/\\\/www.altominho.tv\\\/site\\\/2025\\\/04\\\/29\\\/auditorio-municipal-recebe-duas-noites-de-teatro-com-entrada-livre\\\/#primaryimage\"},\"thumbnailUrl\":\"https:\\\/\\\/www.altominho.tv\\\/site\\\/wp-content\\\/uploads\\\/2025\\\/04\\\/teatro-barca.jpg\",\"datePublished\":\"2025-04-29T16:27:25+00:00\",\"dateModified\":\"2025-04-29T16:27:29+00:00\",\"author\":{\"@id\":\"https:\\\/\\\/www.altominho.tv\\\/site\\\/#\\\/schema\\\/person\\\/4e536851627d7914baf3dac752b6af22\"},\"description\":\"O Audit\u00f3rio Municipal de Ponta da Barca prepara-se para acolher duas noites de teatro, nos dias 30 de abril e 1 de maio, com entrada gratuita para todos os espectadores.\",\"breadcrumb\":{\"@id\":\"https:\\\/\\\/www.altominho.tv\\\/site\\\/2025\\\/04\\\/29\\\/auditorio-municipal-recebe-duas-noites-de-teatro-com-entrada-livre\\\/#breadcrumb\"},\"inLanguage\":\"pt-PT\",\"potentialAction\":[{\"@type\":\"ReadAction\",\"target\":[\"https:\\\/\\\/www.altominho.tv\\\/site\\\/2025\\\/04\\\/29\\\/auditorio-municipal-recebe-duas-noites-de-teatro-com-entrada-livre\\\/\"]}]},{\"@type\":\"ImageObject\",\"inLanguage\":\"pt-PT\",\"@id\":\"https:\\\/\\\/www.altominho.tv\\\/site\\\/2025\\\/04\\\/29\\\/auditorio-municipal-recebe-duas-noites-de-teatro-com-entrada-livre\\\/#primaryimage\",\"url\":\"https:\\\/\\\/www.altominho.tv\\\/site\\\/wp-content\\\/uploads\\\/2025\\\/04\\\/teatro-barca.jpg\",\"contentUrl\":\"https:\\\/\\\/www.altominho.tv\\\/site\\\/wp-content\\\/uploads\\\/2025\\\/04\\\/teatro-barca.jpg\",\"width\":1920,\"height\":1080},{\"@type\":\"BreadcrumbList\",\"@id\":\"https:\\\/\\\/www.altominho.tv\\\/site\\\/2025\\\/04\\\/29\\\/auditorio-municipal-recebe-duas-noites-de-teatro-com-entrada-livre\\\/#breadcrumb\",\"itemListElement\":[{\"@type\":\"ListItem\",\"position\":1,\"name\":\"In\u00edcio\",\"item\":\"https:\\\/\\\/www.altominho.tv\\\/site\\\/\"},{\"@type\":\"ListItem\",\"position\":2,\"name\":\"Audit\u00f3rio Municipal recebe duas noites de teatro com entrada livre\"}]},{\"@type\":\"WebSite\",\"@id\":\"https:\\\/\\\/www.altominho.tv\\\/site\\\/#website\",\"url\":\"https:\\\/\\\/www.altominho.tv\\\/site\\\/\",\"name\":\"Altominho.tv\",\"description\":\"A sua regi\u00e3o \u00e0 dist\u00e2ncia de um clique...\",\"potentialAction\":[{\"@type\":\"SearchAction\",\"target\":{\"@type\":\"EntryPoint\",\"urlTemplate\":\"https:\\\/\\\/www.altominho.tv\\\/site\\\/?s={search_term_string}\"},\"query-input\":{\"@type\":\"PropertyValueSpecification\",\"valueRequired\":true,\"valueName\":\"search_term_string\"}}],\"inLanguage\":\"pt-PT\"},{\"@type\":\"Person\",\"@id\":\"https:\\\/\\\/www.altominho.tv\\\/site\\\/#\\\/schema\\\/person\\\/4e536851627d7914baf3dac752b6af22\",\"name\":\"Altominho.tv\",\"image\":{\"@type\":\"ImageObject\",\"inLanguage\":\"pt-PT\",\"@id\":\"https:\\\/\\\/www.altominho.tv\\\/site\\\/wp-content\\\/uploads\\\/2019\\\/11\\\/Logo_Avatar_2-150x150.jpg\",\"url\":\"https:\\\/\\\/www.altominho.tv\\\/site\\\/wp-content\\\/uploads\\\/2019\\\/11\\\/Logo_Avatar_2-150x150.jpg\",\"contentUrl\":\"https:\\\/\\\/www.altominho.tv\\\/site\\\/wp-content\\\/uploads\\\/2019\\\/11\\\/Logo_Avatar_2-150x150.jpg\",\"caption\":\"Altominho.tv\"},\"url\":\"https:\\\/\\\/www.altominho.tv\\\/site\\\/author\\\/altominhotv-tecnico\\\/\"}]}<\/script>\n<!-- \/ Yoast SEO Premium plugin. -->","yoast_head_json":{"title":"Audit\u00f3rio Municipal recebe duas noites de teatro com entrada livre","description":"O Audit\u00f3rio Municipal de Ponta da Barca prepara-se para acolher duas noites de teatro, nos dias 30 de abril e 1 de maio, com entrada gratuita para todos os espectadores.","robots":{"index":"index","follow":"follow","max-snippet":"max-snippet:-1","max-image-preview":"max-image-preview:large","max-video-preview":"max-video-preview:-1"},"canonical":"https:\/\/www.altominho.tv\/site\/2025\/04\/29\/auditorio-municipal-recebe-duas-noites-de-teatro-com-entrada-livre\/","og_locale":"pt_PT","og_type":"article","og_title":"Audit\u00f3rio Municipal recebe duas noites de teatro com entrada livre","og_description":"O Audit\u00f3rio Municipal de Ponta da Barca prepara-se para acolher duas noites de teatro, nos dias 30 de abril e 1 de maio, com entrada gratuita para todos os espectadores.","og_url":"https:\/\/www.altominho.tv\/site\/2025\/04\/29\/auditorio-municipal-recebe-duas-noites-de-teatro-com-entrada-livre\/","og_site_name":"Altominho.tv","article_publisher":"https:\/\/www.facebook.com\/altominhotv","article_published_time":"2025-04-29T16:27:25+00:00","article_modified_time":"2025-04-29T16:27:29+00:00","og_image":[{"width":1920,"height":1080,"url":"https:\/\/www.altominho.tv\/site\/wp-content\/uploads\/2025\/04\/teatro-barca.jpg","type":"image\/jpeg"}],"author":"Altominho.tv","twitter_card":"summary_large_image","twitter_creator":"@altominhoTV","twitter_site":"@altominhoTV","twitter_misc":{"Escrito por":"Altominho.tv","Tempo estimado de leitura":"2 minutos"},"schema":{"@context":"https:\/\/schema.org","@graph":[{"@type":"Article","@id":"https:\/\/www.altominho.tv\/site\/2025\/04\/29\/auditorio-municipal-recebe-duas-noites-de-teatro-com-entrada-livre\/#article","isPartOf":{"@id":"https:\/\/www.altominho.tv\/site\/2025\/04\/29\/auditorio-municipal-recebe-duas-noites-de-teatro-com-entrada-livre\/"},"author":{"name":"Altominho.tv","@id":"https:\/\/www.altominho.tv\/site\/#\/schema\/person\/4e536851627d7914baf3dac752b6af22"},"headline":"Audit\u00f3rio Municipal recebe duas noites de teatro com entrada livre","datePublished":"2025-04-29T16:27:25+00:00","dateModified":"2025-04-29T16:27:29+00:00","mainEntityOfPage":{"@id":"https:\/\/www.altominho.tv\/site\/2025\/04\/29\/auditorio-municipal-recebe-duas-noites-de-teatro-com-entrada-livre\/"},"wordCount":238,"image":{"@id":"https:\/\/www.altominho.tv\/site\/2025\/04\/29\/auditorio-municipal-recebe-duas-noites-de-teatro-com-entrada-livre\/#primaryimage"},"thumbnailUrl":"https:\/\/www.altominho.tv\/site\/wp-content\/uploads\/2025\/04\/teatro-barca.jpg","keywords":["Cultura"],"articleSection":["Ponte da Barca"],"inLanguage":"pt-PT","copyrightYear":"2025","copyrightHolder":{"@id":"https:\/\/www.altominho.tv\/site\/#organization"}},{"@type":"WebPage","@id":"https:\/\/www.altominho.tv\/site\/2025\/04\/29\/auditorio-municipal-recebe-duas-noites-de-teatro-com-entrada-livre\/","url":"https:\/\/www.altominho.tv\/site\/2025\/04\/29\/auditorio-municipal-recebe-duas-noites-de-teatro-com-entrada-livre\/","name":"Audit\u00f3rio Municipal recebe duas noites de teatro com entrada livre","isPartOf":{"@id":"https:\/\/www.altominho.tv\/site\/#website"},"primaryImageOfPage":{"@id":"https:\/\/www.altominho.tv\/site\/2025\/04\/29\/auditorio-municipal-recebe-duas-noites-de-teatro-com-entrada-livre\/#primaryimage"},"image":{"@id":"https:\/\/www.altominho.tv\/site\/2025\/04\/29\/auditorio-municipal-recebe-duas-noites-de-teatro-com-entrada-livre\/#primaryimage"},"thumbnailUrl":"https:\/\/www.altominho.tv\/site\/wp-content\/uploads\/2025\/04\/teatro-barca.jpg","datePublished":"2025-04-29T16:27:25+00:00","dateModified":"2025-04-29T16:27:29+00:00","author":{"@id":"https:\/\/www.altominho.tv\/site\/#\/schema\/person\/4e536851627d7914baf3dac752b6af22"},"description":"O Audit\u00f3rio Municipal de Ponta da Barca prepara-se para acolher duas noites de teatro, nos dias 30 de abril e 1 de maio, com entrada gratuita para todos os espectadores.","breadcrumb":{"@id":"https:\/\/www.altominho.tv\/site\/2025\/04\/29\/auditorio-municipal-recebe-duas-noites-de-teatro-com-entrada-livre\/#breadcrumb"},"inLanguage":"pt-PT","potentialAction":[{"@type":"ReadAction","target":["https:\/\/www.altominho.tv\/site\/2025\/04\/29\/auditorio-municipal-recebe-duas-noites-de-teatro-com-entrada-livre\/"]}]},{"@type":"ImageObject","inLanguage":"pt-PT","@id":"https:\/\/www.altominho.tv\/site\/2025\/04\/29\/auditorio-municipal-recebe-duas-noites-de-teatro-com-entrada-livre\/#primaryimage","url":"https:\/\/www.altominho.tv\/site\/wp-content\/uploads\/2025\/04\/teatro-barca.jpg","contentUrl":"https:\/\/www.altominho.tv\/site\/wp-content\/uploads\/2025\/04\/teatro-barca.jpg","width":1920,"height":1080},{"@type":"BreadcrumbList","@id":"https:\/\/www.altominho.tv\/site\/2025\/04\/29\/auditorio-municipal-recebe-duas-noites-de-teatro-com-entrada-livre\/#breadcrumb","itemListElement":[{"@type":"ListItem","position":1,"name":"In\u00edcio","item":"https:\/\/www.altominho.tv\/site\/"},{"@type":"ListItem","position":2,"name":"Audit\u00f3rio Municipal recebe duas noites de teatro com entrada livre"}]},{"@type":"WebSite","@id":"https:\/\/www.altominho.tv\/site\/#website","url":"https:\/\/www.altominho.tv\/site\/","name":"Altominho.tv","description":"A sua regi\u00e3o \u00e0 dist\u00e2ncia de um clique...","potentialAction":[{"@type":"SearchAction","target":{"@type":"EntryPoint","urlTemplate":"https:\/\/www.altominho.tv\/site\/?s={search_term_string}"},"query-input":{"@type":"PropertyValueSpecification","valueRequired":true,"valueName":"search_term_string"}}],"inLanguage":"pt-PT"},{"@type":"Person","@id":"https:\/\/www.altominho.tv\/site\/#\/schema\/person\/4e536851627d7914baf3dac752b6af22","name":"Altominho.tv","image":{"@type":"ImageObject","inLanguage":"pt-PT","@id":"https:\/\/www.altominho.tv\/site\/wp-content\/uploads\/2019\/11\/Logo_Avatar_2-150x150.jpg","url":"https:\/\/www.altominho.tv\/site\/wp-content\/uploads\/2019\/11\/Logo_Avatar_2-150x150.jpg","contentUrl":"https:\/\/www.altominho.tv\/site\/wp-content\/uploads\/2019\/11\/Logo_Avatar_2-150x150.jpg","caption":"Altominho.tv"},"url":"https:\/\/www.altominho.tv\/site\/author\/altominhotv-tecnico\/"}]}},"_links":{"self":[{"href":"https:\/\/www.altominho.tv\/site\/wp-json\/wp\/v2\/posts\/117633","targetHints":{"allow":["GET"]}}],"collection":[{"href":"https:\/\/www.altominho.tv\/site\/wp-json\/wp\/v2\/posts"}],"about":[{"href":"https:\/\/www.altominho.tv\/site\/wp-json\/wp\/v2\/types\/post"}],"author":[{"embeddable":true,"href":"https:\/\/www.altominho.tv\/site\/wp-json\/wp\/v2\/users\/1"}],"replies":[{"embeddable":true,"href":"https:\/\/www.altominho.tv\/site\/wp-json\/wp\/v2\/comments?post=117633"}],"version-history":[{"count":1,"href":"https:\/\/www.altominho.tv\/site\/wp-json\/wp\/v2\/posts\/117633\/revisions"}],"predecessor-version":[{"id":117635,"href":"https:\/\/www.altominho.tv\/site\/wp-json\/wp\/v2\/posts\/117633\/revisions\/117635"}],"wp:featuredmedia":[{"embeddable":true,"href":"https:\/\/www.altominho.tv\/site\/wp-json\/wp\/v2\/media\/117634"}],"wp:attachment":[{"href":"https:\/\/www.altominho.tv\/site\/wp-json\/wp\/v2\/media?parent=117633"}],"wp:term":[{"taxonomy":"category","embeddable":true,"href":"https:\/\/www.altominho.tv\/site\/wp-json\/wp\/v2\/categories?post=117633"},{"taxonomy":"post_tag","embeddable":true,"href":"https:\/\/www.altominho.tv\/site\/wp-json\/wp\/v2\/tags?post=117633"}],"curies":[{"name":"wp","href":"https:\/\/api.w.org\/{rel}","templated":true}]}}