{"id":117416,"date":"2025-04-23T16:53:22","date_gmt":"2025-04-23T15:53:22","guid":{"rendered":"https:\/\/www.altominho.tv\/site\/?p=117416"},"modified":"2025-04-23T16:53:25","modified_gmt":"2025-04-23T15:53:25","slug":"presidente-da-camara-de-melgaco-escolhido-para-representar-municipios-na-ulsam","status":"publish","type":"post","link":"https:\/\/www.altominho.tv\/site\/2025\/04\/23\/presidente-da-camara-de-melgaco-escolhido-para-representar-municipios-na-ulsam\/","title":{"rendered":"Presidente da C\u00e2mara de Melga\u00e7o escolhido para representar munic\u00edpios na ULSAM"},"content":{"rendered":"<p>O presidente da C\u00e2mara de Melga\u00e7o, o socialista Manoel Batista, foi o escolhido para representar os munic\u00edpios na Unidade Local de Sa\u00fade do Alto Minho, aguardando valida\u00e7\u00e3o da tutela, revelou hoje o autarca de Viana do Castelo.<\/p>\n<p>Na reuni\u00e3o do executivo, em resposta a quest\u00f5es do vereador independente Eduardo Teixeira, o presidente da C\u00e2mara, Lu\u00eds Nobre, (PS) adiantou que os presidentes de c\u00e2mara da Comunidade Intermunicipal (CIM) do Alto Minho escolheram Manoel Batista \u201cpara os representar\u201d numa decis\u00e3o que n\u00e3o foi un\u00e2nime, mas foi \u201cs\u00f3lida e consistente\u201d.<\/p>\n<p>Batista \u00e9 o presidente da CIM e cumpre atualmente o terceiro e \u00faltimo mandato na C\u00e2mara de Melga\u00e7o, n\u00e3o podendo recandidatar-se nas elei\u00e7\u00f5es aut\u00e1rquicas deste ano.<\/p>\n<p>Ap\u00f3s esta indica\u00e7\u00e3o da CIM, que re\u00fane os 10 munic\u00edpios do distrito de Viana do Castelo, ter\u00e1 de ver o nome viabilizado pela dire\u00e7\u00e3o executiva do Servi\u00e7o Nacional de Sa\u00fade, acrescentou Lu\u00eds Nobre.<\/p>\n<p>A escolha tem tamb\u00e9m de ser validada pela Comiss\u00e3o de Recrutamento e Sele\u00e7\u00e3o para a Administra\u00e7\u00e3o P\u00fablica (CReSAP).<\/p>\n<p>Dos seis lugares do conselho de administra\u00e7\u00e3o da ULSAM, falta ocupar o que est\u00e1 destinado ao representante dos 10 munic\u00edpios do distrito de Viana do Castelo.<\/p>\n<p>O cargo est\u00e1 vago desde 2021, altura em que o representante dos munic\u00edpios, Rui Teixeira, saiu para assumir a presid\u00eancia da C\u00e2mara de Vila Nova de Cerveira.<\/p>\n<p>Em novembro de 2023, a CIM indicou Tiago Saleiro, chefe de gabinete da Secretaria de Estado do Or\u00e7amento, para a ULSAM, mas em fevereiro de 2024, o presidente da CIM remeteu para dire\u00e7\u00e3o executiva do SNS a responsabilidade de tomar uma decis\u00e3o, algo que nunca foi feito.<\/p>\n","protected":false},"excerpt":{"rendered":"<p>O presidente da C\u00e2mara de Melga\u00e7o, o socialista Manoel Batista, foi o escolhido para representar os munic\u00edpios na Unidade Local de Sa\u00fade do Alto Minho, aguardando valida\u00e7\u00e3o da tutela, revelou hoje o autarca de Viana do Castelo. Na reuni\u00e3o do executivo, em resposta a quest\u00f5es do vereador independente Eduardo Teixeira, o presidente da C\u00e2mara, Lu\u00eds [&hellip;]<\/p>\n","protected":false},"author":13,"featured_media":117417,"comment_status":"closed","ping_status":"closed","sticky":false,"template":"","format":"standard","meta":{"_exactmetrics_skip_tracking":false,"footnotes":""},"categories":[73],"tags":[27],"class_list":["post-117416","post","type-post","status-publish","format-standard","has-post-thumbnail","hentry","category-alto-minho","tag-sociedade"],"yoast_head":"<!-- This site is optimized with the Yoast SEO Premium plugin v28.3 (Yoast SEO v28.3) - https:\/\/yoast.com\/product\/yoast-seo-premium-wordpress\/ -->\n<title>Presidente da C\u00e2mara de Melga\u00e7o escolhido para representar munic\u00edpios na ULSAM<\/title>\n<meta name=\"description\" content=\"O presidente da C\u00e2mara de Melga\u00e7o, o socialista Manoel Batista, foi o escolhido para representar os munic\u00edpios na Unidade Local de Sa\u00fade do Alto Minho, aguardando valida\u00e7\u00e3o da tutela, revelou hoje o autarca de Viana do Castelo.\" \/>\n<meta name=\"robots\" content=\"index, follow, max-snippet:-1, max-image-preview:large, max-video-preview:-1\" \/>\n<link rel=\"canonical\" href=\"https:\/\/www.altominho.tv\/site\/2025\/04\/23\/presidente-da-camara-de-melgaco-escolhido-para-representar-municipios-na-ulsam\/\" \/>\n<meta property=\"og:locale\" content=\"pt_PT\" \/>\n<meta property=\"og:type\" content=\"article\" \/>\n<meta property=\"og:title\" content=\"Presidente da C\u00e2mara de Melga\u00e7o escolhido para representar munic\u00edpios na ULSAM\" \/>\n<meta property=\"og:description\" content=\"O presidente da C\u00e2mara de Melga\u00e7o, o socialista Manoel Batista, foi o escolhido para representar os munic\u00edpios na Unidade Local de Sa\u00fade do Alto Minho, aguardando valida\u00e7\u00e3o da tutela, revelou hoje o autarca de Viana do Castelo.\" \/>\n<meta property=\"og:url\" content=\"https:\/\/www.altominho.tv\/site\/2025\/04\/23\/presidente-da-camara-de-melgaco-escolhido-para-representar-municipios-na-ulsam\/\" \/>\n<meta property=\"og:site_name\" content=\"Altominho.tv\" \/>\n<meta property=\"article:publisher\" content=\"https:\/\/www.facebook.com\/altominhotv\" \/>\n<meta property=\"article:published_time\" content=\"2025-04-23T15:53:22+00:00\" \/>\n<meta property=\"article:modified_time\" content=\"2025-04-23T15:53:25+00:00\" \/>\n<meta property=\"og:image\" content=\"https:\/\/www.altominho.tv\/site\/wp-content\/uploads\/2025\/04\/manoel-batista.jpg\" \/>\n\t<meta property=\"og:image:width\" content=\"1200\" \/>\n\t<meta property=\"og:image:height\" content=\"630\" \/>\n\t<meta property=\"og:image:type\" content=\"image\/jpeg\" \/>\n<meta name=\"author\" content=\"Lusa\" \/>\n<meta name=\"twitter:card\" content=\"summary_large_image\" \/>\n<meta name=\"twitter:creator\" content=\"@altominhoTV\" \/>\n<meta name=\"twitter:site\" content=\"@altominhoTV\" \/>\n<meta name=\"twitter:label1\" content=\"Escrito por\" \/>\n\t<meta name=\"twitter:data1\" content=\"Lusa\" \/>\n\t<meta name=\"twitter:label2\" content=\"Tempo estimado de leitura\" \/>\n\t<meta name=\"twitter:data2\" content=\"2 minutos\" \/>\n<script type=\"application\/ld+json\" class=\"yoast-schema-graph\">{\"@context\":\"https:\\\/\\\/schema.org\",\"@graph\":[{\"@type\":\"Article\",\"@id\":\"https:\\\/\\\/www.altominho.tv\\\/site\\\/2025\\\/04\\\/23\\\/presidente-da-camara-de-melgaco-escolhido-para-representar-municipios-na-ulsam\\\/#article\",\"isPartOf\":{\"@id\":\"https:\\\/\\\/www.altominho.tv\\\/site\\\/2025\\\/04\\\/23\\\/presidente-da-camara-de-melgaco-escolhido-para-representar-municipios-na-ulsam\\\/\"},\"author\":{\"name\":\"Lusa\",\"@id\":\"https:\\\/\\\/www.altominho.tv\\\/site\\\/#\\\/schema\\\/person\\\/63f693da3e1899361cbe955c46f3232e\"},\"headline\":\"Presidente da C\u00e2mara de Melga\u00e7o escolhido para representar munic\u00edpios na ULSAM\",\"datePublished\":\"2025-04-23T15:53:22+00:00\",\"dateModified\":\"2025-04-23T15:53:25+00:00\",\"mainEntityOfPage\":{\"@id\":\"https:\\\/\\\/www.altominho.tv\\\/site\\\/2025\\\/04\\\/23\\\/presidente-da-camara-de-melgaco-escolhido-para-representar-municipios-na-ulsam\\\/\"},\"wordCount\":312,\"image\":{\"@id\":\"https:\\\/\\\/www.altominho.tv\\\/site\\\/2025\\\/04\\\/23\\\/presidente-da-camara-de-melgaco-escolhido-para-representar-municipios-na-ulsam\\\/#primaryimage\"},\"thumbnailUrl\":\"https:\\\/\\\/www.altominho.tv\\\/site\\\/wp-content\\\/uploads\\\/2025\\\/04\\\/manoel-batista.jpg\",\"keywords\":[\"Sociedade\"],\"articleSection\":[\"Alto Minho\"],\"inLanguage\":\"pt-PT\",\"copyrightYear\":\"2025\",\"copyrightHolder\":{\"@id\":\"https:\\\/\\\/www.altominho.tv\\\/site\\\/#organization\"}},{\"@type\":\"WebPage\",\"@id\":\"https:\\\/\\\/www.altominho.tv\\\/site\\\/2025\\\/04\\\/23\\\/presidente-da-camara-de-melgaco-escolhido-para-representar-municipios-na-ulsam\\\/\",\"url\":\"https:\\\/\\\/www.altominho.tv\\\/site\\\/2025\\\/04\\\/23\\\/presidente-da-camara-de-melgaco-escolhido-para-representar-municipios-na-ulsam\\\/\",\"name\":\"Presidente da C\u00e2mara de Melga\u00e7o escolhido para representar munic\u00edpios na ULSAM\",\"isPartOf\":{\"@id\":\"https:\\\/\\\/www.altominho.tv\\\/site\\\/#website\"},\"primaryImageOfPage\":{\"@id\":\"https:\\\/\\\/www.altominho.tv\\\/site\\\/2025\\\/04\\\/23\\\/presidente-da-camara-de-melgaco-escolhido-para-representar-municipios-na-ulsam\\\/#primaryimage\"},\"image\":{\"@id\":\"https:\\\/\\\/www.altominho.tv\\\/site\\\/2025\\\/04\\\/23\\\/presidente-da-camara-de-melgaco-escolhido-para-representar-municipios-na-ulsam\\\/#primaryimage\"},\"thumbnailUrl\":\"https:\\\/\\\/www.altominho.tv\\\/site\\\/wp-content\\\/uploads\\\/2025\\\/04\\\/manoel-batista.jpg\",\"datePublished\":\"2025-04-23T15:53:22+00:00\",\"dateModified\":\"2025-04-23T15:53:25+00:00\",\"author\":{\"@id\":\"https:\\\/\\\/www.altominho.tv\\\/site\\\/#\\\/schema\\\/person\\\/63f693da3e1899361cbe955c46f3232e\"},\"description\":\"O presidente da C\u00e2mara de Melga\u00e7o, o socialista Manoel Batista, foi o escolhido para representar os munic\u00edpios na Unidade Local de Sa\u00fade do Alto Minho, aguardando valida\u00e7\u00e3o da tutela, revelou hoje o autarca de Viana do Castelo.\",\"breadcrumb\":{\"@id\":\"https:\\\/\\\/www.altominho.tv\\\/site\\\/2025\\\/04\\\/23\\\/presidente-da-camara-de-melgaco-escolhido-para-representar-municipios-na-ulsam\\\/#breadcrumb\"},\"inLanguage\":\"pt-PT\",\"potentialAction\":[{\"@type\":\"ReadAction\",\"target\":[\"https:\\\/\\\/www.altominho.tv\\\/site\\\/2025\\\/04\\\/23\\\/presidente-da-camara-de-melgaco-escolhido-para-representar-municipios-na-ulsam\\\/\"]}]},{\"@type\":\"ImageObject\",\"inLanguage\":\"pt-PT\",\"@id\":\"https:\\\/\\\/www.altominho.tv\\\/site\\\/2025\\\/04\\\/23\\\/presidente-da-camara-de-melgaco-escolhido-para-representar-municipios-na-ulsam\\\/#primaryimage\",\"url\":\"https:\\\/\\\/www.altominho.tv\\\/site\\\/wp-content\\\/uploads\\\/2025\\\/04\\\/manoel-batista.jpg\",\"contentUrl\":\"https:\\\/\\\/www.altominho.tv\\\/site\\\/wp-content\\\/uploads\\\/2025\\\/04\\\/manoel-batista.jpg\",\"width\":1200,\"height\":630},{\"@type\":\"BreadcrumbList\",\"@id\":\"https:\\\/\\\/www.altominho.tv\\\/site\\\/2025\\\/04\\\/23\\\/presidente-da-camara-de-melgaco-escolhido-para-representar-municipios-na-ulsam\\\/#breadcrumb\",\"itemListElement\":[{\"@type\":\"ListItem\",\"position\":1,\"name\":\"In\u00edcio\",\"item\":\"https:\\\/\\\/www.altominho.tv\\\/site\\\/\"},{\"@type\":\"ListItem\",\"position\":2,\"name\":\"Presidente da C\u00e2mara de Melga\u00e7o escolhido para representar munic\u00edpios na ULSAM\"}]},{\"@type\":\"WebSite\",\"@id\":\"https:\\\/\\\/www.altominho.tv\\\/site\\\/#website\",\"url\":\"https:\\\/\\\/www.altominho.tv\\\/site\\\/\",\"name\":\"Altominho.tv\",\"description\":\"A sua regi\u00e3o \u00e0 dist\u00e2ncia de um clique...\",\"potentialAction\":[{\"@type\":\"SearchAction\",\"target\":{\"@type\":\"EntryPoint\",\"urlTemplate\":\"https:\\\/\\\/www.altominho.tv\\\/site\\\/?s={search_term_string}\"},\"query-input\":{\"@type\":\"PropertyValueSpecification\",\"valueRequired\":true,\"valueName\":\"search_term_string\"}}],\"inLanguage\":\"pt-PT\"},{\"@type\":\"Person\",\"@id\":\"https:\\\/\\\/www.altominho.tv\\\/site\\\/#\\\/schema\\\/person\\\/63f693da3e1899361cbe955c46f3232e\",\"name\":\"Lusa\",\"image\":{\"@type\":\"ImageObject\",\"inLanguage\":\"pt-PT\",\"@id\":\"https:\\\/\\\/www.altominho.tv\\\/site\\\/wp-content\\\/uploads\\\/2019\\\/08\\\/LUSA_Logo.gif\",\"url\":\"https:\\\/\\\/www.altominho.tv\\\/site\\\/wp-content\\\/uploads\\\/2019\\\/08\\\/LUSA_Logo.gif\",\"contentUrl\":\"https:\\\/\\\/www.altominho.tv\\\/site\\\/wp-content\\\/uploads\\\/2019\\\/08\\\/LUSA_Logo.gif\",\"caption\":\"Lusa\"},\"sameAs\":[\"http:\\\/\\\/\\\/\\\/www.altominho.tv\\\/site\"],\"url\":\"https:\\\/\\\/www.altominho.tv\\\/site\\\/author\\\/lusa\\\/\"}]}<\/script>\n<!-- \/ Yoast SEO Premium plugin. -->","yoast_head_json":{"title":"Presidente da C\u00e2mara de Melga\u00e7o escolhido para representar munic\u00edpios na ULSAM","description":"O presidente da C\u00e2mara de Melga\u00e7o, o socialista Manoel Batista, foi o escolhido para representar os munic\u00edpios na Unidade Local de Sa\u00fade do Alto Minho, aguardando valida\u00e7\u00e3o da tutela, revelou hoje o autarca de Viana do Castelo.","robots":{"index":"index","follow":"follow","max-snippet":"max-snippet:-1","max-image-preview":"max-image-preview:large","max-video-preview":"max-video-preview:-1"},"canonical":"https:\/\/www.altominho.tv\/site\/2025\/04\/23\/presidente-da-camara-de-melgaco-escolhido-para-representar-municipios-na-ulsam\/","og_locale":"pt_PT","og_type":"article","og_title":"Presidente da C\u00e2mara de Melga\u00e7o escolhido para representar munic\u00edpios na ULSAM","og_description":"O presidente da C\u00e2mara de Melga\u00e7o, o socialista Manoel Batista, foi o escolhido para representar os munic\u00edpios na Unidade Local de Sa\u00fade do Alto Minho, aguardando valida\u00e7\u00e3o da tutela, revelou hoje o autarca de Viana do Castelo.","og_url":"https:\/\/www.altominho.tv\/site\/2025\/04\/23\/presidente-da-camara-de-melgaco-escolhido-para-representar-municipios-na-ulsam\/","og_site_name":"Altominho.tv","article_publisher":"https:\/\/www.facebook.com\/altominhotv","article_published_time":"2025-04-23T15:53:22+00:00","article_modified_time":"2025-04-23T15:53:25+00:00","og_image":[{"width":1200,"height":630,"url":"https:\/\/www.altominho.tv\/site\/wp-content\/uploads\/2025\/04\/manoel-batista.jpg","type":"image\/jpeg"}],"author":"Lusa","twitter_card":"summary_large_image","twitter_creator":"@altominhoTV","twitter_site":"@altominhoTV","twitter_misc":{"Escrito por":"Lusa","Tempo estimado de leitura":"2 minutos"},"schema":{"@context":"https:\/\/schema.org","@graph":[{"@type":"Article","@id":"https:\/\/www.altominho.tv\/site\/2025\/04\/23\/presidente-da-camara-de-melgaco-escolhido-para-representar-municipios-na-ulsam\/#article","isPartOf":{"@id":"https:\/\/www.altominho.tv\/site\/2025\/04\/23\/presidente-da-camara-de-melgaco-escolhido-para-representar-municipios-na-ulsam\/"},"author":{"name":"Lusa","@id":"https:\/\/www.altominho.tv\/site\/#\/schema\/person\/63f693da3e1899361cbe955c46f3232e"},"headline":"Presidente da C\u00e2mara de Melga\u00e7o escolhido para representar munic\u00edpios na ULSAM","datePublished":"2025-04-23T15:53:22+00:00","dateModified":"2025-04-23T15:53:25+00:00","mainEntityOfPage":{"@id":"https:\/\/www.altominho.tv\/site\/2025\/04\/23\/presidente-da-camara-de-melgaco-escolhido-para-representar-municipios-na-ulsam\/"},"wordCount":312,"image":{"@id":"https:\/\/www.altominho.tv\/site\/2025\/04\/23\/presidente-da-camara-de-melgaco-escolhido-para-representar-municipios-na-ulsam\/#primaryimage"},"thumbnailUrl":"https:\/\/www.altominho.tv\/site\/wp-content\/uploads\/2025\/04\/manoel-batista.jpg","keywords":["Sociedade"],"articleSection":["Alto Minho"],"inLanguage":"pt-PT","copyrightYear":"2025","copyrightHolder":{"@id":"https:\/\/www.altominho.tv\/site\/#organization"}},{"@type":"WebPage","@id":"https:\/\/www.altominho.tv\/site\/2025\/04\/23\/presidente-da-camara-de-melgaco-escolhido-para-representar-municipios-na-ulsam\/","url":"https:\/\/www.altominho.tv\/site\/2025\/04\/23\/presidente-da-camara-de-melgaco-escolhido-para-representar-municipios-na-ulsam\/","name":"Presidente da C\u00e2mara de Melga\u00e7o escolhido para representar munic\u00edpios na ULSAM","isPartOf":{"@id":"https:\/\/www.altominho.tv\/site\/#website"},"primaryImageOfPage":{"@id":"https:\/\/www.altominho.tv\/site\/2025\/04\/23\/presidente-da-camara-de-melgaco-escolhido-para-representar-municipios-na-ulsam\/#primaryimage"},"image":{"@id":"https:\/\/www.altominho.tv\/site\/2025\/04\/23\/presidente-da-camara-de-melgaco-escolhido-para-representar-municipios-na-ulsam\/#primaryimage"},"thumbnailUrl":"https:\/\/www.altominho.tv\/site\/wp-content\/uploads\/2025\/04\/manoel-batista.jpg","datePublished":"2025-04-23T15:53:22+00:00","dateModified":"2025-04-23T15:53:25+00:00","author":{"@id":"https:\/\/www.altominho.tv\/site\/#\/schema\/person\/63f693da3e1899361cbe955c46f3232e"},"description":"O presidente da C\u00e2mara de Melga\u00e7o, o socialista Manoel Batista, foi o escolhido para representar os munic\u00edpios na Unidade Local de Sa\u00fade do Alto Minho, aguardando valida\u00e7\u00e3o da tutela, revelou hoje o autarca de Viana do Castelo.","breadcrumb":{"@id":"https:\/\/www.altominho.tv\/site\/2025\/04\/23\/presidente-da-camara-de-melgaco-escolhido-para-representar-municipios-na-ulsam\/#breadcrumb"},"inLanguage":"pt-PT","potentialAction":[{"@type":"ReadAction","target":["https:\/\/www.altominho.tv\/site\/2025\/04\/23\/presidente-da-camara-de-melgaco-escolhido-para-representar-municipios-na-ulsam\/"]}]},{"@type":"ImageObject","inLanguage":"pt-PT","@id":"https:\/\/www.altominho.tv\/site\/2025\/04\/23\/presidente-da-camara-de-melgaco-escolhido-para-representar-municipios-na-ulsam\/#primaryimage","url":"https:\/\/www.altominho.tv\/site\/wp-content\/uploads\/2025\/04\/manoel-batista.jpg","contentUrl":"https:\/\/www.altominho.tv\/site\/wp-content\/uploads\/2025\/04\/manoel-batista.jpg","width":1200,"height":630},{"@type":"BreadcrumbList","@id":"https:\/\/www.altominho.tv\/site\/2025\/04\/23\/presidente-da-camara-de-melgaco-escolhido-para-representar-municipios-na-ulsam\/#breadcrumb","itemListElement":[{"@type":"ListItem","position":1,"name":"In\u00edcio","item":"https:\/\/www.altominho.tv\/site\/"},{"@type":"ListItem","position":2,"name":"Presidente da C\u00e2mara de Melga\u00e7o escolhido para representar munic\u00edpios na ULSAM"}]},{"@type":"WebSite","@id":"https:\/\/www.altominho.tv\/site\/#website","url":"https:\/\/www.altominho.tv\/site\/","name":"Altominho.tv","description":"A sua regi\u00e3o \u00e0 dist\u00e2ncia de um clique...","potentialAction":[{"@type":"SearchAction","target":{"@type":"EntryPoint","urlTemplate":"https:\/\/www.altominho.tv\/site\/?s={search_term_string}"},"query-input":{"@type":"PropertyValueSpecification","valueRequired":true,"valueName":"search_term_string"}}],"inLanguage":"pt-PT"},{"@type":"Person","@id":"https:\/\/www.altominho.tv\/site\/#\/schema\/person\/63f693da3e1899361cbe955c46f3232e","name":"Lusa","image":{"@type":"ImageObject","inLanguage":"pt-PT","@id":"https:\/\/www.altominho.tv\/site\/wp-content\/uploads\/2019\/08\/LUSA_Logo.gif","url":"https:\/\/www.altominho.tv\/site\/wp-content\/uploads\/2019\/08\/LUSA_Logo.gif","contentUrl":"https:\/\/www.altominho.tv\/site\/wp-content\/uploads\/2019\/08\/LUSA_Logo.gif","caption":"Lusa"},"sameAs":["http:\/\/\/\/www.altominho.tv\/site"],"url":"https:\/\/www.altominho.tv\/site\/author\/lusa\/"}]}},"_links":{"self":[{"href":"https:\/\/www.altominho.tv\/site\/wp-json\/wp\/v2\/posts\/117416","targetHints":{"allow":["GET"]}}],"collection":[{"href":"https:\/\/www.altominho.tv\/site\/wp-json\/wp\/v2\/posts"}],"about":[{"href":"https:\/\/www.altominho.tv\/site\/wp-json\/wp\/v2\/types\/post"}],"author":[{"embeddable":true,"href":"https:\/\/www.altominho.tv\/site\/wp-json\/wp\/v2\/users\/13"}],"replies":[{"embeddable":true,"href":"https:\/\/www.altominho.tv\/site\/wp-json\/wp\/v2\/comments?post=117416"}],"version-history":[{"count":1,"href":"https:\/\/www.altominho.tv\/site\/wp-json\/wp\/v2\/posts\/117416\/revisions"}],"predecessor-version":[{"id":117418,"href":"https:\/\/www.altominho.tv\/site\/wp-json\/wp\/v2\/posts\/117416\/revisions\/117418"}],"wp:featuredmedia":[{"embeddable":true,"href":"https:\/\/www.altominho.tv\/site\/wp-json\/wp\/v2\/media\/117417"}],"wp:attachment":[{"href":"https:\/\/www.altominho.tv\/site\/wp-json\/wp\/v2\/media?parent=117416"}],"wp:term":[{"taxonomy":"category","embeddable":true,"href":"https:\/\/www.altominho.tv\/site\/wp-json\/wp\/v2\/categories?post=117416"},{"taxonomy":"post_tag","embeddable":true,"href":"https:\/\/www.altominho.tv\/site\/wp-json\/wp\/v2\/tags?post=117416"}],"curies":[{"name":"wp","href":"https:\/\/api.w.org\/{rel}","templated":true}]}}