{"id":117399,"date":"2025-04-23T12:01:53","date_gmt":"2025-04-23T11:01:53","guid":{"rendered":"https:\/\/www.altominho.tv\/site\/?p=117399"},"modified":"2025-04-23T12:02:23","modified_gmt":"2025-04-23T11:02:23","slug":"mosteiro-em-valenca-com-centro-interpretativo-apos-investimento-de-255-mil-euros","status":"publish","type":"post","link":"https:\/\/www.altominho.tv\/site\/2025\/04\/23\/mosteiro-em-valenca-com-centro-interpretativo-apos-investimento-de-255-mil-euros\/","title":{"rendered":"Mosteiro em Valen\u00e7a com centro interpretativo ap\u00f3s investimento de 255 mil euros"},"content":{"rendered":"<p>O Centro Interpretativo do Mosteiro de Sanfins (CIMOS), em Valen\u00e7a, abriu ap\u00f3s um investimento de 255 mil euros financiados por fundos comunit\u00e1rios para valorizar o monumento rom\u00e2nico, revelou hoje a c\u00e2mara.<\/p>\n<p>Em comunicado, a autarquia de Valen\u00e7a explica que o CIMOS \u201cpretende valorizar e dar a conhecer um dos monumentos rom\u00e2nicos mais importantes de Portugal, com as primeiras refer\u00eancias a apontarem para o ano de 604 depois de Cristo\u201d.<\/p>\n<p>\u201cO CIMOS \u00e9 um espa\u00e7o que pretende introduzir e orientar o visitante para uma experi\u00eancia rica e diversa nos 23 hectares da Quinta do Mosteiro explorando o legado patrimonial, natural e etnogr\u00e1fico atrav\u00e9s dos seus percursos\u201d, descreve o munic\u00edpio.<\/p>\n<p>No r\u00e9s do ch\u00e3o, o centro \u201cconvida \u00e0 descoberta do bi\u00f3tipo da quinta com o cantinho da ci\u00eancia onde os visitantes, sobretudo os mais jovens, podem observar e sentir mais de perto os minerais e esp\u00e9cies da fauna e flora\u201d, acrescenta.<\/p>\n<p>No piso superior, \u201cum conjunto de pain\u00e9is, instala\u00e7\u00f5es e ecr\u00e3s t\u00e1teis proporcionam experi\u00eancias imersivas na etnografia, nos h\u00e1bitos e modos de vida do antigo mosteiro, na descoberta da fauna e flora, na hist\u00f3ria, nos costumes e tradi\u00e7\u00f5es\u201d.<\/p>\n<p>O CIMOS est\u00e1 instalado na antiga casa dos caseiros da quinta e desenvolve-se numa estrutura \u00e0 base de granito e traves de madeira, apresentando-se como um bloco distinto \u201cperfeitamente enquadrado com o ambiente e a arquitetura existente\u201d.<\/p>\n<p>\u201cEste centro implicou um investimento municipal de 255 mil euros e foi financiado pelo FEDER no \u00e2mbito da Estrat\u00e9gia de Efici\u00eancia Coletiva PROVERE do Norte 2020\u201d, indica o munic\u00edpio.<\/p>\n<p>O espa\u00e7o pode ser visitado aos s\u00e1bados e domingos das 10h30 \u00e0s 12h30 e das 13h30 \u00e0s 19h30, sendo objeto de marca\u00e7\u00e3o durante a semana.<\/p>\n","protected":false},"excerpt":{"rendered":"<p>O Centro Interpretativo do Mosteiro de Sanfins (CIMOS), em Valen\u00e7a, abriu ap\u00f3s um investimento de 255 mil euros financiados por fundos comunit\u00e1rios para valorizar o monumento rom\u00e2nico, revelou hoje a c\u00e2mara. Em comunicado, a autarquia de Valen\u00e7a explica que o CIMOS \u201cpretende valorizar e dar a conhecer um dos monumentos rom\u00e2nicos mais importantes de Portugal, [&hellip;]<\/p>\n","protected":false},"author":13,"featured_media":117400,"comment_status":"closed","ping_status":"closed","sticky":false,"template":"","format":"standard","meta":{"_exactmetrics_skip_tracking":false,"_exactmetrics_sitenote_active":false,"_exactmetrics_sitenote_note":"","_exactmetrics_sitenote_category":0,"footnotes":""},"categories":[13],"tags":[19],"class_list":["post-117399","post","type-post","status-publish","format-standard","has-post-thumbnail","hentry","category-valenca","tag-cultura"],"yoast_head":"<!-- This site is optimized with the Yoast SEO Premium plugin v27.4 (Yoast SEO v27.4) - https:\/\/yoast.com\/product\/yoast-seo-premium-wordpress\/ -->\n<title>Mosteiro em Valen\u00e7a com centro interpretativo ap\u00f3s investimento de 255 mil euros<\/title>\n<meta name=\"description\" content=\"O Centro Interpretativo do Mosteiro de Sanfins (CIMOS), em Valen\u00e7a, abriu ap\u00f3s um investimento de 255 mil euros\" \/>\n<meta name=\"robots\" content=\"index, follow, max-snippet:-1, max-image-preview:large, max-video-preview:-1\" \/>\n<link rel=\"canonical\" href=\"https:\/\/www.altominho.tv\/site\/2025\/04\/23\/mosteiro-em-valenca-com-centro-interpretativo-apos-investimento-de-255-mil-euros\/\" \/>\n<meta property=\"og:locale\" content=\"pt_PT\" \/>\n<meta property=\"og:type\" content=\"article\" \/>\n<meta property=\"og:title\" content=\"Mosteiro em Valen\u00e7a com centro interpretativo ap\u00f3s investimento de 255 mil euros\" \/>\n<meta property=\"og:description\" content=\"O Centro Interpretativo do Mosteiro de Sanfins (CIMOS), em Valen\u00e7a, abriu ap\u00f3s um investimento de 255 mil euros\" \/>\n<meta property=\"og:url\" content=\"https:\/\/www.altominho.tv\/site\/2025\/04\/23\/mosteiro-em-valenca-com-centro-interpretativo-apos-investimento-de-255-mil-euros\/\" \/>\n<meta property=\"og:site_name\" content=\"Altominho.tv\" \/>\n<meta property=\"article:publisher\" content=\"https:\/\/www.facebook.com\/altominhotv\" \/>\n<meta property=\"article:published_time\" content=\"2025-04-23T11:01:53+00:00\" \/>\n<meta property=\"article:modified_time\" content=\"2025-04-23T11:02:23+00:00\" \/>\n<meta property=\"og:image\" content=\"https:\/\/www.altominho.tv\/site\/wp-content\/uploads\/2025\/04\/mosteiro-sanfins.jpg\" \/>\n\t<meta property=\"og:image:width\" content=\"1200\" \/>\n\t<meta property=\"og:image:height\" content=\"630\" \/>\n\t<meta property=\"og:image:type\" content=\"image\/jpeg\" \/>\n<meta name=\"author\" content=\"Lusa\" \/>\n<meta name=\"twitter:card\" content=\"summary_large_image\" \/>\n<meta name=\"twitter:creator\" content=\"@altominhoTV\" \/>\n<meta name=\"twitter:site\" content=\"@altominhoTV\" \/>\n<meta name=\"twitter:label1\" content=\"Escrito por\" \/>\n\t<meta name=\"twitter:data1\" content=\"Lusa\" \/>\n\t<meta name=\"twitter:label2\" content=\"Tempo estimado de leitura\" \/>\n\t<meta name=\"twitter:data2\" content=\"2 minutos\" \/>\n<script type=\"application\/ld+json\" class=\"yoast-schema-graph\">{\"@context\":\"https:\\\/\\\/schema.org\",\"@graph\":[{\"@type\":\"Article\",\"@id\":\"https:\\\/\\\/www.altominho.tv\\\/site\\\/2025\\\/04\\\/23\\\/mosteiro-em-valenca-com-centro-interpretativo-apos-investimento-de-255-mil-euros\\\/#article\",\"isPartOf\":{\"@id\":\"https:\\\/\\\/www.altominho.tv\\\/site\\\/2025\\\/04\\\/23\\\/mosteiro-em-valenca-com-centro-interpretativo-apos-investimento-de-255-mil-euros\\\/\"},\"author\":{\"name\":\"Lusa\",\"@id\":\"https:\\\/\\\/www.altominho.tv\\\/site\\\/#\\\/schema\\\/person\\\/63f693da3e1899361cbe955c46f3232e\"},\"headline\":\"Mosteiro em Valen\u00e7a com centro interpretativo ap\u00f3s investimento de 255 mil euros\",\"datePublished\":\"2025-04-23T11:01:53+00:00\",\"dateModified\":\"2025-04-23T11:02:23+00:00\",\"mainEntityOfPage\":{\"@id\":\"https:\\\/\\\/www.altominho.tv\\\/site\\\/2025\\\/04\\\/23\\\/mosteiro-em-valenca-com-centro-interpretativo-apos-investimento-de-255-mil-euros\\\/\"},\"wordCount\":314,\"image\":{\"@id\":\"https:\\\/\\\/www.altominho.tv\\\/site\\\/2025\\\/04\\\/23\\\/mosteiro-em-valenca-com-centro-interpretativo-apos-investimento-de-255-mil-euros\\\/#primaryimage\"},\"thumbnailUrl\":\"https:\\\/\\\/www.altominho.tv\\\/site\\\/wp-content\\\/uploads\\\/2025\\\/04\\\/mosteiro-sanfins.jpg\",\"keywords\":[\"Cultura\"],\"articleSection\":[\"Valen\u00e7a\"],\"inLanguage\":\"pt-PT\",\"copyrightYear\":\"2025\",\"copyrightHolder\":{\"@id\":\"https:\\\/\\\/www.altominho.tv\\\/site\\\/#organization\"}},{\"@type\":\"WebPage\",\"@id\":\"https:\\\/\\\/www.altominho.tv\\\/site\\\/2025\\\/04\\\/23\\\/mosteiro-em-valenca-com-centro-interpretativo-apos-investimento-de-255-mil-euros\\\/\",\"url\":\"https:\\\/\\\/www.altominho.tv\\\/site\\\/2025\\\/04\\\/23\\\/mosteiro-em-valenca-com-centro-interpretativo-apos-investimento-de-255-mil-euros\\\/\",\"name\":\"Mosteiro em Valen\u00e7a com centro interpretativo ap\u00f3s investimento de 255 mil euros\",\"isPartOf\":{\"@id\":\"https:\\\/\\\/www.altominho.tv\\\/site\\\/#website\"},\"primaryImageOfPage\":{\"@id\":\"https:\\\/\\\/www.altominho.tv\\\/site\\\/2025\\\/04\\\/23\\\/mosteiro-em-valenca-com-centro-interpretativo-apos-investimento-de-255-mil-euros\\\/#primaryimage\"},\"image\":{\"@id\":\"https:\\\/\\\/www.altominho.tv\\\/site\\\/2025\\\/04\\\/23\\\/mosteiro-em-valenca-com-centro-interpretativo-apos-investimento-de-255-mil-euros\\\/#primaryimage\"},\"thumbnailUrl\":\"https:\\\/\\\/www.altominho.tv\\\/site\\\/wp-content\\\/uploads\\\/2025\\\/04\\\/mosteiro-sanfins.jpg\",\"datePublished\":\"2025-04-23T11:01:53+00:00\",\"dateModified\":\"2025-04-23T11:02:23+00:00\",\"author\":{\"@id\":\"https:\\\/\\\/www.altominho.tv\\\/site\\\/#\\\/schema\\\/person\\\/63f693da3e1899361cbe955c46f3232e\"},\"description\":\"O Centro Interpretativo do Mosteiro de Sanfins (CIMOS), em Valen\u00e7a, abriu ap\u00f3s um investimento de 255 mil euros\",\"breadcrumb\":{\"@id\":\"https:\\\/\\\/www.altominho.tv\\\/site\\\/2025\\\/04\\\/23\\\/mosteiro-em-valenca-com-centro-interpretativo-apos-investimento-de-255-mil-euros\\\/#breadcrumb\"},\"inLanguage\":\"pt-PT\",\"potentialAction\":[{\"@type\":\"ReadAction\",\"target\":[\"https:\\\/\\\/www.altominho.tv\\\/site\\\/2025\\\/04\\\/23\\\/mosteiro-em-valenca-com-centro-interpretativo-apos-investimento-de-255-mil-euros\\\/\"]}]},{\"@type\":\"ImageObject\",\"inLanguage\":\"pt-PT\",\"@id\":\"https:\\\/\\\/www.altominho.tv\\\/site\\\/2025\\\/04\\\/23\\\/mosteiro-em-valenca-com-centro-interpretativo-apos-investimento-de-255-mil-euros\\\/#primaryimage\",\"url\":\"https:\\\/\\\/www.altominho.tv\\\/site\\\/wp-content\\\/uploads\\\/2025\\\/04\\\/mosteiro-sanfins.jpg\",\"contentUrl\":\"https:\\\/\\\/www.altominho.tv\\\/site\\\/wp-content\\\/uploads\\\/2025\\\/04\\\/mosteiro-sanfins.jpg\",\"width\":1200,\"height\":630},{\"@type\":\"BreadcrumbList\",\"@id\":\"https:\\\/\\\/www.altominho.tv\\\/site\\\/2025\\\/04\\\/23\\\/mosteiro-em-valenca-com-centro-interpretativo-apos-investimento-de-255-mil-euros\\\/#breadcrumb\",\"itemListElement\":[{\"@type\":\"ListItem\",\"position\":1,\"name\":\"In\u00edcio\",\"item\":\"https:\\\/\\\/www.altominho.tv\\\/site\\\/\"},{\"@type\":\"ListItem\",\"position\":2,\"name\":\"Mosteiro em Valen\u00e7a com centro interpretativo ap\u00f3s investimento de 255 mil euros\"}]},{\"@type\":\"WebSite\",\"@id\":\"https:\\\/\\\/www.altominho.tv\\\/site\\\/#website\",\"url\":\"https:\\\/\\\/www.altominho.tv\\\/site\\\/\",\"name\":\"Altominho.tv\",\"description\":\"A sua regi\u00e3o \u00e0 dist\u00e2ncia de um clique...\",\"potentialAction\":[{\"@type\":\"SearchAction\",\"target\":{\"@type\":\"EntryPoint\",\"urlTemplate\":\"https:\\\/\\\/www.altominho.tv\\\/site\\\/?s={search_term_string}\"},\"query-input\":{\"@type\":\"PropertyValueSpecification\",\"valueRequired\":true,\"valueName\":\"search_term_string\"}}],\"inLanguage\":\"pt-PT\"},{\"@type\":\"Person\",\"@id\":\"https:\\\/\\\/www.altominho.tv\\\/site\\\/#\\\/schema\\\/person\\\/63f693da3e1899361cbe955c46f3232e\",\"name\":\"Lusa\",\"image\":{\"@type\":\"ImageObject\",\"inLanguage\":\"pt-PT\",\"@id\":\"https:\\\/\\\/www.altominho.tv\\\/site\\\/wp-content\\\/uploads\\\/2019\\\/08\\\/LUSA_Logo.gif\",\"url\":\"https:\\\/\\\/www.altominho.tv\\\/site\\\/wp-content\\\/uploads\\\/2019\\\/08\\\/LUSA_Logo.gif\",\"contentUrl\":\"https:\\\/\\\/www.altominho.tv\\\/site\\\/wp-content\\\/uploads\\\/2019\\\/08\\\/LUSA_Logo.gif\",\"caption\":\"Lusa\"},\"sameAs\":[\"http:\\\/\\\/\\\/\\\/www.altominho.tv\\\/site\"],\"url\":\"https:\\\/\\\/www.altominho.tv\\\/site\\\/author\\\/lusa\\\/\"}]}<\/script>\n<!-- \/ Yoast SEO Premium plugin. -->","yoast_head_json":{"title":"Mosteiro em Valen\u00e7a com centro interpretativo ap\u00f3s investimento de 255 mil euros","description":"O Centro Interpretativo do Mosteiro de Sanfins (CIMOS), em Valen\u00e7a, abriu ap\u00f3s um investimento de 255 mil euros","robots":{"index":"index","follow":"follow","max-snippet":"max-snippet:-1","max-image-preview":"max-image-preview:large","max-video-preview":"max-video-preview:-1"},"canonical":"https:\/\/www.altominho.tv\/site\/2025\/04\/23\/mosteiro-em-valenca-com-centro-interpretativo-apos-investimento-de-255-mil-euros\/","og_locale":"pt_PT","og_type":"article","og_title":"Mosteiro em Valen\u00e7a com centro interpretativo ap\u00f3s investimento de 255 mil euros","og_description":"O Centro Interpretativo do Mosteiro de Sanfins (CIMOS), em Valen\u00e7a, abriu ap\u00f3s um investimento de 255 mil euros","og_url":"https:\/\/www.altominho.tv\/site\/2025\/04\/23\/mosteiro-em-valenca-com-centro-interpretativo-apos-investimento-de-255-mil-euros\/","og_site_name":"Altominho.tv","article_publisher":"https:\/\/www.facebook.com\/altominhotv","article_published_time":"2025-04-23T11:01:53+00:00","article_modified_time":"2025-04-23T11:02:23+00:00","og_image":[{"width":1200,"height":630,"url":"https:\/\/www.altominho.tv\/site\/wp-content\/uploads\/2025\/04\/mosteiro-sanfins.jpg","type":"image\/jpeg"}],"author":"Lusa","twitter_card":"summary_large_image","twitter_creator":"@altominhoTV","twitter_site":"@altominhoTV","twitter_misc":{"Escrito por":"Lusa","Tempo estimado de leitura":"2 minutos"},"schema":{"@context":"https:\/\/schema.org","@graph":[{"@type":"Article","@id":"https:\/\/www.altominho.tv\/site\/2025\/04\/23\/mosteiro-em-valenca-com-centro-interpretativo-apos-investimento-de-255-mil-euros\/#article","isPartOf":{"@id":"https:\/\/www.altominho.tv\/site\/2025\/04\/23\/mosteiro-em-valenca-com-centro-interpretativo-apos-investimento-de-255-mil-euros\/"},"author":{"name":"Lusa","@id":"https:\/\/www.altominho.tv\/site\/#\/schema\/person\/63f693da3e1899361cbe955c46f3232e"},"headline":"Mosteiro em Valen\u00e7a com centro interpretativo ap\u00f3s investimento de 255 mil euros","datePublished":"2025-04-23T11:01:53+00:00","dateModified":"2025-04-23T11:02:23+00:00","mainEntityOfPage":{"@id":"https:\/\/www.altominho.tv\/site\/2025\/04\/23\/mosteiro-em-valenca-com-centro-interpretativo-apos-investimento-de-255-mil-euros\/"},"wordCount":314,"image":{"@id":"https:\/\/www.altominho.tv\/site\/2025\/04\/23\/mosteiro-em-valenca-com-centro-interpretativo-apos-investimento-de-255-mil-euros\/#primaryimage"},"thumbnailUrl":"https:\/\/www.altominho.tv\/site\/wp-content\/uploads\/2025\/04\/mosteiro-sanfins.jpg","keywords":["Cultura"],"articleSection":["Valen\u00e7a"],"inLanguage":"pt-PT","copyrightYear":"2025","copyrightHolder":{"@id":"https:\/\/www.altominho.tv\/site\/#organization"}},{"@type":"WebPage","@id":"https:\/\/www.altominho.tv\/site\/2025\/04\/23\/mosteiro-em-valenca-com-centro-interpretativo-apos-investimento-de-255-mil-euros\/","url":"https:\/\/www.altominho.tv\/site\/2025\/04\/23\/mosteiro-em-valenca-com-centro-interpretativo-apos-investimento-de-255-mil-euros\/","name":"Mosteiro em Valen\u00e7a com centro interpretativo ap\u00f3s investimento de 255 mil euros","isPartOf":{"@id":"https:\/\/www.altominho.tv\/site\/#website"},"primaryImageOfPage":{"@id":"https:\/\/www.altominho.tv\/site\/2025\/04\/23\/mosteiro-em-valenca-com-centro-interpretativo-apos-investimento-de-255-mil-euros\/#primaryimage"},"image":{"@id":"https:\/\/www.altominho.tv\/site\/2025\/04\/23\/mosteiro-em-valenca-com-centro-interpretativo-apos-investimento-de-255-mil-euros\/#primaryimage"},"thumbnailUrl":"https:\/\/www.altominho.tv\/site\/wp-content\/uploads\/2025\/04\/mosteiro-sanfins.jpg","datePublished":"2025-04-23T11:01:53+00:00","dateModified":"2025-04-23T11:02:23+00:00","author":{"@id":"https:\/\/www.altominho.tv\/site\/#\/schema\/person\/63f693da3e1899361cbe955c46f3232e"},"description":"O Centro Interpretativo do Mosteiro de Sanfins (CIMOS), em Valen\u00e7a, abriu ap\u00f3s um investimento de 255 mil euros","breadcrumb":{"@id":"https:\/\/www.altominho.tv\/site\/2025\/04\/23\/mosteiro-em-valenca-com-centro-interpretativo-apos-investimento-de-255-mil-euros\/#breadcrumb"},"inLanguage":"pt-PT","potentialAction":[{"@type":"ReadAction","target":["https:\/\/www.altominho.tv\/site\/2025\/04\/23\/mosteiro-em-valenca-com-centro-interpretativo-apos-investimento-de-255-mil-euros\/"]}]},{"@type":"ImageObject","inLanguage":"pt-PT","@id":"https:\/\/www.altominho.tv\/site\/2025\/04\/23\/mosteiro-em-valenca-com-centro-interpretativo-apos-investimento-de-255-mil-euros\/#primaryimage","url":"https:\/\/www.altominho.tv\/site\/wp-content\/uploads\/2025\/04\/mosteiro-sanfins.jpg","contentUrl":"https:\/\/www.altominho.tv\/site\/wp-content\/uploads\/2025\/04\/mosteiro-sanfins.jpg","width":1200,"height":630},{"@type":"BreadcrumbList","@id":"https:\/\/www.altominho.tv\/site\/2025\/04\/23\/mosteiro-em-valenca-com-centro-interpretativo-apos-investimento-de-255-mil-euros\/#breadcrumb","itemListElement":[{"@type":"ListItem","position":1,"name":"In\u00edcio","item":"https:\/\/www.altominho.tv\/site\/"},{"@type":"ListItem","position":2,"name":"Mosteiro em Valen\u00e7a com centro interpretativo ap\u00f3s investimento de 255 mil euros"}]},{"@type":"WebSite","@id":"https:\/\/www.altominho.tv\/site\/#website","url":"https:\/\/www.altominho.tv\/site\/","name":"Altominho.tv","description":"A sua regi\u00e3o \u00e0 dist\u00e2ncia de um clique...","potentialAction":[{"@type":"SearchAction","target":{"@type":"EntryPoint","urlTemplate":"https:\/\/www.altominho.tv\/site\/?s={search_term_string}"},"query-input":{"@type":"PropertyValueSpecification","valueRequired":true,"valueName":"search_term_string"}}],"inLanguage":"pt-PT"},{"@type":"Person","@id":"https:\/\/www.altominho.tv\/site\/#\/schema\/person\/63f693da3e1899361cbe955c46f3232e","name":"Lusa","image":{"@type":"ImageObject","inLanguage":"pt-PT","@id":"https:\/\/www.altominho.tv\/site\/wp-content\/uploads\/2019\/08\/LUSA_Logo.gif","url":"https:\/\/www.altominho.tv\/site\/wp-content\/uploads\/2019\/08\/LUSA_Logo.gif","contentUrl":"https:\/\/www.altominho.tv\/site\/wp-content\/uploads\/2019\/08\/LUSA_Logo.gif","caption":"Lusa"},"sameAs":["http:\/\/\/\/www.altominho.tv\/site"],"url":"https:\/\/www.altominho.tv\/site\/author\/lusa\/"}]}},"_links":{"self":[{"href":"https:\/\/www.altominho.tv\/site\/wp-json\/wp\/v2\/posts\/117399","targetHints":{"allow":["GET"]}}],"collection":[{"href":"https:\/\/www.altominho.tv\/site\/wp-json\/wp\/v2\/posts"}],"about":[{"href":"https:\/\/www.altominho.tv\/site\/wp-json\/wp\/v2\/types\/post"}],"author":[{"embeddable":true,"href":"https:\/\/www.altominho.tv\/site\/wp-json\/wp\/v2\/users\/13"}],"replies":[{"embeddable":true,"href":"https:\/\/www.altominho.tv\/site\/wp-json\/wp\/v2\/comments?post=117399"}],"version-history":[{"count":1,"href":"https:\/\/www.altominho.tv\/site\/wp-json\/wp\/v2\/posts\/117399\/revisions"}],"predecessor-version":[{"id":117401,"href":"https:\/\/www.altominho.tv\/site\/wp-json\/wp\/v2\/posts\/117399\/revisions\/117401"}],"wp:featuredmedia":[{"embeddable":true,"href":"https:\/\/www.altominho.tv\/site\/wp-json\/wp\/v2\/media\/117400"}],"wp:attachment":[{"href":"https:\/\/www.altominho.tv\/site\/wp-json\/wp\/v2\/media?parent=117399"}],"wp:term":[{"taxonomy":"category","embeddable":true,"href":"https:\/\/www.altominho.tv\/site\/wp-json\/wp\/v2\/categories?post=117399"},{"taxonomy":"post_tag","embeddable":true,"href":"https:\/\/www.altominho.tv\/site\/wp-json\/wp\/v2\/tags?post=117399"}],"curies":[{"name":"wp","href":"https:\/\/api.w.org\/{rel}","templated":true}]}}