{"id":117278,"date":"2025-04-19T15:27:09","date_gmt":"2025-04-19T14:27:09","guid":{"rendered":"https:\/\/www.altominho.tv\/site\/?p=117278"},"modified":"2025-04-19T15:27:11","modified_gmt":"2025-04-19T14:27:11","slug":"mau-tempo-leva-a-capitania-do-porto-de-caminha-a-emitir-aviso-de-precaucao","status":"publish","type":"post","link":"https:\/\/www.altominho.tv\/site\/2025\/04\/19\/mau-tempo-leva-a-capitania-do-porto-de-caminha-a-emitir-aviso-de-precaucao\/","title":{"rendered":"Mau tempo leva a Capitania do Porto de Caminha a emitir aviso de precau\u00e7\u00e3o"},"content":{"rendered":"\n<p>A Capitania do Porto de Caminha alertou, esta sexta-feira, para o agravamento da agita\u00e7\u00e3o mar\u00edtima, com base nas previs\u00f5es do IPMA e do Instituto Hidrogr\u00e1fico, pedindo a colabora\u00e7\u00e3o na divulga\u00e7\u00e3o do comunicado operacional.<\/p>\n\n\n\n<p>A agita\u00e7\u00e3o mar\u00edtima dever\u00e1 intensificar-se entre as 3h00 da madrugada de s\u00e1bado (19 de abril) e as 12h00 de domingo (20 de abril), com ondas de noroeste entre quatro a seis metros e que podem atingir os 11 metros de altura durante os per\u00edodos mais cr\u00edticos.<\/p>\n\n\n\n<p>A Autoridade Mar\u00edtima recomenda \u00e0 comunidade piscat\u00f3ria e n\u00e1utica de recreio que regressem a porto seguro e evitem sair para o mar at\u00e9 que as condi\u00e7\u00f5es melhorem. No rio Minho, refor\u00e7a-se o apelo \u00e0 precau\u00e7\u00e3o durante os per\u00edodos de maior vento e \u00e0 ado\u00e7\u00e3o de medidas adequadas \u00e0 salvaguarda da vida humana e material.<\/p>\n\n\n\n<p>\u00c0 popula\u00e7\u00e3o em geral, \u00e9 recomendado evitar passeios junto \u00e0 costa e nas praias devido ao risco de ser apanhada por ondas. Os pescadores l\u00fadicos devem ter especial cautela e abster-se de praticar pesca em zonas expostas (fal\u00e9sias, arribas, quebra-mares e zonas rochosas nas frentes costeiras atingidas pela rebenta\u00e7\u00e3o das ondas), \u201ctendo sempre presente que nestas condi\u00e7\u00f5es extremas o mar pode facilmente alcan\u00e7ar zonas aparentemente seguras\u201d.<\/p>\n\n\n\n<p>Em caso de emerg\u00eancia, deve ser contactado o 112.<\/p>\n","protected":false},"excerpt":{"rendered":"<p>A Capitania do Porto de Caminha alertou, esta sexta-feira, para o agravamento da agita\u00e7\u00e3o mar\u00edtima, com base nas previs\u00f5es do IPMA e do Instituto Hidrogr\u00e1fico, pedindo a colabora\u00e7\u00e3o na divulga\u00e7\u00e3o do comunicado operacional. A agita\u00e7\u00e3o mar\u00edtima dever\u00e1 intensificar-se entre as 3h00 da madrugada de s\u00e1bado (19 de abril) e as 12h00 de domingo (20 de [&hellip;]<\/p>\n","protected":false},"author":1,"featured_media":117279,"comment_status":"closed","ping_status":"closed","sticky":false,"template":"","format":"standard","meta":{"_exactmetrics_skip_tracking":false,"_exactmetrics_sitenote_active":false,"_exactmetrics_sitenote_note":"","_exactmetrics_sitenote_category":0,"footnotes":""},"categories":[7],"tags":[27],"class_list":["post-117278","post","type-post","status-publish","format-standard","has-post-thumbnail","hentry","category-caminha","tag-sociedade"],"yoast_head":"<!-- This site is optimized with the Yoast SEO Premium plugin v27.5 (Yoast SEO v27.5) - https:\/\/yoast.com\/product\/yoast-seo-premium-wordpress\/ -->\n<title>Mau tempo leva a Capitania do Porto de Caminha a emitir aviso de precau\u00e7\u00e3o<\/title>\n<meta name=\"description\" content=\"A Capitania do Porto de Caminha alertou, esta sexta-feira, para o agravamento da agita\u00e7\u00e3o mar\u00edtima entre 19 e 20 de abril.\" \/>\n<meta name=\"robots\" content=\"index, follow, max-snippet:-1, max-image-preview:large, max-video-preview:-1\" \/>\n<link rel=\"canonical\" href=\"https:\/\/www.altominho.tv\/site\/2025\/04\/19\/mau-tempo-leva-a-capitania-do-porto-de-caminha-a-emitir-aviso-de-precaucao\/\" \/>\n<meta property=\"og:locale\" content=\"pt_PT\" \/>\n<meta property=\"og:type\" content=\"article\" \/>\n<meta property=\"og:title\" content=\"Mau tempo leva a Capitania do Porto de Caminha a emitir aviso de precau\u00e7\u00e3o\" \/>\n<meta property=\"og:description\" content=\"A Capitania do Porto de Caminha alertou, esta sexta-feira, para o agravamento da agita\u00e7\u00e3o mar\u00edtima entre 19 e 20 de abril.\" \/>\n<meta property=\"og:url\" content=\"https:\/\/www.altominho.tv\/site\/2025\/04\/19\/mau-tempo-leva-a-capitania-do-porto-de-caminha-a-emitir-aviso-de-precaucao\/\" \/>\n<meta property=\"og:site_name\" content=\"Altominho.tv\" \/>\n<meta property=\"article:publisher\" content=\"https:\/\/www.facebook.com\/altominhotv\" \/>\n<meta property=\"article:published_time\" content=\"2025-04-19T14:27:09+00:00\" \/>\n<meta property=\"article:modified_time\" content=\"2025-04-19T14:27:11+00:00\" \/>\n<meta property=\"og:image\" content=\"https:\/\/www.altominho.tv\/site\/wp-content\/uploads\/2025\/04\/ondas.png\" \/>\n\t<meta property=\"og:image:width\" content=\"1200\" \/>\n\t<meta property=\"og:image:height\" content=\"630\" \/>\n\t<meta property=\"og:image:type\" content=\"image\/png\" \/>\n<meta name=\"author\" content=\"Altominho.tv\" \/>\n<meta name=\"twitter:card\" content=\"summary_large_image\" \/>\n<meta name=\"twitter:creator\" content=\"@altominhoTV\" \/>\n<meta name=\"twitter:site\" content=\"@altominhoTV\" \/>\n<meta name=\"twitter:label1\" content=\"Escrito por\" \/>\n\t<meta name=\"twitter:data1\" content=\"Altominho.tv\" \/>\n\t<meta name=\"twitter:label2\" content=\"Tempo estimado de leitura\" \/>\n\t<meta name=\"twitter:data2\" content=\"2 minutos\" \/>\n<script type=\"application\/ld+json\" class=\"yoast-schema-graph\">{\"@context\":\"https:\\\/\\\/schema.org\",\"@graph\":[{\"@type\":\"Article\",\"@id\":\"https:\\\/\\\/www.altominho.tv\\\/site\\\/2025\\\/04\\\/19\\\/mau-tempo-leva-a-capitania-do-porto-de-caminha-a-emitir-aviso-de-precaucao\\\/#article\",\"isPartOf\":{\"@id\":\"https:\\\/\\\/www.altominho.tv\\\/site\\\/2025\\\/04\\\/19\\\/mau-tempo-leva-a-capitania-do-porto-de-caminha-a-emitir-aviso-de-precaucao\\\/\"},\"author\":{\"name\":\"Altominho.tv\",\"@id\":\"https:\\\/\\\/www.altominho.tv\\\/site\\\/#\\\/schema\\\/person\\\/4e536851627d7914baf3dac752b6af22\"},\"headline\":\"Mau tempo leva a Capitania do Porto de Caminha a emitir aviso de precau\u00e7\u00e3o\",\"datePublished\":\"2025-04-19T14:27:09+00:00\",\"dateModified\":\"2025-04-19T14:27:11+00:00\",\"mainEntityOfPage\":{\"@id\":\"https:\\\/\\\/www.altominho.tv\\\/site\\\/2025\\\/04\\\/19\\\/mau-tempo-leva-a-capitania-do-porto-de-caminha-a-emitir-aviso-de-precaucao\\\/\"},\"wordCount\":238,\"image\":{\"@id\":\"https:\\\/\\\/www.altominho.tv\\\/site\\\/2025\\\/04\\\/19\\\/mau-tempo-leva-a-capitania-do-porto-de-caminha-a-emitir-aviso-de-precaucao\\\/#primaryimage\"},\"thumbnailUrl\":\"https:\\\/\\\/www.altominho.tv\\\/site\\\/wp-content\\\/uploads\\\/2025\\\/04\\\/ondas.png\",\"keywords\":[\"Sociedade\"],\"articleSection\":[\"Caminha\"],\"inLanguage\":\"pt-PT\",\"copyrightYear\":\"2025\",\"copyrightHolder\":{\"@id\":\"https:\\\/\\\/www.altominho.tv\\\/site\\\/#organization\"}},{\"@type\":\"WebPage\",\"@id\":\"https:\\\/\\\/www.altominho.tv\\\/site\\\/2025\\\/04\\\/19\\\/mau-tempo-leva-a-capitania-do-porto-de-caminha-a-emitir-aviso-de-precaucao\\\/\",\"url\":\"https:\\\/\\\/www.altominho.tv\\\/site\\\/2025\\\/04\\\/19\\\/mau-tempo-leva-a-capitania-do-porto-de-caminha-a-emitir-aviso-de-precaucao\\\/\",\"name\":\"Mau tempo leva a Capitania do Porto de Caminha a emitir aviso de precau\u00e7\u00e3o\",\"isPartOf\":{\"@id\":\"https:\\\/\\\/www.altominho.tv\\\/site\\\/#website\"},\"primaryImageOfPage\":{\"@id\":\"https:\\\/\\\/www.altominho.tv\\\/site\\\/2025\\\/04\\\/19\\\/mau-tempo-leva-a-capitania-do-porto-de-caminha-a-emitir-aviso-de-precaucao\\\/#primaryimage\"},\"image\":{\"@id\":\"https:\\\/\\\/www.altominho.tv\\\/site\\\/2025\\\/04\\\/19\\\/mau-tempo-leva-a-capitania-do-porto-de-caminha-a-emitir-aviso-de-precaucao\\\/#primaryimage\"},\"thumbnailUrl\":\"https:\\\/\\\/www.altominho.tv\\\/site\\\/wp-content\\\/uploads\\\/2025\\\/04\\\/ondas.png\",\"datePublished\":\"2025-04-19T14:27:09+00:00\",\"dateModified\":\"2025-04-19T14:27:11+00:00\",\"author\":{\"@id\":\"https:\\\/\\\/www.altominho.tv\\\/site\\\/#\\\/schema\\\/person\\\/4e536851627d7914baf3dac752b6af22\"},\"description\":\"A Capitania do Porto de Caminha alertou, esta sexta-feira, para o agravamento da agita\u00e7\u00e3o mar\u00edtima entre 19 e 20 de abril.\",\"breadcrumb\":{\"@id\":\"https:\\\/\\\/www.altominho.tv\\\/site\\\/2025\\\/04\\\/19\\\/mau-tempo-leva-a-capitania-do-porto-de-caminha-a-emitir-aviso-de-precaucao\\\/#breadcrumb\"},\"inLanguage\":\"pt-PT\",\"potentialAction\":[{\"@type\":\"ReadAction\",\"target\":[\"https:\\\/\\\/www.altominho.tv\\\/site\\\/2025\\\/04\\\/19\\\/mau-tempo-leva-a-capitania-do-porto-de-caminha-a-emitir-aviso-de-precaucao\\\/\"]}]},{\"@type\":\"ImageObject\",\"inLanguage\":\"pt-PT\",\"@id\":\"https:\\\/\\\/www.altominho.tv\\\/site\\\/2025\\\/04\\\/19\\\/mau-tempo-leva-a-capitania-do-porto-de-caminha-a-emitir-aviso-de-precaucao\\\/#primaryimage\",\"url\":\"https:\\\/\\\/www.altominho.tv\\\/site\\\/wp-content\\\/uploads\\\/2025\\\/04\\\/ondas.png\",\"contentUrl\":\"https:\\\/\\\/www.altominho.tv\\\/site\\\/wp-content\\\/uploads\\\/2025\\\/04\\\/ondas.png\",\"width\":1200,\"height\":630},{\"@type\":\"BreadcrumbList\",\"@id\":\"https:\\\/\\\/www.altominho.tv\\\/site\\\/2025\\\/04\\\/19\\\/mau-tempo-leva-a-capitania-do-porto-de-caminha-a-emitir-aviso-de-precaucao\\\/#breadcrumb\",\"itemListElement\":[{\"@type\":\"ListItem\",\"position\":1,\"name\":\"In\u00edcio\",\"item\":\"https:\\\/\\\/www.altominho.tv\\\/site\\\/\"},{\"@type\":\"ListItem\",\"position\":2,\"name\":\"Mau tempo leva a Capitania do Porto de Caminha a emitir aviso de precau\u00e7\u00e3o\"}]},{\"@type\":\"WebSite\",\"@id\":\"https:\\\/\\\/www.altominho.tv\\\/site\\\/#website\",\"url\":\"https:\\\/\\\/www.altominho.tv\\\/site\\\/\",\"name\":\"Altominho.tv\",\"description\":\"A sua regi\u00e3o \u00e0 dist\u00e2ncia de um clique...\",\"potentialAction\":[{\"@type\":\"SearchAction\",\"target\":{\"@type\":\"EntryPoint\",\"urlTemplate\":\"https:\\\/\\\/www.altominho.tv\\\/site\\\/?s={search_term_string}\"},\"query-input\":{\"@type\":\"PropertyValueSpecification\",\"valueRequired\":true,\"valueName\":\"search_term_string\"}}],\"inLanguage\":\"pt-PT\"},{\"@type\":\"Person\",\"@id\":\"https:\\\/\\\/www.altominho.tv\\\/site\\\/#\\\/schema\\\/person\\\/4e536851627d7914baf3dac752b6af22\",\"name\":\"Altominho.tv\",\"image\":{\"@type\":\"ImageObject\",\"inLanguage\":\"pt-PT\",\"@id\":\"https:\\\/\\\/www.altominho.tv\\\/site\\\/wp-content\\\/uploads\\\/2019\\\/11\\\/Logo_Avatar_2-150x150.jpg\",\"url\":\"https:\\\/\\\/www.altominho.tv\\\/site\\\/wp-content\\\/uploads\\\/2019\\\/11\\\/Logo_Avatar_2-150x150.jpg\",\"contentUrl\":\"https:\\\/\\\/www.altominho.tv\\\/site\\\/wp-content\\\/uploads\\\/2019\\\/11\\\/Logo_Avatar_2-150x150.jpg\",\"caption\":\"Altominho.tv\"},\"url\":\"https:\\\/\\\/www.altominho.tv\\\/site\\\/author\\\/altominhotv-tecnico\\\/\"}]}<\/script>\n<!-- \/ Yoast SEO Premium plugin. -->","yoast_head_json":{"title":"Mau tempo leva a Capitania do Porto de Caminha a emitir aviso de precau\u00e7\u00e3o","description":"A Capitania do Porto de Caminha alertou, esta sexta-feira, para o agravamento da agita\u00e7\u00e3o mar\u00edtima entre 19 e 20 de abril.","robots":{"index":"index","follow":"follow","max-snippet":"max-snippet:-1","max-image-preview":"max-image-preview:large","max-video-preview":"max-video-preview:-1"},"canonical":"https:\/\/www.altominho.tv\/site\/2025\/04\/19\/mau-tempo-leva-a-capitania-do-porto-de-caminha-a-emitir-aviso-de-precaucao\/","og_locale":"pt_PT","og_type":"article","og_title":"Mau tempo leva a Capitania do Porto de Caminha a emitir aviso de precau\u00e7\u00e3o","og_description":"A Capitania do Porto de Caminha alertou, esta sexta-feira, para o agravamento da agita\u00e7\u00e3o mar\u00edtima entre 19 e 20 de abril.","og_url":"https:\/\/www.altominho.tv\/site\/2025\/04\/19\/mau-tempo-leva-a-capitania-do-porto-de-caminha-a-emitir-aviso-de-precaucao\/","og_site_name":"Altominho.tv","article_publisher":"https:\/\/www.facebook.com\/altominhotv","article_published_time":"2025-04-19T14:27:09+00:00","article_modified_time":"2025-04-19T14:27:11+00:00","og_image":[{"width":1200,"height":630,"url":"https:\/\/www.altominho.tv\/site\/wp-content\/uploads\/2025\/04\/ondas.png","type":"image\/png"}],"author":"Altominho.tv","twitter_card":"summary_large_image","twitter_creator":"@altominhoTV","twitter_site":"@altominhoTV","twitter_misc":{"Escrito por":"Altominho.tv","Tempo estimado de leitura":"2 minutos"},"schema":{"@context":"https:\/\/schema.org","@graph":[{"@type":"Article","@id":"https:\/\/www.altominho.tv\/site\/2025\/04\/19\/mau-tempo-leva-a-capitania-do-porto-de-caminha-a-emitir-aviso-de-precaucao\/#article","isPartOf":{"@id":"https:\/\/www.altominho.tv\/site\/2025\/04\/19\/mau-tempo-leva-a-capitania-do-porto-de-caminha-a-emitir-aviso-de-precaucao\/"},"author":{"name":"Altominho.tv","@id":"https:\/\/www.altominho.tv\/site\/#\/schema\/person\/4e536851627d7914baf3dac752b6af22"},"headline":"Mau tempo leva a Capitania do Porto de Caminha a emitir aviso de precau\u00e7\u00e3o","datePublished":"2025-04-19T14:27:09+00:00","dateModified":"2025-04-19T14:27:11+00:00","mainEntityOfPage":{"@id":"https:\/\/www.altominho.tv\/site\/2025\/04\/19\/mau-tempo-leva-a-capitania-do-porto-de-caminha-a-emitir-aviso-de-precaucao\/"},"wordCount":238,"image":{"@id":"https:\/\/www.altominho.tv\/site\/2025\/04\/19\/mau-tempo-leva-a-capitania-do-porto-de-caminha-a-emitir-aviso-de-precaucao\/#primaryimage"},"thumbnailUrl":"https:\/\/www.altominho.tv\/site\/wp-content\/uploads\/2025\/04\/ondas.png","keywords":["Sociedade"],"articleSection":["Caminha"],"inLanguage":"pt-PT","copyrightYear":"2025","copyrightHolder":{"@id":"https:\/\/www.altominho.tv\/site\/#organization"}},{"@type":"WebPage","@id":"https:\/\/www.altominho.tv\/site\/2025\/04\/19\/mau-tempo-leva-a-capitania-do-porto-de-caminha-a-emitir-aviso-de-precaucao\/","url":"https:\/\/www.altominho.tv\/site\/2025\/04\/19\/mau-tempo-leva-a-capitania-do-porto-de-caminha-a-emitir-aviso-de-precaucao\/","name":"Mau tempo leva a Capitania do Porto de Caminha a emitir aviso de precau\u00e7\u00e3o","isPartOf":{"@id":"https:\/\/www.altominho.tv\/site\/#website"},"primaryImageOfPage":{"@id":"https:\/\/www.altominho.tv\/site\/2025\/04\/19\/mau-tempo-leva-a-capitania-do-porto-de-caminha-a-emitir-aviso-de-precaucao\/#primaryimage"},"image":{"@id":"https:\/\/www.altominho.tv\/site\/2025\/04\/19\/mau-tempo-leva-a-capitania-do-porto-de-caminha-a-emitir-aviso-de-precaucao\/#primaryimage"},"thumbnailUrl":"https:\/\/www.altominho.tv\/site\/wp-content\/uploads\/2025\/04\/ondas.png","datePublished":"2025-04-19T14:27:09+00:00","dateModified":"2025-04-19T14:27:11+00:00","author":{"@id":"https:\/\/www.altominho.tv\/site\/#\/schema\/person\/4e536851627d7914baf3dac752b6af22"},"description":"A Capitania do Porto de Caminha alertou, esta sexta-feira, para o agravamento da agita\u00e7\u00e3o mar\u00edtima entre 19 e 20 de abril.","breadcrumb":{"@id":"https:\/\/www.altominho.tv\/site\/2025\/04\/19\/mau-tempo-leva-a-capitania-do-porto-de-caminha-a-emitir-aviso-de-precaucao\/#breadcrumb"},"inLanguage":"pt-PT","potentialAction":[{"@type":"ReadAction","target":["https:\/\/www.altominho.tv\/site\/2025\/04\/19\/mau-tempo-leva-a-capitania-do-porto-de-caminha-a-emitir-aviso-de-precaucao\/"]}]},{"@type":"ImageObject","inLanguage":"pt-PT","@id":"https:\/\/www.altominho.tv\/site\/2025\/04\/19\/mau-tempo-leva-a-capitania-do-porto-de-caminha-a-emitir-aviso-de-precaucao\/#primaryimage","url":"https:\/\/www.altominho.tv\/site\/wp-content\/uploads\/2025\/04\/ondas.png","contentUrl":"https:\/\/www.altominho.tv\/site\/wp-content\/uploads\/2025\/04\/ondas.png","width":1200,"height":630},{"@type":"BreadcrumbList","@id":"https:\/\/www.altominho.tv\/site\/2025\/04\/19\/mau-tempo-leva-a-capitania-do-porto-de-caminha-a-emitir-aviso-de-precaucao\/#breadcrumb","itemListElement":[{"@type":"ListItem","position":1,"name":"In\u00edcio","item":"https:\/\/www.altominho.tv\/site\/"},{"@type":"ListItem","position":2,"name":"Mau tempo leva a Capitania do Porto de Caminha a emitir aviso de precau\u00e7\u00e3o"}]},{"@type":"WebSite","@id":"https:\/\/www.altominho.tv\/site\/#website","url":"https:\/\/www.altominho.tv\/site\/","name":"Altominho.tv","description":"A sua regi\u00e3o \u00e0 dist\u00e2ncia de um clique...","potentialAction":[{"@type":"SearchAction","target":{"@type":"EntryPoint","urlTemplate":"https:\/\/www.altominho.tv\/site\/?s={search_term_string}"},"query-input":{"@type":"PropertyValueSpecification","valueRequired":true,"valueName":"search_term_string"}}],"inLanguage":"pt-PT"},{"@type":"Person","@id":"https:\/\/www.altominho.tv\/site\/#\/schema\/person\/4e536851627d7914baf3dac752b6af22","name":"Altominho.tv","image":{"@type":"ImageObject","inLanguage":"pt-PT","@id":"https:\/\/www.altominho.tv\/site\/wp-content\/uploads\/2019\/11\/Logo_Avatar_2-150x150.jpg","url":"https:\/\/www.altominho.tv\/site\/wp-content\/uploads\/2019\/11\/Logo_Avatar_2-150x150.jpg","contentUrl":"https:\/\/www.altominho.tv\/site\/wp-content\/uploads\/2019\/11\/Logo_Avatar_2-150x150.jpg","caption":"Altominho.tv"},"url":"https:\/\/www.altominho.tv\/site\/author\/altominhotv-tecnico\/"}]}},"_links":{"self":[{"href":"https:\/\/www.altominho.tv\/site\/wp-json\/wp\/v2\/posts\/117278","targetHints":{"allow":["GET"]}}],"collection":[{"href":"https:\/\/www.altominho.tv\/site\/wp-json\/wp\/v2\/posts"}],"about":[{"href":"https:\/\/www.altominho.tv\/site\/wp-json\/wp\/v2\/types\/post"}],"author":[{"embeddable":true,"href":"https:\/\/www.altominho.tv\/site\/wp-json\/wp\/v2\/users\/1"}],"replies":[{"embeddable":true,"href":"https:\/\/www.altominho.tv\/site\/wp-json\/wp\/v2\/comments?post=117278"}],"version-history":[{"count":2,"href":"https:\/\/www.altominho.tv\/site\/wp-json\/wp\/v2\/posts\/117278\/revisions"}],"predecessor-version":[{"id":117281,"href":"https:\/\/www.altominho.tv\/site\/wp-json\/wp\/v2\/posts\/117278\/revisions\/117281"}],"wp:featuredmedia":[{"embeddable":true,"href":"https:\/\/www.altominho.tv\/site\/wp-json\/wp\/v2\/media\/117279"}],"wp:attachment":[{"href":"https:\/\/www.altominho.tv\/site\/wp-json\/wp\/v2\/media?parent=117278"}],"wp:term":[{"taxonomy":"category","embeddable":true,"href":"https:\/\/www.altominho.tv\/site\/wp-json\/wp\/v2\/categories?post=117278"},{"taxonomy":"post_tag","embeddable":true,"href":"https:\/\/www.altominho.tv\/site\/wp-json\/wp\/v2\/tags?post=117278"}],"curies":[{"name":"wp","href":"https:\/\/api.w.org\/{rel}","templated":true}]}}