{"id":117267,"date":"2025-04-17T16:57:27","date_gmt":"2025-04-17T15:57:27","guid":{"rendered":"https:\/\/www.altominho.tv\/site\/?p=117267"},"modified":"2025-04-17T16:57:29","modified_gmt":"2025-04-17T15:57:29","slug":"ponte-da-barca-acolhe-o-i-torneio-aec-de-xadrez","status":"publish","type":"post","link":"https:\/\/www.altominho.tv\/site\/2025\/04\/17\/ponte-da-barca-acolhe-o-i-torneio-aec-de-xadrez\/","title":{"rendered":"Ponte da Barca acolhe o I Torneio AEC de Xadrez"},"content":{"rendered":"\n<p>O Pavilh\u00e3o Municipal de Ponte da Barca vai acolher, no pr\u00f3ximo dia 17 de maio pela manh\u00e3, o I Torneio AEC de Xadrez, uma iniciativa dirigida aos alunos do 1.\u00ba ciclo do Agrupamento de Escolas de Ponte da Barca.<\/p>\n\n\n\n<p>Sob o mote \u201cOs Reis e as Rainhas do 1.\u00ba Ciclo v\u00e3o estar \u00e0 Prova!\u201d, o torneio tem como objetivo desafiar os mais novos a aplicar os conhecimentos adquiridos ao longo do ano letivo nas Atividades de Enriquecimento Curricular (AEC) de Xadrez.<\/p>\n\n\n\n<p>A competi\u00e7\u00e3o arranca \u00e0s 9h00 e est\u00e1 organizada em quatro escal\u00f5es, correspondentes a cada um dos anos do 1.\u00ba ciclo. Cada escal\u00e3o ter\u00e1 16 participantes, selecionados entre os alunos das v\u00e1rias escolas do agrupamento. O torneio decorre em duas fases: \u201cuma fase preliminar, em que cada participante realizar\u00e1 seis jogos, e uma fase final, onde os quatro melhores de cada escal\u00e3o disputar\u00e3o os lugares do p\u00f3dio\u201d, explica a organiza\u00e7\u00e3o. O j\u00fari ser\u00e1 composto pelos professores respons\u00e1veis pelas AEC de Xadrez, garantindo o cumprimento das regras e o bom desenrolar das provas.<\/p>\n\n\n\n<p>A cerim\u00f3nia de entrega de pr\u00e9mios e diplomas est\u00e1 agendada para as 11h50, encerrando, assim, a manh\u00e3.<\/p>\n\n\n\n<p>As inscri\u00e7\u00f5es decorrem at\u00e9 11 de maio e devem ser feitas exclusivamente online atrav\u00e9s do site www.cooperativame.pt\/torneioxadrezpontedabarca .<\/p>\n\n\n\n<p>As vagas s\u00e3o limitadas e sujeitas \u00e0 ordem de registo. Caso o n\u00famero m\u00e1ximo seja atingido, os restantes alunos integrar\u00e3o uma lista de espera.<\/p>\n\n\n\n<p>O torneio \u00e9 promovido pela C\u00e2mara Municipal de Ponte da Barca, organizado em parceria com a Cooperativa de Solidariedade Social M\u00faltipla Escolha e com o apoio do Agrupamento de Escolas de Ponte da Barca.<\/p>\n\n\n\n<figure class=\"wp-block-image size-full\"><img loading=\"lazy\" decoding=\"async\" width=\"614\" height=\"768\" src=\"https:\/\/www.altominho.tv\/site\/wp-content\/uploads\/2025\/04\/Xadrez-cartaz.jpg\" alt=\"\" class=\"wp-image-117268\" srcset=\"https:\/\/www.altominho.tv\/site\/wp-content\/uploads\/2025\/04\/Xadrez-cartaz.jpg 614w, https:\/\/www.altominho.tv\/site\/wp-content\/uploads\/2025\/04\/Xadrez-cartaz-346x433.jpg 346w, https:\/\/www.altominho.tv\/site\/wp-content\/uploads\/2025\/04\/Xadrez-cartaz-370x463.jpg 370w, https:\/\/www.altominho.tv\/site\/wp-content\/uploads\/2025\/04\/Xadrez-cartaz-270x338.jpg 270w, https:\/\/www.altominho.tv\/site\/wp-content\/uploads\/2025\/04\/Xadrez-cartaz-570x713.jpg 570w\" sizes=\"auto, (max-width: 614px) 100vw, 614px\" \/><\/figure>\n","protected":false},"excerpt":{"rendered":"<p>O Pavilh\u00e3o Municipal de Ponte da Barca vai acolher, no pr\u00f3ximo dia 17 de maio pela manh\u00e3, o I Torneio AEC de Xadrez, uma iniciativa dirigida aos alunos do 1.\u00ba ciclo do Agrupamento de Escolas de Ponte da Barca. Sob o mote \u201cOs Reis e as Rainhas do 1.\u00ba Ciclo v\u00e3o estar \u00e0 Prova!\u201d, o [&hellip;]<\/p>\n","protected":false},"author":1,"featured_media":117269,"comment_status":"closed","ping_status":"closed","sticky":false,"template":"","format":"standard","meta":{"_exactmetrics_skip_tracking":false,"_exactmetrics_sitenote_active":false,"_exactmetrics_sitenote_note":"","_exactmetrics_sitenote_category":0,"footnotes":""},"categories":[11],"tags":[22,24],"class_list":["post-117267","post","type-post","status-publish","format-standard","has-post-thumbnail","hentry","category-ponte-da-barca","tag-educacao","tag-lazer"],"yoast_head":"<!-- This site is optimized with the Yoast SEO Premium plugin v27.5 (Yoast SEO v27.5) - https:\/\/yoast.com\/product\/yoast-seo-premium-wordpress\/ -->\n<title>Ponte da Barca acolhe o I Torneio AEC de Xadrez<\/title>\n<meta name=\"description\" content=\"O Pavilh\u00e3o Municipal de Ponte da Barca vai acolher, no pr\u00f3ximo dia 17 de maio, o I Torneio AEC de Xadrez. A iniciativa \u00e9 dirigida aos alunos do 1.\u00ba ciclo do Agrupamento de Escolas de Ponte da Barca.\" \/>\n<meta name=\"robots\" content=\"index, follow, max-snippet:-1, max-image-preview:large, max-video-preview:-1\" \/>\n<link rel=\"canonical\" href=\"https:\/\/www.altominho.tv\/site\/2025\/04\/17\/ponte-da-barca-acolhe-o-i-torneio-aec-de-xadrez\/\" \/>\n<meta property=\"og:locale\" content=\"pt_PT\" \/>\n<meta property=\"og:type\" content=\"article\" \/>\n<meta property=\"og:title\" content=\"Ponte da Barca acolhe o I Torneio AEC de Xadrez\" \/>\n<meta property=\"og:description\" content=\"O Pavilh\u00e3o Municipal de Ponte da Barca vai acolher, no pr\u00f3ximo dia 17 de maio, o I Torneio AEC de Xadrez. A iniciativa \u00e9 dirigida aos alunos do 1.\u00ba ciclo do Agrupamento de Escolas de Ponte da Barca.\" \/>\n<meta property=\"og:url\" content=\"https:\/\/www.altominho.tv\/site\/2025\/04\/17\/ponte-da-barca-acolhe-o-i-torneio-aec-de-xadrez\/\" \/>\n<meta property=\"og:site_name\" content=\"Altominho.tv\" \/>\n<meta property=\"article:publisher\" content=\"https:\/\/www.facebook.com\/altominhotv\" \/>\n<meta property=\"article:published_time\" content=\"2025-04-17T15:57:27+00:00\" \/>\n<meta property=\"article:modified_time\" content=\"2025-04-17T15:57:29+00:00\" \/>\n<meta property=\"og:image\" content=\"https:\/\/www.altominho.tv\/site\/wp-content\/uploads\/2025\/04\/xadrez.png\" \/>\n\t<meta property=\"og:image:width\" content=\"1200\" \/>\n\t<meta property=\"og:image:height\" content=\"630\" \/>\n\t<meta property=\"og:image:type\" content=\"image\/png\" \/>\n<meta name=\"author\" content=\"Altominho.tv\" \/>\n<meta name=\"twitter:card\" content=\"summary_large_image\" \/>\n<meta name=\"twitter:creator\" content=\"@altominhoTV\" \/>\n<meta name=\"twitter:site\" content=\"@altominhoTV\" \/>\n<meta name=\"twitter:label1\" content=\"Escrito por\" \/>\n\t<meta name=\"twitter:data1\" content=\"Altominho.tv\" \/>\n\t<meta name=\"twitter:label2\" content=\"Tempo estimado de leitura\" \/>\n\t<meta name=\"twitter:data2\" content=\"2 minutos\" \/>\n<script type=\"application\/ld+json\" class=\"yoast-schema-graph\">{\"@context\":\"https:\\\/\\\/schema.org\",\"@graph\":[{\"@type\":\"Article\",\"@id\":\"https:\\\/\\\/www.altominho.tv\\\/site\\\/2025\\\/04\\\/17\\\/ponte-da-barca-acolhe-o-i-torneio-aec-de-xadrez\\\/#article\",\"isPartOf\":{\"@id\":\"https:\\\/\\\/www.altominho.tv\\\/site\\\/2025\\\/04\\\/17\\\/ponte-da-barca-acolhe-o-i-torneio-aec-de-xadrez\\\/\"},\"author\":{\"name\":\"Altominho.tv\",\"@id\":\"https:\\\/\\\/www.altominho.tv\\\/site\\\/#\\\/schema\\\/person\\\/4e536851627d7914baf3dac752b6af22\"},\"headline\":\"Ponte da Barca acolhe o I Torneio AEC de Xadrez\",\"datePublished\":\"2025-04-17T15:57:27+00:00\",\"dateModified\":\"2025-04-17T15:57:29+00:00\",\"mainEntityOfPage\":{\"@id\":\"https:\\\/\\\/www.altominho.tv\\\/site\\\/2025\\\/04\\\/17\\\/ponte-da-barca-acolhe-o-i-torneio-aec-de-xadrez\\\/\"},\"wordCount\":291,\"image\":{\"@id\":\"https:\\\/\\\/www.altominho.tv\\\/site\\\/2025\\\/04\\\/17\\\/ponte-da-barca-acolhe-o-i-torneio-aec-de-xadrez\\\/#primaryimage\"},\"thumbnailUrl\":\"https:\\\/\\\/www.altominho.tv\\\/site\\\/wp-content\\\/uploads\\\/2025\\\/04\\\/xadrez.png\",\"keywords\":[\"Educa\u00e7\u00e3o\",\"Lazer\"],\"articleSection\":[\"Ponte da Barca\"],\"inLanguage\":\"pt-PT\",\"copyrightYear\":\"2025\",\"copyrightHolder\":{\"@id\":\"https:\\\/\\\/www.altominho.tv\\\/site\\\/#organization\"}},{\"@type\":\"WebPage\",\"@id\":\"https:\\\/\\\/www.altominho.tv\\\/site\\\/2025\\\/04\\\/17\\\/ponte-da-barca-acolhe-o-i-torneio-aec-de-xadrez\\\/\",\"url\":\"https:\\\/\\\/www.altominho.tv\\\/site\\\/2025\\\/04\\\/17\\\/ponte-da-barca-acolhe-o-i-torneio-aec-de-xadrez\\\/\",\"name\":\"Ponte da Barca acolhe o I Torneio AEC de Xadrez\",\"isPartOf\":{\"@id\":\"https:\\\/\\\/www.altominho.tv\\\/site\\\/#website\"},\"primaryImageOfPage\":{\"@id\":\"https:\\\/\\\/www.altominho.tv\\\/site\\\/2025\\\/04\\\/17\\\/ponte-da-barca-acolhe-o-i-torneio-aec-de-xadrez\\\/#primaryimage\"},\"image\":{\"@id\":\"https:\\\/\\\/www.altominho.tv\\\/site\\\/2025\\\/04\\\/17\\\/ponte-da-barca-acolhe-o-i-torneio-aec-de-xadrez\\\/#primaryimage\"},\"thumbnailUrl\":\"https:\\\/\\\/www.altominho.tv\\\/site\\\/wp-content\\\/uploads\\\/2025\\\/04\\\/xadrez.png\",\"datePublished\":\"2025-04-17T15:57:27+00:00\",\"dateModified\":\"2025-04-17T15:57:29+00:00\",\"author\":{\"@id\":\"https:\\\/\\\/www.altominho.tv\\\/site\\\/#\\\/schema\\\/person\\\/4e536851627d7914baf3dac752b6af22\"},\"description\":\"O Pavilh\u00e3o Municipal de Ponte da Barca vai acolher, no pr\u00f3ximo dia 17 de maio, o I Torneio AEC de Xadrez. A iniciativa \u00e9 dirigida aos alunos do 1.\u00ba ciclo do Agrupamento de Escolas de Ponte da Barca.\",\"breadcrumb\":{\"@id\":\"https:\\\/\\\/www.altominho.tv\\\/site\\\/2025\\\/04\\\/17\\\/ponte-da-barca-acolhe-o-i-torneio-aec-de-xadrez\\\/#breadcrumb\"},\"inLanguage\":\"pt-PT\",\"potentialAction\":[{\"@type\":\"ReadAction\",\"target\":[\"https:\\\/\\\/www.altominho.tv\\\/site\\\/2025\\\/04\\\/17\\\/ponte-da-barca-acolhe-o-i-torneio-aec-de-xadrez\\\/\"]}]},{\"@type\":\"ImageObject\",\"inLanguage\":\"pt-PT\",\"@id\":\"https:\\\/\\\/www.altominho.tv\\\/site\\\/2025\\\/04\\\/17\\\/ponte-da-barca-acolhe-o-i-torneio-aec-de-xadrez\\\/#primaryimage\",\"url\":\"https:\\\/\\\/www.altominho.tv\\\/site\\\/wp-content\\\/uploads\\\/2025\\\/04\\\/xadrez.png\",\"contentUrl\":\"https:\\\/\\\/www.altominho.tv\\\/site\\\/wp-content\\\/uploads\\\/2025\\\/04\\\/xadrez.png\",\"width\":1200,\"height\":630},{\"@type\":\"BreadcrumbList\",\"@id\":\"https:\\\/\\\/www.altominho.tv\\\/site\\\/2025\\\/04\\\/17\\\/ponte-da-barca-acolhe-o-i-torneio-aec-de-xadrez\\\/#breadcrumb\",\"itemListElement\":[{\"@type\":\"ListItem\",\"position\":1,\"name\":\"In\u00edcio\",\"item\":\"https:\\\/\\\/www.altominho.tv\\\/site\\\/\"},{\"@type\":\"ListItem\",\"position\":2,\"name\":\"Ponte da Barca acolhe o I Torneio AEC de Xadrez\"}]},{\"@type\":\"WebSite\",\"@id\":\"https:\\\/\\\/www.altominho.tv\\\/site\\\/#website\",\"url\":\"https:\\\/\\\/www.altominho.tv\\\/site\\\/\",\"name\":\"Altominho.tv\",\"description\":\"A sua regi\u00e3o \u00e0 dist\u00e2ncia de um clique...\",\"potentialAction\":[{\"@type\":\"SearchAction\",\"target\":{\"@type\":\"EntryPoint\",\"urlTemplate\":\"https:\\\/\\\/www.altominho.tv\\\/site\\\/?s={search_term_string}\"},\"query-input\":{\"@type\":\"PropertyValueSpecification\",\"valueRequired\":true,\"valueName\":\"search_term_string\"}}],\"inLanguage\":\"pt-PT\"},{\"@type\":\"Person\",\"@id\":\"https:\\\/\\\/www.altominho.tv\\\/site\\\/#\\\/schema\\\/person\\\/4e536851627d7914baf3dac752b6af22\",\"name\":\"Altominho.tv\",\"image\":{\"@type\":\"ImageObject\",\"inLanguage\":\"pt-PT\",\"@id\":\"https:\\\/\\\/www.altominho.tv\\\/site\\\/wp-content\\\/uploads\\\/2019\\\/11\\\/Logo_Avatar_2-150x150.jpg\",\"url\":\"https:\\\/\\\/www.altominho.tv\\\/site\\\/wp-content\\\/uploads\\\/2019\\\/11\\\/Logo_Avatar_2-150x150.jpg\",\"contentUrl\":\"https:\\\/\\\/www.altominho.tv\\\/site\\\/wp-content\\\/uploads\\\/2019\\\/11\\\/Logo_Avatar_2-150x150.jpg\",\"caption\":\"Altominho.tv\"},\"url\":\"https:\\\/\\\/www.altominho.tv\\\/site\\\/author\\\/altominhotv-tecnico\\\/\"}]}<\/script>\n<!-- \/ Yoast SEO Premium plugin. -->","yoast_head_json":{"title":"Ponte da Barca acolhe o I Torneio AEC de Xadrez","description":"O Pavilh\u00e3o Municipal de Ponte da Barca vai acolher, no pr\u00f3ximo dia 17 de maio, o I Torneio AEC de Xadrez. A iniciativa \u00e9 dirigida aos alunos do 1.\u00ba ciclo do Agrupamento de Escolas de Ponte da Barca.","robots":{"index":"index","follow":"follow","max-snippet":"max-snippet:-1","max-image-preview":"max-image-preview:large","max-video-preview":"max-video-preview:-1"},"canonical":"https:\/\/www.altominho.tv\/site\/2025\/04\/17\/ponte-da-barca-acolhe-o-i-torneio-aec-de-xadrez\/","og_locale":"pt_PT","og_type":"article","og_title":"Ponte da Barca acolhe o I Torneio AEC de Xadrez","og_description":"O Pavilh\u00e3o Municipal de Ponte da Barca vai acolher, no pr\u00f3ximo dia 17 de maio, o I Torneio AEC de Xadrez. A iniciativa \u00e9 dirigida aos alunos do 1.\u00ba ciclo do Agrupamento de Escolas de Ponte da Barca.","og_url":"https:\/\/www.altominho.tv\/site\/2025\/04\/17\/ponte-da-barca-acolhe-o-i-torneio-aec-de-xadrez\/","og_site_name":"Altominho.tv","article_publisher":"https:\/\/www.facebook.com\/altominhotv","article_published_time":"2025-04-17T15:57:27+00:00","article_modified_time":"2025-04-17T15:57:29+00:00","og_image":[{"width":1200,"height":630,"url":"https:\/\/www.altominho.tv\/site\/wp-content\/uploads\/2025\/04\/xadrez.png","type":"image\/png"}],"author":"Altominho.tv","twitter_card":"summary_large_image","twitter_creator":"@altominhoTV","twitter_site":"@altominhoTV","twitter_misc":{"Escrito por":"Altominho.tv","Tempo estimado de leitura":"2 minutos"},"schema":{"@context":"https:\/\/schema.org","@graph":[{"@type":"Article","@id":"https:\/\/www.altominho.tv\/site\/2025\/04\/17\/ponte-da-barca-acolhe-o-i-torneio-aec-de-xadrez\/#article","isPartOf":{"@id":"https:\/\/www.altominho.tv\/site\/2025\/04\/17\/ponte-da-barca-acolhe-o-i-torneio-aec-de-xadrez\/"},"author":{"name":"Altominho.tv","@id":"https:\/\/www.altominho.tv\/site\/#\/schema\/person\/4e536851627d7914baf3dac752b6af22"},"headline":"Ponte da Barca acolhe o I Torneio AEC de Xadrez","datePublished":"2025-04-17T15:57:27+00:00","dateModified":"2025-04-17T15:57:29+00:00","mainEntityOfPage":{"@id":"https:\/\/www.altominho.tv\/site\/2025\/04\/17\/ponte-da-barca-acolhe-o-i-torneio-aec-de-xadrez\/"},"wordCount":291,"image":{"@id":"https:\/\/www.altominho.tv\/site\/2025\/04\/17\/ponte-da-barca-acolhe-o-i-torneio-aec-de-xadrez\/#primaryimage"},"thumbnailUrl":"https:\/\/www.altominho.tv\/site\/wp-content\/uploads\/2025\/04\/xadrez.png","keywords":["Educa\u00e7\u00e3o","Lazer"],"articleSection":["Ponte da Barca"],"inLanguage":"pt-PT","copyrightYear":"2025","copyrightHolder":{"@id":"https:\/\/www.altominho.tv\/site\/#organization"}},{"@type":"WebPage","@id":"https:\/\/www.altominho.tv\/site\/2025\/04\/17\/ponte-da-barca-acolhe-o-i-torneio-aec-de-xadrez\/","url":"https:\/\/www.altominho.tv\/site\/2025\/04\/17\/ponte-da-barca-acolhe-o-i-torneio-aec-de-xadrez\/","name":"Ponte da Barca acolhe o I Torneio AEC de Xadrez","isPartOf":{"@id":"https:\/\/www.altominho.tv\/site\/#website"},"primaryImageOfPage":{"@id":"https:\/\/www.altominho.tv\/site\/2025\/04\/17\/ponte-da-barca-acolhe-o-i-torneio-aec-de-xadrez\/#primaryimage"},"image":{"@id":"https:\/\/www.altominho.tv\/site\/2025\/04\/17\/ponte-da-barca-acolhe-o-i-torneio-aec-de-xadrez\/#primaryimage"},"thumbnailUrl":"https:\/\/www.altominho.tv\/site\/wp-content\/uploads\/2025\/04\/xadrez.png","datePublished":"2025-04-17T15:57:27+00:00","dateModified":"2025-04-17T15:57:29+00:00","author":{"@id":"https:\/\/www.altominho.tv\/site\/#\/schema\/person\/4e536851627d7914baf3dac752b6af22"},"description":"O Pavilh\u00e3o Municipal de Ponte da Barca vai acolher, no pr\u00f3ximo dia 17 de maio, o I Torneio AEC de Xadrez. A iniciativa \u00e9 dirigida aos alunos do 1.\u00ba ciclo do Agrupamento de Escolas de Ponte da Barca.","breadcrumb":{"@id":"https:\/\/www.altominho.tv\/site\/2025\/04\/17\/ponte-da-barca-acolhe-o-i-torneio-aec-de-xadrez\/#breadcrumb"},"inLanguage":"pt-PT","potentialAction":[{"@type":"ReadAction","target":["https:\/\/www.altominho.tv\/site\/2025\/04\/17\/ponte-da-barca-acolhe-o-i-torneio-aec-de-xadrez\/"]}]},{"@type":"ImageObject","inLanguage":"pt-PT","@id":"https:\/\/www.altominho.tv\/site\/2025\/04\/17\/ponte-da-barca-acolhe-o-i-torneio-aec-de-xadrez\/#primaryimage","url":"https:\/\/www.altominho.tv\/site\/wp-content\/uploads\/2025\/04\/xadrez.png","contentUrl":"https:\/\/www.altominho.tv\/site\/wp-content\/uploads\/2025\/04\/xadrez.png","width":1200,"height":630},{"@type":"BreadcrumbList","@id":"https:\/\/www.altominho.tv\/site\/2025\/04\/17\/ponte-da-barca-acolhe-o-i-torneio-aec-de-xadrez\/#breadcrumb","itemListElement":[{"@type":"ListItem","position":1,"name":"In\u00edcio","item":"https:\/\/www.altominho.tv\/site\/"},{"@type":"ListItem","position":2,"name":"Ponte da Barca acolhe o I Torneio AEC de Xadrez"}]},{"@type":"WebSite","@id":"https:\/\/www.altominho.tv\/site\/#website","url":"https:\/\/www.altominho.tv\/site\/","name":"Altominho.tv","description":"A sua regi\u00e3o \u00e0 dist\u00e2ncia de um clique...","potentialAction":[{"@type":"SearchAction","target":{"@type":"EntryPoint","urlTemplate":"https:\/\/www.altominho.tv\/site\/?s={search_term_string}"},"query-input":{"@type":"PropertyValueSpecification","valueRequired":true,"valueName":"search_term_string"}}],"inLanguage":"pt-PT"},{"@type":"Person","@id":"https:\/\/www.altominho.tv\/site\/#\/schema\/person\/4e536851627d7914baf3dac752b6af22","name":"Altominho.tv","image":{"@type":"ImageObject","inLanguage":"pt-PT","@id":"https:\/\/www.altominho.tv\/site\/wp-content\/uploads\/2019\/11\/Logo_Avatar_2-150x150.jpg","url":"https:\/\/www.altominho.tv\/site\/wp-content\/uploads\/2019\/11\/Logo_Avatar_2-150x150.jpg","contentUrl":"https:\/\/www.altominho.tv\/site\/wp-content\/uploads\/2019\/11\/Logo_Avatar_2-150x150.jpg","caption":"Altominho.tv"},"url":"https:\/\/www.altominho.tv\/site\/author\/altominhotv-tecnico\/"}]}},"_links":{"self":[{"href":"https:\/\/www.altominho.tv\/site\/wp-json\/wp\/v2\/posts\/117267","targetHints":{"allow":["GET"]}}],"collection":[{"href":"https:\/\/www.altominho.tv\/site\/wp-json\/wp\/v2\/posts"}],"about":[{"href":"https:\/\/www.altominho.tv\/site\/wp-json\/wp\/v2\/types\/post"}],"author":[{"embeddable":true,"href":"https:\/\/www.altominho.tv\/site\/wp-json\/wp\/v2\/users\/1"}],"replies":[{"embeddable":true,"href":"https:\/\/www.altominho.tv\/site\/wp-json\/wp\/v2\/comments?post=117267"}],"version-history":[{"count":2,"href":"https:\/\/www.altominho.tv\/site\/wp-json\/wp\/v2\/posts\/117267\/revisions"}],"predecessor-version":[{"id":117274,"href":"https:\/\/www.altominho.tv\/site\/wp-json\/wp\/v2\/posts\/117267\/revisions\/117274"}],"wp:featuredmedia":[{"embeddable":true,"href":"https:\/\/www.altominho.tv\/site\/wp-json\/wp\/v2\/media\/117269"}],"wp:attachment":[{"href":"https:\/\/www.altominho.tv\/site\/wp-json\/wp\/v2\/media?parent=117267"}],"wp:term":[{"taxonomy":"category","embeddable":true,"href":"https:\/\/www.altominho.tv\/site\/wp-json\/wp\/v2\/categories?post=117267"},{"taxonomy":"post_tag","embeddable":true,"href":"https:\/\/www.altominho.tv\/site\/wp-json\/wp\/v2\/tags?post=117267"}],"curies":[{"name":"wp","href":"https:\/\/api.w.org\/{rel}","templated":true}]}}