{"id":117204,"date":"2025-04-15T19:34:02","date_gmt":"2025-04-15T18:34:02","guid":{"rendered":"https:\/\/www.altominho.tv\/site\/?p=117204"},"modified":"2025-04-15T19:34:05","modified_gmt":"2025-04-15T18:34:05","slug":"arquivada-queixa-contra-enfermeira-da-ulsam","status":"publish","type":"post","link":"https:\/\/www.altominho.tv\/site\/2025\/04\/15\/arquivada-queixa-contra-enfermeira-da-ulsam\/","title":{"rendered":"Arquivada queixa contra enfermeira nomeada para a administra\u00e7\u00e3o da ULSAM"},"content":{"rendered":"<p>A queixa motivada por alegada vacina\u00e7\u00e3o indevida contra a Covid-19 contra a enfermeira agora nomeada para a administra\u00e7\u00e3o da Unidade Local de Sa\u00fade do Alto Minho (ULSAM) foi alvo de inqu\u00e9rito e arquivamento, revelou hoje a Procuradoria-Geral da Rep\u00fablica.<\/p>\n<p>Em resposta a quest\u00f5es da Lusa sobre uma queixa noticiada em 2021 ap\u00f3s em centros de sa\u00fade dirigidos por Maria Dulce da Silva Pinto, por alegada vacina\u00e7\u00e3o indevida de utentes no Porto, a PGR localizou um inqu\u00e9rito que \u201ccorreu termos no DIAP [Departamento de Investiga\u00e7\u00e3o e A\u00e7\u00e3o Penal] do Porto e conheceu despacho de arquivamento\u201d.<\/p>\n<p>O Conselho de Ministros aprovou na quinta-feira a nomea\u00e7\u00e3o da enfermeira diretora Maria Dulce da Silva Pinto como vogal executiva no conselho administra\u00e7\u00e3o da ULSAM.<\/p>\n<p>Em junho de 2021, a \u2018task force\u2019 do plano da vacina\u00e7\u00e3o contra a Covid-19 participou \u00e0 Pol\u00edcia Judici\u00e1ria e \u00e0 Inspe\u00e7\u00e3o-Geral de Atividades em Sa\u00fade (IGAS) um caso de alegada vacina\u00e7\u00e3o indevida de utentes no Porto.<\/p>\n<p>A Lusa contactou hoje a IGAS para saber o que foi feito na sequ\u00eancia da queixa, mas n\u00e3o obteve resposta at\u00e9 ao momento.<\/p>\n<p>Em 2021, um n\u00famero indeterminado de pessoas sem os requisitos exig\u00edveis ter\u00e1 recebido vacinas na zona do Agrupamento de Centros de Sa\u00fade (ACES) do Porto Oriental, que tinha como diretora executiva Maria Dulce da Silva Pinto.<\/p>\n<p>Segundo noticiou na ocasi\u00e3o o Correio da Manh\u00e3, Maria Dulce Pinto foi \u201cafastada de fun\u00e7\u00f5es no processo de vacina\u00e7\u00e3o contra a Covid-19, ap\u00f3s virem a p\u00fablico casos de jovens de 18 anos, vacinados antecipadamente naquela regi\u00e3o\u201d.<\/p>\n<p>O jornal adiantava n\u00e3o ter sido a primeira vez que a enfermeira tinha sido afastada de fun\u00e7\u00f5es. Em 2012, \u201capresentou um curr\u00edculo com falsas habilita\u00e7\u00f5es, num esc\u00e2ndalo com alegadas informa\u00e7\u00f5es falsas na Administra\u00e7\u00e3o Regional de Sa\u00fade do Norte\u201d.<\/p>\n<p>Questionada sobre a nomea\u00e7\u00e3o da enfermeira, fonte da ULSAM referiu, no in\u00edcio do m\u00eas, que Maria Dulce Pinto desempenhava desde 21 de fevereiro as fun\u00e7\u00f5es de assessora para a \u00e1rea de enfermagem, mas que n\u00e3o integrava o conselho de administra\u00e7\u00e3o.<\/p>\n<p>Com a nomea\u00e7\u00e3o de Maria Dulce Pinto, o Governo preenche o lugar que se encontrava vago desde fevereiro, aquando da tomada de posse da administra\u00e7\u00e3o da ULSAM.<\/p>\n<p>O novo conselho de administra\u00e7\u00e3o foi aprovado em reuni\u00e3o do Conselho de Ministros a 30 de janeiro.<\/p>\n<p>No dia seguinte, ap\u00f3s a Lusa ter noticiado que o enfermeiro diretor designado pelo Governo para o novo conselho de administra\u00e7\u00e3o da ULSAM est\u00e1 a ser alvo de um inqu\u00e9rito interno por ass\u00e9dio sexual em contexto laboral, Lu\u00eds Garcia colocou o lugar \u00e0 disposi\u00e7\u00e3o.<\/p>\n<p>O presidente do conselho de administra\u00e7\u00e3o da ULSAM \u00e9 Jos\u00e9 Manuel de Ara\u00fajo Cardoso e tem como vogais executivos Maria Helena Leite Ramalho como diretora cl\u00ednica para a \u00e1rea dos cuidados de sa\u00fade hospitalares, Ant\u00f3nio Nelson Gomes Rodrigues como diretor cl\u00ednico para a \u00e1rea dos cuidados de sa\u00fade prim\u00e1rios e L\u00facia Silva Marinho.<\/p>\n<p>Dos seis lugares do conselho de administra\u00e7\u00e3o da ULSAM, falta ocupar o que est\u00e1 destinado ao representante dos 10 munic\u00edpios do distrito de Viana do Castelo.<\/p>\n","protected":false},"excerpt":{"rendered":"<p>A queixa motivada por alegada vacina\u00e7\u00e3o indevida contra a Covid-19 contra a enfermeira agora nomeada para a administra\u00e7\u00e3o da Unidade Local de Sa\u00fade do Alto Minho (ULSAM) foi alvo de inqu\u00e9rito e arquivamento, revelou hoje a Procuradoria-Geral da Rep\u00fablica. Em resposta a quest\u00f5es da Lusa sobre uma queixa noticiada em 2021 ap\u00f3s em centros de [&hellip;]<\/p>\n","protected":false},"author":13,"featured_media":117205,"comment_status":"closed","ping_status":"closed","sticky":false,"template":"","format":"standard","meta":{"_exactmetrics_skip_tracking":false,"_exactmetrics_sitenote_active":false,"_exactmetrics_sitenote_note":"","_exactmetrics_sitenote_category":0,"footnotes":""},"categories":[14],"tags":[26,27],"class_list":["post-117204","post","type-post","status-publish","format-standard","has-post-thumbnail","hentry","category-viana-do-castelo","tag-saude","tag-sociedade"],"yoast_head":"<!-- This site is optimized with the Yoast SEO Premium plugin v27.5 (Yoast SEO v27.5) - https:\/\/yoast.com\/product\/yoast-seo-premium-wordpress\/ -->\n<title>Arquivada queixa contra enfermeira nomeada para a administra\u00e7\u00e3o da ULSAM<\/title>\n<meta name=\"description\" content=\"O novo conselho de administra\u00e7\u00e3o foi aprovado em reuni\u00e3o do Conselho de Ministros a 30 de janeiro.\" \/>\n<meta name=\"robots\" content=\"index, follow, max-snippet:-1, max-image-preview:large, max-video-preview:-1\" \/>\n<link rel=\"canonical\" href=\"https:\/\/www.altominho.tv\/site\/2025\/04\/15\/arquivada-queixa-contra-enfermeira-da-ulsam\/\" \/>\n<meta property=\"og:locale\" content=\"pt_PT\" \/>\n<meta property=\"og:type\" content=\"article\" \/>\n<meta property=\"og:title\" content=\"Arquivada queixa contra enfermeira nomeada para a administra\u00e7\u00e3o da ULSAM\" \/>\n<meta property=\"og:description\" content=\"O novo conselho de administra\u00e7\u00e3o foi aprovado em reuni\u00e3o do Conselho de Ministros a 30 de janeiro.\" \/>\n<meta property=\"og:url\" content=\"https:\/\/www.altominho.tv\/site\/2025\/04\/15\/arquivada-queixa-contra-enfermeira-da-ulsam\/\" \/>\n<meta property=\"og:site_name\" content=\"Altominho.tv\" \/>\n<meta property=\"article:publisher\" content=\"https:\/\/www.facebook.com\/altominhotv\" \/>\n<meta property=\"article:published_time\" content=\"2025-04-15T18:34:02+00:00\" \/>\n<meta property=\"article:modified_time\" content=\"2025-04-15T18:34:05+00:00\" \/>\n<meta property=\"og:image\" content=\"https:\/\/www.altominho.tv\/site\/wp-content\/uploads\/2025\/04\/ulsam-1.jpg\" \/>\n\t<meta property=\"og:image:width\" content=\"1200\" \/>\n\t<meta property=\"og:image:height\" content=\"630\" \/>\n\t<meta property=\"og:image:type\" content=\"image\/jpeg\" \/>\n<meta name=\"author\" content=\"Lusa\" \/>\n<meta name=\"twitter:card\" content=\"summary_large_image\" \/>\n<meta name=\"twitter:creator\" content=\"@altominhoTV\" \/>\n<meta name=\"twitter:site\" content=\"@altominhoTV\" \/>\n<meta name=\"twitter:label1\" content=\"Escrito por\" \/>\n\t<meta name=\"twitter:data1\" content=\"Lusa\" \/>\n\t<meta name=\"twitter:label2\" content=\"Tempo estimado de leitura\" \/>\n\t<meta name=\"twitter:data2\" content=\"3 minutos\" \/>\n<script type=\"application\/ld+json\" class=\"yoast-schema-graph\">{\"@context\":\"https:\\\/\\\/schema.org\",\"@graph\":[{\"@type\":\"Article\",\"@id\":\"https:\\\/\\\/www.altominho.tv\\\/site\\\/2025\\\/04\\\/15\\\/arquivada-queixa-contra-enfermeira-da-ulsam\\\/#article\",\"isPartOf\":{\"@id\":\"https:\\\/\\\/www.altominho.tv\\\/site\\\/2025\\\/04\\\/15\\\/arquivada-queixa-contra-enfermeira-da-ulsam\\\/\"},\"author\":{\"name\":\"Lusa\",\"@id\":\"https:\\\/\\\/www.altominho.tv\\\/site\\\/#\\\/schema\\\/person\\\/63f693da3e1899361cbe955c46f3232e\"},\"headline\":\"Arquivada queixa contra enfermeira nomeada para a administra\u00e7\u00e3o da ULSAM\",\"datePublished\":\"2025-04-15T18:34:02+00:00\",\"dateModified\":\"2025-04-15T18:34:05+00:00\",\"mainEntityOfPage\":{\"@id\":\"https:\\\/\\\/www.altominho.tv\\\/site\\\/2025\\\/04\\\/15\\\/arquivada-queixa-contra-enfermeira-da-ulsam\\\/\"},\"wordCount\":560,\"image\":{\"@id\":\"https:\\\/\\\/www.altominho.tv\\\/site\\\/2025\\\/04\\\/15\\\/arquivada-queixa-contra-enfermeira-da-ulsam\\\/#primaryimage\"},\"thumbnailUrl\":\"https:\\\/\\\/www.altominho.tv\\\/site\\\/wp-content\\\/uploads\\\/2025\\\/04\\\/ulsam-1.jpg\",\"keywords\":[\"Sa\u00fade\",\"Sociedade\"],\"articleSection\":[\"Viana do Castelo\"],\"inLanguage\":\"pt-PT\",\"copyrightYear\":\"2025\",\"copyrightHolder\":{\"@id\":\"https:\\\/\\\/www.altominho.tv\\\/site\\\/#organization\"}},{\"@type\":\"WebPage\",\"@id\":\"https:\\\/\\\/www.altominho.tv\\\/site\\\/2025\\\/04\\\/15\\\/arquivada-queixa-contra-enfermeira-da-ulsam\\\/\",\"url\":\"https:\\\/\\\/www.altominho.tv\\\/site\\\/2025\\\/04\\\/15\\\/arquivada-queixa-contra-enfermeira-da-ulsam\\\/\",\"name\":\"Arquivada queixa contra enfermeira nomeada para a administra\u00e7\u00e3o da ULSAM\",\"isPartOf\":{\"@id\":\"https:\\\/\\\/www.altominho.tv\\\/site\\\/#website\"},\"primaryImageOfPage\":{\"@id\":\"https:\\\/\\\/www.altominho.tv\\\/site\\\/2025\\\/04\\\/15\\\/arquivada-queixa-contra-enfermeira-da-ulsam\\\/#primaryimage\"},\"image\":{\"@id\":\"https:\\\/\\\/www.altominho.tv\\\/site\\\/2025\\\/04\\\/15\\\/arquivada-queixa-contra-enfermeira-da-ulsam\\\/#primaryimage\"},\"thumbnailUrl\":\"https:\\\/\\\/www.altominho.tv\\\/site\\\/wp-content\\\/uploads\\\/2025\\\/04\\\/ulsam-1.jpg\",\"datePublished\":\"2025-04-15T18:34:02+00:00\",\"dateModified\":\"2025-04-15T18:34:05+00:00\",\"author\":{\"@id\":\"https:\\\/\\\/www.altominho.tv\\\/site\\\/#\\\/schema\\\/person\\\/63f693da3e1899361cbe955c46f3232e\"},\"description\":\"O novo conselho de administra\u00e7\u00e3o foi aprovado em reuni\u00e3o do Conselho de Ministros a 30 de janeiro.\",\"breadcrumb\":{\"@id\":\"https:\\\/\\\/www.altominho.tv\\\/site\\\/2025\\\/04\\\/15\\\/arquivada-queixa-contra-enfermeira-da-ulsam\\\/#breadcrumb\"},\"inLanguage\":\"pt-PT\",\"potentialAction\":[{\"@type\":\"ReadAction\",\"target\":[\"https:\\\/\\\/www.altominho.tv\\\/site\\\/2025\\\/04\\\/15\\\/arquivada-queixa-contra-enfermeira-da-ulsam\\\/\"]}]},{\"@type\":\"ImageObject\",\"inLanguage\":\"pt-PT\",\"@id\":\"https:\\\/\\\/www.altominho.tv\\\/site\\\/2025\\\/04\\\/15\\\/arquivada-queixa-contra-enfermeira-da-ulsam\\\/#primaryimage\",\"url\":\"https:\\\/\\\/www.altominho.tv\\\/site\\\/wp-content\\\/uploads\\\/2025\\\/04\\\/ulsam-1.jpg\",\"contentUrl\":\"https:\\\/\\\/www.altominho.tv\\\/site\\\/wp-content\\\/uploads\\\/2025\\\/04\\\/ulsam-1.jpg\",\"width\":1200,\"height\":630},{\"@type\":\"BreadcrumbList\",\"@id\":\"https:\\\/\\\/www.altominho.tv\\\/site\\\/2025\\\/04\\\/15\\\/arquivada-queixa-contra-enfermeira-da-ulsam\\\/#breadcrumb\",\"itemListElement\":[{\"@type\":\"ListItem\",\"position\":1,\"name\":\"In\u00edcio\",\"item\":\"https:\\\/\\\/www.altominho.tv\\\/site\\\/\"},{\"@type\":\"ListItem\",\"position\":2,\"name\":\"Arquivada queixa contra enfermeira nomeada para a administra\u00e7\u00e3o da ULSAM\"}]},{\"@type\":\"WebSite\",\"@id\":\"https:\\\/\\\/www.altominho.tv\\\/site\\\/#website\",\"url\":\"https:\\\/\\\/www.altominho.tv\\\/site\\\/\",\"name\":\"Altominho.tv\",\"description\":\"A sua regi\u00e3o \u00e0 dist\u00e2ncia de um clique...\",\"potentialAction\":[{\"@type\":\"SearchAction\",\"target\":{\"@type\":\"EntryPoint\",\"urlTemplate\":\"https:\\\/\\\/www.altominho.tv\\\/site\\\/?s={search_term_string}\"},\"query-input\":{\"@type\":\"PropertyValueSpecification\",\"valueRequired\":true,\"valueName\":\"search_term_string\"}}],\"inLanguage\":\"pt-PT\"},{\"@type\":\"Person\",\"@id\":\"https:\\\/\\\/www.altominho.tv\\\/site\\\/#\\\/schema\\\/person\\\/63f693da3e1899361cbe955c46f3232e\",\"name\":\"Lusa\",\"image\":{\"@type\":\"ImageObject\",\"inLanguage\":\"pt-PT\",\"@id\":\"https:\\\/\\\/www.altominho.tv\\\/site\\\/wp-content\\\/uploads\\\/2019\\\/08\\\/LUSA_Logo.gif\",\"url\":\"https:\\\/\\\/www.altominho.tv\\\/site\\\/wp-content\\\/uploads\\\/2019\\\/08\\\/LUSA_Logo.gif\",\"contentUrl\":\"https:\\\/\\\/www.altominho.tv\\\/site\\\/wp-content\\\/uploads\\\/2019\\\/08\\\/LUSA_Logo.gif\",\"caption\":\"Lusa\"},\"sameAs\":[\"http:\\\/\\\/\\\/\\\/www.altominho.tv\\\/site\"],\"url\":\"https:\\\/\\\/www.altominho.tv\\\/site\\\/author\\\/lusa\\\/\"}]}<\/script>\n<!-- \/ Yoast SEO Premium plugin. -->","yoast_head_json":{"title":"Arquivada queixa contra enfermeira nomeada para a administra\u00e7\u00e3o da ULSAM","description":"O novo conselho de administra\u00e7\u00e3o foi aprovado em reuni\u00e3o do Conselho de Ministros a 30 de janeiro.","robots":{"index":"index","follow":"follow","max-snippet":"max-snippet:-1","max-image-preview":"max-image-preview:large","max-video-preview":"max-video-preview:-1"},"canonical":"https:\/\/www.altominho.tv\/site\/2025\/04\/15\/arquivada-queixa-contra-enfermeira-da-ulsam\/","og_locale":"pt_PT","og_type":"article","og_title":"Arquivada queixa contra enfermeira nomeada para a administra\u00e7\u00e3o da ULSAM","og_description":"O novo conselho de administra\u00e7\u00e3o foi aprovado em reuni\u00e3o do Conselho de Ministros a 30 de janeiro.","og_url":"https:\/\/www.altominho.tv\/site\/2025\/04\/15\/arquivada-queixa-contra-enfermeira-da-ulsam\/","og_site_name":"Altominho.tv","article_publisher":"https:\/\/www.facebook.com\/altominhotv","article_published_time":"2025-04-15T18:34:02+00:00","article_modified_time":"2025-04-15T18:34:05+00:00","og_image":[{"width":1200,"height":630,"url":"https:\/\/www.altominho.tv\/site\/wp-content\/uploads\/2025\/04\/ulsam-1.jpg","type":"image\/jpeg"}],"author":"Lusa","twitter_card":"summary_large_image","twitter_creator":"@altominhoTV","twitter_site":"@altominhoTV","twitter_misc":{"Escrito por":"Lusa","Tempo estimado de leitura":"3 minutos"},"schema":{"@context":"https:\/\/schema.org","@graph":[{"@type":"Article","@id":"https:\/\/www.altominho.tv\/site\/2025\/04\/15\/arquivada-queixa-contra-enfermeira-da-ulsam\/#article","isPartOf":{"@id":"https:\/\/www.altominho.tv\/site\/2025\/04\/15\/arquivada-queixa-contra-enfermeira-da-ulsam\/"},"author":{"name":"Lusa","@id":"https:\/\/www.altominho.tv\/site\/#\/schema\/person\/63f693da3e1899361cbe955c46f3232e"},"headline":"Arquivada queixa contra enfermeira nomeada para a administra\u00e7\u00e3o da ULSAM","datePublished":"2025-04-15T18:34:02+00:00","dateModified":"2025-04-15T18:34:05+00:00","mainEntityOfPage":{"@id":"https:\/\/www.altominho.tv\/site\/2025\/04\/15\/arquivada-queixa-contra-enfermeira-da-ulsam\/"},"wordCount":560,"image":{"@id":"https:\/\/www.altominho.tv\/site\/2025\/04\/15\/arquivada-queixa-contra-enfermeira-da-ulsam\/#primaryimage"},"thumbnailUrl":"https:\/\/www.altominho.tv\/site\/wp-content\/uploads\/2025\/04\/ulsam-1.jpg","keywords":["Sa\u00fade","Sociedade"],"articleSection":["Viana do Castelo"],"inLanguage":"pt-PT","copyrightYear":"2025","copyrightHolder":{"@id":"https:\/\/www.altominho.tv\/site\/#organization"}},{"@type":"WebPage","@id":"https:\/\/www.altominho.tv\/site\/2025\/04\/15\/arquivada-queixa-contra-enfermeira-da-ulsam\/","url":"https:\/\/www.altominho.tv\/site\/2025\/04\/15\/arquivada-queixa-contra-enfermeira-da-ulsam\/","name":"Arquivada queixa contra enfermeira nomeada para a administra\u00e7\u00e3o da ULSAM","isPartOf":{"@id":"https:\/\/www.altominho.tv\/site\/#website"},"primaryImageOfPage":{"@id":"https:\/\/www.altominho.tv\/site\/2025\/04\/15\/arquivada-queixa-contra-enfermeira-da-ulsam\/#primaryimage"},"image":{"@id":"https:\/\/www.altominho.tv\/site\/2025\/04\/15\/arquivada-queixa-contra-enfermeira-da-ulsam\/#primaryimage"},"thumbnailUrl":"https:\/\/www.altominho.tv\/site\/wp-content\/uploads\/2025\/04\/ulsam-1.jpg","datePublished":"2025-04-15T18:34:02+00:00","dateModified":"2025-04-15T18:34:05+00:00","author":{"@id":"https:\/\/www.altominho.tv\/site\/#\/schema\/person\/63f693da3e1899361cbe955c46f3232e"},"description":"O novo conselho de administra\u00e7\u00e3o foi aprovado em reuni\u00e3o do Conselho de Ministros a 30 de janeiro.","breadcrumb":{"@id":"https:\/\/www.altominho.tv\/site\/2025\/04\/15\/arquivada-queixa-contra-enfermeira-da-ulsam\/#breadcrumb"},"inLanguage":"pt-PT","potentialAction":[{"@type":"ReadAction","target":["https:\/\/www.altominho.tv\/site\/2025\/04\/15\/arquivada-queixa-contra-enfermeira-da-ulsam\/"]}]},{"@type":"ImageObject","inLanguage":"pt-PT","@id":"https:\/\/www.altominho.tv\/site\/2025\/04\/15\/arquivada-queixa-contra-enfermeira-da-ulsam\/#primaryimage","url":"https:\/\/www.altominho.tv\/site\/wp-content\/uploads\/2025\/04\/ulsam-1.jpg","contentUrl":"https:\/\/www.altominho.tv\/site\/wp-content\/uploads\/2025\/04\/ulsam-1.jpg","width":1200,"height":630},{"@type":"BreadcrumbList","@id":"https:\/\/www.altominho.tv\/site\/2025\/04\/15\/arquivada-queixa-contra-enfermeira-da-ulsam\/#breadcrumb","itemListElement":[{"@type":"ListItem","position":1,"name":"In\u00edcio","item":"https:\/\/www.altominho.tv\/site\/"},{"@type":"ListItem","position":2,"name":"Arquivada queixa contra enfermeira nomeada para a administra\u00e7\u00e3o da ULSAM"}]},{"@type":"WebSite","@id":"https:\/\/www.altominho.tv\/site\/#website","url":"https:\/\/www.altominho.tv\/site\/","name":"Altominho.tv","description":"A sua regi\u00e3o \u00e0 dist\u00e2ncia de um clique...","potentialAction":[{"@type":"SearchAction","target":{"@type":"EntryPoint","urlTemplate":"https:\/\/www.altominho.tv\/site\/?s={search_term_string}"},"query-input":{"@type":"PropertyValueSpecification","valueRequired":true,"valueName":"search_term_string"}}],"inLanguage":"pt-PT"},{"@type":"Person","@id":"https:\/\/www.altominho.tv\/site\/#\/schema\/person\/63f693da3e1899361cbe955c46f3232e","name":"Lusa","image":{"@type":"ImageObject","inLanguage":"pt-PT","@id":"https:\/\/www.altominho.tv\/site\/wp-content\/uploads\/2019\/08\/LUSA_Logo.gif","url":"https:\/\/www.altominho.tv\/site\/wp-content\/uploads\/2019\/08\/LUSA_Logo.gif","contentUrl":"https:\/\/www.altominho.tv\/site\/wp-content\/uploads\/2019\/08\/LUSA_Logo.gif","caption":"Lusa"},"sameAs":["http:\/\/\/\/www.altominho.tv\/site"],"url":"https:\/\/www.altominho.tv\/site\/author\/lusa\/"}]}},"_links":{"self":[{"href":"https:\/\/www.altominho.tv\/site\/wp-json\/wp\/v2\/posts\/117204","targetHints":{"allow":["GET"]}}],"collection":[{"href":"https:\/\/www.altominho.tv\/site\/wp-json\/wp\/v2\/posts"}],"about":[{"href":"https:\/\/www.altominho.tv\/site\/wp-json\/wp\/v2\/types\/post"}],"author":[{"embeddable":true,"href":"https:\/\/www.altominho.tv\/site\/wp-json\/wp\/v2\/users\/13"}],"replies":[{"embeddable":true,"href":"https:\/\/www.altominho.tv\/site\/wp-json\/wp\/v2\/comments?post=117204"}],"version-history":[{"count":1,"href":"https:\/\/www.altominho.tv\/site\/wp-json\/wp\/v2\/posts\/117204\/revisions"}],"predecessor-version":[{"id":117206,"href":"https:\/\/www.altominho.tv\/site\/wp-json\/wp\/v2\/posts\/117204\/revisions\/117206"}],"wp:featuredmedia":[{"embeddable":true,"href":"https:\/\/www.altominho.tv\/site\/wp-json\/wp\/v2\/media\/117205"}],"wp:attachment":[{"href":"https:\/\/www.altominho.tv\/site\/wp-json\/wp\/v2\/media?parent=117204"}],"wp:term":[{"taxonomy":"category","embeddable":true,"href":"https:\/\/www.altominho.tv\/site\/wp-json\/wp\/v2\/categories?post=117204"},{"taxonomy":"post_tag","embeddable":true,"href":"https:\/\/www.altominho.tv\/site\/wp-json\/wp\/v2\/tags?post=117204"}],"curies":[{"name":"wp","href":"https:\/\/api.w.org\/{rel}","templated":true}]}}