{"id":117201,"date":"2025-04-15T17:51:34","date_gmt":"2025-04-15T16:51:34","guid":{"rendered":"https:\/\/www.altominho.tv\/site\/?p=117201"},"modified":"2025-04-15T17:51:36","modified_gmt":"2025-04-15T16:51:36","slug":"associacao-cultural-recreativa-e-desportiva-de-miranda-recria-lavrada-do-maio","status":"publish","type":"post","link":"https:\/\/www.altominho.tv\/site\/2025\/04\/15\/associacao-cultural-recreativa-e-desportiva-de-miranda-recria-lavrada-do-maio\/","title":{"rendered":"Associa\u00e7\u00e3o Cultural Recreativa e Desportiva de Miranda recria \u201cLavrada do maio\u201d"},"content":{"rendered":"<p class=\"p1\">Associa\u00e7\u00e3o Cultural Recreativa e Desportiva de Miranda, em Arcos de Valdevez, tem vindo a desenvolver o projeto &#8220;Reviver Tradi\u00e7\u00f5es&#8221; com o objetivo de preservar usos e costumes de antigamente.<\/p>\n<p class=\"p1\">Assim, no pr\u00f3ximo dia 4 de maio, a associa\u00e7\u00e3o vai recriar a lavrada e semeada do milho utilizando as t\u00e9cnicas ancestrais de cultivo, com uso de alfaias de lavoura e utens\u00edlios agr\u00edcolas mais rudimentares, para lavrar a terra.<\/p>\n<p class=\"p1\">No final n\u00e3o poder\u00e1 faltar tamb\u00e9m a merenda da lavrada, acompanhada da t\u00edpica malga de vinho. A anima\u00e7\u00e3o estar\u00e1 a cargo da Rusga da Miranda.<\/p>\n<p class=\"p1\">O ponto de encontro \u00e9 no Largo das Alminhas de Santo Ant\u00f3nio, \u00e0s 14h30.<\/p>\n","protected":false},"excerpt":{"rendered":"<p>Associa\u00e7\u00e3o Cultural Recreativa e Desportiva de Miranda, em Arcos de Valdevez, tem vindo a desenvolver o projeto &#8220;Reviver Tradi\u00e7\u00f5es&#8221; com o objetivo de preservar usos e costumes de antigamente. Assim, no pr\u00f3ximo dia 4 de maio, a associa\u00e7\u00e3o vai recriar a lavrada e semeada do milho utilizando as t\u00e9cnicas ancestrais de cultivo, com uso de [&hellip;]<\/p>\n","protected":false},"author":1,"featured_media":117202,"comment_status":"closed","ping_status":"closed","sticky":false,"template":"","format":"standard","meta":{"_exactmetrics_skip_tracking":false,"_exactmetrics_sitenote_active":false,"_exactmetrics_sitenote_note":"","_exactmetrics_sitenote_category":0,"footnotes":""},"categories":[2],"tags":[19],"class_list":["post-117201","post","type-post","status-publish","format-standard","has-post-thumbnail","hentry","category-arcos-de-valdevez","tag-cultura"],"yoast_head":"<!-- This site is optimized with the Yoast SEO Premium plugin v27.5 (Yoast SEO v27.5) - https:\/\/yoast.com\/product\/yoast-seo-premium-wordpress\/ -->\n<title>Associa\u00e7\u00e3o Cultural Recreativa e Desportiva de Miranda recria \u201cLavrada do maio\u201d<\/title>\n<meta name=\"description\" content=\"Associa\u00e7\u00e3o Cultural Recreativa e Desportiva de Miranda, em Arcos de Valdevez, tem vindo a desenvolver o projeto &quot;Reviver Tradi\u00e7\u00f5es&quot; com o objetivo de preservar usos e costumes de antigamente.\" \/>\n<meta name=\"robots\" content=\"index, follow, max-snippet:-1, max-image-preview:large, max-video-preview:-1\" \/>\n<link rel=\"canonical\" href=\"https:\/\/www.altominho.tv\/site\/2025\/04\/15\/associacao-cultural-recreativa-e-desportiva-de-miranda-recria-lavrada-do-maio\/\" \/>\n<meta property=\"og:locale\" content=\"pt_PT\" \/>\n<meta property=\"og:type\" content=\"article\" \/>\n<meta property=\"og:title\" content=\"Associa\u00e7\u00e3o Cultural Recreativa e Desportiva de Miranda recria \u201cLavrada do maio\u201d\" \/>\n<meta property=\"og:description\" content=\"Associa\u00e7\u00e3o Cultural Recreativa e Desportiva de Miranda, em Arcos de Valdevez, tem vindo a desenvolver o projeto &quot;Reviver Tradi\u00e7\u00f5es&quot; com o objetivo de preservar usos e costumes de antigamente.\" \/>\n<meta property=\"og:url\" content=\"https:\/\/www.altominho.tv\/site\/2025\/04\/15\/associacao-cultural-recreativa-e-desportiva-de-miranda-recria-lavrada-do-maio\/\" \/>\n<meta property=\"og:site_name\" content=\"Altominho.tv\" \/>\n<meta property=\"article:publisher\" content=\"https:\/\/www.facebook.com\/altominhotv\" \/>\n<meta property=\"article:published_time\" content=\"2025-04-15T16:51:34+00:00\" \/>\n<meta property=\"article:modified_time\" content=\"2025-04-15T16:51:36+00:00\" \/>\n<meta property=\"og:image\" content=\"https:\/\/www.altominho.tv\/site\/wp-content\/uploads\/2025\/04\/lavrada.jpg\" \/>\n\t<meta property=\"og:image:width\" content=\"1200\" \/>\n\t<meta property=\"og:image:height\" content=\"630\" \/>\n\t<meta property=\"og:image:type\" content=\"image\/jpeg\" \/>\n<meta name=\"author\" content=\"Altominho.tv\" \/>\n<meta name=\"twitter:card\" content=\"summary_large_image\" \/>\n<meta name=\"twitter:creator\" content=\"@altominhoTV\" \/>\n<meta name=\"twitter:site\" content=\"@altominhoTV\" \/>\n<meta name=\"twitter:label1\" content=\"Escrito por\" \/>\n\t<meta name=\"twitter:data1\" content=\"Altominho.tv\" \/>\n\t<meta name=\"twitter:label2\" content=\"Tempo estimado de leitura\" \/>\n\t<meta name=\"twitter:data2\" content=\"1 minuto\" \/>\n<script type=\"application\/ld+json\" class=\"yoast-schema-graph\">{\"@context\":\"https:\\\/\\\/schema.org\",\"@graph\":[{\"@type\":\"Article\",\"@id\":\"https:\\\/\\\/www.altominho.tv\\\/site\\\/2025\\\/04\\\/15\\\/associacao-cultural-recreativa-e-desportiva-de-miranda-recria-lavrada-do-maio\\\/#article\",\"isPartOf\":{\"@id\":\"https:\\\/\\\/www.altominho.tv\\\/site\\\/2025\\\/04\\\/15\\\/associacao-cultural-recreativa-e-desportiva-de-miranda-recria-lavrada-do-maio\\\/\"},\"author\":{\"name\":\"Altominho.tv\",\"@id\":\"https:\\\/\\\/www.altominho.tv\\\/site\\\/#\\\/schema\\\/person\\\/4e536851627d7914baf3dac752b6af22\"},\"headline\":\"Associa\u00e7\u00e3o Cultural Recreativa e Desportiva de Miranda recria \u201cLavrada do maio\u201d\",\"datePublished\":\"2025-04-15T16:51:34+00:00\",\"dateModified\":\"2025-04-15T16:51:36+00:00\",\"mainEntityOfPage\":{\"@id\":\"https:\\\/\\\/www.altominho.tv\\\/site\\\/2025\\\/04\\\/15\\\/associacao-cultural-recreativa-e-desportiva-de-miranda-recria-lavrada-do-maio\\\/\"},\"wordCount\":128,\"image\":{\"@id\":\"https:\\\/\\\/www.altominho.tv\\\/site\\\/2025\\\/04\\\/15\\\/associacao-cultural-recreativa-e-desportiva-de-miranda-recria-lavrada-do-maio\\\/#primaryimage\"},\"thumbnailUrl\":\"https:\\\/\\\/www.altominho.tv\\\/site\\\/wp-content\\\/uploads\\\/2025\\\/04\\\/lavrada.jpg\",\"keywords\":[\"Cultura\"],\"articleSection\":[\"Arcos de Valdevez\"],\"inLanguage\":\"pt-PT\",\"copyrightYear\":\"2025\",\"copyrightHolder\":{\"@id\":\"https:\\\/\\\/www.altominho.tv\\\/site\\\/#organization\"}},{\"@type\":\"WebPage\",\"@id\":\"https:\\\/\\\/www.altominho.tv\\\/site\\\/2025\\\/04\\\/15\\\/associacao-cultural-recreativa-e-desportiva-de-miranda-recria-lavrada-do-maio\\\/\",\"url\":\"https:\\\/\\\/www.altominho.tv\\\/site\\\/2025\\\/04\\\/15\\\/associacao-cultural-recreativa-e-desportiva-de-miranda-recria-lavrada-do-maio\\\/\",\"name\":\"Associa\u00e7\u00e3o Cultural Recreativa e Desportiva de Miranda recria \u201cLavrada do maio\u201d\",\"isPartOf\":{\"@id\":\"https:\\\/\\\/www.altominho.tv\\\/site\\\/#website\"},\"primaryImageOfPage\":{\"@id\":\"https:\\\/\\\/www.altominho.tv\\\/site\\\/2025\\\/04\\\/15\\\/associacao-cultural-recreativa-e-desportiva-de-miranda-recria-lavrada-do-maio\\\/#primaryimage\"},\"image\":{\"@id\":\"https:\\\/\\\/www.altominho.tv\\\/site\\\/2025\\\/04\\\/15\\\/associacao-cultural-recreativa-e-desportiva-de-miranda-recria-lavrada-do-maio\\\/#primaryimage\"},\"thumbnailUrl\":\"https:\\\/\\\/www.altominho.tv\\\/site\\\/wp-content\\\/uploads\\\/2025\\\/04\\\/lavrada.jpg\",\"datePublished\":\"2025-04-15T16:51:34+00:00\",\"dateModified\":\"2025-04-15T16:51:36+00:00\",\"author\":{\"@id\":\"https:\\\/\\\/www.altominho.tv\\\/site\\\/#\\\/schema\\\/person\\\/4e536851627d7914baf3dac752b6af22\"},\"description\":\"Associa\u00e7\u00e3o Cultural Recreativa e Desportiva de Miranda, em Arcos de Valdevez, tem vindo a desenvolver o projeto \\\"Reviver Tradi\u00e7\u00f5es\\\" com o objetivo de preservar usos e costumes de antigamente.\",\"breadcrumb\":{\"@id\":\"https:\\\/\\\/www.altominho.tv\\\/site\\\/2025\\\/04\\\/15\\\/associacao-cultural-recreativa-e-desportiva-de-miranda-recria-lavrada-do-maio\\\/#breadcrumb\"},\"inLanguage\":\"pt-PT\",\"potentialAction\":[{\"@type\":\"ReadAction\",\"target\":[\"https:\\\/\\\/www.altominho.tv\\\/site\\\/2025\\\/04\\\/15\\\/associacao-cultural-recreativa-e-desportiva-de-miranda-recria-lavrada-do-maio\\\/\"]}]},{\"@type\":\"ImageObject\",\"inLanguage\":\"pt-PT\",\"@id\":\"https:\\\/\\\/www.altominho.tv\\\/site\\\/2025\\\/04\\\/15\\\/associacao-cultural-recreativa-e-desportiva-de-miranda-recria-lavrada-do-maio\\\/#primaryimage\",\"url\":\"https:\\\/\\\/www.altominho.tv\\\/site\\\/wp-content\\\/uploads\\\/2025\\\/04\\\/lavrada.jpg\",\"contentUrl\":\"https:\\\/\\\/www.altominho.tv\\\/site\\\/wp-content\\\/uploads\\\/2025\\\/04\\\/lavrada.jpg\",\"width\":1200,\"height\":630},{\"@type\":\"BreadcrumbList\",\"@id\":\"https:\\\/\\\/www.altominho.tv\\\/site\\\/2025\\\/04\\\/15\\\/associacao-cultural-recreativa-e-desportiva-de-miranda-recria-lavrada-do-maio\\\/#breadcrumb\",\"itemListElement\":[{\"@type\":\"ListItem\",\"position\":1,\"name\":\"In\u00edcio\",\"item\":\"https:\\\/\\\/www.altominho.tv\\\/site\\\/\"},{\"@type\":\"ListItem\",\"position\":2,\"name\":\"Associa\u00e7\u00e3o Cultural Recreativa e Desportiva de Miranda recria \u201cLavrada do maio\u201d\"}]},{\"@type\":\"WebSite\",\"@id\":\"https:\\\/\\\/www.altominho.tv\\\/site\\\/#website\",\"url\":\"https:\\\/\\\/www.altominho.tv\\\/site\\\/\",\"name\":\"Altominho.tv\",\"description\":\"A sua regi\u00e3o \u00e0 dist\u00e2ncia de um clique...\",\"potentialAction\":[{\"@type\":\"SearchAction\",\"target\":{\"@type\":\"EntryPoint\",\"urlTemplate\":\"https:\\\/\\\/www.altominho.tv\\\/site\\\/?s={search_term_string}\"},\"query-input\":{\"@type\":\"PropertyValueSpecification\",\"valueRequired\":true,\"valueName\":\"search_term_string\"}}],\"inLanguage\":\"pt-PT\"},{\"@type\":\"Person\",\"@id\":\"https:\\\/\\\/www.altominho.tv\\\/site\\\/#\\\/schema\\\/person\\\/4e536851627d7914baf3dac752b6af22\",\"name\":\"Altominho.tv\",\"image\":{\"@type\":\"ImageObject\",\"inLanguage\":\"pt-PT\",\"@id\":\"https:\\\/\\\/www.altominho.tv\\\/site\\\/wp-content\\\/uploads\\\/2019\\\/11\\\/Logo_Avatar_2-150x150.jpg\",\"url\":\"https:\\\/\\\/www.altominho.tv\\\/site\\\/wp-content\\\/uploads\\\/2019\\\/11\\\/Logo_Avatar_2-150x150.jpg\",\"contentUrl\":\"https:\\\/\\\/www.altominho.tv\\\/site\\\/wp-content\\\/uploads\\\/2019\\\/11\\\/Logo_Avatar_2-150x150.jpg\",\"caption\":\"Altominho.tv\"},\"url\":\"https:\\\/\\\/www.altominho.tv\\\/site\\\/author\\\/altominhotv-tecnico\\\/\"}]}<\/script>\n<!-- \/ Yoast SEO Premium plugin. -->","yoast_head_json":{"title":"Associa\u00e7\u00e3o Cultural Recreativa e Desportiva de Miranda recria \u201cLavrada do maio\u201d","description":"Associa\u00e7\u00e3o Cultural Recreativa e Desportiva de Miranda, em Arcos de Valdevez, tem vindo a desenvolver o projeto \"Reviver Tradi\u00e7\u00f5es\" com o objetivo de preservar usos e costumes de antigamente.","robots":{"index":"index","follow":"follow","max-snippet":"max-snippet:-1","max-image-preview":"max-image-preview:large","max-video-preview":"max-video-preview:-1"},"canonical":"https:\/\/www.altominho.tv\/site\/2025\/04\/15\/associacao-cultural-recreativa-e-desportiva-de-miranda-recria-lavrada-do-maio\/","og_locale":"pt_PT","og_type":"article","og_title":"Associa\u00e7\u00e3o Cultural Recreativa e Desportiva de Miranda recria \u201cLavrada do maio\u201d","og_description":"Associa\u00e7\u00e3o Cultural Recreativa e Desportiva de Miranda, em Arcos de Valdevez, tem vindo a desenvolver o projeto \"Reviver Tradi\u00e7\u00f5es\" com o objetivo de preservar usos e costumes de antigamente.","og_url":"https:\/\/www.altominho.tv\/site\/2025\/04\/15\/associacao-cultural-recreativa-e-desportiva-de-miranda-recria-lavrada-do-maio\/","og_site_name":"Altominho.tv","article_publisher":"https:\/\/www.facebook.com\/altominhotv","article_published_time":"2025-04-15T16:51:34+00:00","article_modified_time":"2025-04-15T16:51:36+00:00","og_image":[{"width":1200,"height":630,"url":"https:\/\/www.altominho.tv\/site\/wp-content\/uploads\/2025\/04\/lavrada.jpg","type":"image\/jpeg"}],"author":"Altominho.tv","twitter_card":"summary_large_image","twitter_creator":"@altominhoTV","twitter_site":"@altominhoTV","twitter_misc":{"Escrito por":"Altominho.tv","Tempo estimado de leitura":"1 minuto"},"schema":{"@context":"https:\/\/schema.org","@graph":[{"@type":"Article","@id":"https:\/\/www.altominho.tv\/site\/2025\/04\/15\/associacao-cultural-recreativa-e-desportiva-de-miranda-recria-lavrada-do-maio\/#article","isPartOf":{"@id":"https:\/\/www.altominho.tv\/site\/2025\/04\/15\/associacao-cultural-recreativa-e-desportiva-de-miranda-recria-lavrada-do-maio\/"},"author":{"name":"Altominho.tv","@id":"https:\/\/www.altominho.tv\/site\/#\/schema\/person\/4e536851627d7914baf3dac752b6af22"},"headline":"Associa\u00e7\u00e3o Cultural Recreativa e Desportiva de Miranda recria \u201cLavrada do maio\u201d","datePublished":"2025-04-15T16:51:34+00:00","dateModified":"2025-04-15T16:51:36+00:00","mainEntityOfPage":{"@id":"https:\/\/www.altominho.tv\/site\/2025\/04\/15\/associacao-cultural-recreativa-e-desportiva-de-miranda-recria-lavrada-do-maio\/"},"wordCount":128,"image":{"@id":"https:\/\/www.altominho.tv\/site\/2025\/04\/15\/associacao-cultural-recreativa-e-desportiva-de-miranda-recria-lavrada-do-maio\/#primaryimage"},"thumbnailUrl":"https:\/\/www.altominho.tv\/site\/wp-content\/uploads\/2025\/04\/lavrada.jpg","keywords":["Cultura"],"articleSection":["Arcos de Valdevez"],"inLanguage":"pt-PT","copyrightYear":"2025","copyrightHolder":{"@id":"https:\/\/www.altominho.tv\/site\/#organization"}},{"@type":"WebPage","@id":"https:\/\/www.altominho.tv\/site\/2025\/04\/15\/associacao-cultural-recreativa-e-desportiva-de-miranda-recria-lavrada-do-maio\/","url":"https:\/\/www.altominho.tv\/site\/2025\/04\/15\/associacao-cultural-recreativa-e-desportiva-de-miranda-recria-lavrada-do-maio\/","name":"Associa\u00e7\u00e3o Cultural Recreativa e Desportiva de Miranda recria \u201cLavrada do maio\u201d","isPartOf":{"@id":"https:\/\/www.altominho.tv\/site\/#website"},"primaryImageOfPage":{"@id":"https:\/\/www.altominho.tv\/site\/2025\/04\/15\/associacao-cultural-recreativa-e-desportiva-de-miranda-recria-lavrada-do-maio\/#primaryimage"},"image":{"@id":"https:\/\/www.altominho.tv\/site\/2025\/04\/15\/associacao-cultural-recreativa-e-desportiva-de-miranda-recria-lavrada-do-maio\/#primaryimage"},"thumbnailUrl":"https:\/\/www.altominho.tv\/site\/wp-content\/uploads\/2025\/04\/lavrada.jpg","datePublished":"2025-04-15T16:51:34+00:00","dateModified":"2025-04-15T16:51:36+00:00","author":{"@id":"https:\/\/www.altominho.tv\/site\/#\/schema\/person\/4e536851627d7914baf3dac752b6af22"},"description":"Associa\u00e7\u00e3o Cultural Recreativa e Desportiva de Miranda, em Arcos de Valdevez, tem vindo a desenvolver o projeto \"Reviver Tradi\u00e7\u00f5es\" com o objetivo de preservar usos e costumes de antigamente.","breadcrumb":{"@id":"https:\/\/www.altominho.tv\/site\/2025\/04\/15\/associacao-cultural-recreativa-e-desportiva-de-miranda-recria-lavrada-do-maio\/#breadcrumb"},"inLanguage":"pt-PT","potentialAction":[{"@type":"ReadAction","target":["https:\/\/www.altominho.tv\/site\/2025\/04\/15\/associacao-cultural-recreativa-e-desportiva-de-miranda-recria-lavrada-do-maio\/"]}]},{"@type":"ImageObject","inLanguage":"pt-PT","@id":"https:\/\/www.altominho.tv\/site\/2025\/04\/15\/associacao-cultural-recreativa-e-desportiva-de-miranda-recria-lavrada-do-maio\/#primaryimage","url":"https:\/\/www.altominho.tv\/site\/wp-content\/uploads\/2025\/04\/lavrada.jpg","contentUrl":"https:\/\/www.altominho.tv\/site\/wp-content\/uploads\/2025\/04\/lavrada.jpg","width":1200,"height":630},{"@type":"BreadcrumbList","@id":"https:\/\/www.altominho.tv\/site\/2025\/04\/15\/associacao-cultural-recreativa-e-desportiva-de-miranda-recria-lavrada-do-maio\/#breadcrumb","itemListElement":[{"@type":"ListItem","position":1,"name":"In\u00edcio","item":"https:\/\/www.altominho.tv\/site\/"},{"@type":"ListItem","position":2,"name":"Associa\u00e7\u00e3o Cultural Recreativa e Desportiva de Miranda recria \u201cLavrada do maio\u201d"}]},{"@type":"WebSite","@id":"https:\/\/www.altominho.tv\/site\/#website","url":"https:\/\/www.altominho.tv\/site\/","name":"Altominho.tv","description":"A sua regi\u00e3o \u00e0 dist\u00e2ncia de um clique...","potentialAction":[{"@type":"SearchAction","target":{"@type":"EntryPoint","urlTemplate":"https:\/\/www.altominho.tv\/site\/?s={search_term_string}"},"query-input":{"@type":"PropertyValueSpecification","valueRequired":true,"valueName":"search_term_string"}}],"inLanguage":"pt-PT"},{"@type":"Person","@id":"https:\/\/www.altominho.tv\/site\/#\/schema\/person\/4e536851627d7914baf3dac752b6af22","name":"Altominho.tv","image":{"@type":"ImageObject","inLanguage":"pt-PT","@id":"https:\/\/www.altominho.tv\/site\/wp-content\/uploads\/2019\/11\/Logo_Avatar_2-150x150.jpg","url":"https:\/\/www.altominho.tv\/site\/wp-content\/uploads\/2019\/11\/Logo_Avatar_2-150x150.jpg","contentUrl":"https:\/\/www.altominho.tv\/site\/wp-content\/uploads\/2019\/11\/Logo_Avatar_2-150x150.jpg","caption":"Altominho.tv"},"url":"https:\/\/www.altominho.tv\/site\/author\/altominhotv-tecnico\/"}]}},"_links":{"self":[{"href":"https:\/\/www.altominho.tv\/site\/wp-json\/wp\/v2\/posts\/117201","targetHints":{"allow":["GET"]}}],"collection":[{"href":"https:\/\/www.altominho.tv\/site\/wp-json\/wp\/v2\/posts"}],"about":[{"href":"https:\/\/www.altominho.tv\/site\/wp-json\/wp\/v2\/types\/post"}],"author":[{"embeddable":true,"href":"https:\/\/www.altominho.tv\/site\/wp-json\/wp\/v2\/users\/1"}],"replies":[{"embeddable":true,"href":"https:\/\/www.altominho.tv\/site\/wp-json\/wp\/v2\/comments?post=117201"}],"version-history":[{"count":1,"href":"https:\/\/www.altominho.tv\/site\/wp-json\/wp\/v2\/posts\/117201\/revisions"}],"predecessor-version":[{"id":117203,"href":"https:\/\/www.altominho.tv\/site\/wp-json\/wp\/v2\/posts\/117201\/revisions\/117203"}],"wp:featuredmedia":[{"embeddable":true,"href":"https:\/\/www.altominho.tv\/site\/wp-json\/wp\/v2\/media\/117202"}],"wp:attachment":[{"href":"https:\/\/www.altominho.tv\/site\/wp-json\/wp\/v2\/media?parent=117201"}],"wp:term":[{"taxonomy":"category","embeddable":true,"href":"https:\/\/www.altominho.tv\/site\/wp-json\/wp\/v2\/categories?post=117201"},{"taxonomy":"post_tag","embeddable":true,"href":"https:\/\/www.altominho.tv\/site\/wp-json\/wp\/v2\/tags?post=117201"}],"curies":[{"name":"wp","href":"https:\/\/api.w.org\/{rel}","templated":true}]}}