{"id":117103,"date":"2025-04-14T11:25:00","date_gmt":"2025-04-14T10:25:00","guid":{"rendered":"https:\/\/www.altominho.tv\/site\/?p=117103"},"modified":"2025-04-14T11:25:03","modified_gmt":"2025-04-14T10:25:03","slug":"dois-atletas-de-valenca-vao-representar-portugal-no-europeu-de-wushu","status":"publish","type":"post","link":"https:\/\/www.altominho.tv\/site\/2025\/04\/14\/dois-atletas-de-valenca-vao-representar-portugal-no-europeu-de-wushu\/","title":{"rendered":"Dois atletas de Valen\u00e7a v\u00e3o representar Portugal no Europeu de Wushu"},"content":{"rendered":"\n<p>Os atletas Rodrigo Alheira e Guilherme Alc\u00e2ntara, da Associa\u00e7\u00e3o Borges Sanda Valen\u00e7a, foram selecionados para representar Portugal no 8th European Traditional Wushu Championships (Sanda Light), que decorrer\u00e1 entre os dias 30 de abril e 5 de maio.<\/p>\n\n\n\n<p>O gosto e a dedica\u00e7\u00e3o por Wushu, arte marcial chinesa, leva Rodrigo Alheira a partir para esta competi\u00e7\u00e3o com a ambi\u00e7\u00e3o de renovar o t\u00edtulo de campe\u00e3o europeu na categoria -80kg, conquistado em 2024, em Estocolmo. J\u00e1 Guilherme Alc\u00e2ntara, que foi vice-campe\u00e3o europeu na categoria de -70kg, entrar\u00e1 em prova determinado a alcan\u00e7ar o lugar mais alto do p\u00f3dio.<\/p>\n\n\n\n<p>A convocat\u00f3ria foi anunciada pela associa\u00e7\u00e3o, na sua p\u00e1gina oficial do Facebook, onde expressa o apoio, orgulho e reconhecimento pelo trabalho dos dois competidores. \u201cEsta convocat\u00f3ria \u00e9 reflexo do trabalho \u00e1rduo, da disciplina e do esp\u00edrito de supera\u00e7\u00e3o destes atletas, que s\u00e3o um exemplo para todos n\u00f3s\u201d,&nbsp; l\u00ea-se na publica\u00e7\u00e3o.<\/p>\n","protected":false},"excerpt":{"rendered":"<p>Os atletas Rodrigo Alheira e Guilherme Alc\u00e2ntara, da Associa\u00e7\u00e3o Borges Sanda Valen\u00e7a, foram selecionados para representar Portugal no 8th European Traditional Wushu Championships (Sanda Light), que decorrer\u00e1 entre os dias 30 de abril e 5 de maio. O gosto e a dedica\u00e7\u00e3o por Wushu, arte marcial chinesa, leva Rodrigo Alheira a partir para esta competi\u00e7\u00e3o [&hellip;]<\/p>\n","protected":false},"author":1,"featured_media":117104,"comment_status":"closed","ping_status":"closed","sticky":false,"template":"","format":"standard","meta":{"_exactmetrics_skip_tracking":false,"_exactmetrics_sitenote_active":false,"_exactmetrics_sitenote_note":"","_exactmetrics_sitenote_category":0,"footnotes":""},"categories":[13],"tags":[20],"class_list":["post-117103","post","type-post","status-publish","format-standard","has-post-thumbnail","hentry","category-valenca","tag-desporto"],"yoast_head":"<!-- This site is optimized with the Yoast SEO Premium plugin v27.5 (Yoast SEO v27.5) - https:\/\/yoast.com\/product\/yoast-seo-premium-wordpress\/ -->\n<title>Dois atletas de Valen\u00e7a v\u00e3o representar Portugal no Europeu de Wushu<\/title>\n<meta name=\"description\" content=\"Rodrigo Alheira e Guilherme Alc\u00e2ntara, da Associa\u00e7\u00e3o Borges Sanda Valen\u00e7a, foram selecionados para representar Portugal no 8th European Traditional Wushu Championships (Sanda Light), que decorrer\u00e1 entre os dias 30 de abril e 5 de maio.\" \/>\n<meta name=\"robots\" content=\"index, follow, max-snippet:-1, max-image-preview:large, max-video-preview:-1\" \/>\n<link rel=\"canonical\" href=\"https:\/\/www.altominho.tv\/site\/2025\/04\/14\/dois-atletas-de-valenca-vao-representar-portugal-no-europeu-de-wushu\/\" \/>\n<meta property=\"og:locale\" content=\"pt_PT\" \/>\n<meta property=\"og:type\" content=\"article\" \/>\n<meta property=\"og:title\" content=\"Dois atletas de Valen\u00e7a v\u00e3o representar Portugal no Europeu de Wushu\" \/>\n<meta property=\"og:description\" content=\"Rodrigo Alheira e Guilherme Alc\u00e2ntara, da Associa\u00e7\u00e3o Borges Sanda Valen\u00e7a, foram selecionados para representar Portugal no 8th European Traditional Wushu Championships (Sanda Light), que decorrer\u00e1 entre os dias 30 de abril e 5 de maio.\" \/>\n<meta property=\"og:url\" content=\"https:\/\/www.altominho.tv\/site\/2025\/04\/14\/dois-atletas-de-valenca-vao-representar-portugal-no-europeu-de-wushu\/\" \/>\n<meta property=\"og:site_name\" content=\"Altominho.tv\" \/>\n<meta property=\"article:publisher\" content=\"https:\/\/www.facebook.com\/altominhotv\" \/>\n<meta property=\"article:published_time\" content=\"2025-04-14T10:25:00+00:00\" \/>\n<meta property=\"article:modified_time\" content=\"2025-04-14T10:25:03+00:00\" \/>\n<meta property=\"og:image\" content=\"https:\/\/www.altominho.tv\/site\/wp-content\/uploads\/2025\/04\/wushu-atletas.png\" \/>\n\t<meta property=\"og:image:width\" content=\"1200\" \/>\n\t<meta property=\"og:image:height\" content=\"630\" \/>\n\t<meta property=\"og:image:type\" content=\"image\/png\" \/>\n<meta name=\"author\" content=\"Altominho.tv\" \/>\n<meta name=\"twitter:card\" content=\"summary_large_image\" \/>\n<meta name=\"twitter:creator\" content=\"@altominhoTV\" \/>\n<meta name=\"twitter:site\" content=\"@altominhoTV\" \/>\n<meta name=\"twitter:label1\" content=\"Escrito por\" \/>\n\t<meta name=\"twitter:data1\" content=\"Altominho.tv\" \/>\n\t<meta name=\"twitter:label2\" content=\"Tempo estimado de leitura\" \/>\n\t<meta name=\"twitter:data2\" content=\"2 minutos\" \/>\n<script type=\"application\/ld+json\" class=\"yoast-schema-graph\">{\"@context\":\"https:\\\/\\\/schema.org\",\"@graph\":[{\"@type\":\"Article\",\"@id\":\"https:\\\/\\\/www.altominho.tv\\\/site\\\/2025\\\/04\\\/14\\\/dois-atletas-de-valenca-vao-representar-portugal-no-europeu-de-wushu\\\/#article\",\"isPartOf\":{\"@id\":\"https:\\\/\\\/www.altominho.tv\\\/site\\\/2025\\\/04\\\/14\\\/dois-atletas-de-valenca-vao-representar-portugal-no-europeu-de-wushu\\\/\"},\"author\":{\"name\":\"Altominho.tv\",\"@id\":\"https:\\\/\\\/www.altominho.tv\\\/site\\\/#\\\/schema\\\/person\\\/4e536851627d7914baf3dac752b6af22\"},\"headline\":\"Dois atletas de Valen\u00e7a v\u00e3o representar Portugal no Europeu de Wushu\",\"datePublished\":\"2025-04-14T10:25:00+00:00\",\"dateModified\":\"2025-04-14T10:25:03+00:00\",\"mainEntityOfPage\":{\"@id\":\"https:\\\/\\\/www.altominho.tv\\\/site\\\/2025\\\/04\\\/14\\\/dois-atletas-de-valenca-vao-representar-portugal-no-europeu-de-wushu\\\/\"},\"wordCount\":180,\"image\":{\"@id\":\"https:\\\/\\\/www.altominho.tv\\\/site\\\/2025\\\/04\\\/14\\\/dois-atletas-de-valenca-vao-representar-portugal-no-europeu-de-wushu\\\/#primaryimage\"},\"thumbnailUrl\":\"https:\\\/\\\/www.altominho.tv\\\/site\\\/wp-content\\\/uploads\\\/2025\\\/04\\\/wushu-atletas.png\",\"keywords\":[\"Desporto\"],\"articleSection\":[\"Valen\u00e7a\"],\"inLanguage\":\"pt-PT\",\"copyrightYear\":\"2025\",\"copyrightHolder\":{\"@id\":\"https:\\\/\\\/www.altominho.tv\\\/site\\\/#organization\"}},{\"@type\":\"WebPage\",\"@id\":\"https:\\\/\\\/www.altominho.tv\\\/site\\\/2025\\\/04\\\/14\\\/dois-atletas-de-valenca-vao-representar-portugal-no-europeu-de-wushu\\\/\",\"url\":\"https:\\\/\\\/www.altominho.tv\\\/site\\\/2025\\\/04\\\/14\\\/dois-atletas-de-valenca-vao-representar-portugal-no-europeu-de-wushu\\\/\",\"name\":\"Dois atletas de Valen\u00e7a v\u00e3o representar Portugal no Europeu de Wushu\",\"isPartOf\":{\"@id\":\"https:\\\/\\\/www.altominho.tv\\\/site\\\/#website\"},\"primaryImageOfPage\":{\"@id\":\"https:\\\/\\\/www.altominho.tv\\\/site\\\/2025\\\/04\\\/14\\\/dois-atletas-de-valenca-vao-representar-portugal-no-europeu-de-wushu\\\/#primaryimage\"},\"image\":{\"@id\":\"https:\\\/\\\/www.altominho.tv\\\/site\\\/2025\\\/04\\\/14\\\/dois-atletas-de-valenca-vao-representar-portugal-no-europeu-de-wushu\\\/#primaryimage\"},\"thumbnailUrl\":\"https:\\\/\\\/www.altominho.tv\\\/site\\\/wp-content\\\/uploads\\\/2025\\\/04\\\/wushu-atletas.png\",\"datePublished\":\"2025-04-14T10:25:00+00:00\",\"dateModified\":\"2025-04-14T10:25:03+00:00\",\"author\":{\"@id\":\"https:\\\/\\\/www.altominho.tv\\\/site\\\/#\\\/schema\\\/person\\\/4e536851627d7914baf3dac752b6af22\"},\"description\":\"Rodrigo Alheira e Guilherme Alc\u00e2ntara, da Associa\u00e7\u00e3o Borges Sanda Valen\u00e7a, foram selecionados para representar Portugal no 8th European Traditional Wushu Championships (Sanda Light), que decorrer\u00e1 entre os dias 30 de abril e 5 de maio.\",\"breadcrumb\":{\"@id\":\"https:\\\/\\\/www.altominho.tv\\\/site\\\/2025\\\/04\\\/14\\\/dois-atletas-de-valenca-vao-representar-portugal-no-europeu-de-wushu\\\/#breadcrumb\"},\"inLanguage\":\"pt-PT\",\"potentialAction\":[{\"@type\":\"ReadAction\",\"target\":[\"https:\\\/\\\/www.altominho.tv\\\/site\\\/2025\\\/04\\\/14\\\/dois-atletas-de-valenca-vao-representar-portugal-no-europeu-de-wushu\\\/\"]}]},{\"@type\":\"ImageObject\",\"inLanguage\":\"pt-PT\",\"@id\":\"https:\\\/\\\/www.altominho.tv\\\/site\\\/2025\\\/04\\\/14\\\/dois-atletas-de-valenca-vao-representar-portugal-no-europeu-de-wushu\\\/#primaryimage\",\"url\":\"https:\\\/\\\/www.altominho.tv\\\/site\\\/wp-content\\\/uploads\\\/2025\\\/04\\\/wushu-atletas.png\",\"contentUrl\":\"https:\\\/\\\/www.altominho.tv\\\/site\\\/wp-content\\\/uploads\\\/2025\\\/04\\\/wushu-atletas.png\",\"width\":1200,\"height\":630},{\"@type\":\"BreadcrumbList\",\"@id\":\"https:\\\/\\\/www.altominho.tv\\\/site\\\/2025\\\/04\\\/14\\\/dois-atletas-de-valenca-vao-representar-portugal-no-europeu-de-wushu\\\/#breadcrumb\",\"itemListElement\":[{\"@type\":\"ListItem\",\"position\":1,\"name\":\"In\u00edcio\",\"item\":\"https:\\\/\\\/www.altominho.tv\\\/site\\\/\"},{\"@type\":\"ListItem\",\"position\":2,\"name\":\"Dois atletas de Valen\u00e7a v\u00e3o representar Portugal no Europeu de Wushu\"}]},{\"@type\":\"WebSite\",\"@id\":\"https:\\\/\\\/www.altominho.tv\\\/site\\\/#website\",\"url\":\"https:\\\/\\\/www.altominho.tv\\\/site\\\/\",\"name\":\"Altominho.tv\",\"description\":\"A sua regi\u00e3o \u00e0 dist\u00e2ncia de um clique...\",\"potentialAction\":[{\"@type\":\"SearchAction\",\"target\":{\"@type\":\"EntryPoint\",\"urlTemplate\":\"https:\\\/\\\/www.altominho.tv\\\/site\\\/?s={search_term_string}\"},\"query-input\":{\"@type\":\"PropertyValueSpecification\",\"valueRequired\":true,\"valueName\":\"search_term_string\"}}],\"inLanguage\":\"pt-PT\"},{\"@type\":\"Person\",\"@id\":\"https:\\\/\\\/www.altominho.tv\\\/site\\\/#\\\/schema\\\/person\\\/4e536851627d7914baf3dac752b6af22\",\"name\":\"Altominho.tv\",\"image\":{\"@type\":\"ImageObject\",\"inLanguage\":\"pt-PT\",\"@id\":\"https:\\\/\\\/www.altominho.tv\\\/site\\\/wp-content\\\/uploads\\\/2019\\\/11\\\/Logo_Avatar_2-150x150.jpg\",\"url\":\"https:\\\/\\\/www.altominho.tv\\\/site\\\/wp-content\\\/uploads\\\/2019\\\/11\\\/Logo_Avatar_2-150x150.jpg\",\"contentUrl\":\"https:\\\/\\\/www.altominho.tv\\\/site\\\/wp-content\\\/uploads\\\/2019\\\/11\\\/Logo_Avatar_2-150x150.jpg\",\"caption\":\"Altominho.tv\"},\"url\":\"https:\\\/\\\/www.altominho.tv\\\/site\\\/author\\\/altominhotv-tecnico\\\/\"}]}<\/script>\n<!-- \/ Yoast SEO Premium plugin. -->","yoast_head_json":{"title":"Dois atletas de Valen\u00e7a v\u00e3o representar Portugal no Europeu de Wushu","description":"Rodrigo Alheira e Guilherme Alc\u00e2ntara, da Associa\u00e7\u00e3o Borges Sanda Valen\u00e7a, foram selecionados para representar Portugal no 8th European Traditional Wushu Championships (Sanda Light), que decorrer\u00e1 entre os dias 30 de abril e 5 de maio.","robots":{"index":"index","follow":"follow","max-snippet":"max-snippet:-1","max-image-preview":"max-image-preview:large","max-video-preview":"max-video-preview:-1"},"canonical":"https:\/\/www.altominho.tv\/site\/2025\/04\/14\/dois-atletas-de-valenca-vao-representar-portugal-no-europeu-de-wushu\/","og_locale":"pt_PT","og_type":"article","og_title":"Dois atletas de Valen\u00e7a v\u00e3o representar Portugal no Europeu de Wushu","og_description":"Rodrigo Alheira e Guilherme Alc\u00e2ntara, da Associa\u00e7\u00e3o Borges Sanda Valen\u00e7a, foram selecionados para representar Portugal no 8th European Traditional Wushu Championships (Sanda Light), que decorrer\u00e1 entre os dias 30 de abril e 5 de maio.","og_url":"https:\/\/www.altominho.tv\/site\/2025\/04\/14\/dois-atletas-de-valenca-vao-representar-portugal-no-europeu-de-wushu\/","og_site_name":"Altominho.tv","article_publisher":"https:\/\/www.facebook.com\/altominhotv","article_published_time":"2025-04-14T10:25:00+00:00","article_modified_time":"2025-04-14T10:25:03+00:00","og_image":[{"width":1200,"height":630,"url":"https:\/\/www.altominho.tv\/site\/wp-content\/uploads\/2025\/04\/wushu-atletas.png","type":"image\/png"}],"author":"Altominho.tv","twitter_card":"summary_large_image","twitter_creator":"@altominhoTV","twitter_site":"@altominhoTV","twitter_misc":{"Escrito por":"Altominho.tv","Tempo estimado de leitura":"2 minutos"},"schema":{"@context":"https:\/\/schema.org","@graph":[{"@type":"Article","@id":"https:\/\/www.altominho.tv\/site\/2025\/04\/14\/dois-atletas-de-valenca-vao-representar-portugal-no-europeu-de-wushu\/#article","isPartOf":{"@id":"https:\/\/www.altominho.tv\/site\/2025\/04\/14\/dois-atletas-de-valenca-vao-representar-portugal-no-europeu-de-wushu\/"},"author":{"name":"Altominho.tv","@id":"https:\/\/www.altominho.tv\/site\/#\/schema\/person\/4e536851627d7914baf3dac752b6af22"},"headline":"Dois atletas de Valen\u00e7a v\u00e3o representar Portugal no Europeu de Wushu","datePublished":"2025-04-14T10:25:00+00:00","dateModified":"2025-04-14T10:25:03+00:00","mainEntityOfPage":{"@id":"https:\/\/www.altominho.tv\/site\/2025\/04\/14\/dois-atletas-de-valenca-vao-representar-portugal-no-europeu-de-wushu\/"},"wordCount":180,"image":{"@id":"https:\/\/www.altominho.tv\/site\/2025\/04\/14\/dois-atletas-de-valenca-vao-representar-portugal-no-europeu-de-wushu\/#primaryimage"},"thumbnailUrl":"https:\/\/www.altominho.tv\/site\/wp-content\/uploads\/2025\/04\/wushu-atletas.png","keywords":["Desporto"],"articleSection":["Valen\u00e7a"],"inLanguage":"pt-PT","copyrightYear":"2025","copyrightHolder":{"@id":"https:\/\/www.altominho.tv\/site\/#organization"}},{"@type":"WebPage","@id":"https:\/\/www.altominho.tv\/site\/2025\/04\/14\/dois-atletas-de-valenca-vao-representar-portugal-no-europeu-de-wushu\/","url":"https:\/\/www.altominho.tv\/site\/2025\/04\/14\/dois-atletas-de-valenca-vao-representar-portugal-no-europeu-de-wushu\/","name":"Dois atletas de Valen\u00e7a v\u00e3o representar Portugal no Europeu de Wushu","isPartOf":{"@id":"https:\/\/www.altominho.tv\/site\/#website"},"primaryImageOfPage":{"@id":"https:\/\/www.altominho.tv\/site\/2025\/04\/14\/dois-atletas-de-valenca-vao-representar-portugal-no-europeu-de-wushu\/#primaryimage"},"image":{"@id":"https:\/\/www.altominho.tv\/site\/2025\/04\/14\/dois-atletas-de-valenca-vao-representar-portugal-no-europeu-de-wushu\/#primaryimage"},"thumbnailUrl":"https:\/\/www.altominho.tv\/site\/wp-content\/uploads\/2025\/04\/wushu-atletas.png","datePublished":"2025-04-14T10:25:00+00:00","dateModified":"2025-04-14T10:25:03+00:00","author":{"@id":"https:\/\/www.altominho.tv\/site\/#\/schema\/person\/4e536851627d7914baf3dac752b6af22"},"description":"Rodrigo Alheira e Guilherme Alc\u00e2ntara, da Associa\u00e7\u00e3o Borges Sanda Valen\u00e7a, foram selecionados para representar Portugal no 8th European Traditional Wushu Championships (Sanda Light), que decorrer\u00e1 entre os dias 30 de abril e 5 de maio.","breadcrumb":{"@id":"https:\/\/www.altominho.tv\/site\/2025\/04\/14\/dois-atletas-de-valenca-vao-representar-portugal-no-europeu-de-wushu\/#breadcrumb"},"inLanguage":"pt-PT","potentialAction":[{"@type":"ReadAction","target":["https:\/\/www.altominho.tv\/site\/2025\/04\/14\/dois-atletas-de-valenca-vao-representar-portugal-no-europeu-de-wushu\/"]}]},{"@type":"ImageObject","inLanguage":"pt-PT","@id":"https:\/\/www.altominho.tv\/site\/2025\/04\/14\/dois-atletas-de-valenca-vao-representar-portugal-no-europeu-de-wushu\/#primaryimage","url":"https:\/\/www.altominho.tv\/site\/wp-content\/uploads\/2025\/04\/wushu-atletas.png","contentUrl":"https:\/\/www.altominho.tv\/site\/wp-content\/uploads\/2025\/04\/wushu-atletas.png","width":1200,"height":630},{"@type":"BreadcrumbList","@id":"https:\/\/www.altominho.tv\/site\/2025\/04\/14\/dois-atletas-de-valenca-vao-representar-portugal-no-europeu-de-wushu\/#breadcrumb","itemListElement":[{"@type":"ListItem","position":1,"name":"In\u00edcio","item":"https:\/\/www.altominho.tv\/site\/"},{"@type":"ListItem","position":2,"name":"Dois atletas de Valen\u00e7a v\u00e3o representar Portugal no Europeu de Wushu"}]},{"@type":"WebSite","@id":"https:\/\/www.altominho.tv\/site\/#website","url":"https:\/\/www.altominho.tv\/site\/","name":"Altominho.tv","description":"A sua regi\u00e3o \u00e0 dist\u00e2ncia de um clique...","potentialAction":[{"@type":"SearchAction","target":{"@type":"EntryPoint","urlTemplate":"https:\/\/www.altominho.tv\/site\/?s={search_term_string}"},"query-input":{"@type":"PropertyValueSpecification","valueRequired":true,"valueName":"search_term_string"}}],"inLanguage":"pt-PT"},{"@type":"Person","@id":"https:\/\/www.altominho.tv\/site\/#\/schema\/person\/4e536851627d7914baf3dac752b6af22","name":"Altominho.tv","image":{"@type":"ImageObject","inLanguage":"pt-PT","@id":"https:\/\/www.altominho.tv\/site\/wp-content\/uploads\/2019\/11\/Logo_Avatar_2-150x150.jpg","url":"https:\/\/www.altominho.tv\/site\/wp-content\/uploads\/2019\/11\/Logo_Avatar_2-150x150.jpg","contentUrl":"https:\/\/www.altominho.tv\/site\/wp-content\/uploads\/2019\/11\/Logo_Avatar_2-150x150.jpg","caption":"Altominho.tv"},"url":"https:\/\/www.altominho.tv\/site\/author\/altominhotv-tecnico\/"}]}},"_links":{"self":[{"href":"https:\/\/www.altominho.tv\/site\/wp-json\/wp\/v2\/posts\/117103","targetHints":{"allow":["GET"]}}],"collection":[{"href":"https:\/\/www.altominho.tv\/site\/wp-json\/wp\/v2\/posts"}],"about":[{"href":"https:\/\/www.altominho.tv\/site\/wp-json\/wp\/v2\/types\/post"}],"author":[{"embeddable":true,"href":"https:\/\/www.altominho.tv\/site\/wp-json\/wp\/v2\/users\/1"}],"replies":[{"embeddable":true,"href":"https:\/\/www.altominho.tv\/site\/wp-json\/wp\/v2\/comments?post=117103"}],"version-history":[{"count":2,"href":"https:\/\/www.altominho.tv\/site\/wp-json\/wp\/v2\/posts\/117103\/revisions"}],"predecessor-version":[{"id":117106,"href":"https:\/\/www.altominho.tv\/site\/wp-json\/wp\/v2\/posts\/117103\/revisions\/117106"}],"wp:featuredmedia":[{"embeddable":true,"href":"https:\/\/www.altominho.tv\/site\/wp-json\/wp\/v2\/media\/117104"}],"wp:attachment":[{"href":"https:\/\/www.altominho.tv\/site\/wp-json\/wp\/v2\/media?parent=117103"}],"wp:term":[{"taxonomy":"category","embeddable":true,"href":"https:\/\/www.altominho.tv\/site\/wp-json\/wp\/v2\/categories?post=117103"},{"taxonomy":"post_tag","embeddable":true,"href":"https:\/\/www.altominho.tv\/site\/wp-json\/wp\/v2\/tags?post=117103"}],"curies":[{"name":"wp","href":"https:\/\/api.w.org\/{rel}","templated":true}]}}