{"id":117073,"date":"2025-04-13T11:18:35","date_gmt":"2025-04-13T10:18:35","guid":{"rendered":"https:\/\/www.altominho.tv\/site\/?p=117073"},"modified":"2025-04-13T11:18:37","modified_gmt":"2025-04-13T10:18:37","slug":"gym-for-life-reuniu-centenas-de-ginastas-em-caminha","status":"publish","type":"post","link":"https:\/\/www.altominho.tv\/site\/2025\/04\/13\/gym-for-life-reuniu-centenas-de-ginastas-em-caminha\/","title":{"rendered":"GYM FOR LIFE reuniu centenas de ginastas em Caminha"},"content":{"rendered":"<p>O Pavilh\u00e3o Municipal de Caminha Fernando Lima foi o palco da Grande Festa da Gin\u00e1stica, o GYM FOR LIFE, que se realizou no passado dia 6 de abril.<\/p>\n<p>O evento reuniu cerca de 500 ginastas provenientes de 14 clubes da zona Norte do pa\u00eds, num verdadeiro espet\u00e1culo desportivo que celebrou a diversidade e a beleza da gin\u00e1stica.<\/p>\n<p>Organizado pelo JUCAMINHA, o encontro contou com o apoio do Munic\u00edpio de Caminha, refor\u00e7ando o compromisso da autarquia com a promo\u00e7\u00e3o do desporto e da atividade f\u00edsica junto da comunidade.<\/p>\n","protected":false},"excerpt":{"rendered":"<p>O Pavilh\u00e3o Municipal de Caminha Fernando Lima foi o palco da Grande Festa da Gin\u00e1stica, o GYM FOR LIFE, que se realizou no passado dia 6 de abril. O evento reuniu cerca de 500 ginastas provenientes de 14 clubes da zona Norte do pa\u00eds, num verdadeiro espet\u00e1culo desportivo que celebrou a diversidade e a beleza [&hellip;]<\/p>\n","protected":false},"author":1,"featured_media":117074,"comment_status":"closed","ping_status":"closed","sticky":false,"template":"","format":"standard","meta":{"_exactmetrics_skip_tracking":false,"_exactmetrics_sitenote_active":false,"_exactmetrics_sitenote_note":"","_exactmetrics_sitenote_category":0,"footnotes":""},"categories":[7],"tags":[20],"class_list":["post-117073","post","type-post","status-publish","format-standard","has-post-thumbnail","hentry","category-caminha","tag-desporto"],"yoast_head":"<!-- This site is optimized with the Yoast SEO Premium plugin v27.5 (Yoast SEO v27.5) - https:\/\/yoast.com\/product\/yoast-seo-premium-wordpress\/ -->\n<title>GYM FOR LIFE reuniu centenas de ginastas em Caminha<\/title>\n<meta name=\"description\" content=\"O Pavilh\u00e3o Municipal de Caminha Fernando Lima foi o palco da Grande Festa da Gin\u00e1stica, o GYM FOR LIFE, que se realizou no passado dia 6 de abril.\" \/>\n<meta name=\"robots\" content=\"index, follow, max-snippet:-1, max-image-preview:large, max-video-preview:-1\" \/>\n<link rel=\"canonical\" href=\"https:\/\/www.altominho.tv\/site\/2025\/04\/13\/gym-for-life-reuniu-centenas-de-ginastas-em-caminha\/\" \/>\n<meta property=\"og:locale\" content=\"pt_PT\" \/>\n<meta property=\"og:type\" content=\"article\" \/>\n<meta property=\"og:title\" content=\"GYM FOR LIFE reuniu centenas de ginastas em Caminha\" \/>\n<meta property=\"og:description\" content=\"O Pavilh\u00e3o Municipal de Caminha Fernando Lima foi o palco da Grande Festa da Gin\u00e1stica, o GYM FOR LIFE, que se realizou no passado dia 6 de abril.\" \/>\n<meta property=\"og:url\" content=\"https:\/\/www.altominho.tv\/site\/2025\/04\/13\/gym-for-life-reuniu-centenas-de-ginastas-em-caminha\/\" \/>\n<meta property=\"og:site_name\" content=\"Altominho.tv\" \/>\n<meta property=\"article:publisher\" content=\"https:\/\/www.facebook.com\/altominhotv\" \/>\n<meta property=\"article:published_time\" content=\"2025-04-13T10:18:35+00:00\" \/>\n<meta property=\"article:modified_time\" content=\"2025-04-13T10:18:37+00:00\" \/>\n<meta property=\"og:image\" content=\"https:\/\/www.altominho.tv\/site\/wp-content\/uploads\/2025\/04\/ginastica.jpg\" \/>\n\t<meta property=\"og:image:width\" content=\"1200\" \/>\n\t<meta property=\"og:image:height\" content=\"630\" \/>\n\t<meta property=\"og:image:type\" content=\"image\/jpeg\" \/>\n<meta name=\"author\" content=\"Altominho.tv\" \/>\n<meta name=\"twitter:card\" content=\"summary_large_image\" \/>\n<meta name=\"twitter:creator\" content=\"@altominhoTV\" \/>\n<meta name=\"twitter:site\" content=\"@altominhoTV\" \/>\n<meta name=\"twitter:label1\" content=\"Escrito por\" \/>\n\t<meta name=\"twitter:data1\" content=\"Altominho.tv\" \/>\n\t<meta name=\"twitter:label2\" content=\"Tempo estimado de leitura\" \/>\n\t<meta name=\"twitter:data2\" content=\"1 minuto\" \/>\n<script type=\"application\/ld+json\" class=\"yoast-schema-graph\">{\"@context\":\"https:\\\/\\\/schema.org\",\"@graph\":[{\"@type\":\"Article\",\"@id\":\"https:\\\/\\\/www.altominho.tv\\\/site\\\/2025\\\/04\\\/13\\\/gym-for-life-reuniu-centenas-de-ginastas-em-caminha\\\/#article\",\"isPartOf\":{\"@id\":\"https:\\\/\\\/www.altominho.tv\\\/site\\\/2025\\\/04\\\/13\\\/gym-for-life-reuniu-centenas-de-ginastas-em-caminha\\\/\"},\"author\":{\"name\":\"Altominho.tv\",\"@id\":\"https:\\\/\\\/www.altominho.tv\\\/site\\\/#\\\/schema\\\/person\\\/4e536851627d7914baf3dac752b6af22\"},\"headline\":\"GYM FOR LIFE reuniu centenas de ginastas em Caminha\",\"datePublished\":\"2025-04-13T10:18:35+00:00\",\"dateModified\":\"2025-04-13T10:18:37+00:00\",\"mainEntityOfPage\":{\"@id\":\"https:\\\/\\\/www.altominho.tv\\\/site\\\/2025\\\/04\\\/13\\\/gym-for-life-reuniu-centenas-de-ginastas-em-caminha\\\/\"},\"wordCount\":102,\"image\":{\"@id\":\"https:\\\/\\\/www.altominho.tv\\\/site\\\/2025\\\/04\\\/13\\\/gym-for-life-reuniu-centenas-de-ginastas-em-caminha\\\/#primaryimage\"},\"thumbnailUrl\":\"https:\\\/\\\/www.altominho.tv\\\/site\\\/wp-content\\\/uploads\\\/2025\\\/04\\\/ginastica.jpg\",\"keywords\":[\"Desporto\"],\"articleSection\":[\"Caminha\"],\"inLanguage\":\"pt-PT\",\"copyrightYear\":\"2025\",\"copyrightHolder\":{\"@id\":\"https:\\\/\\\/www.altominho.tv\\\/site\\\/#organization\"}},{\"@type\":\"WebPage\",\"@id\":\"https:\\\/\\\/www.altominho.tv\\\/site\\\/2025\\\/04\\\/13\\\/gym-for-life-reuniu-centenas-de-ginastas-em-caminha\\\/\",\"url\":\"https:\\\/\\\/www.altominho.tv\\\/site\\\/2025\\\/04\\\/13\\\/gym-for-life-reuniu-centenas-de-ginastas-em-caminha\\\/\",\"name\":\"GYM FOR LIFE reuniu centenas de ginastas em Caminha\",\"isPartOf\":{\"@id\":\"https:\\\/\\\/www.altominho.tv\\\/site\\\/#website\"},\"primaryImageOfPage\":{\"@id\":\"https:\\\/\\\/www.altominho.tv\\\/site\\\/2025\\\/04\\\/13\\\/gym-for-life-reuniu-centenas-de-ginastas-em-caminha\\\/#primaryimage\"},\"image\":{\"@id\":\"https:\\\/\\\/www.altominho.tv\\\/site\\\/2025\\\/04\\\/13\\\/gym-for-life-reuniu-centenas-de-ginastas-em-caminha\\\/#primaryimage\"},\"thumbnailUrl\":\"https:\\\/\\\/www.altominho.tv\\\/site\\\/wp-content\\\/uploads\\\/2025\\\/04\\\/ginastica.jpg\",\"datePublished\":\"2025-04-13T10:18:35+00:00\",\"dateModified\":\"2025-04-13T10:18:37+00:00\",\"author\":{\"@id\":\"https:\\\/\\\/www.altominho.tv\\\/site\\\/#\\\/schema\\\/person\\\/4e536851627d7914baf3dac752b6af22\"},\"description\":\"O Pavilh\u00e3o Municipal de Caminha Fernando Lima foi o palco da Grande Festa da Gin\u00e1stica, o GYM FOR LIFE, que se realizou no passado dia 6 de abril.\",\"breadcrumb\":{\"@id\":\"https:\\\/\\\/www.altominho.tv\\\/site\\\/2025\\\/04\\\/13\\\/gym-for-life-reuniu-centenas-de-ginastas-em-caminha\\\/#breadcrumb\"},\"inLanguage\":\"pt-PT\",\"potentialAction\":[{\"@type\":\"ReadAction\",\"target\":[\"https:\\\/\\\/www.altominho.tv\\\/site\\\/2025\\\/04\\\/13\\\/gym-for-life-reuniu-centenas-de-ginastas-em-caminha\\\/\"]}]},{\"@type\":\"ImageObject\",\"inLanguage\":\"pt-PT\",\"@id\":\"https:\\\/\\\/www.altominho.tv\\\/site\\\/2025\\\/04\\\/13\\\/gym-for-life-reuniu-centenas-de-ginastas-em-caminha\\\/#primaryimage\",\"url\":\"https:\\\/\\\/www.altominho.tv\\\/site\\\/wp-content\\\/uploads\\\/2025\\\/04\\\/ginastica.jpg\",\"contentUrl\":\"https:\\\/\\\/www.altominho.tv\\\/site\\\/wp-content\\\/uploads\\\/2025\\\/04\\\/ginastica.jpg\",\"width\":1200,\"height\":630},{\"@type\":\"BreadcrumbList\",\"@id\":\"https:\\\/\\\/www.altominho.tv\\\/site\\\/2025\\\/04\\\/13\\\/gym-for-life-reuniu-centenas-de-ginastas-em-caminha\\\/#breadcrumb\",\"itemListElement\":[{\"@type\":\"ListItem\",\"position\":1,\"name\":\"In\u00edcio\",\"item\":\"https:\\\/\\\/www.altominho.tv\\\/site\\\/\"},{\"@type\":\"ListItem\",\"position\":2,\"name\":\"GYM FOR LIFE reuniu centenas de ginastas em Caminha\"}]},{\"@type\":\"WebSite\",\"@id\":\"https:\\\/\\\/www.altominho.tv\\\/site\\\/#website\",\"url\":\"https:\\\/\\\/www.altominho.tv\\\/site\\\/\",\"name\":\"Altominho.tv\",\"description\":\"A sua regi\u00e3o \u00e0 dist\u00e2ncia de um clique...\",\"potentialAction\":[{\"@type\":\"SearchAction\",\"target\":{\"@type\":\"EntryPoint\",\"urlTemplate\":\"https:\\\/\\\/www.altominho.tv\\\/site\\\/?s={search_term_string}\"},\"query-input\":{\"@type\":\"PropertyValueSpecification\",\"valueRequired\":true,\"valueName\":\"search_term_string\"}}],\"inLanguage\":\"pt-PT\"},{\"@type\":\"Person\",\"@id\":\"https:\\\/\\\/www.altominho.tv\\\/site\\\/#\\\/schema\\\/person\\\/4e536851627d7914baf3dac752b6af22\",\"name\":\"Altominho.tv\",\"image\":{\"@type\":\"ImageObject\",\"inLanguage\":\"pt-PT\",\"@id\":\"https:\\\/\\\/www.altominho.tv\\\/site\\\/wp-content\\\/uploads\\\/2019\\\/11\\\/Logo_Avatar_2-150x150.jpg\",\"url\":\"https:\\\/\\\/www.altominho.tv\\\/site\\\/wp-content\\\/uploads\\\/2019\\\/11\\\/Logo_Avatar_2-150x150.jpg\",\"contentUrl\":\"https:\\\/\\\/www.altominho.tv\\\/site\\\/wp-content\\\/uploads\\\/2019\\\/11\\\/Logo_Avatar_2-150x150.jpg\",\"caption\":\"Altominho.tv\"},\"url\":\"https:\\\/\\\/www.altominho.tv\\\/site\\\/author\\\/altominhotv-tecnico\\\/\"}]}<\/script>\n<!-- \/ Yoast SEO Premium plugin. -->","yoast_head_json":{"title":"GYM FOR LIFE reuniu centenas de ginastas em Caminha","description":"O Pavilh\u00e3o Municipal de Caminha Fernando Lima foi o palco da Grande Festa da Gin\u00e1stica, o GYM FOR LIFE, que se realizou no passado dia 6 de abril.","robots":{"index":"index","follow":"follow","max-snippet":"max-snippet:-1","max-image-preview":"max-image-preview:large","max-video-preview":"max-video-preview:-1"},"canonical":"https:\/\/www.altominho.tv\/site\/2025\/04\/13\/gym-for-life-reuniu-centenas-de-ginastas-em-caminha\/","og_locale":"pt_PT","og_type":"article","og_title":"GYM FOR LIFE reuniu centenas de ginastas em Caminha","og_description":"O Pavilh\u00e3o Municipal de Caminha Fernando Lima foi o palco da Grande Festa da Gin\u00e1stica, o GYM FOR LIFE, que se realizou no passado dia 6 de abril.","og_url":"https:\/\/www.altominho.tv\/site\/2025\/04\/13\/gym-for-life-reuniu-centenas-de-ginastas-em-caminha\/","og_site_name":"Altominho.tv","article_publisher":"https:\/\/www.facebook.com\/altominhotv","article_published_time":"2025-04-13T10:18:35+00:00","article_modified_time":"2025-04-13T10:18:37+00:00","og_image":[{"width":1200,"height":630,"url":"https:\/\/www.altominho.tv\/site\/wp-content\/uploads\/2025\/04\/ginastica.jpg","type":"image\/jpeg"}],"author":"Altominho.tv","twitter_card":"summary_large_image","twitter_creator":"@altominhoTV","twitter_site":"@altominhoTV","twitter_misc":{"Escrito por":"Altominho.tv","Tempo estimado de leitura":"1 minuto"},"schema":{"@context":"https:\/\/schema.org","@graph":[{"@type":"Article","@id":"https:\/\/www.altominho.tv\/site\/2025\/04\/13\/gym-for-life-reuniu-centenas-de-ginastas-em-caminha\/#article","isPartOf":{"@id":"https:\/\/www.altominho.tv\/site\/2025\/04\/13\/gym-for-life-reuniu-centenas-de-ginastas-em-caminha\/"},"author":{"name":"Altominho.tv","@id":"https:\/\/www.altominho.tv\/site\/#\/schema\/person\/4e536851627d7914baf3dac752b6af22"},"headline":"GYM FOR LIFE reuniu centenas de ginastas em Caminha","datePublished":"2025-04-13T10:18:35+00:00","dateModified":"2025-04-13T10:18:37+00:00","mainEntityOfPage":{"@id":"https:\/\/www.altominho.tv\/site\/2025\/04\/13\/gym-for-life-reuniu-centenas-de-ginastas-em-caminha\/"},"wordCount":102,"image":{"@id":"https:\/\/www.altominho.tv\/site\/2025\/04\/13\/gym-for-life-reuniu-centenas-de-ginastas-em-caminha\/#primaryimage"},"thumbnailUrl":"https:\/\/www.altominho.tv\/site\/wp-content\/uploads\/2025\/04\/ginastica.jpg","keywords":["Desporto"],"articleSection":["Caminha"],"inLanguage":"pt-PT","copyrightYear":"2025","copyrightHolder":{"@id":"https:\/\/www.altominho.tv\/site\/#organization"}},{"@type":"WebPage","@id":"https:\/\/www.altominho.tv\/site\/2025\/04\/13\/gym-for-life-reuniu-centenas-de-ginastas-em-caminha\/","url":"https:\/\/www.altominho.tv\/site\/2025\/04\/13\/gym-for-life-reuniu-centenas-de-ginastas-em-caminha\/","name":"GYM FOR LIFE reuniu centenas de ginastas em Caminha","isPartOf":{"@id":"https:\/\/www.altominho.tv\/site\/#website"},"primaryImageOfPage":{"@id":"https:\/\/www.altominho.tv\/site\/2025\/04\/13\/gym-for-life-reuniu-centenas-de-ginastas-em-caminha\/#primaryimage"},"image":{"@id":"https:\/\/www.altominho.tv\/site\/2025\/04\/13\/gym-for-life-reuniu-centenas-de-ginastas-em-caminha\/#primaryimage"},"thumbnailUrl":"https:\/\/www.altominho.tv\/site\/wp-content\/uploads\/2025\/04\/ginastica.jpg","datePublished":"2025-04-13T10:18:35+00:00","dateModified":"2025-04-13T10:18:37+00:00","author":{"@id":"https:\/\/www.altominho.tv\/site\/#\/schema\/person\/4e536851627d7914baf3dac752b6af22"},"description":"O Pavilh\u00e3o Municipal de Caminha Fernando Lima foi o palco da Grande Festa da Gin\u00e1stica, o GYM FOR LIFE, que se realizou no passado dia 6 de abril.","breadcrumb":{"@id":"https:\/\/www.altominho.tv\/site\/2025\/04\/13\/gym-for-life-reuniu-centenas-de-ginastas-em-caminha\/#breadcrumb"},"inLanguage":"pt-PT","potentialAction":[{"@type":"ReadAction","target":["https:\/\/www.altominho.tv\/site\/2025\/04\/13\/gym-for-life-reuniu-centenas-de-ginastas-em-caminha\/"]}]},{"@type":"ImageObject","inLanguage":"pt-PT","@id":"https:\/\/www.altominho.tv\/site\/2025\/04\/13\/gym-for-life-reuniu-centenas-de-ginastas-em-caminha\/#primaryimage","url":"https:\/\/www.altominho.tv\/site\/wp-content\/uploads\/2025\/04\/ginastica.jpg","contentUrl":"https:\/\/www.altominho.tv\/site\/wp-content\/uploads\/2025\/04\/ginastica.jpg","width":1200,"height":630},{"@type":"BreadcrumbList","@id":"https:\/\/www.altominho.tv\/site\/2025\/04\/13\/gym-for-life-reuniu-centenas-de-ginastas-em-caminha\/#breadcrumb","itemListElement":[{"@type":"ListItem","position":1,"name":"In\u00edcio","item":"https:\/\/www.altominho.tv\/site\/"},{"@type":"ListItem","position":2,"name":"GYM FOR LIFE reuniu centenas de ginastas em Caminha"}]},{"@type":"WebSite","@id":"https:\/\/www.altominho.tv\/site\/#website","url":"https:\/\/www.altominho.tv\/site\/","name":"Altominho.tv","description":"A sua regi\u00e3o \u00e0 dist\u00e2ncia de um clique...","potentialAction":[{"@type":"SearchAction","target":{"@type":"EntryPoint","urlTemplate":"https:\/\/www.altominho.tv\/site\/?s={search_term_string}"},"query-input":{"@type":"PropertyValueSpecification","valueRequired":true,"valueName":"search_term_string"}}],"inLanguage":"pt-PT"},{"@type":"Person","@id":"https:\/\/www.altominho.tv\/site\/#\/schema\/person\/4e536851627d7914baf3dac752b6af22","name":"Altominho.tv","image":{"@type":"ImageObject","inLanguage":"pt-PT","@id":"https:\/\/www.altominho.tv\/site\/wp-content\/uploads\/2019\/11\/Logo_Avatar_2-150x150.jpg","url":"https:\/\/www.altominho.tv\/site\/wp-content\/uploads\/2019\/11\/Logo_Avatar_2-150x150.jpg","contentUrl":"https:\/\/www.altominho.tv\/site\/wp-content\/uploads\/2019\/11\/Logo_Avatar_2-150x150.jpg","caption":"Altominho.tv"},"url":"https:\/\/www.altominho.tv\/site\/author\/altominhotv-tecnico\/"}]}},"_links":{"self":[{"href":"https:\/\/www.altominho.tv\/site\/wp-json\/wp\/v2\/posts\/117073","targetHints":{"allow":["GET"]}}],"collection":[{"href":"https:\/\/www.altominho.tv\/site\/wp-json\/wp\/v2\/posts"}],"about":[{"href":"https:\/\/www.altominho.tv\/site\/wp-json\/wp\/v2\/types\/post"}],"author":[{"embeddable":true,"href":"https:\/\/www.altominho.tv\/site\/wp-json\/wp\/v2\/users\/1"}],"replies":[{"embeddable":true,"href":"https:\/\/www.altominho.tv\/site\/wp-json\/wp\/v2\/comments?post=117073"}],"version-history":[{"count":1,"href":"https:\/\/www.altominho.tv\/site\/wp-json\/wp\/v2\/posts\/117073\/revisions"}],"predecessor-version":[{"id":117075,"href":"https:\/\/www.altominho.tv\/site\/wp-json\/wp\/v2\/posts\/117073\/revisions\/117075"}],"wp:featuredmedia":[{"embeddable":true,"href":"https:\/\/www.altominho.tv\/site\/wp-json\/wp\/v2\/media\/117074"}],"wp:attachment":[{"href":"https:\/\/www.altominho.tv\/site\/wp-json\/wp\/v2\/media?parent=117073"}],"wp:term":[{"taxonomy":"category","embeddable":true,"href":"https:\/\/www.altominho.tv\/site\/wp-json\/wp\/v2\/categories?post=117073"},{"taxonomy":"post_tag","embeddable":true,"href":"https:\/\/www.altominho.tv\/site\/wp-json\/wp\/v2\/tags?post=117073"}],"curies":[{"name":"wp","href":"https:\/\/api.w.org\/{rel}","templated":true}]}}