{"id":117055,"date":"2025-04-12T17:00:09","date_gmt":"2025-04-12T16:00:09","guid":{"rendered":"https:\/\/www.altominho.tv\/site\/?p=117055"},"modified":"2025-04-12T17:00:12","modified_gmt":"2025-04-12T16:00:12","slug":"ribeira-de-viana-e-povo-de-mazarefes-juntam-se-para-dar-voz-a-romaria-das-boas-novas","status":"publish","type":"post","link":"https:\/\/www.altominho.tv\/site\/2025\/04\/12\/ribeira-de-viana-e-povo-de-mazarefes-juntam-se-para-dar-voz-a-romaria-das-boas-novas\/","title":{"rendered":"Ribeira de Viana e povo de Mazarefes juntam-se para dar voz \u00e0 Romaria das Boas Novas"},"content":{"rendered":"<p class=\"p1\">Em prepara\u00e7\u00e3o para a Romaria das Boas Novas, a decorrer de 24 a 28 de abril, foi lan\u00e7ado um filme promocional intitulado \u201cO Povo Que Deu Voz \u00e0 Romaria\u201d com realiza\u00e7\u00e3o do designer Osvaldo Liquito Mesquita, banda sonora de Cl\u00e1udia Pascoal e voz off de Jos\u00e9 Manuel Monteiro. O filme mobilizou cerca de 200 pessoas, das quais 100 no elenco e outra centena a colaborar atr\u00e1s das c\u00e2maras.<\/p>\n<p class=\"p1\">As grava\u00e7\u00f5es decorreram entre a Ribeira de Viana, Mazarefes, Perre e Castelo do Neiva, ocupando sete meses de prepara\u00e7\u00e3o, tr\u00eas meses para o desenho da sinopse e da prepara\u00e7\u00e3o do filme e cerca de quatro meses para grava\u00e7\u00f5es, montagem e edi\u00e7\u00e3o.<\/p>\n<p class=\"p1\">Dividido em duas hist\u00f3rias paralelas que se entrela\u00e7am no final, o filme mostra , de um lado, uma m\u00e3e da Ribeira que se despede do filho que parte para o mar. Do outro lado, em Mazarefes, acompanha-se a hist\u00f3ria de\u00a0Maria, desde o seu nascimento at\u00e9 \u00e0 sua velhice. \u00c9 esta figura central, bem como a sua fam\u00edlia que representa tantas mulheres do campo: humildes, fortes e cheias de amor.<\/p>\n<p class=\"p1\">As duas Marias encontram-se no dia da Romaria, num momento que une n\u00e3o s\u00f3 as personagens, mas tamb\u00e9m os dois territ\u00f3rios, as suas hist\u00f3rias e os seus cora\u00e7\u00f5es.<\/p>\n<p class=\"p1\">O realizador Osvaldo Liquito Mesquita refere que \u201cquer\u00edamos, acima de tudo, criar um filme feito de afeto, de verdade, de amor. N\u00e3o quer\u00edamos cair no exagero, nem fazer algo que parecesse uma caricatura ou um n\u00famero de carnaval. Sab\u00edamos que est\u00e1vamos a tocar num tema delicado, e que bastava um passo em falso para tudo perder o sentido. Por isso, cada detalhe foi pensado com o m\u00e1ximo respeito e cuidado, e a banda sonora foi essencial para manter esse equil\u00edbrio. A m\u00fasica da Cl\u00e1udia Pascoal deu-nos a emo\u00e7\u00e3o certa, o tom certo.&#8221;<\/p>\n<p class=\"p1\">\u201cLevamos muita da nossa alma para este filme. Foi um projeto feito com o cora\u00e7\u00e3o nas m\u00e3os e com um profundo sentido de responsabilidade. Para n\u00f3s, foi um verdadeiro privil\u00e9gio poder trabalhar com as mulheres da Ribeira, que trouxeram verdade, for\u00e7a e uma emo\u00e7\u00e3o genu\u00edna a cada cena. Foram elas que deram densidade e humanidade \u00e0 narrativa, e sem elas, este filme nunca teria tido o mesmo peso. Com este trabalho, Mazarefes n\u00e3o s\u00f3 deu corpo \u00e0 Romaria, como tamb\u00e9m lhe deu voz, a voz do povo, da f\u00e9 e da mem\u00f3ria coletiva\u201d, destaca ainda Osvaldo.<\/p>\n<p class=\"p1\">A produ\u00e7\u00e3o contou com a colabora\u00e7\u00e3o da PSP de Viana do Castelo, com o apoio da\u00a0junta de freguesia de Mazarefes e Vila Fria, em articula\u00e7\u00e3o com a Uni\u00e3o de freguesias de\u00a0Meadela, Monserrate e Santa Maria Maior, que trataram das licen\u00e7as necess\u00e1rias, da Par\u00f3quia de Mazarefes e do museu paroquial de Perre.<\/p>\n","protected":false},"excerpt":{"rendered":"<p>Em prepara\u00e7\u00e3o para a Romaria das Boas Novas, a decorrer de 24 a 28 de abril, foi lan\u00e7ado um filme promocional intitulado \u201cO Povo Que Deu Voz \u00e0 Romaria\u201d com realiza\u00e7\u00e3o do designer Osvaldo Liquito Mesquita, banda sonora de Cl\u00e1udia Pascoal e voz off de Jos\u00e9 Manuel Monteiro. O filme mobilizou cerca de 200 pessoas, [&hellip;]<\/p>\n","protected":false},"author":1,"featured_media":117056,"comment_status":"closed","ping_status":"closed","sticky":false,"template":"","format":"standard","meta":{"_exactmetrics_skip_tracking":false,"_exactmetrics_sitenote_active":false,"_exactmetrics_sitenote_note":"","_exactmetrics_sitenote_category":0,"footnotes":""},"categories":[14],"tags":[19,27],"class_list":["post-117055","post","type-post","status-publish","format-standard","has-post-thumbnail","hentry","category-viana-do-castelo","tag-cultura","tag-sociedade"],"yoast_head":"<!-- This site is optimized with the Yoast SEO Premium plugin v27.4 (Yoast SEO v27.4) - https:\/\/yoast.com\/product\/yoast-seo-premium-wordpress\/ -->\n<title>Ribeira de Viana e povo de Mazarefes juntam-se para dar voz \u00e0 Romaria das Boas Novas<\/title>\n<meta name=\"description\" content=\"Em prepara\u00e7\u00e3o para a Romaria das Boas Novas, a decorrer de 24 a 28 de abril, foi lan\u00e7ado um filme promocional intitulado \u201cO Povo que Deu Voz \u00e0 Romaria\u201d com realiza\u00e7\u00e3o do designer\u00a0Osvaldo Liquito Mesquita,\u00a0banda sonora de Cl\u00e1udia Pascoal e voz off de Jos\u00e9 Manuel Monteiro.\" \/>\n<meta name=\"robots\" content=\"index, follow, max-snippet:-1, max-image-preview:large, max-video-preview:-1\" \/>\n<link rel=\"canonical\" href=\"https:\/\/www.altominho.tv\/site\/2025\/04\/12\/ribeira-de-viana-e-povo-de-mazarefes-juntam-se-para-dar-voz-a-romaria-das-boas-novas\/\" \/>\n<meta property=\"og:locale\" content=\"pt_PT\" \/>\n<meta property=\"og:type\" content=\"article\" \/>\n<meta property=\"og:title\" content=\"Ribeira de Viana e povo de Mazarefes juntam-se para dar voz \u00e0 Romaria das Boas Novas\" \/>\n<meta property=\"og:description\" content=\"Em prepara\u00e7\u00e3o para a Romaria das Boas Novas, a decorrer de 24 a 28 de abril, foi lan\u00e7ado um filme promocional intitulado \u201cO Povo que Deu Voz \u00e0 Romaria\u201d com realiza\u00e7\u00e3o do designer\u00a0Osvaldo Liquito Mesquita,\u00a0banda sonora de Cl\u00e1udia Pascoal e voz off de Jos\u00e9 Manuel Monteiro.\" \/>\n<meta property=\"og:url\" content=\"https:\/\/www.altominho.tv\/site\/2025\/04\/12\/ribeira-de-viana-e-povo-de-mazarefes-juntam-se-para-dar-voz-a-romaria-das-boas-novas\/\" \/>\n<meta property=\"og:site_name\" content=\"Altominho.tv\" \/>\n<meta property=\"article:publisher\" content=\"https:\/\/www.facebook.com\/altominhotv\" \/>\n<meta property=\"article:published_time\" content=\"2025-04-12T16:00:09+00:00\" \/>\n<meta property=\"article:modified_time\" content=\"2025-04-12T16:00:12+00:00\" \/>\n<meta property=\"og:image\" content=\"https:\/\/www.altominho.tv\/site\/wp-content\/uploads\/2025\/04\/filme.jpg\" \/>\n\t<meta property=\"og:image:width\" content=\"1200\" \/>\n\t<meta property=\"og:image:height\" content=\"630\" \/>\n\t<meta property=\"og:image:type\" content=\"image\/jpeg\" \/>\n<meta name=\"author\" content=\"Altominho.tv\" \/>\n<meta name=\"twitter:card\" content=\"summary_large_image\" \/>\n<meta name=\"twitter:creator\" content=\"@altominhoTV\" \/>\n<meta name=\"twitter:site\" content=\"@altominhoTV\" \/>\n<meta name=\"twitter:label1\" content=\"Escrito por\" \/>\n\t<meta name=\"twitter:data1\" content=\"Altominho.tv\" \/>\n\t<meta name=\"twitter:label2\" content=\"Tempo estimado de leitura\" \/>\n\t<meta name=\"twitter:data2\" content=\"3 minutos\" \/>\n<script type=\"application\/ld+json\" class=\"yoast-schema-graph\">{\"@context\":\"https:\\\/\\\/schema.org\",\"@graph\":[{\"@type\":\"Article\",\"@id\":\"https:\\\/\\\/www.altominho.tv\\\/site\\\/2025\\\/04\\\/12\\\/ribeira-de-viana-e-povo-de-mazarefes-juntam-se-para-dar-voz-a-romaria-das-boas-novas\\\/#article\",\"isPartOf\":{\"@id\":\"https:\\\/\\\/www.altominho.tv\\\/site\\\/2025\\\/04\\\/12\\\/ribeira-de-viana-e-povo-de-mazarefes-juntam-se-para-dar-voz-a-romaria-das-boas-novas\\\/\"},\"author\":{\"name\":\"Altominho.tv\",\"@id\":\"https:\\\/\\\/www.altominho.tv\\\/site\\\/#\\\/schema\\\/person\\\/4e536851627d7914baf3dac752b6af22\"},\"headline\":\"Ribeira de Viana e povo de Mazarefes juntam-se para dar voz \u00e0 Romaria das Boas Novas\",\"datePublished\":\"2025-04-12T16:00:09+00:00\",\"dateModified\":\"2025-04-12T16:00:12+00:00\",\"mainEntityOfPage\":{\"@id\":\"https:\\\/\\\/www.altominho.tv\\\/site\\\/2025\\\/04\\\/12\\\/ribeira-de-viana-e-povo-de-mazarefes-juntam-se-para-dar-voz-a-romaria-das-boas-novas\\\/\"},\"wordCount\":503,\"image\":{\"@id\":\"https:\\\/\\\/www.altominho.tv\\\/site\\\/2025\\\/04\\\/12\\\/ribeira-de-viana-e-povo-de-mazarefes-juntam-se-para-dar-voz-a-romaria-das-boas-novas\\\/#primaryimage\"},\"thumbnailUrl\":\"https:\\\/\\\/www.altominho.tv\\\/site\\\/wp-content\\\/uploads\\\/2025\\\/04\\\/filme.jpg\",\"keywords\":[\"Cultura\",\"Sociedade\"],\"articleSection\":[\"Viana do Castelo\"],\"inLanguage\":\"pt-PT\",\"copyrightYear\":\"2025\",\"copyrightHolder\":{\"@id\":\"https:\\\/\\\/www.altominho.tv\\\/site\\\/#organization\"}},{\"@type\":\"WebPage\",\"@id\":\"https:\\\/\\\/www.altominho.tv\\\/site\\\/2025\\\/04\\\/12\\\/ribeira-de-viana-e-povo-de-mazarefes-juntam-se-para-dar-voz-a-romaria-das-boas-novas\\\/\",\"url\":\"https:\\\/\\\/www.altominho.tv\\\/site\\\/2025\\\/04\\\/12\\\/ribeira-de-viana-e-povo-de-mazarefes-juntam-se-para-dar-voz-a-romaria-das-boas-novas\\\/\",\"name\":\"Ribeira de Viana e povo de Mazarefes juntam-se para dar voz \u00e0 Romaria das Boas Novas\",\"isPartOf\":{\"@id\":\"https:\\\/\\\/www.altominho.tv\\\/site\\\/#website\"},\"primaryImageOfPage\":{\"@id\":\"https:\\\/\\\/www.altominho.tv\\\/site\\\/2025\\\/04\\\/12\\\/ribeira-de-viana-e-povo-de-mazarefes-juntam-se-para-dar-voz-a-romaria-das-boas-novas\\\/#primaryimage\"},\"image\":{\"@id\":\"https:\\\/\\\/www.altominho.tv\\\/site\\\/2025\\\/04\\\/12\\\/ribeira-de-viana-e-povo-de-mazarefes-juntam-se-para-dar-voz-a-romaria-das-boas-novas\\\/#primaryimage\"},\"thumbnailUrl\":\"https:\\\/\\\/www.altominho.tv\\\/site\\\/wp-content\\\/uploads\\\/2025\\\/04\\\/filme.jpg\",\"datePublished\":\"2025-04-12T16:00:09+00:00\",\"dateModified\":\"2025-04-12T16:00:12+00:00\",\"author\":{\"@id\":\"https:\\\/\\\/www.altominho.tv\\\/site\\\/#\\\/schema\\\/person\\\/4e536851627d7914baf3dac752b6af22\"},\"description\":\"Em prepara\u00e7\u00e3o para a Romaria das Boas Novas, a decorrer de 24 a 28 de abril, foi lan\u00e7ado um filme promocional intitulado \u201cO Povo que Deu Voz \u00e0 Romaria\u201d com realiza\u00e7\u00e3o do designer\u00a0Osvaldo Liquito Mesquita,\u00a0banda sonora de Cl\u00e1udia Pascoal e voz off de Jos\u00e9 Manuel Monteiro.\",\"breadcrumb\":{\"@id\":\"https:\\\/\\\/www.altominho.tv\\\/site\\\/2025\\\/04\\\/12\\\/ribeira-de-viana-e-povo-de-mazarefes-juntam-se-para-dar-voz-a-romaria-das-boas-novas\\\/#breadcrumb\"},\"inLanguage\":\"pt-PT\",\"potentialAction\":[{\"@type\":\"ReadAction\",\"target\":[\"https:\\\/\\\/www.altominho.tv\\\/site\\\/2025\\\/04\\\/12\\\/ribeira-de-viana-e-povo-de-mazarefes-juntam-se-para-dar-voz-a-romaria-das-boas-novas\\\/\"]}]},{\"@type\":\"ImageObject\",\"inLanguage\":\"pt-PT\",\"@id\":\"https:\\\/\\\/www.altominho.tv\\\/site\\\/2025\\\/04\\\/12\\\/ribeira-de-viana-e-povo-de-mazarefes-juntam-se-para-dar-voz-a-romaria-das-boas-novas\\\/#primaryimage\",\"url\":\"https:\\\/\\\/www.altominho.tv\\\/site\\\/wp-content\\\/uploads\\\/2025\\\/04\\\/filme.jpg\",\"contentUrl\":\"https:\\\/\\\/www.altominho.tv\\\/site\\\/wp-content\\\/uploads\\\/2025\\\/04\\\/filme.jpg\",\"width\":1200,\"height\":630},{\"@type\":\"BreadcrumbList\",\"@id\":\"https:\\\/\\\/www.altominho.tv\\\/site\\\/2025\\\/04\\\/12\\\/ribeira-de-viana-e-povo-de-mazarefes-juntam-se-para-dar-voz-a-romaria-das-boas-novas\\\/#breadcrumb\",\"itemListElement\":[{\"@type\":\"ListItem\",\"position\":1,\"name\":\"In\u00edcio\",\"item\":\"https:\\\/\\\/www.altominho.tv\\\/site\\\/\"},{\"@type\":\"ListItem\",\"position\":2,\"name\":\"Ribeira de Viana e povo de Mazarefes juntam-se para dar voz \u00e0 Romaria das Boas Novas\"}]},{\"@type\":\"WebSite\",\"@id\":\"https:\\\/\\\/www.altominho.tv\\\/site\\\/#website\",\"url\":\"https:\\\/\\\/www.altominho.tv\\\/site\\\/\",\"name\":\"Altominho.tv\",\"description\":\"A sua regi\u00e3o \u00e0 dist\u00e2ncia de um clique...\",\"potentialAction\":[{\"@type\":\"SearchAction\",\"target\":{\"@type\":\"EntryPoint\",\"urlTemplate\":\"https:\\\/\\\/www.altominho.tv\\\/site\\\/?s={search_term_string}\"},\"query-input\":{\"@type\":\"PropertyValueSpecification\",\"valueRequired\":true,\"valueName\":\"search_term_string\"}}],\"inLanguage\":\"pt-PT\"},{\"@type\":\"Person\",\"@id\":\"https:\\\/\\\/www.altominho.tv\\\/site\\\/#\\\/schema\\\/person\\\/4e536851627d7914baf3dac752b6af22\",\"name\":\"Altominho.tv\",\"image\":{\"@type\":\"ImageObject\",\"inLanguage\":\"pt-PT\",\"@id\":\"https:\\\/\\\/www.altominho.tv\\\/site\\\/wp-content\\\/uploads\\\/2019\\\/11\\\/Logo_Avatar_2-150x150.jpg\",\"url\":\"https:\\\/\\\/www.altominho.tv\\\/site\\\/wp-content\\\/uploads\\\/2019\\\/11\\\/Logo_Avatar_2-150x150.jpg\",\"contentUrl\":\"https:\\\/\\\/www.altominho.tv\\\/site\\\/wp-content\\\/uploads\\\/2019\\\/11\\\/Logo_Avatar_2-150x150.jpg\",\"caption\":\"Altominho.tv\"},\"url\":\"https:\\\/\\\/www.altominho.tv\\\/site\\\/author\\\/altominhotv-tecnico\\\/\"}]}<\/script>\n<!-- \/ Yoast SEO Premium plugin. -->","yoast_head_json":{"title":"Ribeira de Viana e povo de Mazarefes juntam-se para dar voz \u00e0 Romaria das Boas Novas","description":"Em prepara\u00e7\u00e3o para a Romaria das Boas Novas, a decorrer de 24 a 28 de abril, foi lan\u00e7ado um filme promocional intitulado \u201cO Povo que Deu Voz \u00e0 Romaria\u201d com realiza\u00e7\u00e3o do designer\u00a0Osvaldo Liquito Mesquita,\u00a0banda sonora de Cl\u00e1udia Pascoal e voz off de Jos\u00e9 Manuel Monteiro.","robots":{"index":"index","follow":"follow","max-snippet":"max-snippet:-1","max-image-preview":"max-image-preview:large","max-video-preview":"max-video-preview:-1"},"canonical":"https:\/\/www.altominho.tv\/site\/2025\/04\/12\/ribeira-de-viana-e-povo-de-mazarefes-juntam-se-para-dar-voz-a-romaria-das-boas-novas\/","og_locale":"pt_PT","og_type":"article","og_title":"Ribeira de Viana e povo de Mazarefes juntam-se para dar voz \u00e0 Romaria das Boas Novas","og_description":"Em prepara\u00e7\u00e3o para a Romaria das Boas Novas, a decorrer de 24 a 28 de abril, foi lan\u00e7ado um filme promocional intitulado \u201cO Povo que Deu Voz \u00e0 Romaria\u201d com realiza\u00e7\u00e3o do designer\u00a0Osvaldo Liquito Mesquita,\u00a0banda sonora de Cl\u00e1udia Pascoal e voz off de Jos\u00e9 Manuel Monteiro.","og_url":"https:\/\/www.altominho.tv\/site\/2025\/04\/12\/ribeira-de-viana-e-povo-de-mazarefes-juntam-se-para-dar-voz-a-romaria-das-boas-novas\/","og_site_name":"Altominho.tv","article_publisher":"https:\/\/www.facebook.com\/altominhotv","article_published_time":"2025-04-12T16:00:09+00:00","article_modified_time":"2025-04-12T16:00:12+00:00","og_image":[{"width":1200,"height":630,"url":"https:\/\/www.altominho.tv\/site\/wp-content\/uploads\/2025\/04\/filme.jpg","type":"image\/jpeg"}],"author":"Altominho.tv","twitter_card":"summary_large_image","twitter_creator":"@altominhoTV","twitter_site":"@altominhoTV","twitter_misc":{"Escrito por":"Altominho.tv","Tempo estimado de leitura":"3 minutos"},"schema":{"@context":"https:\/\/schema.org","@graph":[{"@type":"Article","@id":"https:\/\/www.altominho.tv\/site\/2025\/04\/12\/ribeira-de-viana-e-povo-de-mazarefes-juntam-se-para-dar-voz-a-romaria-das-boas-novas\/#article","isPartOf":{"@id":"https:\/\/www.altominho.tv\/site\/2025\/04\/12\/ribeira-de-viana-e-povo-de-mazarefes-juntam-se-para-dar-voz-a-romaria-das-boas-novas\/"},"author":{"name":"Altominho.tv","@id":"https:\/\/www.altominho.tv\/site\/#\/schema\/person\/4e536851627d7914baf3dac752b6af22"},"headline":"Ribeira de Viana e povo de Mazarefes juntam-se para dar voz \u00e0 Romaria das Boas Novas","datePublished":"2025-04-12T16:00:09+00:00","dateModified":"2025-04-12T16:00:12+00:00","mainEntityOfPage":{"@id":"https:\/\/www.altominho.tv\/site\/2025\/04\/12\/ribeira-de-viana-e-povo-de-mazarefes-juntam-se-para-dar-voz-a-romaria-das-boas-novas\/"},"wordCount":503,"image":{"@id":"https:\/\/www.altominho.tv\/site\/2025\/04\/12\/ribeira-de-viana-e-povo-de-mazarefes-juntam-se-para-dar-voz-a-romaria-das-boas-novas\/#primaryimage"},"thumbnailUrl":"https:\/\/www.altominho.tv\/site\/wp-content\/uploads\/2025\/04\/filme.jpg","keywords":["Cultura","Sociedade"],"articleSection":["Viana do Castelo"],"inLanguage":"pt-PT","copyrightYear":"2025","copyrightHolder":{"@id":"https:\/\/www.altominho.tv\/site\/#organization"}},{"@type":"WebPage","@id":"https:\/\/www.altominho.tv\/site\/2025\/04\/12\/ribeira-de-viana-e-povo-de-mazarefes-juntam-se-para-dar-voz-a-romaria-das-boas-novas\/","url":"https:\/\/www.altominho.tv\/site\/2025\/04\/12\/ribeira-de-viana-e-povo-de-mazarefes-juntam-se-para-dar-voz-a-romaria-das-boas-novas\/","name":"Ribeira de Viana e povo de Mazarefes juntam-se para dar voz \u00e0 Romaria das Boas Novas","isPartOf":{"@id":"https:\/\/www.altominho.tv\/site\/#website"},"primaryImageOfPage":{"@id":"https:\/\/www.altominho.tv\/site\/2025\/04\/12\/ribeira-de-viana-e-povo-de-mazarefes-juntam-se-para-dar-voz-a-romaria-das-boas-novas\/#primaryimage"},"image":{"@id":"https:\/\/www.altominho.tv\/site\/2025\/04\/12\/ribeira-de-viana-e-povo-de-mazarefes-juntam-se-para-dar-voz-a-romaria-das-boas-novas\/#primaryimage"},"thumbnailUrl":"https:\/\/www.altominho.tv\/site\/wp-content\/uploads\/2025\/04\/filme.jpg","datePublished":"2025-04-12T16:00:09+00:00","dateModified":"2025-04-12T16:00:12+00:00","author":{"@id":"https:\/\/www.altominho.tv\/site\/#\/schema\/person\/4e536851627d7914baf3dac752b6af22"},"description":"Em prepara\u00e7\u00e3o para a Romaria das Boas Novas, a decorrer de 24 a 28 de abril, foi lan\u00e7ado um filme promocional intitulado \u201cO Povo que Deu Voz \u00e0 Romaria\u201d com realiza\u00e7\u00e3o do designer\u00a0Osvaldo Liquito Mesquita,\u00a0banda sonora de Cl\u00e1udia Pascoal e voz off de Jos\u00e9 Manuel Monteiro.","breadcrumb":{"@id":"https:\/\/www.altominho.tv\/site\/2025\/04\/12\/ribeira-de-viana-e-povo-de-mazarefes-juntam-se-para-dar-voz-a-romaria-das-boas-novas\/#breadcrumb"},"inLanguage":"pt-PT","potentialAction":[{"@type":"ReadAction","target":["https:\/\/www.altominho.tv\/site\/2025\/04\/12\/ribeira-de-viana-e-povo-de-mazarefes-juntam-se-para-dar-voz-a-romaria-das-boas-novas\/"]}]},{"@type":"ImageObject","inLanguage":"pt-PT","@id":"https:\/\/www.altominho.tv\/site\/2025\/04\/12\/ribeira-de-viana-e-povo-de-mazarefes-juntam-se-para-dar-voz-a-romaria-das-boas-novas\/#primaryimage","url":"https:\/\/www.altominho.tv\/site\/wp-content\/uploads\/2025\/04\/filme.jpg","contentUrl":"https:\/\/www.altominho.tv\/site\/wp-content\/uploads\/2025\/04\/filme.jpg","width":1200,"height":630},{"@type":"BreadcrumbList","@id":"https:\/\/www.altominho.tv\/site\/2025\/04\/12\/ribeira-de-viana-e-povo-de-mazarefes-juntam-se-para-dar-voz-a-romaria-das-boas-novas\/#breadcrumb","itemListElement":[{"@type":"ListItem","position":1,"name":"In\u00edcio","item":"https:\/\/www.altominho.tv\/site\/"},{"@type":"ListItem","position":2,"name":"Ribeira de Viana e povo de Mazarefes juntam-se para dar voz \u00e0 Romaria das Boas Novas"}]},{"@type":"WebSite","@id":"https:\/\/www.altominho.tv\/site\/#website","url":"https:\/\/www.altominho.tv\/site\/","name":"Altominho.tv","description":"A sua regi\u00e3o \u00e0 dist\u00e2ncia de um clique...","potentialAction":[{"@type":"SearchAction","target":{"@type":"EntryPoint","urlTemplate":"https:\/\/www.altominho.tv\/site\/?s={search_term_string}"},"query-input":{"@type":"PropertyValueSpecification","valueRequired":true,"valueName":"search_term_string"}}],"inLanguage":"pt-PT"},{"@type":"Person","@id":"https:\/\/www.altominho.tv\/site\/#\/schema\/person\/4e536851627d7914baf3dac752b6af22","name":"Altominho.tv","image":{"@type":"ImageObject","inLanguage":"pt-PT","@id":"https:\/\/www.altominho.tv\/site\/wp-content\/uploads\/2019\/11\/Logo_Avatar_2-150x150.jpg","url":"https:\/\/www.altominho.tv\/site\/wp-content\/uploads\/2019\/11\/Logo_Avatar_2-150x150.jpg","contentUrl":"https:\/\/www.altominho.tv\/site\/wp-content\/uploads\/2019\/11\/Logo_Avatar_2-150x150.jpg","caption":"Altominho.tv"},"url":"https:\/\/www.altominho.tv\/site\/author\/altominhotv-tecnico\/"}]}},"_links":{"self":[{"href":"https:\/\/www.altominho.tv\/site\/wp-json\/wp\/v2\/posts\/117055","targetHints":{"allow":["GET"]}}],"collection":[{"href":"https:\/\/www.altominho.tv\/site\/wp-json\/wp\/v2\/posts"}],"about":[{"href":"https:\/\/www.altominho.tv\/site\/wp-json\/wp\/v2\/types\/post"}],"author":[{"embeddable":true,"href":"https:\/\/www.altominho.tv\/site\/wp-json\/wp\/v2\/users\/1"}],"replies":[{"embeddable":true,"href":"https:\/\/www.altominho.tv\/site\/wp-json\/wp\/v2\/comments?post=117055"}],"version-history":[{"count":1,"href":"https:\/\/www.altominho.tv\/site\/wp-json\/wp\/v2\/posts\/117055\/revisions"}],"predecessor-version":[{"id":117057,"href":"https:\/\/www.altominho.tv\/site\/wp-json\/wp\/v2\/posts\/117055\/revisions\/117057"}],"wp:featuredmedia":[{"embeddable":true,"href":"https:\/\/www.altominho.tv\/site\/wp-json\/wp\/v2\/media\/117056"}],"wp:attachment":[{"href":"https:\/\/www.altominho.tv\/site\/wp-json\/wp\/v2\/media?parent=117055"}],"wp:term":[{"taxonomy":"category","embeddable":true,"href":"https:\/\/www.altominho.tv\/site\/wp-json\/wp\/v2\/categories?post=117055"},{"taxonomy":"post_tag","embeddable":true,"href":"https:\/\/www.altominho.tv\/site\/wp-json\/wp\/v2\/tags?post=117055"}],"curies":[{"name":"wp","href":"https:\/\/api.w.org\/{rel}","templated":true}]}}