{"id":117037,"date":"2025-04-11T17:20:41","date_gmt":"2025-04-11T16:20:41","guid":{"rendered":"https:\/\/www.altominho.tv\/site\/?p=117037"},"modified":"2025-04-11T17:20:45","modified_gmt":"2025-04-11T16:20:45","slug":"valenca-instala-abrigos-para-gatos-de-rua-na-cidade","status":"publish","type":"post","link":"https:\/\/www.altominho.tv\/site\/2025\/04\/11\/valenca-instala-abrigos-para-gatos-de-rua-na-cidade\/","title":{"rendered":"Valen\u00e7a instala abrigos para gatos de rua na cidade"},"content":{"rendered":"\n<p>A C\u00e2mara Municipal de Valen\u00e7a pretende colocar 20 novos abrigos para gatos de rua em v\u00e1rios pontos da cidade, substituindo as antigas estruturas improvisadas e j\u00e1 degradadas feitas de madeira e cart\u00e3o.<\/p>\n\n\n\n<p>A interven\u00e7\u00e3o arrancou esta quinta-feira, 10 de abril, com a instala\u00e7\u00e3o dos primeiros cinco abrigos no Largo de Santa Maria dos Anjos, na zona da Fortaleza.<\/p>\n\n\n\n<p>Na zona hist\u00f3rica, est\u00e3o previstos mais abrigos junto ao tribunal e na Rua da Oliveira. Os restantes ser\u00e3o colocados em locais como o Largo da Lua de Mel, Rua de Val Flores, Rua do Jardim Municipal e Rua das Antas, informa o munic\u00edpio.<\/p>\n\n\n\n<p>Esta medida integra-se na pol\u00edtica municipal de bem-estar animal, que inclui ainda a cria\u00e7\u00e3o de um novo Centro de Recolha Oficial (CRO) para c\u00e3es e gatos, j\u00e1 em fase final de constru\u00e7\u00e3o, no Parque Empresarial de Valen\u00e7a. Paralelamente, encontra-se em desenvolvimento  um programa de Captura, Esteriliza\u00e7\u00e3o e Devolu\u00e7\u00e3o (CED), que tem como finalidade melhorar a qualidade de vida dos animais de rua e gerir o seu n\u00famero de forma respons\u00e1vel.<\/p>\n","protected":false},"excerpt":{"rendered":"<p>A C\u00e2mara Municipal de Valen\u00e7a pretende colocar 20 novos abrigos para gatos de rua em v\u00e1rios pontos da cidade, substituindo as antigas estruturas improvisadas e j\u00e1 degradadas feitas de madeira e cart\u00e3o. A interven\u00e7\u00e3o arrancou esta quinta-feira, 10 de abril, com a instala\u00e7\u00e3o dos primeiros cinco abrigos no Largo de Santa Maria dos Anjos, na [&hellip;]<\/p>\n","protected":false},"author":1,"featured_media":117038,"comment_status":"closed","ping_status":"closed","sticky":false,"template":"","format":"standard","meta":{"_exactmetrics_skip_tracking":false,"_exactmetrics_sitenote_active":false,"_exactmetrics_sitenote_note":"","_exactmetrics_sitenote_category":0,"footnotes":""},"categories":[13],"tags":[27],"class_list":["post-117037","post","type-post","status-publish","format-standard","has-post-thumbnail","hentry","category-valenca","tag-sociedade"],"yoast_head":"<!-- This site is optimized with the Yoast SEO Premium plugin v27.5 (Yoast SEO v27.5) - https:\/\/yoast.com\/product\/yoast-seo-premium-wordpress\/ -->\n<title>Valen\u00e7a instala abrigos para gatos de rua na cidade<\/title>\n<meta name=\"description\" content=\"A C\u00e2mara Municipal de Valen\u00e7a pretende colocar 20 novos abrigos para gatos de rua em v\u00e1rios pontos da cidade, substituindo as antigas estruturas improvisadas e j\u00e1 degradadas feitas de madeira e cart\u00e3o.\" \/>\n<meta name=\"robots\" content=\"index, follow, max-snippet:-1, max-image-preview:large, max-video-preview:-1\" \/>\n<link rel=\"canonical\" href=\"https:\/\/www.altominho.tv\/site\/2025\/04\/11\/valenca-instala-abrigos-para-gatos-de-rua-na-cidade\/\" \/>\n<meta property=\"og:locale\" content=\"pt_PT\" \/>\n<meta property=\"og:type\" content=\"article\" \/>\n<meta property=\"og:title\" content=\"Valen\u00e7a instala abrigos para gatos de rua na cidade\" \/>\n<meta property=\"og:description\" content=\"A C\u00e2mara Municipal de Valen\u00e7a pretende colocar 20 novos abrigos para gatos de rua em v\u00e1rios pontos da cidade, substituindo as antigas estruturas improvisadas e j\u00e1 degradadas feitas de madeira e cart\u00e3o.\" \/>\n<meta property=\"og:url\" content=\"https:\/\/www.altominho.tv\/site\/2025\/04\/11\/valenca-instala-abrigos-para-gatos-de-rua-na-cidade\/\" \/>\n<meta property=\"og:site_name\" content=\"Altominho.tv\" \/>\n<meta property=\"article:publisher\" content=\"https:\/\/www.facebook.com\/altominhotv\" \/>\n<meta property=\"article:published_time\" content=\"2025-04-11T16:20:41+00:00\" \/>\n<meta property=\"article:modified_time\" content=\"2025-04-11T16:20:45+00:00\" \/>\n<meta property=\"og:image\" content=\"https:\/\/www.altominho.tv\/site\/wp-content\/uploads\/2025\/04\/abrigo-gatos.png\" \/>\n\t<meta property=\"og:image:width\" content=\"1200\" \/>\n\t<meta property=\"og:image:height\" content=\"630\" \/>\n\t<meta property=\"og:image:type\" content=\"image\/png\" \/>\n<meta name=\"author\" content=\"Altominho.tv\" \/>\n<meta name=\"twitter:card\" content=\"summary_large_image\" \/>\n<meta name=\"twitter:creator\" content=\"@altominhoTV\" \/>\n<meta name=\"twitter:site\" content=\"@altominhoTV\" \/>\n<meta name=\"twitter:label1\" content=\"Escrito por\" \/>\n\t<meta name=\"twitter:data1\" content=\"Altominho.tv\" \/>\n\t<meta name=\"twitter:label2\" content=\"Tempo estimado de leitura\" \/>\n\t<meta name=\"twitter:data2\" content=\"2 minutos\" \/>\n<script type=\"application\/ld+json\" class=\"yoast-schema-graph\">{\"@context\":\"https:\\\/\\\/schema.org\",\"@graph\":[{\"@type\":\"Article\",\"@id\":\"https:\\\/\\\/www.altominho.tv\\\/site\\\/2025\\\/04\\\/11\\\/valenca-instala-abrigos-para-gatos-de-rua-na-cidade\\\/#article\",\"isPartOf\":{\"@id\":\"https:\\\/\\\/www.altominho.tv\\\/site\\\/2025\\\/04\\\/11\\\/valenca-instala-abrigos-para-gatos-de-rua-na-cidade\\\/\"},\"author\":{\"name\":\"Altominho.tv\",\"@id\":\"https:\\\/\\\/www.altominho.tv\\\/site\\\/#\\\/schema\\\/person\\\/4e536851627d7914baf3dac752b6af22\"},\"headline\":\"Valen\u00e7a instala abrigos para gatos de rua na cidade\",\"datePublished\":\"2025-04-11T16:20:41+00:00\",\"dateModified\":\"2025-04-11T16:20:45+00:00\",\"mainEntityOfPage\":{\"@id\":\"https:\\\/\\\/www.altominho.tv\\\/site\\\/2025\\\/04\\\/11\\\/valenca-instala-abrigos-para-gatos-de-rua-na-cidade\\\/\"},\"wordCount\":198,\"image\":{\"@id\":\"https:\\\/\\\/www.altominho.tv\\\/site\\\/2025\\\/04\\\/11\\\/valenca-instala-abrigos-para-gatos-de-rua-na-cidade\\\/#primaryimage\"},\"thumbnailUrl\":\"https:\\\/\\\/www.altominho.tv\\\/site\\\/wp-content\\\/uploads\\\/2025\\\/04\\\/abrigo-gatos.png\",\"keywords\":[\"Sociedade\"],\"articleSection\":[\"Valen\u00e7a\"],\"inLanguage\":\"pt-PT\",\"copyrightYear\":\"2025\",\"copyrightHolder\":{\"@id\":\"https:\\\/\\\/www.altominho.tv\\\/site\\\/#organization\"}},{\"@type\":\"WebPage\",\"@id\":\"https:\\\/\\\/www.altominho.tv\\\/site\\\/2025\\\/04\\\/11\\\/valenca-instala-abrigos-para-gatos-de-rua-na-cidade\\\/\",\"url\":\"https:\\\/\\\/www.altominho.tv\\\/site\\\/2025\\\/04\\\/11\\\/valenca-instala-abrigos-para-gatos-de-rua-na-cidade\\\/\",\"name\":\"Valen\u00e7a instala abrigos para gatos de rua na cidade\",\"isPartOf\":{\"@id\":\"https:\\\/\\\/www.altominho.tv\\\/site\\\/#website\"},\"primaryImageOfPage\":{\"@id\":\"https:\\\/\\\/www.altominho.tv\\\/site\\\/2025\\\/04\\\/11\\\/valenca-instala-abrigos-para-gatos-de-rua-na-cidade\\\/#primaryimage\"},\"image\":{\"@id\":\"https:\\\/\\\/www.altominho.tv\\\/site\\\/2025\\\/04\\\/11\\\/valenca-instala-abrigos-para-gatos-de-rua-na-cidade\\\/#primaryimage\"},\"thumbnailUrl\":\"https:\\\/\\\/www.altominho.tv\\\/site\\\/wp-content\\\/uploads\\\/2025\\\/04\\\/abrigo-gatos.png\",\"datePublished\":\"2025-04-11T16:20:41+00:00\",\"dateModified\":\"2025-04-11T16:20:45+00:00\",\"author\":{\"@id\":\"https:\\\/\\\/www.altominho.tv\\\/site\\\/#\\\/schema\\\/person\\\/4e536851627d7914baf3dac752b6af22\"},\"description\":\"A C\u00e2mara Municipal de Valen\u00e7a pretende colocar 20 novos abrigos para gatos de rua em v\u00e1rios pontos da cidade, substituindo as antigas estruturas improvisadas e j\u00e1 degradadas feitas de madeira e cart\u00e3o.\",\"breadcrumb\":{\"@id\":\"https:\\\/\\\/www.altominho.tv\\\/site\\\/2025\\\/04\\\/11\\\/valenca-instala-abrigos-para-gatos-de-rua-na-cidade\\\/#breadcrumb\"},\"inLanguage\":\"pt-PT\",\"potentialAction\":[{\"@type\":\"ReadAction\",\"target\":[\"https:\\\/\\\/www.altominho.tv\\\/site\\\/2025\\\/04\\\/11\\\/valenca-instala-abrigos-para-gatos-de-rua-na-cidade\\\/\"]}]},{\"@type\":\"ImageObject\",\"inLanguage\":\"pt-PT\",\"@id\":\"https:\\\/\\\/www.altominho.tv\\\/site\\\/2025\\\/04\\\/11\\\/valenca-instala-abrigos-para-gatos-de-rua-na-cidade\\\/#primaryimage\",\"url\":\"https:\\\/\\\/www.altominho.tv\\\/site\\\/wp-content\\\/uploads\\\/2025\\\/04\\\/abrigo-gatos.png\",\"contentUrl\":\"https:\\\/\\\/www.altominho.tv\\\/site\\\/wp-content\\\/uploads\\\/2025\\\/04\\\/abrigo-gatos.png\",\"width\":1200,\"height\":630},{\"@type\":\"BreadcrumbList\",\"@id\":\"https:\\\/\\\/www.altominho.tv\\\/site\\\/2025\\\/04\\\/11\\\/valenca-instala-abrigos-para-gatos-de-rua-na-cidade\\\/#breadcrumb\",\"itemListElement\":[{\"@type\":\"ListItem\",\"position\":1,\"name\":\"In\u00edcio\",\"item\":\"https:\\\/\\\/www.altominho.tv\\\/site\\\/\"},{\"@type\":\"ListItem\",\"position\":2,\"name\":\"Valen\u00e7a instala abrigos para gatos de rua na cidade\"}]},{\"@type\":\"WebSite\",\"@id\":\"https:\\\/\\\/www.altominho.tv\\\/site\\\/#website\",\"url\":\"https:\\\/\\\/www.altominho.tv\\\/site\\\/\",\"name\":\"Altominho.tv\",\"description\":\"A sua regi\u00e3o \u00e0 dist\u00e2ncia de um clique...\",\"potentialAction\":[{\"@type\":\"SearchAction\",\"target\":{\"@type\":\"EntryPoint\",\"urlTemplate\":\"https:\\\/\\\/www.altominho.tv\\\/site\\\/?s={search_term_string}\"},\"query-input\":{\"@type\":\"PropertyValueSpecification\",\"valueRequired\":true,\"valueName\":\"search_term_string\"}}],\"inLanguage\":\"pt-PT\"},{\"@type\":\"Person\",\"@id\":\"https:\\\/\\\/www.altominho.tv\\\/site\\\/#\\\/schema\\\/person\\\/4e536851627d7914baf3dac752b6af22\",\"name\":\"Altominho.tv\",\"image\":{\"@type\":\"ImageObject\",\"inLanguage\":\"pt-PT\",\"@id\":\"https:\\\/\\\/www.altominho.tv\\\/site\\\/wp-content\\\/uploads\\\/2019\\\/11\\\/Logo_Avatar_2-150x150.jpg\",\"url\":\"https:\\\/\\\/www.altominho.tv\\\/site\\\/wp-content\\\/uploads\\\/2019\\\/11\\\/Logo_Avatar_2-150x150.jpg\",\"contentUrl\":\"https:\\\/\\\/www.altominho.tv\\\/site\\\/wp-content\\\/uploads\\\/2019\\\/11\\\/Logo_Avatar_2-150x150.jpg\",\"caption\":\"Altominho.tv\"},\"url\":\"https:\\\/\\\/www.altominho.tv\\\/site\\\/author\\\/altominhotv-tecnico\\\/\"}]}<\/script>\n<!-- \/ Yoast SEO Premium plugin. -->","yoast_head_json":{"title":"Valen\u00e7a instala abrigos para gatos de rua na cidade","description":"A C\u00e2mara Municipal de Valen\u00e7a pretende colocar 20 novos abrigos para gatos de rua em v\u00e1rios pontos da cidade, substituindo as antigas estruturas improvisadas e j\u00e1 degradadas feitas de madeira e cart\u00e3o.","robots":{"index":"index","follow":"follow","max-snippet":"max-snippet:-1","max-image-preview":"max-image-preview:large","max-video-preview":"max-video-preview:-1"},"canonical":"https:\/\/www.altominho.tv\/site\/2025\/04\/11\/valenca-instala-abrigos-para-gatos-de-rua-na-cidade\/","og_locale":"pt_PT","og_type":"article","og_title":"Valen\u00e7a instala abrigos para gatos de rua na cidade","og_description":"A C\u00e2mara Municipal de Valen\u00e7a pretende colocar 20 novos abrigos para gatos de rua em v\u00e1rios pontos da cidade, substituindo as antigas estruturas improvisadas e j\u00e1 degradadas feitas de madeira e cart\u00e3o.","og_url":"https:\/\/www.altominho.tv\/site\/2025\/04\/11\/valenca-instala-abrigos-para-gatos-de-rua-na-cidade\/","og_site_name":"Altominho.tv","article_publisher":"https:\/\/www.facebook.com\/altominhotv","article_published_time":"2025-04-11T16:20:41+00:00","article_modified_time":"2025-04-11T16:20:45+00:00","og_image":[{"width":1200,"height":630,"url":"https:\/\/www.altominho.tv\/site\/wp-content\/uploads\/2025\/04\/abrigo-gatos.png","type":"image\/png"}],"author":"Altominho.tv","twitter_card":"summary_large_image","twitter_creator":"@altominhoTV","twitter_site":"@altominhoTV","twitter_misc":{"Escrito por":"Altominho.tv","Tempo estimado de leitura":"2 minutos"},"schema":{"@context":"https:\/\/schema.org","@graph":[{"@type":"Article","@id":"https:\/\/www.altominho.tv\/site\/2025\/04\/11\/valenca-instala-abrigos-para-gatos-de-rua-na-cidade\/#article","isPartOf":{"@id":"https:\/\/www.altominho.tv\/site\/2025\/04\/11\/valenca-instala-abrigos-para-gatos-de-rua-na-cidade\/"},"author":{"name":"Altominho.tv","@id":"https:\/\/www.altominho.tv\/site\/#\/schema\/person\/4e536851627d7914baf3dac752b6af22"},"headline":"Valen\u00e7a instala abrigos para gatos de rua na cidade","datePublished":"2025-04-11T16:20:41+00:00","dateModified":"2025-04-11T16:20:45+00:00","mainEntityOfPage":{"@id":"https:\/\/www.altominho.tv\/site\/2025\/04\/11\/valenca-instala-abrigos-para-gatos-de-rua-na-cidade\/"},"wordCount":198,"image":{"@id":"https:\/\/www.altominho.tv\/site\/2025\/04\/11\/valenca-instala-abrigos-para-gatos-de-rua-na-cidade\/#primaryimage"},"thumbnailUrl":"https:\/\/www.altominho.tv\/site\/wp-content\/uploads\/2025\/04\/abrigo-gatos.png","keywords":["Sociedade"],"articleSection":["Valen\u00e7a"],"inLanguage":"pt-PT","copyrightYear":"2025","copyrightHolder":{"@id":"https:\/\/www.altominho.tv\/site\/#organization"}},{"@type":"WebPage","@id":"https:\/\/www.altominho.tv\/site\/2025\/04\/11\/valenca-instala-abrigos-para-gatos-de-rua-na-cidade\/","url":"https:\/\/www.altominho.tv\/site\/2025\/04\/11\/valenca-instala-abrigos-para-gatos-de-rua-na-cidade\/","name":"Valen\u00e7a instala abrigos para gatos de rua na cidade","isPartOf":{"@id":"https:\/\/www.altominho.tv\/site\/#website"},"primaryImageOfPage":{"@id":"https:\/\/www.altominho.tv\/site\/2025\/04\/11\/valenca-instala-abrigos-para-gatos-de-rua-na-cidade\/#primaryimage"},"image":{"@id":"https:\/\/www.altominho.tv\/site\/2025\/04\/11\/valenca-instala-abrigos-para-gatos-de-rua-na-cidade\/#primaryimage"},"thumbnailUrl":"https:\/\/www.altominho.tv\/site\/wp-content\/uploads\/2025\/04\/abrigo-gatos.png","datePublished":"2025-04-11T16:20:41+00:00","dateModified":"2025-04-11T16:20:45+00:00","author":{"@id":"https:\/\/www.altominho.tv\/site\/#\/schema\/person\/4e536851627d7914baf3dac752b6af22"},"description":"A C\u00e2mara Municipal de Valen\u00e7a pretende colocar 20 novos abrigos para gatos de rua em v\u00e1rios pontos da cidade, substituindo as antigas estruturas improvisadas e j\u00e1 degradadas feitas de madeira e cart\u00e3o.","breadcrumb":{"@id":"https:\/\/www.altominho.tv\/site\/2025\/04\/11\/valenca-instala-abrigos-para-gatos-de-rua-na-cidade\/#breadcrumb"},"inLanguage":"pt-PT","potentialAction":[{"@type":"ReadAction","target":["https:\/\/www.altominho.tv\/site\/2025\/04\/11\/valenca-instala-abrigos-para-gatos-de-rua-na-cidade\/"]}]},{"@type":"ImageObject","inLanguage":"pt-PT","@id":"https:\/\/www.altominho.tv\/site\/2025\/04\/11\/valenca-instala-abrigos-para-gatos-de-rua-na-cidade\/#primaryimage","url":"https:\/\/www.altominho.tv\/site\/wp-content\/uploads\/2025\/04\/abrigo-gatos.png","contentUrl":"https:\/\/www.altominho.tv\/site\/wp-content\/uploads\/2025\/04\/abrigo-gatos.png","width":1200,"height":630},{"@type":"BreadcrumbList","@id":"https:\/\/www.altominho.tv\/site\/2025\/04\/11\/valenca-instala-abrigos-para-gatos-de-rua-na-cidade\/#breadcrumb","itemListElement":[{"@type":"ListItem","position":1,"name":"In\u00edcio","item":"https:\/\/www.altominho.tv\/site\/"},{"@type":"ListItem","position":2,"name":"Valen\u00e7a instala abrigos para gatos de rua na cidade"}]},{"@type":"WebSite","@id":"https:\/\/www.altominho.tv\/site\/#website","url":"https:\/\/www.altominho.tv\/site\/","name":"Altominho.tv","description":"A sua regi\u00e3o \u00e0 dist\u00e2ncia de um clique...","potentialAction":[{"@type":"SearchAction","target":{"@type":"EntryPoint","urlTemplate":"https:\/\/www.altominho.tv\/site\/?s={search_term_string}"},"query-input":{"@type":"PropertyValueSpecification","valueRequired":true,"valueName":"search_term_string"}}],"inLanguage":"pt-PT"},{"@type":"Person","@id":"https:\/\/www.altominho.tv\/site\/#\/schema\/person\/4e536851627d7914baf3dac752b6af22","name":"Altominho.tv","image":{"@type":"ImageObject","inLanguage":"pt-PT","@id":"https:\/\/www.altominho.tv\/site\/wp-content\/uploads\/2019\/11\/Logo_Avatar_2-150x150.jpg","url":"https:\/\/www.altominho.tv\/site\/wp-content\/uploads\/2019\/11\/Logo_Avatar_2-150x150.jpg","contentUrl":"https:\/\/www.altominho.tv\/site\/wp-content\/uploads\/2019\/11\/Logo_Avatar_2-150x150.jpg","caption":"Altominho.tv"},"url":"https:\/\/www.altominho.tv\/site\/author\/altominhotv-tecnico\/"}]}},"_links":{"self":[{"href":"https:\/\/www.altominho.tv\/site\/wp-json\/wp\/v2\/posts\/117037","targetHints":{"allow":["GET"]}}],"collection":[{"href":"https:\/\/www.altominho.tv\/site\/wp-json\/wp\/v2\/posts"}],"about":[{"href":"https:\/\/www.altominho.tv\/site\/wp-json\/wp\/v2\/types\/post"}],"author":[{"embeddable":true,"href":"https:\/\/www.altominho.tv\/site\/wp-json\/wp\/v2\/users\/1"}],"replies":[{"embeddable":true,"href":"https:\/\/www.altominho.tv\/site\/wp-json\/wp\/v2\/comments?post=117037"}],"version-history":[{"count":1,"href":"https:\/\/www.altominho.tv\/site\/wp-json\/wp\/v2\/posts\/117037\/revisions"}],"predecessor-version":[{"id":117039,"href":"https:\/\/www.altominho.tv\/site\/wp-json\/wp\/v2\/posts\/117037\/revisions\/117039"}],"wp:featuredmedia":[{"embeddable":true,"href":"https:\/\/www.altominho.tv\/site\/wp-json\/wp\/v2\/media\/117038"}],"wp:attachment":[{"href":"https:\/\/www.altominho.tv\/site\/wp-json\/wp\/v2\/media?parent=117037"}],"wp:term":[{"taxonomy":"category","embeddable":true,"href":"https:\/\/www.altominho.tv\/site\/wp-json\/wp\/v2\/categories?post=117037"},{"taxonomy":"post_tag","embeddable":true,"href":"https:\/\/www.altominho.tv\/site\/wp-json\/wp\/v2\/tags?post=117037"}],"curies":[{"name":"wp","href":"https:\/\/api.w.org\/{rel}","templated":true}]}}