{"id":11699,"date":"2018-04-10T18:23:18","date_gmt":"2018-04-10T17:23:18","guid":{"rendered":"http:\/\/www.altominho.tv\/site\/?p=11699"},"modified":"2018-04-10T18:23:18","modified_gmt":"2018-04-10T17:23:18","slug":"alto-minho-lanca-programa-para-levar-concertos-a-30-monumentos-e-locais-historicos","status":"publish","type":"post","link":"https:\/\/www.altominho.tv\/site\/2018\/04\/10\/alto-minho-lanca-programa-para-levar-concertos-a-30-monumentos-e-locais-historicos\/","title":{"rendered":"Alto Minho lan\u00e7a programa para levar concertos a 30 monumentos e locais hist\u00f3ricos"},"content":{"rendered":"<p style=\"font-weight: 400\">O Alto Minho prepara-se para receber um programa cultural com um forte impacto na economia, no turismo e na gastronomia da regi\u00e3o. Durante 15 meses, v\u00e3o realizar-se 30 concertos, envolvendo 30 locais hist\u00f3ricos e mais de 1500 m\u00fasicos em 10 munic\u00edpios.<\/p>\n<p style=\"font-weight: 400\">Centrada na capacita\u00e7\u00e3o, valoriza\u00e7\u00e3o e no desenvolvimento de compet\u00eancias de diferentes gera\u00e7\u00f5es de m\u00fasicos locais, bem como na cria\u00e7\u00e3o de novos talentos, a iniciativa \u201cSente a Hist\u00f3ria \u2013 A\u00e7\u00e3o Promocional M\u00fasica &amp; Patrim\u00f3nio \u2013 Novas Abordagens, Novos Talentos\u201d representa um investimento de cerca de 350 mil euros.<\/p>\n<p style=\"font-weight: 400\">O programa, apresentado hoje, decorre de 13 maio de 2018 a 20 de julho de 2019 e, al\u00e9m de permitir uma experi\u00eancia de hist\u00f3ria ao vivo, onde a m\u00fasica vai ao encontro da arquitetura dos monumentos, contempla tr\u00eas linhas de programa\u00e7\u00e3o: bandas filarm\u00f3nicas, coros e jovens solistas do Alto Minho em contexto de m\u00fasica de c\u00e2mara. O objetivo \u00e9 surpreender o p\u00fablico com novas abordagens e novos talentos.<\/p>\n<p style=\"font-weight: 400\">As bandas filarm\u00f3nicas, com os novos maestros a garantirem o rejuvenescimento desta arte na sequ\u00eancia das a\u00e7\u00f5es de capacita\u00e7\u00e3o deste programa, v\u00e3o apresentar interpreta\u00e7\u00f5es de jazz, rock, hard rock, metal, fado, m\u00fasica barroca, popular ou erudita, em formato ac\u00fastico ou com o som amplificado.<\/p>\n<p style=\"font-weight: 400\">No que diz respeito aos coros, vai existir um cruzamento da tradi\u00e7\u00e3o com a inova\u00e7\u00e3o. O cantor popular Augusto \u201cCan\u00e1rio\u201d escreveu as letras das can\u00e7\u00f5es que v\u00e3o invocar as lendas da regi\u00e3o e, em paralelo, seis compositores de refer\u00eancia do jazz \u00e0 m\u00fasica erudita, Afonso Alves, Eurico Carrapatoso, Carlos Azevedo, Fernando Lapa, M\u00e1rio Laginha e Telmo Marques, compuseram 10 pe\u00e7as corais polif\u00f3nicas e ainda, um Hino do Alto Minho.<\/p>\n<p style=\"font-weight: 400\">Vozes de todos os coros da regi\u00e3o v\u00e3o fundir-se no Coro Intermunicipal do Alto Minho, num\u00a0<em>gran finale<\/em>\u00a0a encerrar o projeto em julho de 2019, onde interpretar\u00e3o todas as can\u00e7\u00f5es das lendas e o Hino do Alto Minho.<\/p>\n<p style=\"font-weight: 400\">De modo a fomentar os tesouros patrimoniais do Alto Minho, os dias em que ocorrerem os concertos ser\u00e3o tamb\u00e9m de patrim\u00f3nio aberto, com visitas guiadas.<\/p>\n<p style=\"font-weight: 400\">Em simult\u00e2neo, ir\u00e1 decorrer um passatempo onde os visitantes poder\u00e3o registar fotografias suas, tiradas nessas visitas e concertos, habilitando-se a ganhar vouchers para desfrutar em restaurantes da regi\u00e3o.<\/p>\n<p style=\"font-weight: 400\">Organizado pela CIM Alto Minho, produzido pela Eventos David Martins, cofinanciado pelo Norte2020 \u2013 Programa Operacional Regional do Norte e integrado no Ano Europeu do Patrim\u00f3nio Cultural em Portugal, a a\u00e7\u00e3o envolve os concelhos de Arcos de Valdevez, Caminha, Melga\u00e7o, Mon\u00e7\u00e3o, Paredes de Coura, Ponta da Barca, Ponte de Lima, Valen\u00e7a, Viana do Castelo e Vila Nova de Cerveira.<\/p>\n<p style=\"font-weight: 400\">Para o presidente da CIM Alto Minho, Jos\u00e9 Maria Costa, esta iniciativa \u201cpretende promover a valoriza\u00e7\u00e3o de dois importantes ativos do territ\u00f3rio: por um lado, os principais ativos patrimoniais, salientando-se o facto do Alto Minho integrar no seu territ\u00f3rio um conjunto not\u00e1vel de patrim\u00f3nio material e imaterial, sendo inclusivamente a NUT III da Regi\u00e3o Norte com o maior n\u00famero de Monumentos Nacionais, num total de 53 im\u00f3veis com esta classifica\u00e7\u00e3o; e, por outro, a capacita\u00e7\u00e3o dos ativos culturais e art\u00edsticos associados \u00e0 m\u00fasica, possibilitando a valoriza\u00e7\u00e3o e o reconhecimento de diferentes gera\u00e7\u00f5es de m\u00fasicos oriundos ou residentes no Alto Minho, atrav\u00e9s do desenvolvimento de compet\u00eancias e de novas parcerias, criando ainda condi\u00e7\u00f5es para valoriza\u00e7\u00e3o p\u00fablica desses talentos&#8221;.<\/p>\n<p style=\"font-weight: 400\">A valoriza\u00e7\u00e3o destes ativos permitir\u00e1 assim gerar um programa de anima\u00e7\u00e3o e dinamiza\u00e7\u00e3o tur\u00edstica em rede ao n\u00edvel intermunicipal que, no entender de Jos\u00e9 Maria Costa, \u201ccontribuir\u00e1 para o enriquecimento da oferta tur\u00edstica regional e, particularmente, para o desenvolvimento do turismo cultural, proporcionando ainda a forma\u00e7\u00e3o de novos p\u00fablicos e, consequentemente, o surgimento de atividades econ\u00f3micas relacionadas com o turismo e o desenvolvimento sustentado da regi\u00e3o\u201d.<\/p>\n<p style=\"font-weight: 400\">Jos\u00e9 Maria Costa salienta ainda que, com este conjunto de iniciativas, \u201ca CIM e os munic\u00edpios do Alto Minho se associam, tamb\u00e9m, ao programa das comemora\u00e7\u00f5es do Ano Europeu do Patrim\u00f3nio Cultural em Portugal (que se assinala, pela primeira vez, por iniciativa da Comiss\u00e3o Europeia), com o objetivo de promover o conhecimento, o usufruto e a valoriza\u00e7\u00e3o tur\u00edstica dos valores hist\u00f3ricos, art\u00edsticos e cient\u00edficos dos bens patrimoniais do Alto Minho\u201d.<\/p>\n<p style=\"font-weight: 400\">David Martins, produtor do evento, explica que \u201ceste projeto conta com a participa\u00e7\u00e3o de 15 empresas e entidades, 12 bandas filarm\u00f3nicas, 10 coros, 10 orquestras e grupos de m\u00fasica de c\u00e2mara e uma equipa t\u00e9cnica composta por mais de 30 pessoas\u201d. \u201cAt\u00e9 ao momento, e no \u00e2mbito deste projeto, mais de 100 pessoas j\u00e1 receberam a\u00e7\u00f5es de capacita\u00e7\u00e3o, desde jovens maestros, agentes de informa\u00e7\u00e3o tur\u00edstica e cultural e elementos dos coros e bandas filarm\u00f3nicas, sendo que este n\u00famero vai aumentar nos pr\u00f3ximos meses\u201d, conclui.<\/p>\n","protected":false},"excerpt":{"rendered":"<p>O Alto Minho prepara-se para receber um programa cultural com um forte impacto na economia, no turismo e na gastronomia da regi\u00e3o. Durante 15 meses, v\u00e3o realizar-se 30 concertos, envolvendo 30 locais hist\u00f3ricos e mais de 1500 m\u00fasicos em 10 munic\u00edpios. Centrada na capacita\u00e7\u00e3o, valoriza\u00e7\u00e3o e no desenvolvimento de compet\u00eancias de diferentes gera\u00e7\u00f5es de m\u00fasicos [&hellip;]<\/p>\n","protected":false},"author":12,"featured_media":11700,"comment_status":"closed","ping_status":"closed","sticky":false,"template":"","format":"standard","meta":{"_exactmetrics_skip_tracking":false,"_exactmetrics_sitenote_active":false,"_exactmetrics_sitenote_note":"","_exactmetrics_sitenote_category":0,"footnotes":""},"categories":[73],"tags":[19],"class_list":["post-11699","post","type-post","status-publish","format-standard","has-post-thumbnail","hentry","category-alto-minho","tag-cultura"],"yoast_head":"<!-- This site is optimized with the Yoast SEO Premium plugin v27.5 (Yoast SEO v27.5) - https:\/\/yoast.com\/product\/yoast-seo-premium-wordpress\/ -->\n<title>Alto Minho lan\u00e7a programa para levar concertos a 30 monumentos e locais hist\u00f3ricos<\/title>\n<meta name=\"robots\" content=\"index, follow, max-snippet:-1, max-image-preview:large, max-video-preview:-1\" \/>\n<link rel=\"canonical\" href=\"https:\/\/www.altominho.tv\/site\/2018\/04\/10\/alto-minho-lanca-programa-para-levar-concertos-a-30-monumentos-e-locais-historicos\/\" \/>\n<meta property=\"og:locale\" content=\"pt_PT\" \/>\n<meta property=\"og:type\" content=\"article\" \/>\n<meta property=\"og:title\" content=\"Alto Minho lan\u00e7a programa para levar concertos a 30 monumentos e locais hist\u00f3ricos\" \/>\n<meta property=\"og:description\" content=\"O Alto Minho prepara-se para receber um programa cultural com um forte impacto na economia, no turismo e na gastronomia da regi\u00e3o. Durante 15 meses, v\u00e3o realizar-se 30 concertos, envolvendo 30 locais hist\u00f3ricos e mais de 1500 m\u00fasicos em 10 munic\u00edpios. Centrada na capacita\u00e7\u00e3o, valoriza\u00e7\u00e3o e no desenvolvimento de compet\u00eancias de diferentes gera\u00e7\u00f5es de m\u00fasicos [&hellip;]\" \/>\n<meta property=\"og:url\" content=\"https:\/\/www.altominho.tv\/site\/2018\/04\/10\/alto-minho-lanca-programa-para-levar-concertos-a-30-monumentos-e-locais-historicos\/\" \/>\n<meta property=\"og:site_name\" content=\"Altominho.tv\" \/>\n<meta property=\"article:publisher\" content=\"https:\/\/www.facebook.com\/altominhotv\" \/>\n<meta property=\"article:published_time\" content=\"2018-04-10T17:23:18+00:00\" \/>\n<meta property=\"og:image\" content=\"https:\/\/www.altominho.tv\/site\/wp-content\/uploads\/2018\/04\/concerto.jpg\" \/>\n\t<meta property=\"og:image:width\" content=\"1920\" \/>\n\t<meta property=\"og:image:height\" content=\"1080\" \/>\n\t<meta property=\"og:image:type\" content=\"image\/jpeg\" \/>\n<meta name=\"author\" content=\"Andreia Ferreira\" \/>\n<meta name=\"twitter:card\" content=\"summary_large_image\" \/>\n<meta name=\"twitter:creator\" content=\"@altominhoTV\" \/>\n<meta name=\"twitter:site\" content=\"@altominhoTV\" \/>\n<meta name=\"twitter:label1\" content=\"Escrito por\" \/>\n\t<meta name=\"twitter:data1\" content=\"Andreia Ferreira\" \/>\n\t<meta name=\"twitter:label2\" content=\"Tempo estimado de leitura\" \/>\n\t<meta name=\"twitter:data2\" content=\"4 minutos\" \/>\n<script type=\"application\/ld+json\" class=\"yoast-schema-graph\">{\"@context\":\"https:\\\/\\\/schema.org\",\"@graph\":[{\"@type\":\"Article\",\"@id\":\"https:\\\/\\\/www.altominho.tv\\\/site\\\/2018\\\/04\\\/10\\\/alto-minho-lanca-programa-para-levar-concertos-a-30-monumentos-e-locais-historicos\\\/#article\",\"isPartOf\":{\"@id\":\"https:\\\/\\\/www.altominho.tv\\\/site\\\/2018\\\/04\\\/10\\\/alto-minho-lanca-programa-para-levar-concertos-a-30-monumentos-e-locais-historicos\\\/\"},\"author\":{\"name\":\"Andreia Ferreira\",\"@id\":\"https:\\\/\\\/www.altominho.tv\\\/site\\\/#\\\/schema\\\/person\\\/d9be4265364723f14ea8e0d56a1d38cd\"},\"headline\":\"Alto Minho lan\u00e7a programa para levar concertos a 30 monumentos e locais hist\u00f3ricos\",\"datePublished\":\"2018-04-10T17:23:18+00:00\",\"mainEntityOfPage\":{\"@id\":\"https:\\\/\\\/www.altominho.tv\\\/site\\\/2018\\\/04\\\/10\\\/alto-minho-lanca-programa-para-levar-concertos-a-30-monumentos-e-locais-historicos\\\/\"},\"wordCount\":857,\"image\":{\"@id\":\"https:\\\/\\\/www.altominho.tv\\\/site\\\/2018\\\/04\\\/10\\\/alto-minho-lanca-programa-para-levar-concertos-a-30-monumentos-e-locais-historicos\\\/#primaryimage\"},\"thumbnailUrl\":\"https:\\\/\\\/www.altominho.tv\\\/site\\\/wp-content\\\/uploads\\\/2018\\\/04\\\/concerto.jpg\",\"keywords\":[\"Cultura\"],\"articleSection\":[\"Alto Minho\"],\"inLanguage\":\"pt-PT\",\"copyrightYear\":\"2018\",\"copyrightHolder\":{\"@id\":\"https:\\\/\\\/www.altominho.tv\\\/site\\\/#organization\"}},{\"@type\":\"WebPage\",\"@id\":\"https:\\\/\\\/www.altominho.tv\\\/site\\\/2018\\\/04\\\/10\\\/alto-minho-lanca-programa-para-levar-concertos-a-30-monumentos-e-locais-historicos\\\/\",\"url\":\"https:\\\/\\\/www.altominho.tv\\\/site\\\/2018\\\/04\\\/10\\\/alto-minho-lanca-programa-para-levar-concertos-a-30-monumentos-e-locais-historicos\\\/\",\"name\":\"Alto Minho lan\u00e7a programa para levar concertos a 30 monumentos e locais hist\u00f3ricos\",\"isPartOf\":{\"@id\":\"https:\\\/\\\/www.altominho.tv\\\/site\\\/#website\"},\"primaryImageOfPage\":{\"@id\":\"https:\\\/\\\/www.altominho.tv\\\/site\\\/2018\\\/04\\\/10\\\/alto-minho-lanca-programa-para-levar-concertos-a-30-monumentos-e-locais-historicos\\\/#primaryimage\"},\"image\":{\"@id\":\"https:\\\/\\\/www.altominho.tv\\\/site\\\/2018\\\/04\\\/10\\\/alto-minho-lanca-programa-para-levar-concertos-a-30-monumentos-e-locais-historicos\\\/#primaryimage\"},\"thumbnailUrl\":\"https:\\\/\\\/www.altominho.tv\\\/site\\\/wp-content\\\/uploads\\\/2018\\\/04\\\/concerto.jpg\",\"datePublished\":\"2018-04-10T17:23:18+00:00\",\"author\":{\"@id\":\"https:\\\/\\\/www.altominho.tv\\\/site\\\/#\\\/schema\\\/person\\\/d9be4265364723f14ea8e0d56a1d38cd\"},\"breadcrumb\":{\"@id\":\"https:\\\/\\\/www.altominho.tv\\\/site\\\/2018\\\/04\\\/10\\\/alto-minho-lanca-programa-para-levar-concertos-a-30-monumentos-e-locais-historicos\\\/#breadcrumb\"},\"inLanguage\":\"pt-PT\",\"potentialAction\":[{\"@type\":\"ReadAction\",\"target\":[\"https:\\\/\\\/www.altominho.tv\\\/site\\\/2018\\\/04\\\/10\\\/alto-minho-lanca-programa-para-levar-concertos-a-30-monumentos-e-locais-historicos\\\/\"]}]},{\"@type\":\"ImageObject\",\"inLanguage\":\"pt-PT\",\"@id\":\"https:\\\/\\\/www.altominho.tv\\\/site\\\/2018\\\/04\\\/10\\\/alto-minho-lanca-programa-para-levar-concertos-a-30-monumentos-e-locais-historicos\\\/#primaryimage\",\"url\":\"https:\\\/\\\/www.altominho.tv\\\/site\\\/wp-content\\\/uploads\\\/2018\\\/04\\\/concerto.jpg\",\"contentUrl\":\"https:\\\/\\\/www.altominho.tv\\\/site\\\/wp-content\\\/uploads\\\/2018\\\/04\\\/concerto.jpg\",\"width\":1920,\"height\":1080},{\"@type\":\"BreadcrumbList\",\"@id\":\"https:\\\/\\\/www.altominho.tv\\\/site\\\/2018\\\/04\\\/10\\\/alto-minho-lanca-programa-para-levar-concertos-a-30-monumentos-e-locais-historicos\\\/#breadcrumb\",\"itemListElement\":[{\"@type\":\"ListItem\",\"position\":1,\"name\":\"In\u00edcio\",\"item\":\"https:\\\/\\\/www.altominho.tv\\\/site\\\/\"},{\"@type\":\"ListItem\",\"position\":2,\"name\":\"Alto Minho lan\u00e7a programa para levar concertos a 30 monumentos e locais hist\u00f3ricos\"}]},{\"@type\":\"WebSite\",\"@id\":\"https:\\\/\\\/www.altominho.tv\\\/site\\\/#website\",\"url\":\"https:\\\/\\\/www.altominho.tv\\\/site\\\/\",\"name\":\"Altominho.tv\",\"description\":\"A sua regi\u00e3o \u00e0 dist\u00e2ncia de um clique...\",\"potentialAction\":[{\"@type\":\"SearchAction\",\"target\":{\"@type\":\"EntryPoint\",\"urlTemplate\":\"https:\\\/\\\/www.altominho.tv\\\/site\\\/?s={search_term_string}\"},\"query-input\":{\"@type\":\"PropertyValueSpecification\",\"valueRequired\":true,\"valueName\":\"search_term_string\"}}],\"inLanguage\":\"pt-PT\"},{\"@type\":\"Person\",\"@id\":\"https:\\\/\\\/www.altominho.tv\\\/site\\\/#\\\/schema\\\/person\\\/d9be4265364723f14ea8e0d56a1d38cd\",\"name\":\"Andreia Ferreira\",\"image\":{\"@type\":\"ImageObject\",\"inLanguage\":\"pt-PT\",\"@id\":\"https:\\\/\\\/www.altominho.tv\\\/site\\\/wp-content\\\/uploads\\\/2021\\\/01\\\/AndreiaFerreira-150x150.jpg\",\"url\":\"https:\\\/\\\/www.altominho.tv\\\/site\\\/wp-content\\\/uploads\\\/2021\\\/01\\\/AndreiaFerreira-150x150.jpg\",\"contentUrl\":\"https:\\\/\\\/www.altominho.tv\\\/site\\\/wp-content\\\/uploads\\\/2021\\\/01\\\/AndreiaFerreira-150x150.jpg\",\"caption\":\"Andreia Ferreira\"},\"url\":\"https:\\\/\\\/www.altominho.tv\\\/site\\\/author\\\/andreiaferreira\\\/\"}]}<\/script>\n<!-- \/ Yoast SEO Premium plugin. -->","yoast_head_json":{"title":"Alto Minho lan\u00e7a programa para levar concertos a 30 monumentos e locais hist\u00f3ricos","robots":{"index":"index","follow":"follow","max-snippet":"max-snippet:-1","max-image-preview":"max-image-preview:large","max-video-preview":"max-video-preview:-1"},"canonical":"https:\/\/www.altominho.tv\/site\/2018\/04\/10\/alto-minho-lanca-programa-para-levar-concertos-a-30-monumentos-e-locais-historicos\/","og_locale":"pt_PT","og_type":"article","og_title":"Alto Minho lan\u00e7a programa para levar concertos a 30 monumentos e locais hist\u00f3ricos","og_description":"O Alto Minho prepara-se para receber um programa cultural com um forte impacto na economia, no turismo e na gastronomia da regi\u00e3o. Durante 15 meses, v\u00e3o realizar-se 30 concertos, envolvendo 30 locais hist\u00f3ricos e mais de 1500 m\u00fasicos em 10 munic\u00edpios. Centrada na capacita\u00e7\u00e3o, valoriza\u00e7\u00e3o e no desenvolvimento de compet\u00eancias de diferentes gera\u00e7\u00f5es de m\u00fasicos [&hellip;]","og_url":"https:\/\/www.altominho.tv\/site\/2018\/04\/10\/alto-minho-lanca-programa-para-levar-concertos-a-30-monumentos-e-locais-historicos\/","og_site_name":"Altominho.tv","article_publisher":"https:\/\/www.facebook.com\/altominhotv","article_published_time":"2018-04-10T17:23:18+00:00","og_image":[{"width":1920,"height":1080,"url":"https:\/\/www.altominho.tv\/site\/wp-content\/uploads\/2018\/04\/concerto.jpg","type":"image\/jpeg"}],"author":"Andreia Ferreira","twitter_card":"summary_large_image","twitter_creator":"@altominhoTV","twitter_site":"@altominhoTV","twitter_misc":{"Escrito por":"Andreia Ferreira","Tempo estimado de leitura":"4 minutos"},"schema":{"@context":"https:\/\/schema.org","@graph":[{"@type":"Article","@id":"https:\/\/www.altominho.tv\/site\/2018\/04\/10\/alto-minho-lanca-programa-para-levar-concertos-a-30-monumentos-e-locais-historicos\/#article","isPartOf":{"@id":"https:\/\/www.altominho.tv\/site\/2018\/04\/10\/alto-minho-lanca-programa-para-levar-concertos-a-30-monumentos-e-locais-historicos\/"},"author":{"name":"Andreia Ferreira","@id":"https:\/\/www.altominho.tv\/site\/#\/schema\/person\/d9be4265364723f14ea8e0d56a1d38cd"},"headline":"Alto Minho lan\u00e7a programa para levar concertos a 30 monumentos e locais hist\u00f3ricos","datePublished":"2018-04-10T17:23:18+00:00","mainEntityOfPage":{"@id":"https:\/\/www.altominho.tv\/site\/2018\/04\/10\/alto-minho-lanca-programa-para-levar-concertos-a-30-monumentos-e-locais-historicos\/"},"wordCount":857,"image":{"@id":"https:\/\/www.altominho.tv\/site\/2018\/04\/10\/alto-minho-lanca-programa-para-levar-concertos-a-30-monumentos-e-locais-historicos\/#primaryimage"},"thumbnailUrl":"https:\/\/www.altominho.tv\/site\/wp-content\/uploads\/2018\/04\/concerto.jpg","keywords":["Cultura"],"articleSection":["Alto Minho"],"inLanguage":"pt-PT","copyrightYear":"2018","copyrightHolder":{"@id":"https:\/\/www.altominho.tv\/site\/#organization"}},{"@type":"WebPage","@id":"https:\/\/www.altominho.tv\/site\/2018\/04\/10\/alto-minho-lanca-programa-para-levar-concertos-a-30-monumentos-e-locais-historicos\/","url":"https:\/\/www.altominho.tv\/site\/2018\/04\/10\/alto-minho-lanca-programa-para-levar-concertos-a-30-monumentos-e-locais-historicos\/","name":"Alto Minho lan\u00e7a programa para levar concertos a 30 monumentos e locais hist\u00f3ricos","isPartOf":{"@id":"https:\/\/www.altominho.tv\/site\/#website"},"primaryImageOfPage":{"@id":"https:\/\/www.altominho.tv\/site\/2018\/04\/10\/alto-minho-lanca-programa-para-levar-concertos-a-30-monumentos-e-locais-historicos\/#primaryimage"},"image":{"@id":"https:\/\/www.altominho.tv\/site\/2018\/04\/10\/alto-minho-lanca-programa-para-levar-concertos-a-30-monumentos-e-locais-historicos\/#primaryimage"},"thumbnailUrl":"https:\/\/www.altominho.tv\/site\/wp-content\/uploads\/2018\/04\/concerto.jpg","datePublished":"2018-04-10T17:23:18+00:00","author":{"@id":"https:\/\/www.altominho.tv\/site\/#\/schema\/person\/d9be4265364723f14ea8e0d56a1d38cd"},"breadcrumb":{"@id":"https:\/\/www.altominho.tv\/site\/2018\/04\/10\/alto-minho-lanca-programa-para-levar-concertos-a-30-monumentos-e-locais-historicos\/#breadcrumb"},"inLanguage":"pt-PT","potentialAction":[{"@type":"ReadAction","target":["https:\/\/www.altominho.tv\/site\/2018\/04\/10\/alto-minho-lanca-programa-para-levar-concertos-a-30-monumentos-e-locais-historicos\/"]}]},{"@type":"ImageObject","inLanguage":"pt-PT","@id":"https:\/\/www.altominho.tv\/site\/2018\/04\/10\/alto-minho-lanca-programa-para-levar-concertos-a-30-monumentos-e-locais-historicos\/#primaryimage","url":"https:\/\/www.altominho.tv\/site\/wp-content\/uploads\/2018\/04\/concerto.jpg","contentUrl":"https:\/\/www.altominho.tv\/site\/wp-content\/uploads\/2018\/04\/concerto.jpg","width":1920,"height":1080},{"@type":"BreadcrumbList","@id":"https:\/\/www.altominho.tv\/site\/2018\/04\/10\/alto-minho-lanca-programa-para-levar-concertos-a-30-monumentos-e-locais-historicos\/#breadcrumb","itemListElement":[{"@type":"ListItem","position":1,"name":"In\u00edcio","item":"https:\/\/www.altominho.tv\/site\/"},{"@type":"ListItem","position":2,"name":"Alto Minho lan\u00e7a programa para levar concertos a 30 monumentos e locais hist\u00f3ricos"}]},{"@type":"WebSite","@id":"https:\/\/www.altominho.tv\/site\/#website","url":"https:\/\/www.altominho.tv\/site\/","name":"Altominho.tv","description":"A sua regi\u00e3o \u00e0 dist\u00e2ncia de um clique...","potentialAction":[{"@type":"SearchAction","target":{"@type":"EntryPoint","urlTemplate":"https:\/\/www.altominho.tv\/site\/?s={search_term_string}"},"query-input":{"@type":"PropertyValueSpecification","valueRequired":true,"valueName":"search_term_string"}}],"inLanguage":"pt-PT"},{"@type":"Person","@id":"https:\/\/www.altominho.tv\/site\/#\/schema\/person\/d9be4265364723f14ea8e0d56a1d38cd","name":"Andreia Ferreira","image":{"@type":"ImageObject","inLanguage":"pt-PT","@id":"https:\/\/www.altominho.tv\/site\/wp-content\/uploads\/2021\/01\/AndreiaFerreira-150x150.jpg","url":"https:\/\/www.altominho.tv\/site\/wp-content\/uploads\/2021\/01\/AndreiaFerreira-150x150.jpg","contentUrl":"https:\/\/www.altominho.tv\/site\/wp-content\/uploads\/2021\/01\/AndreiaFerreira-150x150.jpg","caption":"Andreia Ferreira"},"url":"https:\/\/www.altominho.tv\/site\/author\/andreiaferreira\/"}]}},"_links":{"self":[{"href":"https:\/\/www.altominho.tv\/site\/wp-json\/wp\/v2\/posts\/11699","targetHints":{"allow":["GET"]}}],"collection":[{"href":"https:\/\/www.altominho.tv\/site\/wp-json\/wp\/v2\/posts"}],"about":[{"href":"https:\/\/www.altominho.tv\/site\/wp-json\/wp\/v2\/types\/post"}],"author":[{"embeddable":true,"href":"https:\/\/www.altominho.tv\/site\/wp-json\/wp\/v2\/users\/12"}],"replies":[{"embeddable":true,"href":"https:\/\/www.altominho.tv\/site\/wp-json\/wp\/v2\/comments?post=11699"}],"version-history":[{"count":0,"href":"https:\/\/www.altominho.tv\/site\/wp-json\/wp\/v2\/posts\/11699\/revisions"}],"wp:featuredmedia":[{"embeddable":true,"href":"https:\/\/www.altominho.tv\/site\/wp-json\/wp\/v2\/media\/11700"}],"wp:attachment":[{"href":"https:\/\/www.altominho.tv\/site\/wp-json\/wp\/v2\/media?parent=11699"}],"wp:term":[{"taxonomy":"category","embeddable":true,"href":"https:\/\/www.altominho.tv\/site\/wp-json\/wp\/v2\/categories?post=11699"},{"taxonomy":"post_tag","embeddable":true,"href":"https:\/\/www.altominho.tv\/site\/wp-json\/wp\/v2\/tags?post=11699"}],"curies":[{"name":"wp","href":"https:\/\/api.w.org\/{rel}","templated":true}]}}