{"id":116896,"date":"2025-04-09T16:04:47","date_gmt":"2025-04-09T15:04:47","guid":{"rendered":"https:\/\/www.altominho.tv\/site\/?p=116896"},"modified":"2025-04-09T16:04:50","modified_gmt":"2025-04-09T15:04:50","slug":"centenas-de-figurantes-recriam-a-procissao-do-senhor-dos-passos-em-pias","status":"publish","type":"post","link":"https:\/\/www.altominho.tv\/site\/2025\/04\/09\/centenas-de-figurantes-recriam-a-procissao-do-senhor-dos-passos-em-pias\/","title":{"rendered":"Centenas de figurantes recriam a Prociss\u00e3o do Senhor dos Passos em Pias"},"content":{"rendered":"<p class=\"p1\">A Fun\u00e7\u00e3o do Senhor dos Passos, prociss\u00e3o que se realiza em Pias, Mon\u00e7\u00e3o, h\u00e1 mais de 300 anos, re\u00fane centenas de figurados e milhares de pessoas. Como \u00e9 tradi\u00e7\u00e3o, esta prociss\u00e3o realiza-se sempre no domingo de ramos, este ano, a 13 de abril, pelas 15h00.<\/p>\n<p class=\"p1\">A b\u00ean\u00e7\u00e3o de ramos de palma e oliveira, decorre na Capela da Senhora do Encontro, seguindo-se a missa na Igreja Paroquial, ornamentada de escuro em sinal de luto.<\/p>\n<p class=\"p1\">Ap\u00f3s uma demorada prega\u00e7\u00e3o, o figurado come\u00e7a o \u201cdesfile\u201d pela igreja, enquanto o pregador explica o significado de cada uma das figuras na vida de Jesus Cristo. De seguida, cantam-se os \u201cMisereres\u201d e sai a prociss\u00e3o que ir\u00e1 percorrer as capelinhas da Paix\u00e3o de Cristo at\u00e9 \u00e0 Lapa (Calv\u00e1rio).<\/p>\n<p class=\"p1\">Um dos momentos mais emocionantes da prociss\u00e3o tem lugar no \u201cEncontro\u201d com dois momentos de acentuada carga religiosa: o beijo de Nossa Senhora a Jesus Cristo e o c\u00e2ntico da Ver\u00f3nica.\u00a0A partir daqui, tamb\u00e9m segue em prociss\u00e3o o andor de Nossa Senhora do Encontro.<\/p>\n<p class=\"p1\">Quando a prociss\u00e3o chega \u00e0 Lapa (Calv\u00e1rio) h\u00e1 um serm\u00e3o final e ouve-se, de novo, o c\u00e2ntico da Ver\u00f3nica. Depois de um pequeno descanso, regressa-se. Em sinal de luto, as bandeiras j\u00e1 n\u00e3o v\u00eam hasteadas e as pessoas cantam, invocando miseric\u00f3rdia ao Senhor.<\/p>\n<p class=\"p1\">Chegados \u00e0 Igreja Paroquial, as crian\u00e7as despem os vestidos, as velas das promessas apagam-se e o sino deixa de tocar, declarando o fim da prociss\u00e3o.<\/p>\n<p class=\"p3\"><b>\u00a0<\/b><\/p>\n","protected":false},"excerpt":{"rendered":"<p>A Fun\u00e7\u00e3o do Senhor dos Passos, prociss\u00e3o que se realiza em Pias, Mon\u00e7\u00e3o, h\u00e1 mais de 300 anos, re\u00fane centenas de figurados e milhares de pessoas. Como \u00e9 tradi\u00e7\u00e3o, esta prociss\u00e3o realiza-se sempre no domingo de ramos, este ano, a 13 de abril, pelas 15h00. A b\u00ean\u00e7\u00e3o de ramos de palma e oliveira, decorre na [&hellip;]<\/p>\n","protected":false},"author":1,"featured_media":116897,"comment_status":"closed","ping_status":"closed","sticky":false,"template":"","format":"standard","meta":{"_exactmetrics_skip_tracking":false,"_exactmetrics_sitenote_active":false,"_exactmetrics_sitenote_note":"","_exactmetrics_sitenote_category":0,"footnotes":""},"categories":[9],"tags":[19],"class_list":["post-116896","post","type-post","status-publish","format-standard","has-post-thumbnail","hentry","category-moncao","tag-cultura"],"yoast_head":"<!-- This site is optimized with the Yoast SEO Premium plugin v27.5 (Yoast SEO v27.5) - https:\/\/yoast.com\/product\/yoast-seo-premium-wordpress\/ -->\n<title>Centenas de figurantes recriam a Prociss\u00e3o do Senhor dos Passos em Pias<\/title>\n<meta name=\"description\" content=\"A Fun\u00e7\u00e3o do Senhor dos Passos, prociss\u00e3o que se realiza em Pias, Mon\u00e7\u00e3o, h\u00e1 mais de 300 anos, re\u00fane centenas de figurados e milhares de pessoas. Como \u00e9 tradi\u00e7\u00e3o, esta prociss\u00e3o realiza-se sempre no domingo de ramos, este ano, a 13 de abril, pelas 15h00.\" \/>\n<meta name=\"robots\" content=\"index, follow, max-snippet:-1, max-image-preview:large, max-video-preview:-1\" \/>\n<link rel=\"canonical\" href=\"https:\/\/www.altominho.tv\/site\/2025\/04\/09\/centenas-de-figurantes-recriam-a-procissao-do-senhor-dos-passos-em-pias\/\" \/>\n<meta property=\"og:locale\" content=\"pt_PT\" \/>\n<meta property=\"og:type\" content=\"article\" \/>\n<meta property=\"og:title\" content=\"Centenas de figurantes recriam a Prociss\u00e3o do Senhor dos Passos em Pias\" \/>\n<meta property=\"og:description\" content=\"A Fun\u00e7\u00e3o do Senhor dos Passos, prociss\u00e3o que se realiza em Pias, Mon\u00e7\u00e3o, h\u00e1 mais de 300 anos, re\u00fane centenas de figurados e milhares de pessoas. Como \u00e9 tradi\u00e7\u00e3o, esta prociss\u00e3o realiza-se sempre no domingo de ramos, este ano, a 13 de abril, pelas 15h00.\" \/>\n<meta property=\"og:url\" content=\"https:\/\/www.altominho.tv\/site\/2025\/04\/09\/centenas-de-figurantes-recriam-a-procissao-do-senhor-dos-passos-em-pias\/\" \/>\n<meta property=\"og:site_name\" content=\"Altominho.tv\" \/>\n<meta property=\"article:publisher\" content=\"https:\/\/www.facebook.com\/altominhotv\" \/>\n<meta property=\"article:published_time\" content=\"2025-04-09T15:04:47+00:00\" \/>\n<meta property=\"article:modified_time\" content=\"2025-04-09T15:04:50+00:00\" \/>\n<meta property=\"og:image\" content=\"https:\/\/www.altominho.tv\/site\/wp-content\/uploads\/2025\/04\/senhor-dos-passos.jpg\" \/>\n\t<meta property=\"og:image:width\" content=\"1200\" \/>\n\t<meta property=\"og:image:height\" content=\"630\" \/>\n\t<meta property=\"og:image:type\" content=\"image\/jpeg\" \/>\n<meta name=\"author\" content=\"Altominho.tv\" \/>\n<meta name=\"twitter:card\" content=\"summary_large_image\" \/>\n<meta name=\"twitter:creator\" content=\"@altominhoTV\" \/>\n<meta name=\"twitter:site\" content=\"@altominhoTV\" \/>\n<meta name=\"twitter:label1\" content=\"Escrito por\" \/>\n\t<meta name=\"twitter:data1\" content=\"Altominho.tv\" \/>\n\t<meta name=\"twitter:label2\" content=\"Tempo estimado de leitura\" \/>\n\t<meta name=\"twitter:data2\" content=\"2 minutos\" \/>\n<script type=\"application\/ld+json\" class=\"yoast-schema-graph\">{\"@context\":\"https:\\\/\\\/schema.org\",\"@graph\":[{\"@type\":\"Article\",\"@id\":\"https:\\\/\\\/www.altominho.tv\\\/site\\\/2025\\\/04\\\/09\\\/centenas-de-figurantes-recriam-a-procissao-do-senhor-dos-passos-em-pias\\\/#article\",\"isPartOf\":{\"@id\":\"https:\\\/\\\/www.altominho.tv\\\/site\\\/2025\\\/04\\\/09\\\/centenas-de-figurantes-recriam-a-procissao-do-senhor-dos-passos-em-pias\\\/\"},\"author\":{\"name\":\"Altominho.tv\",\"@id\":\"https:\\\/\\\/www.altominho.tv\\\/site\\\/#\\\/schema\\\/person\\\/4e536851627d7914baf3dac752b6af22\"},\"headline\":\"Centenas de figurantes recriam a Prociss\u00e3o do Senhor dos Passos em Pias\",\"datePublished\":\"2025-04-09T15:04:47+00:00\",\"dateModified\":\"2025-04-09T15:04:50+00:00\",\"mainEntityOfPage\":{\"@id\":\"https:\\\/\\\/www.altominho.tv\\\/site\\\/2025\\\/04\\\/09\\\/centenas-de-figurantes-recriam-a-procissao-do-senhor-dos-passos-em-pias\\\/\"},\"wordCount\":271,\"image\":{\"@id\":\"https:\\\/\\\/www.altominho.tv\\\/site\\\/2025\\\/04\\\/09\\\/centenas-de-figurantes-recriam-a-procissao-do-senhor-dos-passos-em-pias\\\/#primaryimage\"},\"thumbnailUrl\":\"https:\\\/\\\/www.altominho.tv\\\/site\\\/wp-content\\\/uploads\\\/2025\\\/04\\\/senhor-dos-passos.jpg\",\"keywords\":[\"Cultura\"],\"articleSection\":[\"Mon\u00e7\u00e3o\"],\"inLanguage\":\"pt-PT\",\"copyrightYear\":\"2025\",\"copyrightHolder\":{\"@id\":\"https:\\\/\\\/www.altominho.tv\\\/site\\\/#organization\"}},{\"@type\":\"WebPage\",\"@id\":\"https:\\\/\\\/www.altominho.tv\\\/site\\\/2025\\\/04\\\/09\\\/centenas-de-figurantes-recriam-a-procissao-do-senhor-dos-passos-em-pias\\\/\",\"url\":\"https:\\\/\\\/www.altominho.tv\\\/site\\\/2025\\\/04\\\/09\\\/centenas-de-figurantes-recriam-a-procissao-do-senhor-dos-passos-em-pias\\\/\",\"name\":\"Centenas de figurantes recriam a Prociss\u00e3o do Senhor dos Passos em Pias\",\"isPartOf\":{\"@id\":\"https:\\\/\\\/www.altominho.tv\\\/site\\\/#website\"},\"primaryImageOfPage\":{\"@id\":\"https:\\\/\\\/www.altominho.tv\\\/site\\\/2025\\\/04\\\/09\\\/centenas-de-figurantes-recriam-a-procissao-do-senhor-dos-passos-em-pias\\\/#primaryimage\"},\"image\":{\"@id\":\"https:\\\/\\\/www.altominho.tv\\\/site\\\/2025\\\/04\\\/09\\\/centenas-de-figurantes-recriam-a-procissao-do-senhor-dos-passos-em-pias\\\/#primaryimage\"},\"thumbnailUrl\":\"https:\\\/\\\/www.altominho.tv\\\/site\\\/wp-content\\\/uploads\\\/2025\\\/04\\\/senhor-dos-passos.jpg\",\"datePublished\":\"2025-04-09T15:04:47+00:00\",\"dateModified\":\"2025-04-09T15:04:50+00:00\",\"author\":{\"@id\":\"https:\\\/\\\/www.altominho.tv\\\/site\\\/#\\\/schema\\\/person\\\/4e536851627d7914baf3dac752b6af22\"},\"description\":\"A Fun\u00e7\u00e3o do Senhor dos Passos, prociss\u00e3o que se realiza em Pias, Mon\u00e7\u00e3o, h\u00e1 mais de 300 anos, re\u00fane centenas de figurados e milhares de pessoas. Como \u00e9 tradi\u00e7\u00e3o, esta prociss\u00e3o realiza-se sempre no domingo de ramos, este ano, a 13 de abril, pelas 15h00.\",\"breadcrumb\":{\"@id\":\"https:\\\/\\\/www.altominho.tv\\\/site\\\/2025\\\/04\\\/09\\\/centenas-de-figurantes-recriam-a-procissao-do-senhor-dos-passos-em-pias\\\/#breadcrumb\"},\"inLanguage\":\"pt-PT\",\"potentialAction\":[{\"@type\":\"ReadAction\",\"target\":[\"https:\\\/\\\/www.altominho.tv\\\/site\\\/2025\\\/04\\\/09\\\/centenas-de-figurantes-recriam-a-procissao-do-senhor-dos-passos-em-pias\\\/\"]}]},{\"@type\":\"ImageObject\",\"inLanguage\":\"pt-PT\",\"@id\":\"https:\\\/\\\/www.altominho.tv\\\/site\\\/2025\\\/04\\\/09\\\/centenas-de-figurantes-recriam-a-procissao-do-senhor-dos-passos-em-pias\\\/#primaryimage\",\"url\":\"https:\\\/\\\/www.altominho.tv\\\/site\\\/wp-content\\\/uploads\\\/2025\\\/04\\\/senhor-dos-passos.jpg\",\"contentUrl\":\"https:\\\/\\\/www.altominho.tv\\\/site\\\/wp-content\\\/uploads\\\/2025\\\/04\\\/senhor-dos-passos.jpg\",\"width\":1200,\"height\":630},{\"@type\":\"BreadcrumbList\",\"@id\":\"https:\\\/\\\/www.altominho.tv\\\/site\\\/2025\\\/04\\\/09\\\/centenas-de-figurantes-recriam-a-procissao-do-senhor-dos-passos-em-pias\\\/#breadcrumb\",\"itemListElement\":[{\"@type\":\"ListItem\",\"position\":1,\"name\":\"In\u00edcio\",\"item\":\"https:\\\/\\\/www.altominho.tv\\\/site\\\/\"},{\"@type\":\"ListItem\",\"position\":2,\"name\":\"Centenas de figurantes recriam a Prociss\u00e3o do Senhor dos Passos em Pias\"}]},{\"@type\":\"WebSite\",\"@id\":\"https:\\\/\\\/www.altominho.tv\\\/site\\\/#website\",\"url\":\"https:\\\/\\\/www.altominho.tv\\\/site\\\/\",\"name\":\"Altominho.tv\",\"description\":\"A sua regi\u00e3o \u00e0 dist\u00e2ncia de um clique...\",\"potentialAction\":[{\"@type\":\"SearchAction\",\"target\":{\"@type\":\"EntryPoint\",\"urlTemplate\":\"https:\\\/\\\/www.altominho.tv\\\/site\\\/?s={search_term_string}\"},\"query-input\":{\"@type\":\"PropertyValueSpecification\",\"valueRequired\":true,\"valueName\":\"search_term_string\"}}],\"inLanguage\":\"pt-PT\"},{\"@type\":\"Person\",\"@id\":\"https:\\\/\\\/www.altominho.tv\\\/site\\\/#\\\/schema\\\/person\\\/4e536851627d7914baf3dac752b6af22\",\"name\":\"Altominho.tv\",\"image\":{\"@type\":\"ImageObject\",\"inLanguage\":\"pt-PT\",\"@id\":\"https:\\\/\\\/www.altominho.tv\\\/site\\\/wp-content\\\/uploads\\\/2019\\\/11\\\/Logo_Avatar_2-150x150.jpg\",\"url\":\"https:\\\/\\\/www.altominho.tv\\\/site\\\/wp-content\\\/uploads\\\/2019\\\/11\\\/Logo_Avatar_2-150x150.jpg\",\"contentUrl\":\"https:\\\/\\\/www.altominho.tv\\\/site\\\/wp-content\\\/uploads\\\/2019\\\/11\\\/Logo_Avatar_2-150x150.jpg\",\"caption\":\"Altominho.tv\"},\"url\":\"https:\\\/\\\/www.altominho.tv\\\/site\\\/author\\\/altominhotv-tecnico\\\/\"}]}<\/script>\n<!-- \/ Yoast SEO Premium plugin. -->","yoast_head_json":{"title":"Centenas de figurantes recriam a Prociss\u00e3o do Senhor dos Passos em Pias","description":"A Fun\u00e7\u00e3o do Senhor dos Passos, prociss\u00e3o que se realiza em Pias, Mon\u00e7\u00e3o, h\u00e1 mais de 300 anos, re\u00fane centenas de figurados e milhares de pessoas. Como \u00e9 tradi\u00e7\u00e3o, esta prociss\u00e3o realiza-se sempre no domingo de ramos, este ano, a 13 de abril, pelas 15h00.","robots":{"index":"index","follow":"follow","max-snippet":"max-snippet:-1","max-image-preview":"max-image-preview:large","max-video-preview":"max-video-preview:-1"},"canonical":"https:\/\/www.altominho.tv\/site\/2025\/04\/09\/centenas-de-figurantes-recriam-a-procissao-do-senhor-dos-passos-em-pias\/","og_locale":"pt_PT","og_type":"article","og_title":"Centenas de figurantes recriam a Prociss\u00e3o do Senhor dos Passos em Pias","og_description":"A Fun\u00e7\u00e3o do Senhor dos Passos, prociss\u00e3o que se realiza em Pias, Mon\u00e7\u00e3o, h\u00e1 mais de 300 anos, re\u00fane centenas de figurados e milhares de pessoas. Como \u00e9 tradi\u00e7\u00e3o, esta prociss\u00e3o realiza-se sempre no domingo de ramos, este ano, a 13 de abril, pelas 15h00.","og_url":"https:\/\/www.altominho.tv\/site\/2025\/04\/09\/centenas-de-figurantes-recriam-a-procissao-do-senhor-dos-passos-em-pias\/","og_site_name":"Altominho.tv","article_publisher":"https:\/\/www.facebook.com\/altominhotv","article_published_time":"2025-04-09T15:04:47+00:00","article_modified_time":"2025-04-09T15:04:50+00:00","og_image":[{"width":1200,"height":630,"url":"https:\/\/www.altominho.tv\/site\/wp-content\/uploads\/2025\/04\/senhor-dos-passos.jpg","type":"image\/jpeg"}],"author":"Altominho.tv","twitter_card":"summary_large_image","twitter_creator":"@altominhoTV","twitter_site":"@altominhoTV","twitter_misc":{"Escrito por":"Altominho.tv","Tempo estimado de leitura":"2 minutos"},"schema":{"@context":"https:\/\/schema.org","@graph":[{"@type":"Article","@id":"https:\/\/www.altominho.tv\/site\/2025\/04\/09\/centenas-de-figurantes-recriam-a-procissao-do-senhor-dos-passos-em-pias\/#article","isPartOf":{"@id":"https:\/\/www.altominho.tv\/site\/2025\/04\/09\/centenas-de-figurantes-recriam-a-procissao-do-senhor-dos-passos-em-pias\/"},"author":{"name":"Altominho.tv","@id":"https:\/\/www.altominho.tv\/site\/#\/schema\/person\/4e536851627d7914baf3dac752b6af22"},"headline":"Centenas de figurantes recriam a Prociss\u00e3o do Senhor dos Passos em Pias","datePublished":"2025-04-09T15:04:47+00:00","dateModified":"2025-04-09T15:04:50+00:00","mainEntityOfPage":{"@id":"https:\/\/www.altominho.tv\/site\/2025\/04\/09\/centenas-de-figurantes-recriam-a-procissao-do-senhor-dos-passos-em-pias\/"},"wordCount":271,"image":{"@id":"https:\/\/www.altominho.tv\/site\/2025\/04\/09\/centenas-de-figurantes-recriam-a-procissao-do-senhor-dos-passos-em-pias\/#primaryimage"},"thumbnailUrl":"https:\/\/www.altominho.tv\/site\/wp-content\/uploads\/2025\/04\/senhor-dos-passos.jpg","keywords":["Cultura"],"articleSection":["Mon\u00e7\u00e3o"],"inLanguage":"pt-PT","copyrightYear":"2025","copyrightHolder":{"@id":"https:\/\/www.altominho.tv\/site\/#organization"}},{"@type":"WebPage","@id":"https:\/\/www.altominho.tv\/site\/2025\/04\/09\/centenas-de-figurantes-recriam-a-procissao-do-senhor-dos-passos-em-pias\/","url":"https:\/\/www.altominho.tv\/site\/2025\/04\/09\/centenas-de-figurantes-recriam-a-procissao-do-senhor-dos-passos-em-pias\/","name":"Centenas de figurantes recriam a Prociss\u00e3o do Senhor dos Passos em Pias","isPartOf":{"@id":"https:\/\/www.altominho.tv\/site\/#website"},"primaryImageOfPage":{"@id":"https:\/\/www.altominho.tv\/site\/2025\/04\/09\/centenas-de-figurantes-recriam-a-procissao-do-senhor-dos-passos-em-pias\/#primaryimage"},"image":{"@id":"https:\/\/www.altominho.tv\/site\/2025\/04\/09\/centenas-de-figurantes-recriam-a-procissao-do-senhor-dos-passos-em-pias\/#primaryimage"},"thumbnailUrl":"https:\/\/www.altominho.tv\/site\/wp-content\/uploads\/2025\/04\/senhor-dos-passos.jpg","datePublished":"2025-04-09T15:04:47+00:00","dateModified":"2025-04-09T15:04:50+00:00","author":{"@id":"https:\/\/www.altominho.tv\/site\/#\/schema\/person\/4e536851627d7914baf3dac752b6af22"},"description":"A Fun\u00e7\u00e3o do Senhor dos Passos, prociss\u00e3o que se realiza em Pias, Mon\u00e7\u00e3o, h\u00e1 mais de 300 anos, re\u00fane centenas de figurados e milhares de pessoas. Como \u00e9 tradi\u00e7\u00e3o, esta prociss\u00e3o realiza-se sempre no domingo de ramos, este ano, a 13 de abril, pelas 15h00.","breadcrumb":{"@id":"https:\/\/www.altominho.tv\/site\/2025\/04\/09\/centenas-de-figurantes-recriam-a-procissao-do-senhor-dos-passos-em-pias\/#breadcrumb"},"inLanguage":"pt-PT","potentialAction":[{"@type":"ReadAction","target":["https:\/\/www.altominho.tv\/site\/2025\/04\/09\/centenas-de-figurantes-recriam-a-procissao-do-senhor-dos-passos-em-pias\/"]}]},{"@type":"ImageObject","inLanguage":"pt-PT","@id":"https:\/\/www.altominho.tv\/site\/2025\/04\/09\/centenas-de-figurantes-recriam-a-procissao-do-senhor-dos-passos-em-pias\/#primaryimage","url":"https:\/\/www.altominho.tv\/site\/wp-content\/uploads\/2025\/04\/senhor-dos-passos.jpg","contentUrl":"https:\/\/www.altominho.tv\/site\/wp-content\/uploads\/2025\/04\/senhor-dos-passos.jpg","width":1200,"height":630},{"@type":"BreadcrumbList","@id":"https:\/\/www.altominho.tv\/site\/2025\/04\/09\/centenas-de-figurantes-recriam-a-procissao-do-senhor-dos-passos-em-pias\/#breadcrumb","itemListElement":[{"@type":"ListItem","position":1,"name":"In\u00edcio","item":"https:\/\/www.altominho.tv\/site\/"},{"@type":"ListItem","position":2,"name":"Centenas de figurantes recriam a Prociss\u00e3o do Senhor dos Passos em Pias"}]},{"@type":"WebSite","@id":"https:\/\/www.altominho.tv\/site\/#website","url":"https:\/\/www.altominho.tv\/site\/","name":"Altominho.tv","description":"A sua regi\u00e3o \u00e0 dist\u00e2ncia de um clique...","potentialAction":[{"@type":"SearchAction","target":{"@type":"EntryPoint","urlTemplate":"https:\/\/www.altominho.tv\/site\/?s={search_term_string}"},"query-input":{"@type":"PropertyValueSpecification","valueRequired":true,"valueName":"search_term_string"}}],"inLanguage":"pt-PT"},{"@type":"Person","@id":"https:\/\/www.altominho.tv\/site\/#\/schema\/person\/4e536851627d7914baf3dac752b6af22","name":"Altominho.tv","image":{"@type":"ImageObject","inLanguage":"pt-PT","@id":"https:\/\/www.altominho.tv\/site\/wp-content\/uploads\/2019\/11\/Logo_Avatar_2-150x150.jpg","url":"https:\/\/www.altominho.tv\/site\/wp-content\/uploads\/2019\/11\/Logo_Avatar_2-150x150.jpg","contentUrl":"https:\/\/www.altominho.tv\/site\/wp-content\/uploads\/2019\/11\/Logo_Avatar_2-150x150.jpg","caption":"Altominho.tv"},"url":"https:\/\/www.altominho.tv\/site\/author\/altominhotv-tecnico\/"}]}},"_links":{"self":[{"href":"https:\/\/www.altominho.tv\/site\/wp-json\/wp\/v2\/posts\/116896","targetHints":{"allow":["GET"]}}],"collection":[{"href":"https:\/\/www.altominho.tv\/site\/wp-json\/wp\/v2\/posts"}],"about":[{"href":"https:\/\/www.altominho.tv\/site\/wp-json\/wp\/v2\/types\/post"}],"author":[{"embeddable":true,"href":"https:\/\/www.altominho.tv\/site\/wp-json\/wp\/v2\/users\/1"}],"replies":[{"embeddable":true,"href":"https:\/\/www.altominho.tv\/site\/wp-json\/wp\/v2\/comments?post=116896"}],"version-history":[{"count":1,"href":"https:\/\/www.altominho.tv\/site\/wp-json\/wp\/v2\/posts\/116896\/revisions"}],"predecessor-version":[{"id":116898,"href":"https:\/\/www.altominho.tv\/site\/wp-json\/wp\/v2\/posts\/116896\/revisions\/116898"}],"wp:featuredmedia":[{"embeddable":true,"href":"https:\/\/www.altominho.tv\/site\/wp-json\/wp\/v2\/media\/116897"}],"wp:attachment":[{"href":"https:\/\/www.altominho.tv\/site\/wp-json\/wp\/v2\/media?parent=116896"}],"wp:term":[{"taxonomy":"category","embeddable":true,"href":"https:\/\/www.altominho.tv\/site\/wp-json\/wp\/v2\/categories?post=116896"},{"taxonomy":"post_tag","embeddable":true,"href":"https:\/\/www.altominho.tv\/site\/wp-json\/wp\/v2\/tags?post=116896"}],"curies":[{"name":"wp","href":"https:\/\/api.w.org\/{rel}","templated":true}]}}