{"id":116886,"date":"2025-04-09T14:53:08","date_gmt":"2025-04-09T13:53:08","guid":{"rendered":"https:\/\/www.altominho.tv\/site\/?p=116886"},"modified":"2025-04-09T14:53:11","modified_gmt":"2025-04-09T13:53:11","slug":"municipio-de-moncao-promove-caminhada-trilho-dos-moinhos-da-ucha","status":"publish","type":"post","link":"https:\/\/www.altominho.tv\/site\/2025\/04\/09\/municipio-de-moncao-promove-caminhada-trilho-dos-moinhos-da-ucha\/","title":{"rendered":"Munic\u00edpio de Mon\u00e7\u00e3o promove caminhada \u201cTrilho dos Moinhos da Ucha\u201d em Anh\u00f5es\u00a0"},"content":{"rendered":"<p class=\"p1\">No dia 4 de maio ir\u00e1 decorrer na freguesia de Anh\u00f5es a caminhada \u201cTrilho dos Moinhos da Ucha\u201d, o primeiro percurso do \u201cDescobrir Mon\u00e7\u00e3o a Caminhar 2025\u201d, projeto de promo\u00e7\u00e3o desportiva, cultural e tur\u00edstica, onde se pretende dar a conhecer a singularidade patrimonial e ambiental do territ\u00f3rio, familiarizando os participantes com as<span class=\"Apple-converted-space\">\u00a0 <\/span>tradi\u00e7\u00f5es e h\u00e1bitos ancestrais.<\/p>\n<p class=\"p1\">O trilho dos &#8220;Moinhos da Ucha&#8221; \u00e9 um trilho de tipologia pequena, de rota circular que se desenrola ao longo de uma extens\u00e3o de aproximadamente 7,4km.<span class=\"Apple-converted-space\">\u00a0 <\/span>Neste trilho, os participantes v\u00e3o encontrar caminhos e carreiros, percorridos pelas pessoas que iam carregadas de cereais at\u00e9 aos moinhos e, na volta, traziam a farinha proveniente da sua moagem.<\/p>\n<p class=\"p1\">Neste percurso circular, que arranca e termina no Santu\u00e1rio do Senhor do Bonfim, o caminhante \u00e9 levado, numa primeira fase, at\u00e9 \u00e0 zona central da aldeia, iniciando a descida pela margem do rio Gadanha, tendo a possibilidade de apreciar 13 moinhos que se encontram recuperados ou em fase de recupera\u00e7\u00e3o.<\/p>\n<p class=\"p1\">Na parte final do trilho, atravessa-se uma zona de campos agr\u00edcolas, alguns ainda cultivados, onde, em outros tempos, foram produzidos os cereais (milho e centeio), que alimentavam os \u201cMoinhos da Ucha\u201d.<\/p>\n<p class=\"p1\">Depois da caminhada, a Associa\u00e7\u00e3o Humanit\u00e1ria dos Bombeiros Volunt\u00e1rios de Mon\u00e7\u00e3o tem \u00e0 disposi\u00e7\u00e3o dos caminhantes bifanas, caldo verde e bebidas. Para participar no conv\u00edvio, \u00e9 necess\u00e1ria inscri\u00e7\u00e3o pr\u00e9via para o n\u00famero 251\u00a0656 450.<\/p>\n<p class=\"p1\">A caminhada tamb\u00e9m carece de <a href=\"https:\/\/docs.google.com\/forms\/d\/e\/1FAIpQLScKomD07bnhpMBQvLdzFHv657TKR_syvKmDhEDyihTR5fHwFQ\/viewform\">inscri\u00e7\u00e3o<\/a> e tem um custo de 3\u20ac, com direito a \u00e1gua, fruta e barra energ\u00e9tica. O pagamento da inscri\u00e7\u00e3o dever\u00e1 ser feito no Balc\u00e3o da Piscina Municipal de Mon\u00e7\u00e3o e o valor reverte a favor da Associa\u00e7\u00e3o Humanit\u00e1ria dos Bombeiros volunt\u00e1rios de Mon\u00e7\u00e3o.<\/p>\n<p class=\"p1\">A concentra\u00e7\u00e3o est\u00e1 agendada para as 8h30, no santu\u00e1rio do Senhor do Bonfim. O inicio do percurso ser\u00e1 \u00e0s 9h00.<\/p>\n","protected":false},"excerpt":{"rendered":"<p>No dia 4 de maio ir\u00e1 decorrer na freguesia de Anh\u00f5es a caminhada \u201cTrilho dos Moinhos da Ucha\u201d, o primeiro percurso do \u201cDescobrir Mon\u00e7\u00e3o a Caminhar 2025\u201d, projeto de promo\u00e7\u00e3o desportiva, cultural e tur\u00edstica, onde se pretende dar a conhecer a singularidade patrimonial e ambiental do territ\u00f3rio, familiarizando os participantes com as\u00a0 tradi\u00e7\u00f5es e h\u00e1bitos [&hellip;]<\/p>\n","protected":false},"author":1,"featured_media":116887,"comment_status":"closed","ping_status":"closed","sticky":false,"template":"","format":"standard","meta":{"_exactmetrics_skip_tracking":false,"_exactmetrics_sitenote_active":false,"_exactmetrics_sitenote_note":"","_exactmetrics_sitenote_category":0,"footnotes":""},"categories":[9],"tags":[20,27],"class_list":["post-116886","post","type-post","status-publish","format-standard","has-post-thumbnail","hentry","category-moncao","tag-desporto","tag-sociedade"],"yoast_head":"<!-- This site is optimized with the Yoast SEO Premium plugin v27.5 (Yoast SEO v27.5) - https:\/\/yoast.com\/product\/yoast-seo-premium-wordpress\/ -->\n<title>Munic\u00edpio de Mon\u00e7\u00e3o promove caminhada \u201cTrilho dos Moinhos da Ucha\u201d em Anh\u00f5es\u00a0<\/title>\n<meta name=\"description\" content=\"No dia 4 de maio ir\u00e1 decorrer na freguesia de Anh\u00f5es a caminhada \u201cTrilho dos Moinhos da Ucha\u201d, o primeiro percurso do \u201cDescobrir Mon\u00e7\u00e3o a Caminhar 2025\u201d.\" \/>\n<meta name=\"robots\" content=\"index, follow, max-snippet:-1, max-image-preview:large, max-video-preview:-1\" \/>\n<link rel=\"canonical\" href=\"https:\/\/www.altominho.tv\/site\/2025\/04\/09\/municipio-de-moncao-promove-caminhada-trilho-dos-moinhos-da-ucha\/\" \/>\n<meta property=\"og:locale\" content=\"pt_PT\" \/>\n<meta property=\"og:type\" content=\"article\" \/>\n<meta property=\"og:title\" content=\"Munic\u00edpio de Mon\u00e7\u00e3o promove caminhada \u201cTrilho dos Moinhos da Ucha\u201d em Anh\u00f5es\u00a0\" \/>\n<meta property=\"og:description\" content=\"No dia 4 de maio ir\u00e1 decorrer na freguesia de Anh\u00f5es a caminhada \u201cTrilho dos Moinhos da Ucha\u201d, o primeiro percurso do \u201cDescobrir Mon\u00e7\u00e3o a Caminhar 2025\u201d.\" \/>\n<meta property=\"og:url\" content=\"https:\/\/www.altominho.tv\/site\/2025\/04\/09\/municipio-de-moncao-promove-caminhada-trilho-dos-moinhos-da-ucha\/\" \/>\n<meta property=\"og:site_name\" content=\"Altominho.tv\" \/>\n<meta property=\"article:publisher\" content=\"https:\/\/www.facebook.com\/altominhotv\" \/>\n<meta property=\"article:published_time\" content=\"2025-04-09T13:53:08+00:00\" \/>\n<meta property=\"article:modified_time\" content=\"2025-04-09T13:53:11+00:00\" \/>\n<meta property=\"og:image\" content=\"https:\/\/www.altominho.tv\/site\/wp-content\/uploads\/2025\/04\/moinho.jpg\" \/>\n\t<meta property=\"og:image:width\" content=\"1200\" \/>\n\t<meta property=\"og:image:height\" content=\"630\" \/>\n\t<meta property=\"og:image:type\" content=\"image\/jpeg\" \/>\n<meta name=\"author\" content=\"Altominho.tv\" \/>\n<meta name=\"twitter:card\" content=\"summary_large_image\" \/>\n<meta name=\"twitter:creator\" content=\"@altominhoTV\" \/>\n<meta name=\"twitter:site\" content=\"@altominhoTV\" \/>\n<meta name=\"twitter:label1\" content=\"Escrito por\" \/>\n\t<meta name=\"twitter:data1\" content=\"Altominho.tv\" \/>\n\t<meta name=\"twitter:label2\" content=\"Tempo estimado de leitura\" \/>\n\t<meta name=\"twitter:data2\" content=\"2 minutos\" \/>\n<script type=\"application\/ld+json\" class=\"yoast-schema-graph\">{\"@context\":\"https:\\\/\\\/schema.org\",\"@graph\":[{\"@type\":\"Article\",\"@id\":\"https:\\\/\\\/www.altominho.tv\\\/site\\\/2025\\\/04\\\/09\\\/municipio-de-moncao-promove-caminhada-trilho-dos-moinhos-da-ucha\\\/#article\",\"isPartOf\":{\"@id\":\"https:\\\/\\\/www.altominho.tv\\\/site\\\/2025\\\/04\\\/09\\\/municipio-de-moncao-promove-caminhada-trilho-dos-moinhos-da-ucha\\\/\"},\"author\":{\"name\":\"Altominho.tv\",\"@id\":\"https:\\\/\\\/www.altominho.tv\\\/site\\\/#\\\/schema\\\/person\\\/4e536851627d7914baf3dac752b6af22\"},\"headline\":\"Munic\u00edpio de Mon\u00e7\u00e3o promove caminhada \u201cTrilho dos Moinhos da Ucha\u201d em Anh\u00f5es\u00a0\",\"datePublished\":\"2025-04-09T13:53:08+00:00\",\"dateModified\":\"2025-04-09T13:53:11+00:00\",\"mainEntityOfPage\":{\"@id\":\"https:\\\/\\\/www.altominho.tv\\\/site\\\/2025\\\/04\\\/09\\\/municipio-de-moncao-promove-caminhada-trilho-dos-moinhos-da-ucha\\\/\"},\"wordCount\":333,\"image\":{\"@id\":\"https:\\\/\\\/www.altominho.tv\\\/site\\\/2025\\\/04\\\/09\\\/municipio-de-moncao-promove-caminhada-trilho-dos-moinhos-da-ucha\\\/#primaryimage\"},\"thumbnailUrl\":\"https:\\\/\\\/www.altominho.tv\\\/site\\\/wp-content\\\/uploads\\\/2025\\\/04\\\/moinho.jpg\",\"keywords\":[\"Desporto\",\"Sociedade\"],\"articleSection\":[\"Mon\u00e7\u00e3o\"],\"inLanguage\":\"pt-PT\",\"copyrightYear\":\"2025\",\"copyrightHolder\":{\"@id\":\"https:\\\/\\\/www.altominho.tv\\\/site\\\/#organization\"}},{\"@type\":\"WebPage\",\"@id\":\"https:\\\/\\\/www.altominho.tv\\\/site\\\/2025\\\/04\\\/09\\\/municipio-de-moncao-promove-caminhada-trilho-dos-moinhos-da-ucha\\\/\",\"url\":\"https:\\\/\\\/www.altominho.tv\\\/site\\\/2025\\\/04\\\/09\\\/municipio-de-moncao-promove-caminhada-trilho-dos-moinhos-da-ucha\\\/\",\"name\":\"Munic\u00edpio de Mon\u00e7\u00e3o promove caminhada \u201cTrilho dos Moinhos da Ucha\u201d em Anh\u00f5es\u00a0\",\"isPartOf\":{\"@id\":\"https:\\\/\\\/www.altominho.tv\\\/site\\\/#website\"},\"primaryImageOfPage\":{\"@id\":\"https:\\\/\\\/www.altominho.tv\\\/site\\\/2025\\\/04\\\/09\\\/municipio-de-moncao-promove-caminhada-trilho-dos-moinhos-da-ucha\\\/#primaryimage\"},\"image\":{\"@id\":\"https:\\\/\\\/www.altominho.tv\\\/site\\\/2025\\\/04\\\/09\\\/municipio-de-moncao-promove-caminhada-trilho-dos-moinhos-da-ucha\\\/#primaryimage\"},\"thumbnailUrl\":\"https:\\\/\\\/www.altominho.tv\\\/site\\\/wp-content\\\/uploads\\\/2025\\\/04\\\/moinho.jpg\",\"datePublished\":\"2025-04-09T13:53:08+00:00\",\"dateModified\":\"2025-04-09T13:53:11+00:00\",\"author\":{\"@id\":\"https:\\\/\\\/www.altominho.tv\\\/site\\\/#\\\/schema\\\/person\\\/4e536851627d7914baf3dac752b6af22\"},\"description\":\"No dia 4 de maio ir\u00e1 decorrer na freguesia de Anh\u00f5es a caminhada \u201cTrilho dos Moinhos da Ucha\u201d, o primeiro percurso do \u201cDescobrir Mon\u00e7\u00e3o a Caminhar 2025\u201d.\",\"breadcrumb\":{\"@id\":\"https:\\\/\\\/www.altominho.tv\\\/site\\\/2025\\\/04\\\/09\\\/municipio-de-moncao-promove-caminhada-trilho-dos-moinhos-da-ucha\\\/#breadcrumb\"},\"inLanguage\":\"pt-PT\",\"potentialAction\":[{\"@type\":\"ReadAction\",\"target\":[\"https:\\\/\\\/www.altominho.tv\\\/site\\\/2025\\\/04\\\/09\\\/municipio-de-moncao-promove-caminhada-trilho-dos-moinhos-da-ucha\\\/\"]}]},{\"@type\":\"ImageObject\",\"inLanguage\":\"pt-PT\",\"@id\":\"https:\\\/\\\/www.altominho.tv\\\/site\\\/2025\\\/04\\\/09\\\/municipio-de-moncao-promove-caminhada-trilho-dos-moinhos-da-ucha\\\/#primaryimage\",\"url\":\"https:\\\/\\\/www.altominho.tv\\\/site\\\/wp-content\\\/uploads\\\/2025\\\/04\\\/moinho.jpg\",\"contentUrl\":\"https:\\\/\\\/www.altominho.tv\\\/site\\\/wp-content\\\/uploads\\\/2025\\\/04\\\/moinho.jpg\",\"width\":1200,\"height\":630},{\"@type\":\"BreadcrumbList\",\"@id\":\"https:\\\/\\\/www.altominho.tv\\\/site\\\/2025\\\/04\\\/09\\\/municipio-de-moncao-promove-caminhada-trilho-dos-moinhos-da-ucha\\\/#breadcrumb\",\"itemListElement\":[{\"@type\":\"ListItem\",\"position\":1,\"name\":\"In\u00edcio\",\"item\":\"https:\\\/\\\/www.altominho.tv\\\/site\\\/\"},{\"@type\":\"ListItem\",\"position\":2,\"name\":\"Munic\u00edpio de Mon\u00e7\u00e3o promove caminhada \u201cTrilho dos Moinhos da Ucha\u201d em Anh\u00f5es\u00a0\"}]},{\"@type\":\"WebSite\",\"@id\":\"https:\\\/\\\/www.altominho.tv\\\/site\\\/#website\",\"url\":\"https:\\\/\\\/www.altominho.tv\\\/site\\\/\",\"name\":\"Altominho.tv\",\"description\":\"A sua regi\u00e3o \u00e0 dist\u00e2ncia de um clique...\",\"potentialAction\":[{\"@type\":\"SearchAction\",\"target\":{\"@type\":\"EntryPoint\",\"urlTemplate\":\"https:\\\/\\\/www.altominho.tv\\\/site\\\/?s={search_term_string}\"},\"query-input\":{\"@type\":\"PropertyValueSpecification\",\"valueRequired\":true,\"valueName\":\"search_term_string\"}}],\"inLanguage\":\"pt-PT\"},{\"@type\":\"Person\",\"@id\":\"https:\\\/\\\/www.altominho.tv\\\/site\\\/#\\\/schema\\\/person\\\/4e536851627d7914baf3dac752b6af22\",\"name\":\"Altominho.tv\",\"image\":{\"@type\":\"ImageObject\",\"inLanguage\":\"pt-PT\",\"@id\":\"https:\\\/\\\/www.altominho.tv\\\/site\\\/wp-content\\\/uploads\\\/2019\\\/11\\\/Logo_Avatar_2-150x150.jpg\",\"url\":\"https:\\\/\\\/www.altominho.tv\\\/site\\\/wp-content\\\/uploads\\\/2019\\\/11\\\/Logo_Avatar_2-150x150.jpg\",\"contentUrl\":\"https:\\\/\\\/www.altominho.tv\\\/site\\\/wp-content\\\/uploads\\\/2019\\\/11\\\/Logo_Avatar_2-150x150.jpg\",\"caption\":\"Altominho.tv\"},\"url\":\"https:\\\/\\\/www.altominho.tv\\\/site\\\/author\\\/altominhotv-tecnico\\\/\"}]}<\/script>\n<!-- \/ Yoast SEO Premium plugin. -->","yoast_head_json":{"title":"Munic\u00edpio de Mon\u00e7\u00e3o promove caminhada \u201cTrilho dos Moinhos da Ucha\u201d em Anh\u00f5es\u00a0","description":"No dia 4 de maio ir\u00e1 decorrer na freguesia de Anh\u00f5es a caminhada \u201cTrilho dos Moinhos da Ucha\u201d, o primeiro percurso do \u201cDescobrir Mon\u00e7\u00e3o a Caminhar 2025\u201d.","robots":{"index":"index","follow":"follow","max-snippet":"max-snippet:-1","max-image-preview":"max-image-preview:large","max-video-preview":"max-video-preview:-1"},"canonical":"https:\/\/www.altominho.tv\/site\/2025\/04\/09\/municipio-de-moncao-promove-caminhada-trilho-dos-moinhos-da-ucha\/","og_locale":"pt_PT","og_type":"article","og_title":"Munic\u00edpio de Mon\u00e7\u00e3o promove caminhada \u201cTrilho dos Moinhos da Ucha\u201d em Anh\u00f5es\u00a0","og_description":"No dia 4 de maio ir\u00e1 decorrer na freguesia de Anh\u00f5es a caminhada \u201cTrilho dos Moinhos da Ucha\u201d, o primeiro percurso do \u201cDescobrir Mon\u00e7\u00e3o a Caminhar 2025\u201d.","og_url":"https:\/\/www.altominho.tv\/site\/2025\/04\/09\/municipio-de-moncao-promove-caminhada-trilho-dos-moinhos-da-ucha\/","og_site_name":"Altominho.tv","article_publisher":"https:\/\/www.facebook.com\/altominhotv","article_published_time":"2025-04-09T13:53:08+00:00","article_modified_time":"2025-04-09T13:53:11+00:00","og_image":[{"width":1200,"height":630,"url":"https:\/\/www.altominho.tv\/site\/wp-content\/uploads\/2025\/04\/moinho.jpg","type":"image\/jpeg"}],"author":"Altominho.tv","twitter_card":"summary_large_image","twitter_creator":"@altominhoTV","twitter_site":"@altominhoTV","twitter_misc":{"Escrito por":"Altominho.tv","Tempo estimado de leitura":"2 minutos"},"schema":{"@context":"https:\/\/schema.org","@graph":[{"@type":"Article","@id":"https:\/\/www.altominho.tv\/site\/2025\/04\/09\/municipio-de-moncao-promove-caminhada-trilho-dos-moinhos-da-ucha\/#article","isPartOf":{"@id":"https:\/\/www.altominho.tv\/site\/2025\/04\/09\/municipio-de-moncao-promove-caminhada-trilho-dos-moinhos-da-ucha\/"},"author":{"name":"Altominho.tv","@id":"https:\/\/www.altominho.tv\/site\/#\/schema\/person\/4e536851627d7914baf3dac752b6af22"},"headline":"Munic\u00edpio de Mon\u00e7\u00e3o promove caminhada \u201cTrilho dos Moinhos da Ucha\u201d em Anh\u00f5es\u00a0","datePublished":"2025-04-09T13:53:08+00:00","dateModified":"2025-04-09T13:53:11+00:00","mainEntityOfPage":{"@id":"https:\/\/www.altominho.tv\/site\/2025\/04\/09\/municipio-de-moncao-promove-caminhada-trilho-dos-moinhos-da-ucha\/"},"wordCount":333,"image":{"@id":"https:\/\/www.altominho.tv\/site\/2025\/04\/09\/municipio-de-moncao-promove-caminhada-trilho-dos-moinhos-da-ucha\/#primaryimage"},"thumbnailUrl":"https:\/\/www.altominho.tv\/site\/wp-content\/uploads\/2025\/04\/moinho.jpg","keywords":["Desporto","Sociedade"],"articleSection":["Mon\u00e7\u00e3o"],"inLanguage":"pt-PT","copyrightYear":"2025","copyrightHolder":{"@id":"https:\/\/www.altominho.tv\/site\/#organization"}},{"@type":"WebPage","@id":"https:\/\/www.altominho.tv\/site\/2025\/04\/09\/municipio-de-moncao-promove-caminhada-trilho-dos-moinhos-da-ucha\/","url":"https:\/\/www.altominho.tv\/site\/2025\/04\/09\/municipio-de-moncao-promove-caminhada-trilho-dos-moinhos-da-ucha\/","name":"Munic\u00edpio de Mon\u00e7\u00e3o promove caminhada \u201cTrilho dos Moinhos da Ucha\u201d em Anh\u00f5es\u00a0","isPartOf":{"@id":"https:\/\/www.altominho.tv\/site\/#website"},"primaryImageOfPage":{"@id":"https:\/\/www.altominho.tv\/site\/2025\/04\/09\/municipio-de-moncao-promove-caminhada-trilho-dos-moinhos-da-ucha\/#primaryimage"},"image":{"@id":"https:\/\/www.altominho.tv\/site\/2025\/04\/09\/municipio-de-moncao-promove-caminhada-trilho-dos-moinhos-da-ucha\/#primaryimage"},"thumbnailUrl":"https:\/\/www.altominho.tv\/site\/wp-content\/uploads\/2025\/04\/moinho.jpg","datePublished":"2025-04-09T13:53:08+00:00","dateModified":"2025-04-09T13:53:11+00:00","author":{"@id":"https:\/\/www.altominho.tv\/site\/#\/schema\/person\/4e536851627d7914baf3dac752b6af22"},"description":"No dia 4 de maio ir\u00e1 decorrer na freguesia de Anh\u00f5es a caminhada \u201cTrilho dos Moinhos da Ucha\u201d, o primeiro percurso do \u201cDescobrir Mon\u00e7\u00e3o a Caminhar 2025\u201d.","breadcrumb":{"@id":"https:\/\/www.altominho.tv\/site\/2025\/04\/09\/municipio-de-moncao-promove-caminhada-trilho-dos-moinhos-da-ucha\/#breadcrumb"},"inLanguage":"pt-PT","potentialAction":[{"@type":"ReadAction","target":["https:\/\/www.altominho.tv\/site\/2025\/04\/09\/municipio-de-moncao-promove-caminhada-trilho-dos-moinhos-da-ucha\/"]}]},{"@type":"ImageObject","inLanguage":"pt-PT","@id":"https:\/\/www.altominho.tv\/site\/2025\/04\/09\/municipio-de-moncao-promove-caminhada-trilho-dos-moinhos-da-ucha\/#primaryimage","url":"https:\/\/www.altominho.tv\/site\/wp-content\/uploads\/2025\/04\/moinho.jpg","contentUrl":"https:\/\/www.altominho.tv\/site\/wp-content\/uploads\/2025\/04\/moinho.jpg","width":1200,"height":630},{"@type":"BreadcrumbList","@id":"https:\/\/www.altominho.tv\/site\/2025\/04\/09\/municipio-de-moncao-promove-caminhada-trilho-dos-moinhos-da-ucha\/#breadcrumb","itemListElement":[{"@type":"ListItem","position":1,"name":"In\u00edcio","item":"https:\/\/www.altominho.tv\/site\/"},{"@type":"ListItem","position":2,"name":"Munic\u00edpio de Mon\u00e7\u00e3o promove caminhada \u201cTrilho dos Moinhos da Ucha\u201d em Anh\u00f5es\u00a0"}]},{"@type":"WebSite","@id":"https:\/\/www.altominho.tv\/site\/#website","url":"https:\/\/www.altominho.tv\/site\/","name":"Altominho.tv","description":"A sua regi\u00e3o \u00e0 dist\u00e2ncia de um clique...","potentialAction":[{"@type":"SearchAction","target":{"@type":"EntryPoint","urlTemplate":"https:\/\/www.altominho.tv\/site\/?s={search_term_string}"},"query-input":{"@type":"PropertyValueSpecification","valueRequired":true,"valueName":"search_term_string"}}],"inLanguage":"pt-PT"},{"@type":"Person","@id":"https:\/\/www.altominho.tv\/site\/#\/schema\/person\/4e536851627d7914baf3dac752b6af22","name":"Altominho.tv","image":{"@type":"ImageObject","inLanguage":"pt-PT","@id":"https:\/\/www.altominho.tv\/site\/wp-content\/uploads\/2019\/11\/Logo_Avatar_2-150x150.jpg","url":"https:\/\/www.altominho.tv\/site\/wp-content\/uploads\/2019\/11\/Logo_Avatar_2-150x150.jpg","contentUrl":"https:\/\/www.altominho.tv\/site\/wp-content\/uploads\/2019\/11\/Logo_Avatar_2-150x150.jpg","caption":"Altominho.tv"},"url":"https:\/\/www.altominho.tv\/site\/author\/altominhotv-tecnico\/"}]}},"_links":{"self":[{"href":"https:\/\/www.altominho.tv\/site\/wp-json\/wp\/v2\/posts\/116886","targetHints":{"allow":["GET"]}}],"collection":[{"href":"https:\/\/www.altominho.tv\/site\/wp-json\/wp\/v2\/posts"}],"about":[{"href":"https:\/\/www.altominho.tv\/site\/wp-json\/wp\/v2\/types\/post"}],"author":[{"embeddable":true,"href":"https:\/\/www.altominho.tv\/site\/wp-json\/wp\/v2\/users\/1"}],"replies":[{"embeddable":true,"href":"https:\/\/www.altominho.tv\/site\/wp-json\/wp\/v2\/comments?post=116886"}],"version-history":[{"count":1,"href":"https:\/\/www.altominho.tv\/site\/wp-json\/wp\/v2\/posts\/116886\/revisions"}],"predecessor-version":[{"id":116888,"href":"https:\/\/www.altominho.tv\/site\/wp-json\/wp\/v2\/posts\/116886\/revisions\/116888"}],"wp:featuredmedia":[{"embeddable":true,"href":"https:\/\/www.altominho.tv\/site\/wp-json\/wp\/v2\/media\/116887"}],"wp:attachment":[{"href":"https:\/\/www.altominho.tv\/site\/wp-json\/wp\/v2\/media?parent=116886"}],"wp:term":[{"taxonomy":"category","embeddable":true,"href":"https:\/\/www.altominho.tv\/site\/wp-json\/wp\/v2\/categories?post=116886"},{"taxonomy":"post_tag","embeddable":true,"href":"https:\/\/www.altominho.tv\/site\/wp-json\/wp\/v2\/tags?post=116886"}],"curies":[{"name":"wp","href":"https:\/\/api.w.org\/{rel}","templated":true}]}}