{"id":116870,"date":"2025-04-09T10:53:48","date_gmt":"2025-04-09T09:53:48","guid":{"rendered":"https:\/\/www.altominho.tv\/site\/?p=116870"},"modified":"2025-04-09T10:53:50","modified_gmt":"2025-04-09T09:53:50","slug":"ponte-de-lima-acolhe-ii-jornadas-de-cultura-popular","status":"publish","type":"post","link":"https:\/\/www.altominho.tv\/site\/2025\/04\/09\/ponte-de-lima-acolhe-ii-jornadas-de-cultura-popular\/","title":{"rendered":"Ponte de Lima acolhe II Jornadas de Cultura Popular"},"content":{"rendered":"<p class=\"p1\">O Munic\u00edpio de Ponte de Lima, em parceria com a Ronda T\u00edpica da Meadela, vai dinamizar a segunda edi\u00e7\u00e3o das Jornadas de Cultura Popular nos dias 16 e 17 de maio.<\/p>\n<p class=\"p1\">O evento, inserido no programa das comemora\u00e7\u00f5es dos 900 anos do Foral de Ponte de Lima, decorrer\u00e1 no Centro de Interpreta\u00e7\u00e3o do Territ\u00f3rio (CIT), localizado no interior do Parque do Arnado, em Arcozelo, constituindo-se como um espa\u00e7o de intera\u00e7\u00e3o e de representa\u00e7\u00e3o da identidade cultural do patrim\u00f3nio material e imaterial da regi\u00e3o.<\/p>\n<p class=\"p1\">A iniciativa reunir\u00e1 \u201cum conjunto de especialistas em torno da tem\u00e1tica da heran\u00e7a cultural, das tradi\u00e7\u00f5es populares e da diversidade da cultura popular\u201d, destaca a autarquia.<\/p>\n","protected":false},"excerpt":{"rendered":"<p>O Munic\u00edpio de Ponte de Lima, em parceria com a Ronda T\u00edpica da Meadela, vai dinamizar a segunda edi\u00e7\u00e3o das Jornadas de Cultura Popular nos dias 16 e 17 de maio. O evento, inserido no programa das comemora\u00e7\u00f5es dos 900 anos do Foral de Ponte de Lima, decorrer\u00e1 no Centro de Interpreta\u00e7\u00e3o do Territ\u00f3rio (CIT), [&hellip;]<\/p>\n","protected":false},"author":1,"featured_media":116871,"comment_status":"closed","ping_status":"closed","sticky":false,"template":"","format":"standard","meta":{"_exactmetrics_skip_tracking":false,"_exactmetrics_sitenote_active":false,"_exactmetrics_sitenote_note":"","_exactmetrics_sitenote_category":0,"footnotes":""},"categories":[12],"tags":[27],"class_list":["post-116870","post","type-post","status-publish","format-standard","has-post-thumbnail","hentry","category-ponte-de-lima","tag-sociedade"],"yoast_head":"<!-- This site is optimized with the Yoast SEO Premium plugin v27.5 (Yoast SEO v27.5) - https:\/\/yoast.com\/product\/yoast-seo-premium-wordpress\/ -->\n<title>Ponte de Lima acolhe II Jornadas de Cultura Popular<\/title>\n<meta name=\"description\" content=\"O Munic\u00edpio de Ponte de Lima, em parceria com a Ronda T\u00edpica da Meadela, vai dinamizar a segunda edi\u00e7\u00e3o das Jornadas de Cultura Popular nos dias 16 e 17 de maio.\" \/>\n<meta name=\"robots\" content=\"index, follow, max-snippet:-1, max-image-preview:large, max-video-preview:-1\" \/>\n<link rel=\"canonical\" href=\"https:\/\/www.altominho.tv\/site\/2025\/04\/09\/ponte-de-lima-acolhe-ii-jornadas-de-cultura-popular\/\" \/>\n<meta property=\"og:locale\" content=\"pt_PT\" \/>\n<meta property=\"og:type\" content=\"article\" \/>\n<meta property=\"og:title\" content=\"Ponte de Lima acolhe II Jornadas de Cultura Popular\" \/>\n<meta property=\"og:description\" content=\"O Munic\u00edpio de Ponte de Lima, em parceria com a Ronda T\u00edpica da Meadela, vai dinamizar a segunda edi\u00e7\u00e3o das Jornadas de Cultura Popular nos dias 16 e 17 de maio.\" \/>\n<meta property=\"og:url\" content=\"https:\/\/www.altominho.tv\/site\/2025\/04\/09\/ponte-de-lima-acolhe-ii-jornadas-de-cultura-popular\/\" \/>\n<meta property=\"og:site_name\" content=\"Altominho.tv\" \/>\n<meta property=\"article:publisher\" content=\"https:\/\/www.facebook.com\/altominhotv\" \/>\n<meta property=\"article:published_time\" content=\"2025-04-09T09:53:48+00:00\" \/>\n<meta property=\"article:modified_time\" content=\"2025-04-09T09:53:50+00:00\" \/>\n<meta property=\"og:image\" content=\"https:\/\/www.altominho.tv\/site\/wp-content\/uploads\/2025\/04\/ponte-de-lima-1-1.jpg\" \/>\n\t<meta property=\"og:image:width\" content=\"1200\" \/>\n\t<meta property=\"og:image:height\" content=\"630\" \/>\n\t<meta property=\"og:image:type\" content=\"image\/jpeg\" \/>\n<meta name=\"author\" content=\"Altominho.tv\" \/>\n<meta name=\"twitter:card\" content=\"summary_large_image\" \/>\n<meta name=\"twitter:creator\" content=\"@altominhoTV\" \/>\n<meta name=\"twitter:site\" content=\"@altominhoTV\" \/>\n<meta name=\"twitter:label1\" content=\"Escrito por\" \/>\n\t<meta name=\"twitter:data1\" content=\"Altominho.tv\" \/>\n\t<meta name=\"twitter:label2\" content=\"Tempo estimado de leitura\" \/>\n\t<meta name=\"twitter:data2\" content=\"1 minuto\" \/>\n<script type=\"application\/ld+json\" class=\"yoast-schema-graph\">{\"@context\":\"https:\\\/\\\/schema.org\",\"@graph\":[{\"@type\":\"Article\",\"@id\":\"https:\\\/\\\/www.altominho.tv\\\/site\\\/2025\\\/04\\\/09\\\/ponte-de-lima-acolhe-ii-jornadas-de-cultura-popular\\\/#article\",\"isPartOf\":{\"@id\":\"https:\\\/\\\/www.altominho.tv\\\/site\\\/2025\\\/04\\\/09\\\/ponte-de-lima-acolhe-ii-jornadas-de-cultura-popular\\\/\"},\"author\":{\"name\":\"Altominho.tv\",\"@id\":\"https:\\\/\\\/www.altominho.tv\\\/site\\\/#\\\/schema\\\/person\\\/4e536851627d7914baf3dac752b6af22\"},\"headline\":\"Ponte de Lima acolhe II Jornadas de Cultura Popular\",\"datePublished\":\"2025-04-09T09:53:48+00:00\",\"dateModified\":\"2025-04-09T09:53:50+00:00\",\"mainEntityOfPage\":{\"@id\":\"https:\\\/\\\/www.altominho.tv\\\/site\\\/2025\\\/04\\\/09\\\/ponte-de-lima-acolhe-ii-jornadas-de-cultura-popular\\\/\"},\"wordCount\":129,\"image\":{\"@id\":\"https:\\\/\\\/www.altominho.tv\\\/site\\\/2025\\\/04\\\/09\\\/ponte-de-lima-acolhe-ii-jornadas-de-cultura-popular\\\/#primaryimage\"},\"thumbnailUrl\":\"https:\\\/\\\/www.altominho.tv\\\/site\\\/wp-content\\\/uploads\\\/2025\\\/04\\\/ponte-de-lima-1-1.jpg\",\"keywords\":[\"Sociedade\"],\"articleSection\":[\"Ponte de Lima\"],\"inLanguage\":\"pt-PT\",\"copyrightYear\":\"2025\",\"copyrightHolder\":{\"@id\":\"https:\\\/\\\/www.altominho.tv\\\/site\\\/#organization\"}},{\"@type\":\"WebPage\",\"@id\":\"https:\\\/\\\/www.altominho.tv\\\/site\\\/2025\\\/04\\\/09\\\/ponte-de-lima-acolhe-ii-jornadas-de-cultura-popular\\\/\",\"url\":\"https:\\\/\\\/www.altominho.tv\\\/site\\\/2025\\\/04\\\/09\\\/ponte-de-lima-acolhe-ii-jornadas-de-cultura-popular\\\/\",\"name\":\"Ponte de Lima acolhe II Jornadas de Cultura Popular\",\"isPartOf\":{\"@id\":\"https:\\\/\\\/www.altominho.tv\\\/site\\\/#website\"},\"primaryImageOfPage\":{\"@id\":\"https:\\\/\\\/www.altominho.tv\\\/site\\\/2025\\\/04\\\/09\\\/ponte-de-lima-acolhe-ii-jornadas-de-cultura-popular\\\/#primaryimage\"},\"image\":{\"@id\":\"https:\\\/\\\/www.altominho.tv\\\/site\\\/2025\\\/04\\\/09\\\/ponte-de-lima-acolhe-ii-jornadas-de-cultura-popular\\\/#primaryimage\"},\"thumbnailUrl\":\"https:\\\/\\\/www.altominho.tv\\\/site\\\/wp-content\\\/uploads\\\/2025\\\/04\\\/ponte-de-lima-1-1.jpg\",\"datePublished\":\"2025-04-09T09:53:48+00:00\",\"dateModified\":\"2025-04-09T09:53:50+00:00\",\"author\":{\"@id\":\"https:\\\/\\\/www.altominho.tv\\\/site\\\/#\\\/schema\\\/person\\\/4e536851627d7914baf3dac752b6af22\"},\"description\":\"O Munic\u00edpio de Ponte de Lima, em parceria com a Ronda T\u00edpica da Meadela, vai dinamizar a segunda edi\u00e7\u00e3o das Jornadas de Cultura Popular nos dias 16 e 17 de maio.\",\"breadcrumb\":{\"@id\":\"https:\\\/\\\/www.altominho.tv\\\/site\\\/2025\\\/04\\\/09\\\/ponte-de-lima-acolhe-ii-jornadas-de-cultura-popular\\\/#breadcrumb\"},\"inLanguage\":\"pt-PT\",\"potentialAction\":[{\"@type\":\"ReadAction\",\"target\":[\"https:\\\/\\\/www.altominho.tv\\\/site\\\/2025\\\/04\\\/09\\\/ponte-de-lima-acolhe-ii-jornadas-de-cultura-popular\\\/\"]}]},{\"@type\":\"ImageObject\",\"inLanguage\":\"pt-PT\",\"@id\":\"https:\\\/\\\/www.altominho.tv\\\/site\\\/2025\\\/04\\\/09\\\/ponte-de-lima-acolhe-ii-jornadas-de-cultura-popular\\\/#primaryimage\",\"url\":\"https:\\\/\\\/www.altominho.tv\\\/site\\\/wp-content\\\/uploads\\\/2025\\\/04\\\/ponte-de-lima-1-1.jpg\",\"contentUrl\":\"https:\\\/\\\/www.altominho.tv\\\/site\\\/wp-content\\\/uploads\\\/2025\\\/04\\\/ponte-de-lima-1-1.jpg\",\"width\":1200,\"height\":630},{\"@type\":\"BreadcrumbList\",\"@id\":\"https:\\\/\\\/www.altominho.tv\\\/site\\\/2025\\\/04\\\/09\\\/ponte-de-lima-acolhe-ii-jornadas-de-cultura-popular\\\/#breadcrumb\",\"itemListElement\":[{\"@type\":\"ListItem\",\"position\":1,\"name\":\"In\u00edcio\",\"item\":\"https:\\\/\\\/www.altominho.tv\\\/site\\\/\"},{\"@type\":\"ListItem\",\"position\":2,\"name\":\"Ponte de Lima acolhe II Jornadas de Cultura Popular\"}]},{\"@type\":\"WebSite\",\"@id\":\"https:\\\/\\\/www.altominho.tv\\\/site\\\/#website\",\"url\":\"https:\\\/\\\/www.altominho.tv\\\/site\\\/\",\"name\":\"Altominho.tv\",\"description\":\"A sua regi\u00e3o \u00e0 dist\u00e2ncia de um clique...\",\"potentialAction\":[{\"@type\":\"SearchAction\",\"target\":{\"@type\":\"EntryPoint\",\"urlTemplate\":\"https:\\\/\\\/www.altominho.tv\\\/site\\\/?s={search_term_string}\"},\"query-input\":{\"@type\":\"PropertyValueSpecification\",\"valueRequired\":true,\"valueName\":\"search_term_string\"}}],\"inLanguage\":\"pt-PT\"},{\"@type\":\"Person\",\"@id\":\"https:\\\/\\\/www.altominho.tv\\\/site\\\/#\\\/schema\\\/person\\\/4e536851627d7914baf3dac752b6af22\",\"name\":\"Altominho.tv\",\"image\":{\"@type\":\"ImageObject\",\"inLanguage\":\"pt-PT\",\"@id\":\"https:\\\/\\\/www.altominho.tv\\\/site\\\/wp-content\\\/uploads\\\/2019\\\/11\\\/Logo_Avatar_2-150x150.jpg\",\"url\":\"https:\\\/\\\/www.altominho.tv\\\/site\\\/wp-content\\\/uploads\\\/2019\\\/11\\\/Logo_Avatar_2-150x150.jpg\",\"contentUrl\":\"https:\\\/\\\/www.altominho.tv\\\/site\\\/wp-content\\\/uploads\\\/2019\\\/11\\\/Logo_Avatar_2-150x150.jpg\",\"caption\":\"Altominho.tv\"},\"url\":\"https:\\\/\\\/www.altominho.tv\\\/site\\\/author\\\/altominhotv-tecnico\\\/\"}]}<\/script>\n<!-- \/ Yoast SEO Premium plugin. -->","yoast_head_json":{"title":"Ponte de Lima acolhe II Jornadas de Cultura Popular","description":"O Munic\u00edpio de Ponte de Lima, em parceria com a Ronda T\u00edpica da Meadela, vai dinamizar a segunda edi\u00e7\u00e3o das Jornadas de Cultura Popular nos dias 16 e 17 de maio.","robots":{"index":"index","follow":"follow","max-snippet":"max-snippet:-1","max-image-preview":"max-image-preview:large","max-video-preview":"max-video-preview:-1"},"canonical":"https:\/\/www.altominho.tv\/site\/2025\/04\/09\/ponte-de-lima-acolhe-ii-jornadas-de-cultura-popular\/","og_locale":"pt_PT","og_type":"article","og_title":"Ponte de Lima acolhe II Jornadas de Cultura Popular","og_description":"O Munic\u00edpio de Ponte de Lima, em parceria com a Ronda T\u00edpica da Meadela, vai dinamizar a segunda edi\u00e7\u00e3o das Jornadas de Cultura Popular nos dias 16 e 17 de maio.","og_url":"https:\/\/www.altominho.tv\/site\/2025\/04\/09\/ponte-de-lima-acolhe-ii-jornadas-de-cultura-popular\/","og_site_name":"Altominho.tv","article_publisher":"https:\/\/www.facebook.com\/altominhotv","article_published_time":"2025-04-09T09:53:48+00:00","article_modified_time":"2025-04-09T09:53:50+00:00","og_image":[{"width":1200,"height":630,"url":"https:\/\/www.altominho.tv\/site\/wp-content\/uploads\/2025\/04\/ponte-de-lima-1-1.jpg","type":"image\/jpeg"}],"author":"Altominho.tv","twitter_card":"summary_large_image","twitter_creator":"@altominhoTV","twitter_site":"@altominhoTV","twitter_misc":{"Escrito por":"Altominho.tv","Tempo estimado de leitura":"1 minuto"},"schema":{"@context":"https:\/\/schema.org","@graph":[{"@type":"Article","@id":"https:\/\/www.altominho.tv\/site\/2025\/04\/09\/ponte-de-lima-acolhe-ii-jornadas-de-cultura-popular\/#article","isPartOf":{"@id":"https:\/\/www.altominho.tv\/site\/2025\/04\/09\/ponte-de-lima-acolhe-ii-jornadas-de-cultura-popular\/"},"author":{"name":"Altominho.tv","@id":"https:\/\/www.altominho.tv\/site\/#\/schema\/person\/4e536851627d7914baf3dac752b6af22"},"headline":"Ponte de Lima acolhe II Jornadas de Cultura Popular","datePublished":"2025-04-09T09:53:48+00:00","dateModified":"2025-04-09T09:53:50+00:00","mainEntityOfPage":{"@id":"https:\/\/www.altominho.tv\/site\/2025\/04\/09\/ponte-de-lima-acolhe-ii-jornadas-de-cultura-popular\/"},"wordCount":129,"image":{"@id":"https:\/\/www.altominho.tv\/site\/2025\/04\/09\/ponte-de-lima-acolhe-ii-jornadas-de-cultura-popular\/#primaryimage"},"thumbnailUrl":"https:\/\/www.altominho.tv\/site\/wp-content\/uploads\/2025\/04\/ponte-de-lima-1-1.jpg","keywords":["Sociedade"],"articleSection":["Ponte de Lima"],"inLanguage":"pt-PT","copyrightYear":"2025","copyrightHolder":{"@id":"https:\/\/www.altominho.tv\/site\/#organization"}},{"@type":"WebPage","@id":"https:\/\/www.altominho.tv\/site\/2025\/04\/09\/ponte-de-lima-acolhe-ii-jornadas-de-cultura-popular\/","url":"https:\/\/www.altominho.tv\/site\/2025\/04\/09\/ponte-de-lima-acolhe-ii-jornadas-de-cultura-popular\/","name":"Ponte de Lima acolhe II Jornadas de Cultura Popular","isPartOf":{"@id":"https:\/\/www.altominho.tv\/site\/#website"},"primaryImageOfPage":{"@id":"https:\/\/www.altominho.tv\/site\/2025\/04\/09\/ponte-de-lima-acolhe-ii-jornadas-de-cultura-popular\/#primaryimage"},"image":{"@id":"https:\/\/www.altominho.tv\/site\/2025\/04\/09\/ponte-de-lima-acolhe-ii-jornadas-de-cultura-popular\/#primaryimage"},"thumbnailUrl":"https:\/\/www.altominho.tv\/site\/wp-content\/uploads\/2025\/04\/ponte-de-lima-1-1.jpg","datePublished":"2025-04-09T09:53:48+00:00","dateModified":"2025-04-09T09:53:50+00:00","author":{"@id":"https:\/\/www.altominho.tv\/site\/#\/schema\/person\/4e536851627d7914baf3dac752b6af22"},"description":"O Munic\u00edpio de Ponte de Lima, em parceria com a Ronda T\u00edpica da Meadela, vai dinamizar a segunda edi\u00e7\u00e3o das Jornadas de Cultura Popular nos dias 16 e 17 de maio.","breadcrumb":{"@id":"https:\/\/www.altominho.tv\/site\/2025\/04\/09\/ponte-de-lima-acolhe-ii-jornadas-de-cultura-popular\/#breadcrumb"},"inLanguage":"pt-PT","potentialAction":[{"@type":"ReadAction","target":["https:\/\/www.altominho.tv\/site\/2025\/04\/09\/ponte-de-lima-acolhe-ii-jornadas-de-cultura-popular\/"]}]},{"@type":"ImageObject","inLanguage":"pt-PT","@id":"https:\/\/www.altominho.tv\/site\/2025\/04\/09\/ponte-de-lima-acolhe-ii-jornadas-de-cultura-popular\/#primaryimage","url":"https:\/\/www.altominho.tv\/site\/wp-content\/uploads\/2025\/04\/ponte-de-lima-1-1.jpg","contentUrl":"https:\/\/www.altominho.tv\/site\/wp-content\/uploads\/2025\/04\/ponte-de-lima-1-1.jpg","width":1200,"height":630},{"@type":"BreadcrumbList","@id":"https:\/\/www.altominho.tv\/site\/2025\/04\/09\/ponte-de-lima-acolhe-ii-jornadas-de-cultura-popular\/#breadcrumb","itemListElement":[{"@type":"ListItem","position":1,"name":"In\u00edcio","item":"https:\/\/www.altominho.tv\/site\/"},{"@type":"ListItem","position":2,"name":"Ponte de Lima acolhe II Jornadas de Cultura Popular"}]},{"@type":"WebSite","@id":"https:\/\/www.altominho.tv\/site\/#website","url":"https:\/\/www.altominho.tv\/site\/","name":"Altominho.tv","description":"A sua regi\u00e3o \u00e0 dist\u00e2ncia de um clique...","potentialAction":[{"@type":"SearchAction","target":{"@type":"EntryPoint","urlTemplate":"https:\/\/www.altominho.tv\/site\/?s={search_term_string}"},"query-input":{"@type":"PropertyValueSpecification","valueRequired":true,"valueName":"search_term_string"}}],"inLanguage":"pt-PT"},{"@type":"Person","@id":"https:\/\/www.altominho.tv\/site\/#\/schema\/person\/4e536851627d7914baf3dac752b6af22","name":"Altominho.tv","image":{"@type":"ImageObject","inLanguage":"pt-PT","@id":"https:\/\/www.altominho.tv\/site\/wp-content\/uploads\/2019\/11\/Logo_Avatar_2-150x150.jpg","url":"https:\/\/www.altominho.tv\/site\/wp-content\/uploads\/2019\/11\/Logo_Avatar_2-150x150.jpg","contentUrl":"https:\/\/www.altominho.tv\/site\/wp-content\/uploads\/2019\/11\/Logo_Avatar_2-150x150.jpg","caption":"Altominho.tv"},"url":"https:\/\/www.altominho.tv\/site\/author\/altominhotv-tecnico\/"}]}},"_links":{"self":[{"href":"https:\/\/www.altominho.tv\/site\/wp-json\/wp\/v2\/posts\/116870","targetHints":{"allow":["GET"]}}],"collection":[{"href":"https:\/\/www.altominho.tv\/site\/wp-json\/wp\/v2\/posts"}],"about":[{"href":"https:\/\/www.altominho.tv\/site\/wp-json\/wp\/v2\/types\/post"}],"author":[{"embeddable":true,"href":"https:\/\/www.altominho.tv\/site\/wp-json\/wp\/v2\/users\/1"}],"replies":[{"embeddable":true,"href":"https:\/\/www.altominho.tv\/site\/wp-json\/wp\/v2\/comments?post=116870"}],"version-history":[{"count":1,"href":"https:\/\/www.altominho.tv\/site\/wp-json\/wp\/v2\/posts\/116870\/revisions"}],"predecessor-version":[{"id":116872,"href":"https:\/\/www.altominho.tv\/site\/wp-json\/wp\/v2\/posts\/116870\/revisions\/116872"}],"wp:featuredmedia":[{"embeddable":true,"href":"https:\/\/www.altominho.tv\/site\/wp-json\/wp\/v2\/media\/116871"}],"wp:attachment":[{"href":"https:\/\/www.altominho.tv\/site\/wp-json\/wp\/v2\/media?parent=116870"}],"wp:term":[{"taxonomy":"category","embeddable":true,"href":"https:\/\/www.altominho.tv\/site\/wp-json\/wp\/v2\/categories?post=116870"},{"taxonomy":"post_tag","embeddable":true,"href":"https:\/\/www.altominho.tv\/site\/wp-json\/wp\/v2\/tags?post=116870"}],"curies":[{"name":"wp","href":"https:\/\/api.w.org\/{rel}","templated":true}]}}