{"id":116798,"date":"2025-04-08T11:07:32","date_gmt":"2025-04-08T10:07:32","guid":{"rendered":"https:\/\/www.altominho.tv\/site\/?p=116798"},"modified":"2025-04-08T11:09:25","modified_gmt":"2025-04-08T10:09:25","slug":"arcos-vibra-com-a-3a-etapa-da-taca-de-portugal-de-downhill","status":"publish","type":"post","link":"https:\/\/www.altominho.tv\/site\/2025\/04\/08\/arcos-vibra-com-a-3a-etapa-da-taca-de-portugal-de-downhill\/","title":{"rendered":"Arcos vibra com a 3\u00aa Etapa da Ta\u00e7a de Portugal de Downhill"},"content":{"rendered":"\n<p>De 12  a 13 de abril, a freguesia de Prozelo, no concelho de Arcos de Valdevez, acolher\u00e1 a 3\u00aa Etapa da Ta\u00e7a de Portugal de Downhill.<\/p>\n\n\n\n<p>A prova, organizada pela Associa\u00e7\u00e3o Cultural e Recreativa Amadora Proselense (ACRAP), em parceria com a Associa\u00e7\u00e3o de Ciclismo do Minho e a Federa\u00e7\u00e3o Portuguesa de Ciclismo, promete atrair alguns dos melhores atletas nacionais e internacionais da modalidade, proporcionando aos participantes e ao p\u00fablico um fim de semana cheio de adrenalina, velocidade e emo\u00e7\u00e3o.<\/p>\n\n\n\n<figure class=\"wp-block-image size-large\"><img loading=\"lazy\" decoding=\"async\" width=\"726\" height=\"1024\" src=\"https:\/\/www.altominho.tv\/site\/wp-content\/uploads\/2025\/04\/Prozelo-726x1024.jpg\" alt=\"\" class=\"wp-image-116799\" srcset=\"https:\/\/www.altominho.tv\/site\/wp-content\/uploads\/2025\/04\/Prozelo-726x1024.jpg 726w, https:\/\/www.altominho.tv\/site\/wp-content\/uploads\/2025\/04\/Prozelo-307x433.jpg 307w, https:\/\/www.altominho.tv\/site\/wp-content\/uploads\/2025\/04\/Prozelo-768x1083.jpg 768w, https:\/\/www.altominho.tv\/site\/wp-content\/uploads\/2025\/04\/Prozelo-1089x1536.jpg 1089w, https:\/\/www.altominho.tv\/site\/wp-content\/uploads\/2025\/04\/Prozelo-370x522.jpg 370w, https:\/\/www.altominho.tv\/site\/wp-content\/uploads\/2025\/04\/Prozelo-270x381.jpg 270w, https:\/\/www.altominho.tv\/site\/wp-content\/uploads\/2025\/04\/Prozelo-570x804.jpg 570w, https:\/\/www.altominho.tv\/site\/wp-content\/uploads\/2025\/04\/Prozelo-740x1044.jpg 740w, https:\/\/www.altominho.tv\/site\/wp-content\/uploads\/2025\/04\/Prozelo.jpg 1284w\" sizes=\"auto, (max-width: 726px) 100vw, 726px\" \/><\/figure>\n\n\n\n<p><\/p>\n","protected":false},"excerpt":{"rendered":"<p>De 12 a 13 de abril, a freguesia de Prozelo, no concelho de Arcos de Valdevez, acolher\u00e1 a 3\u00aa Etapa da Ta\u00e7a de Portugal de Downhill. A prova, organizada pela Associa\u00e7\u00e3o Cultural e Recreativa Amadora Proselense (ACRAP), em parceria com a Associa\u00e7\u00e3o de Ciclismo do Minho e a Federa\u00e7\u00e3o Portuguesa de Ciclismo, promete atrair alguns [&hellip;]<\/p>\n","protected":false},"author":1,"featured_media":116800,"comment_status":"closed","ping_status":"closed","sticky":false,"template":"","format":"standard","meta":{"_exactmetrics_skip_tracking":false,"_exactmetrics_sitenote_active":false,"_exactmetrics_sitenote_note":"","_exactmetrics_sitenote_category":0,"footnotes":""},"categories":[2],"tags":[20],"class_list":["post-116798","post","type-post","status-publish","format-standard","has-post-thumbnail","hentry","category-arcos-de-valdevez","tag-desporto"],"yoast_head":"<!-- This site is optimized with the Yoast SEO Premium plugin v27.4 (Yoast SEO v27.4) - https:\/\/yoast.com\/product\/yoast-seo-premium-wordpress\/ -->\n<title>Arcos vibra com a 3\u00aa Etapa da Ta\u00e7a de Portugal de Downhill<\/title>\n<meta name=\"description\" content=\"De 12 a 13 de abril, a freguesia de Prozelo, no concelho de Arcos de Valdevez, acolher\u00e1 a 3\u00aa Etapa da Ta\u00e7a de Portugal de Downhill.\" \/>\n<meta name=\"robots\" content=\"index, follow, max-snippet:-1, max-image-preview:large, max-video-preview:-1\" \/>\n<link rel=\"canonical\" href=\"https:\/\/www.altominho.tv\/site\/2025\/04\/08\/arcos-vibra-com-a-3a-etapa-da-taca-de-portugal-de-downhill\/\" \/>\n<meta property=\"og:locale\" content=\"pt_PT\" \/>\n<meta property=\"og:type\" content=\"article\" \/>\n<meta property=\"og:title\" content=\"Arcos vibra com a 3\u00aa Etapa da Ta\u00e7a de Portugal de Downhill\" \/>\n<meta property=\"og:description\" content=\"De 12 a 13 de abril, a freguesia de Prozelo, no concelho de Arcos de Valdevez, acolher\u00e1 a 3\u00aa Etapa da Ta\u00e7a de Portugal de Downhill.\" \/>\n<meta property=\"og:url\" content=\"https:\/\/www.altominho.tv\/site\/2025\/04\/08\/arcos-vibra-com-a-3a-etapa-da-taca-de-portugal-de-downhill\/\" \/>\n<meta property=\"og:site_name\" content=\"Altominho.tv\" \/>\n<meta property=\"article:publisher\" content=\"https:\/\/www.facebook.com\/altominhotv\" \/>\n<meta property=\"article:published_time\" content=\"2025-04-08T10:07:32+00:00\" \/>\n<meta property=\"article:modified_time\" content=\"2025-04-08T10:09:25+00:00\" \/>\n<meta property=\"og:image\" content=\"https:\/\/www.altominho.tv\/site\/wp-content\/uploads\/2025\/04\/Downhill.png\" \/>\n\t<meta property=\"og:image:width\" content=\"1200\" \/>\n\t<meta property=\"og:image:height\" content=\"630\" \/>\n\t<meta property=\"og:image:type\" content=\"image\/png\" \/>\n<meta name=\"author\" content=\"Altominho.tv\" \/>\n<meta name=\"twitter:card\" content=\"summary_large_image\" \/>\n<meta name=\"twitter:creator\" content=\"@altominhoTV\" \/>\n<meta name=\"twitter:site\" content=\"@altominhoTV\" \/>\n<meta name=\"twitter:label1\" content=\"Escrito por\" \/>\n\t<meta name=\"twitter:data1\" content=\"Altominho.tv\" \/>\n\t<meta name=\"twitter:label2\" content=\"Tempo estimado de leitura\" \/>\n\t<meta name=\"twitter:data2\" content=\"1 minuto\" \/>\n<script type=\"application\/ld+json\" class=\"yoast-schema-graph\">{\"@context\":\"https:\\\/\\\/schema.org\",\"@graph\":[{\"@type\":\"Article\",\"@id\":\"https:\\\/\\\/www.altominho.tv\\\/site\\\/2025\\\/04\\\/08\\\/arcos-vibra-com-a-3a-etapa-da-taca-de-portugal-de-downhill\\\/#article\",\"isPartOf\":{\"@id\":\"https:\\\/\\\/www.altominho.tv\\\/site\\\/2025\\\/04\\\/08\\\/arcos-vibra-com-a-3a-etapa-da-taca-de-portugal-de-downhill\\\/\"},\"author\":{\"name\":\"Altominho.tv\",\"@id\":\"https:\\\/\\\/www.altominho.tv\\\/site\\\/#\\\/schema\\\/person\\\/4e536851627d7914baf3dac752b6af22\"},\"headline\":\"Arcos vibra com a 3\u00aa Etapa da Ta\u00e7a de Portugal de Downhill\",\"datePublished\":\"2025-04-08T10:07:32+00:00\",\"dateModified\":\"2025-04-08T10:09:25+00:00\",\"mainEntityOfPage\":{\"@id\":\"https:\\\/\\\/www.altominho.tv\\\/site\\\/2025\\\/04\\\/08\\\/arcos-vibra-com-a-3a-etapa-da-taca-de-portugal-de-downhill\\\/\"},\"wordCount\":94,\"image\":{\"@id\":\"https:\\\/\\\/www.altominho.tv\\\/site\\\/2025\\\/04\\\/08\\\/arcos-vibra-com-a-3a-etapa-da-taca-de-portugal-de-downhill\\\/#primaryimage\"},\"thumbnailUrl\":\"https:\\\/\\\/www.altominho.tv\\\/site\\\/wp-content\\\/uploads\\\/2025\\\/04\\\/Downhill.png\",\"keywords\":[\"Desporto\"],\"articleSection\":[\"Arcos de Valdevez\"],\"inLanguage\":\"pt-PT\",\"copyrightYear\":\"2025\",\"copyrightHolder\":{\"@id\":\"https:\\\/\\\/www.altominho.tv\\\/site\\\/#organization\"}},{\"@type\":\"WebPage\",\"@id\":\"https:\\\/\\\/www.altominho.tv\\\/site\\\/2025\\\/04\\\/08\\\/arcos-vibra-com-a-3a-etapa-da-taca-de-portugal-de-downhill\\\/\",\"url\":\"https:\\\/\\\/www.altominho.tv\\\/site\\\/2025\\\/04\\\/08\\\/arcos-vibra-com-a-3a-etapa-da-taca-de-portugal-de-downhill\\\/\",\"name\":\"Arcos vibra com a 3\u00aa Etapa da Ta\u00e7a de Portugal de Downhill\",\"isPartOf\":{\"@id\":\"https:\\\/\\\/www.altominho.tv\\\/site\\\/#website\"},\"primaryImageOfPage\":{\"@id\":\"https:\\\/\\\/www.altominho.tv\\\/site\\\/2025\\\/04\\\/08\\\/arcos-vibra-com-a-3a-etapa-da-taca-de-portugal-de-downhill\\\/#primaryimage\"},\"image\":{\"@id\":\"https:\\\/\\\/www.altominho.tv\\\/site\\\/2025\\\/04\\\/08\\\/arcos-vibra-com-a-3a-etapa-da-taca-de-portugal-de-downhill\\\/#primaryimage\"},\"thumbnailUrl\":\"https:\\\/\\\/www.altominho.tv\\\/site\\\/wp-content\\\/uploads\\\/2025\\\/04\\\/Downhill.png\",\"datePublished\":\"2025-04-08T10:07:32+00:00\",\"dateModified\":\"2025-04-08T10:09:25+00:00\",\"author\":{\"@id\":\"https:\\\/\\\/www.altominho.tv\\\/site\\\/#\\\/schema\\\/person\\\/4e536851627d7914baf3dac752b6af22\"},\"description\":\"De 12 a 13 de abril, a freguesia de Prozelo, no concelho de Arcos de Valdevez, acolher\u00e1 a 3\u00aa Etapa da Ta\u00e7a de Portugal de Downhill.\",\"breadcrumb\":{\"@id\":\"https:\\\/\\\/www.altominho.tv\\\/site\\\/2025\\\/04\\\/08\\\/arcos-vibra-com-a-3a-etapa-da-taca-de-portugal-de-downhill\\\/#breadcrumb\"},\"inLanguage\":\"pt-PT\",\"potentialAction\":[{\"@type\":\"ReadAction\",\"target\":[\"https:\\\/\\\/www.altominho.tv\\\/site\\\/2025\\\/04\\\/08\\\/arcos-vibra-com-a-3a-etapa-da-taca-de-portugal-de-downhill\\\/\"]}]},{\"@type\":\"ImageObject\",\"inLanguage\":\"pt-PT\",\"@id\":\"https:\\\/\\\/www.altominho.tv\\\/site\\\/2025\\\/04\\\/08\\\/arcos-vibra-com-a-3a-etapa-da-taca-de-portugal-de-downhill\\\/#primaryimage\",\"url\":\"https:\\\/\\\/www.altominho.tv\\\/site\\\/wp-content\\\/uploads\\\/2025\\\/04\\\/Downhill.png\",\"contentUrl\":\"https:\\\/\\\/www.altominho.tv\\\/site\\\/wp-content\\\/uploads\\\/2025\\\/04\\\/Downhill.png\",\"width\":1200,\"height\":630},{\"@type\":\"BreadcrumbList\",\"@id\":\"https:\\\/\\\/www.altominho.tv\\\/site\\\/2025\\\/04\\\/08\\\/arcos-vibra-com-a-3a-etapa-da-taca-de-portugal-de-downhill\\\/#breadcrumb\",\"itemListElement\":[{\"@type\":\"ListItem\",\"position\":1,\"name\":\"In\u00edcio\",\"item\":\"https:\\\/\\\/www.altominho.tv\\\/site\\\/\"},{\"@type\":\"ListItem\",\"position\":2,\"name\":\"Arcos vibra com a 3\u00aa Etapa da Ta\u00e7a de Portugal de Downhill\"}]},{\"@type\":\"WebSite\",\"@id\":\"https:\\\/\\\/www.altominho.tv\\\/site\\\/#website\",\"url\":\"https:\\\/\\\/www.altominho.tv\\\/site\\\/\",\"name\":\"Altominho.tv\",\"description\":\"A sua regi\u00e3o \u00e0 dist\u00e2ncia de um clique...\",\"potentialAction\":[{\"@type\":\"SearchAction\",\"target\":{\"@type\":\"EntryPoint\",\"urlTemplate\":\"https:\\\/\\\/www.altominho.tv\\\/site\\\/?s={search_term_string}\"},\"query-input\":{\"@type\":\"PropertyValueSpecification\",\"valueRequired\":true,\"valueName\":\"search_term_string\"}}],\"inLanguage\":\"pt-PT\"},{\"@type\":\"Person\",\"@id\":\"https:\\\/\\\/www.altominho.tv\\\/site\\\/#\\\/schema\\\/person\\\/4e536851627d7914baf3dac752b6af22\",\"name\":\"Altominho.tv\",\"image\":{\"@type\":\"ImageObject\",\"inLanguage\":\"pt-PT\",\"@id\":\"https:\\\/\\\/www.altominho.tv\\\/site\\\/wp-content\\\/uploads\\\/2019\\\/11\\\/Logo_Avatar_2-150x150.jpg\",\"url\":\"https:\\\/\\\/www.altominho.tv\\\/site\\\/wp-content\\\/uploads\\\/2019\\\/11\\\/Logo_Avatar_2-150x150.jpg\",\"contentUrl\":\"https:\\\/\\\/www.altominho.tv\\\/site\\\/wp-content\\\/uploads\\\/2019\\\/11\\\/Logo_Avatar_2-150x150.jpg\",\"caption\":\"Altominho.tv\"},\"url\":\"https:\\\/\\\/www.altominho.tv\\\/site\\\/author\\\/altominhotv-tecnico\\\/\"}]}<\/script>\n<!-- \/ Yoast SEO Premium plugin. -->","yoast_head_json":{"title":"Arcos vibra com a 3\u00aa Etapa da Ta\u00e7a de Portugal de Downhill","description":"De 12 a 13 de abril, a freguesia de Prozelo, no concelho de Arcos de Valdevez, acolher\u00e1 a 3\u00aa Etapa da Ta\u00e7a de Portugal de Downhill.","robots":{"index":"index","follow":"follow","max-snippet":"max-snippet:-1","max-image-preview":"max-image-preview:large","max-video-preview":"max-video-preview:-1"},"canonical":"https:\/\/www.altominho.tv\/site\/2025\/04\/08\/arcos-vibra-com-a-3a-etapa-da-taca-de-portugal-de-downhill\/","og_locale":"pt_PT","og_type":"article","og_title":"Arcos vibra com a 3\u00aa Etapa da Ta\u00e7a de Portugal de Downhill","og_description":"De 12 a 13 de abril, a freguesia de Prozelo, no concelho de Arcos de Valdevez, acolher\u00e1 a 3\u00aa Etapa da Ta\u00e7a de Portugal de Downhill.","og_url":"https:\/\/www.altominho.tv\/site\/2025\/04\/08\/arcos-vibra-com-a-3a-etapa-da-taca-de-portugal-de-downhill\/","og_site_name":"Altominho.tv","article_publisher":"https:\/\/www.facebook.com\/altominhotv","article_published_time":"2025-04-08T10:07:32+00:00","article_modified_time":"2025-04-08T10:09:25+00:00","og_image":[{"width":1200,"height":630,"url":"https:\/\/www.altominho.tv\/site\/wp-content\/uploads\/2025\/04\/Downhill.png","type":"image\/png"}],"author":"Altominho.tv","twitter_card":"summary_large_image","twitter_creator":"@altominhoTV","twitter_site":"@altominhoTV","twitter_misc":{"Escrito por":"Altominho.tv","Tempo estimado de leitura":"1 minuto"},"schema":{"@context":"https:\/\/schema.org","@graph":[{"@type":"Article","@id":"https:\/\/www.altominho.tv\/site\/2025\/04\/08\/arcos-vibra-com-a-3a-etapa-da-taca-de-portugal-de-downhill\/#article","isPartOf":{"@id":"https:\/\/www.altominho.tv\/site\/2025\/04\/08\/arcos-vibra-com-a-3a-etapa-da-taca-de-portugal-de-downhill\/"},"author":{"name":"Altominho.tv","@id":"https:\/\/www.altominho.tv\/site\/#\/schema\/person\/4e536851627d7914baf3dac752b6af22"},"headline":"Arcos vibra com a 3\u00aa Etapa da Ta\u00e7a de Portugal de Downhill","datePublished":"2025-04-08T10:07:32+00:00","dateModified":"2025-04-08T10:09:25+00:00","mainEntityOfPage":{"@id":"https:\/\/www.altominho.tv\/site\/2025\/04\/08\/arcos-vibra-com-a-3a-etapa-da-taca-de-portugal-de-downhill\/"},"wordCount":94,"image":{"@id":"https:\/\/www.altominho.tv\/site\/2025\/04\/08\/arcos-vibra-com-a-3a-etapa-da-taca-de-portugal-de-downhill\/#primaryimage"},"thumbnailUrl":"https:\/\/www.altominho.tv\/site\/wp-content\/uploads\/2025\/04\/Downhill.png","keywords":["Desporto"],"articleSection":["Arcos de Valdevez"],"inLanguage":"pt-PT","copyrightYear":"2025","copyrightHolder":{"@id":"https:\/\/www.altominho.tv\/site\/#organization"}},{"@type":"WebPage","@id":"https:\/\/www.altominho.tv\/site\/2025\/04\/08\/arcos-vibra-com-a-3a-etapa-da-taca-de-portugal-de-downhill\/","url":"https:\/\/www.altominho.tv\/site\/2025\/04\/08\/arcos-vibra-com-a-3a-etapa-da-taca-de-portugal-de-downhill\/","name":"Arcos vibra com a 3\u00aa Etapa da Ta\u00e7a de Portugal de Downhill","isPartOf":{"@id":"https:\/\/www.altominho.tv\/site\/#website"},"primaryImageOfPage":{"@id":"https:\/\/www.altominho.tv\/site\/2025\/04\/08\/arcos-vibra-com-a-3a-etapa-da-taca-de-portugal-de-downhill\/#primaryimage"},"image":{"@id":"https:\/\/www.altominho.tv\/site\/2025\/04\/08\/arcos-vibra-com-a-3a-etapa-da-taca-de-portugal-de-downhill\/#primaryimage"},"thumbnailUrl":"https:\/\/www.altominho.tv\/site\/wp-content\/uploads\/2025\/04\/Downhill.png","datePublished":"2025-04-08T10:07:32+00:00","dateModified":"2025-04-08T10:09:25+00:00","author":{"@id":"https:\/\/www.altominho.tv\/site\/#\/schema\/person\/4e536851627d7914baf3dac752b6af22"},"description":"De 12 a 13 de abril, a freguesia de Prozelo, no concelho de Arcos de Valdevez, acolher\u00e1 a 3\u00aa Etapa da Ta\u00e7a de Portugal de Downhill.","breadcrumb":{"@id":"https:\/\/www.altominho.tv\/site\/2025\/04\/08\/arcos-vibra-com-a-3a-etapa-da-taca-de-portugal-de-downhill\/#breadcrumb"},"inLanguage":"pt-PT","potentialAction":[{"@type":"ReadAction","target":["https:\/\/www.altominho.tv\/site\/2025\/04\/08\/arcos-vibra-com-a-3a-etapa-da-taca-de-portugal-de-downhill\/"]}]},{"@type":"ImageObject","inLanguage":"pt-PT","@id":"https:\/\/www.altominho.tv\/site\/2025\/04\/08\/arcos-vibra-com-a-3a-etapa-da-taca-de-portugal-de-downhill\/#primaryimage","url":"https:\/\/www.altominho.tv\/site\/wp-content\/uploads\/2025\/04\/Downhill.png","contentUrl":"https:\/\/www.altominho.tv\/site\/wp-content\/uploads\/2025\/04\/Downhill.png","width":1200,"height":630},{"@type":"BreadcrumbList","@id":"https:\/\/www.altominho.tv\/site\/2025\/04\/08\/arcos-vibra-com-a-3a-etapa-da-taca-de-portugal-de-downhill\/#breadcrumb","itemListElement":[{"@type":"ListItem","position":1,"name":"In\u00edcio","item":"https:\/\/www.altominho.tv\/site\/"},{"@type":"ListItem","position":2,"name":"Arcos vibra com a 3\u00aa Etapa da Ta\u00e7a de Portugal de Downhill"}]},{"@type":"WebSite","@id":"https:\/\/www.altominho.tv\/site\/#website","url":"https:\/\/www.altominho.tv\/site\/","name":"Altominho.tv","description":"A sua regi\u00e3o \u00e0 dist\u00e2ncia de um clique...","potentialAction":[{"@type":"SearchAction","target":{"@type":"EntryPoint","urlTemplate":"https:\/\/www.altominho.tv\/site\/?s={search_term_string}"},"query-input":{"@type":"PropertyValueSpecification","valueRequired":true,"valueName":"search_term_string"}}],"inLanguage":"pt-PT"},{"@type":"Person","@id":"https:\/\/www.altominho.tv\/site\/#\/schema\/person\/4e536851627d7914baf3dac752b6af22","name":"Altominho.tv","image":{"@type":"ImageObject","inLanguage":"pt-PT","@id":"https:\/\/www.altominho.tv\/site\/wp-content\/uploads\/2019\/11\/Logo_Avatar_2-150x150.jpg","url":"https:\/\/www.altominho.tv\/site\/wp-content\/uploads\/2019\/11\/Logo_Avatar_2-150x150.jpg","contentUrl":"https:\/\/www.altominho.tv\/site\/wp-content\/uploads\/2019\/11\/Logo_Avatar_2-150x150.jpg","caption":"Altominho.tv"},"url":"https:\/\/www.altominho.tv\/site\/author\/altominhotv-tecnico\/"}]}},"_links":{"self":[{"href":"https:\/\/www.altominho.tv\/site\/wp-json\/wp\/v2\/posts\/116798","targetHints":{"allow":["GET"]}}],"collection":[{"href":"https:\/\/www.altominho.tv\/site\/wp-json\/wp\/v2\/posts"}],"about":[{"href":"https:\/\/www.altominho.tv\/site\/wp-json\/wp\/v2\/types\/post"}],"author":[{"embeddable":true,"href":"https:\/\/www.altominho.tv\/site\/wp-json\/wp\/v2\/users\/1"}],"replies":[{"embeddable":true,"href":"https:\/\/www.altominho.tv\/site\/wp-json\/wp\/v2\/comments?post=116798"}],"version-history":[{"count":1,"href":"https:\/\/www.altominho.tv\/site\/wp-json\/wp\/v2\/posts\/116798\/revisions"}],"predecessor-version":[{"id":116801,"href":"https:\/\/www.altominho.tv\/site\/wp-json\/wp\/v2\/posts\/116798\/revisions\/116801"}],"wp:featuredmedia":[{"embeddable":true,"href":"https:\/\/www.altominho.tv\/site\/wp-json\/wp\/v2\/media\/116800"}],"wp:attachment":[{"href":"https:\/\/www.altominho.tv\/site\/wp-json\/wp\/v2\/media?parent=116798"}],"wp:term":[{"taxonomy":"category","embeddable":true,"href":"https:\/\/www.altominho.tv\/site\/wp-json\/wp\/v2\/categories?post=116798"},{"taxonomy":"post_tag","embeddable":true,"href":"https:\/\/www.altominho.tv\/site\/wp-json\/wp\/v2\/tags?post=116798"}],"curies":[{"name":"wp","href":"https:\/\/api.w.org\/{rel}","templated":true}]}}