{"id":11676,"date":"2018-04-10T16:45:51","date_gmt":"2018-04-10T15:45:51","guid":{"rendered":"http:\/\/www.altominho.tv\/site\/?p=11676"},"modified":"2018-04-10T16:45:51","modified_gmt":"2018-04-10T15:45:51","slug":"gnr-levantou-dois-autos-de-contraordenacao-por-falta-de-limpeza-de-terrenos","status":"publish","type":"post","link":"https:\/\/www.altominho.tv\/site\/2018\/04\/10\/gnr-levantou-dois-autos-de-contraordenacao-por-falta-de-limpeza-de-terrenos\/","title":{"rendered":"GNR levantou dois autos de contraordena\u00e7\u00e3o por falta de limpeza de terrenos"},"content":{"rendered":"<p>Durante uma a\u00e7\u00e3o de fiscaliza\u00e7\u00e3o realizada hoje na Amorosa, freguesia de Chaf\u00e9, em Viana do Castelo, a GNR levantou dois autos de contraordena\u00e7\u00e3o, um por falta de limpeza de um terreno situado junto a uma empresa e outro a um aglomerado populacional.<\/p>\n<p>&#8220;Este propriet\u00e1rio vai ser autuado porque n\u00e3o tem a gest\u00e3o de combust\u00edvel efetuada, nomeadamente a dist\u00e2ncia das copas est\u00e1 a menos de cinco metros da edifica\u00e7\u00e3o e a pr\u00f3pria dist\u00e2ncia entre copas \u00e9 inferior a dez metros&#8221;, explicou \u00e0 Lusa o chefe da sec\u00e7\u00e3o do Servi\u00e7o de Prote\u00e7\u00e3o da Natureza e Ambiente (SEPNA) do Comando Territorial da GNR Viana do Castelo, referindo-se ao terreno junto da unidade fabril.<\/p>\n<p>Miguel Branco referiu que, ap\u00f3s a elabora\u00e7\u00e3o do auto de contraordena\u00e7\u00e3o, \u00e9 informada a C\u00e2mara Municipal, que &#8220;ir\u00e1 notificar o propriet\u00e1rio e dar-lhe um prazo para fazer a limpeza&#8221;.<\/p>\n<p>&#8220;A partir do dia 01 de junho vai ser verificada, novamente, a situa\u00e7\u00e3o. Se o propriet\u00e1rio n\u00e3o efetuou a gest\u00e3o de combust\u00edvel at\u00e9 31 de maio vai ser notificado para o pagamento da contraordena\u00e7\u00e3o ou para apresenta\u00e7\u00e3o de defesa para constar no processo de contraordena\u00e7\u00e3o&#8221;, especificou.<\/p>\n<p>A a\u00e7\u00e3o de fiscaliza\u00e7\u00e3o estendeu-se tamb\u00e9m ao concelho de Caminha. Na freguesia de Vila Praia de \u00c2ncora, Rosa Parente, de 69 anos, tem dois terrenos limpos, mas ao lado o trabalho ainda est\u00e1 por fazer.<\/p>\n<p>&#8220;Est\u00e1 cheio de austr\u00e1lias e n\u00e3o vejo maneira de o limparem. Acho que deviam limpar porque assim n\u00e3o tem muito jeito, uns limparem e outros n\u00e3o&#8221;, afirmou, lamentando o custo da limpeza de seis mil metros quadrados.<\/p>\n<p>&#8220;O pior foi pagar 800 euros. Onde vamos buscar rendimento destes terrenos para poder pagar? questionou, referindo-se ao abandono a que est\u00e3o votadas as terras.<\/p>\n<p>&#8220;Isto foi estragado com a CEE e outras coisas assim. Pagaram para as pessoas arrumarem com a lavoura. Os pequenos tinham de acabar e deu no que deu&#8221;, frisou, lembrando os fogos de outubro do ano passado, que tamb\u00e9m &#8220;lamberam&#8221; as suas propriedades. Os terrenos, acrescentou, estavam limpos, mas quando o fogo \u201cchegar perto, vai tudo\u201d.<\/p>\n<p>Para Rosa Parente, a preven\u00e7\u00e3o de inc\u00eandios &#8220;passou do oito aos oitenta, por causa das desgra\u00e7as&#8221;. &#8220;Agora fazem isto. J\u00e1 devia ter sido prevenido h\u00e1 mais tempo&#8221;, disse.<\/p>\n<p>Quem n\u00e3o tem m\u00e3os a medir \u00e9 a empresa de Fernando Cunha, de Vila Nova de Cerveira, que &#8220;j\u00e1 tem rejeitado algum trabalho&#8221;. O empres\u00e1rio refor\u00e7ou o n\u00famero de trabalhadores, &#8220;dif\u00edceis de encontrar e agora a pedir mais dinheiro&#8221;, mas reconheceu que as solicita\u00e7\u00f5es &#8220;s\u00e3o bastantes\u201d e que \u201ctem sido uma corrida muito grande, para cumprir os prazos&#8221;.<\/p>\n<p>A dificuldade em &#8220;escoar&#8221; a madeira junto das empresas de celulose da regi\u00e3o, que \u201cest\u00e3o superlotadas&#8221;, foi outra dos problemas que apontou, at\u00e9 porque tamb\u00e9m recebem esta mat\u00e9ria-prima da Galiza (Espanha), zona afetada por inc\u00eandios florestais no ano passado.<\/p>\n<p>Desde o dia 2 de abril, a GNR j\u00e1 elaborou, em todo o pa\u00eds, 71 autos de contraordena\u00e7\u00e3o a propriet\u00e1rios por falta de limpeza de terrenos florestais, que podem ficar sem efeito se a limpeza for assegurada at\u00e9 31 de maio, avan\u00e7ou Miguel Branco.<\/p>\n<p>O respons\u00e1vel do Comando Territorial da GNR de Viana do Castelo adiantou ainda que, desde 15 de janeiro, esta for\u00e7a policial efetuou em todo o pa\u00eds &#8220;7.760 a\u00e7\u00f5es de sensibiliza\u00e7\u00e3o que alcan\u00e7aram 111.522 pessoas&#8221;.<\/p>\n<p>Esta\u00a0fase de sensibiliza\u00e7\u00e3o dos propriet\u00e1rios, acrescentou, &#8220;superou as expetativas&#8221;, com &#8220;uma ades\u00e3o muito grande&#8221; \u00e0s a\u00e7\u00f5es promovidas, uma participa\u00e7\u00e3o que se reflete em \u201ccada vez mais terrenos limpos&#8221;.<\/p>\n<p>&nbsp;<\/p>\n","protected":false},"excerpt":{"rendered":"<p>Durante uma a\u00e7\u00e3o de fiscaliza\u00e7\u00e3o realizada hoje na Amorosa, freguesia de Chaf\u00e9, em Viana do Castelo, a GNR levantou dois autos de contraordena\u00e7\u00e3o, um por falta de limpeza de um terreno situado junto a uma empresa e outro a um aglomerado populacional. &#8220;Este propriet\u00e1rio vai ser autuado porque n\u00e3o tem a gest\u00e3o de combust\u00edvel efetuada, [&hellip;]<\/p>\n","protected":false},"author":12,"featured_media":11677,"comment_status":"closed","ping_status":"closed","sticky":false,"template":"","format":"standard","meta":{"_exactmetrics_skip_tracking":false,"_exactmetrics_sitenote_active":false,"_exactmetrics_sitenote_note":"","_exactmetrics_sitenote_category":0,"footnotes":""},"categories":[73],"tags":[27],"class_list":["post-11676","post","type-post","status-publish","format-standard","has-post-thumbnail","hentry","category-alto-minho","tag-sociedade"],"yoast_head":"<!-- This site is optimized with the Yoast SEO Premium plugin v27.5 (Yoast SEO v27.5) - https:\/\/yoast.com\/product\/yoast-seo-premium-wordpress\/ -->\n<title>GNR levantou dois autos de contraordena\u00e7\u00e3o por falta de limpeza de terrenos<\/title>\n<meta name=\"robots\" content=\"index, follow, max-snippet:-1, max-image-preview:large, max-video-preview:-1\" \/>\n<link rel=\"canonical\" href=\"https:\/\/www.altominho.tv\/site\/2018\/04\/10\/gnr-levantou-dois-autos-de-contraordenacao-por-falta-de-limpeza-de-terrenos\/\" \/>\n<meta property=\"og:locale\" content=\"pt_PT\" \/>\n<meta property=\"og:type\" content=\"article\" \/>\n<meta property=\"og:title\" content=\"GNR levantou dois autos de contraordena\u00e7\u00e3o por falta de limpeza de terrenos\" \/>\n<meta property=\"og:description\" content=\"Durante uma a\u00e7\u00e3o de fiscaliza\u00e7\u00e3o realizada hoje na Amorosa, freguesia de Chaf\u00e9, em Viana do Castelo, a GNR levantou dois autos de contraordena\u00e7\u00e3o, um por falta de limpeza de um terreno situado junto a uma empresa e outro a um aglomerado populacional. &#8220;Este propriet\u00e1rio vai ser autuado porque n\u00e3o tem a gest\u00e3o de combust\u00edvel efetuada, [&hellip;]\" \/>\n<meta property=\"og:url\" content=\"https:\/\/www.altominho.tv\/site\/2018\/04\/10\/gnr-levantou-dois-autos-de-contraordenacao-por-falta-de-limpeza-de-terrenos\/\" \/>\n<meta property=\"og:site_name\" content=\"Altominho.tv\" \/>\n<meta property=\"article:publisher\" content=\"https:\/\/www.facebook.com\/altominhotv\" \/>\n<meta property=\"article:published_time\" content=\"2018-04-10T15:45:51+00:00\" \/>\n<meta property=\"og:image\" content=\"https:\/\/www.altominho.tv\/site\/wp-content\/uploads\/2018\/04\/limpeza.jpeg\" \/>\n\t<meta property=\"og:image:width\" content=\"740\" \/>\n\t<meta property=\"og:image:height\" content=\"406\" \/>\n\t<meta property=\"og:image:type\" content=\"image\/jpeg\" \/>\n<meta name=\"author\" content=\"Andreia Ferreira\" \/>\n<meta name=\"twitter:card\" content=\"summary_large_image\" \/>\n<meta name=\"twitter:creator\" content=\"@altominhoTV\" \/>\n<meta name=\"twitter:site\" content=\"@altominhoTV\" \/>\n<meta name=\"twitter:label1\" content=\"Escrito por\" \/>\n\t<meta name=\"twitter:data1\" content=\"Andreia Ferreira\" \/>\n\t<meta name=\"twitter:label2\" content=\"Tempo estimado de leitura\" \/>\n\t<meta name=\"twitter:data2\" content=\"3 minutos\" \/>\n<script type=\"application\/ld+json\" class=\"yoast-schema-graph\">{\"@context\":\"https:\\\/\\\/schema.org\",\"@graph\":[{\"@type\":\"Article\",\"@id\":\"https:\\\/\\\/www.altominho.tv\\\/site\\\/2018\\\/04\\\/10\\\/gnr-levantou-dois-autos-de-contraordenacao-por-falta-de-limpeza-de-terrenos\\\/#article\",\"isPartOf\":{\"@id\":\"https:\\\/\\\/www.altominho.tv\\\/site\\\/2018\\\/04\\\/10\\\/gnr-levantou-dois-autos-de-contraordenacao-por-falta-de-limpeza-de-terrenos\\\/\"},\"author\":{\"name\":\"Andreia Ferreira\",\"@id\":\"https:\\\/\\\/www.altominho.tv\\\/site\\\/#\\\/schema\\\/person\\\/d9be4265364723f14ea8e0d56a1d38cd\"},\"headline\":\"GNR levantou dois autos de contraordena\u00e7\u00e3o por falta de limpeza de terrenos\",\"datePublished\":\"2018-04-10T15:45:51+00:00\",\"mainEntityOfPage\":{\"@id\":\"https:\\\/\\\/www.altominho.tv\\\/site\\\/2018\\\/04\\\/10\\\/gnr-levantou-dois-autos-de-contraordenacao-por-falta-de-limpeza-de-terrenos\\\/\"},\"wordCount\":637,\"image\":{\"@id\":\"https:\\\/\\\/www.altominho.tv\\\/site\\\/2018\\\/04\\\/10\\\/gnr-levantou-dois-autos-de-contraordenacao-por-falta-de-limpeza-de-terrenos\\\/#primaryimage\"},\"thumbnailUrl\":\"https:\\\/\\\/www.altominho.tv\\\/site\\\/wp-content\\\/uploads\\\/2018\\\/04\\\/limpeza.jpeg\",\"keywords\":[\"Sociedade\"],\"articleSection\":[\"Alto Minho\"],\"inLanguage\":\"pt-PT\",\"copyrightYear\":\"2018\",\"copyrightHolder\":{\"@id\":\"https:\\\/\\\/www.altominho.tv\\\/site\\\/#organization\"}},{\"@type\":\"WebPage\",\"@id\":\"https:\\\/\\\/www.altominho.tv\\\/site\\\/2018\\\/04\\\/10\\\/gnr-levantou-dois-autos-de-contraordenacao-por-falta-de-limpeza-de-terrenos\\\/\",\"url\":\"https:\\\/\\\/www.altominho.tv\\\/site\\\/2018\\\/04\\\/10\\\/gnr-levantou-dois-autos-de-contraordenacao-por-falta-de-limpeza-de-terrenos\\\/\",\"name\":\"GNR levantou dois autos de contraordena\u00e7\u00e3o por falta de limpeza de terrenos\",\"isPartOf\":{\"@id\":\"https:\\\/\\\/www.altominho.tv\\\/site\\\/#website\"},\"primaryImageOfPage\":{\"@id\":\"https:\\\/\\\/www.altominho.tv\\\/site\\\/2018\\\/04\\\/10\\\/gnr-levantou-dois-autos-de-contraordenacao-por-falta-de-limpeza-de-terrenos\\\/#primaryimage\"},\"image\":{\"@id\":\"https:\\\/\\\/www.altominho.tv\\\/site\\\/2018\\\/04\\\/10\\\/gnr-levantou-dois-autos-de-contraordenacao-por-falta-de-limpeza-de-terrenos\\\/#primaryimage\"},\"thumbnailUrl\":\"https:\\\/\\\/www.altominho.tv\\\/site\\\/wp-content\\\/uploads\\\/2018\\\/04\\\/limpeza.jpeg\",\"datePublished\":\"2018-04-10T15:45:51+00:00\",\"author\":{\"@id\":\"https:\\\/\\\/www.altominho.tv\\\/site\\\/#\\\/schema\\\/person\\\/d9be4265364723f14ea8e0d56a1d38cd\"},\"breadcrumb\":{\"@id\":\"https:\\\/\\\/www.altominho.tv\\\/site\\\/2018\\\/04\\\/10\\\/gnr-levantou-dois-autos-de-contraordenacao-por-falta-de-limpeza-de-terrenos\\\/#breadcrumb\"},\"inLanguage\":\"pt-PT\",\"potentialAction\":[{\"@type\":\"ReadAction\",\"target\":[\"https:\\\/\\\/www.altominho.tv\\\/site\\\/2018\\\/04\\\/10\\\/gnr-levantou-dois-autos-de-contraordenacao-por-falta-de-limpeza-de-terrenos\\\/\"]}]},{\"@type\":\"ImageObject\",\"inLanguage\":\"pt-PT\",\"@id\":\"https:\\\/\\\/www.altominho.tv\\\/site\\\/2018\\\/04\\\/10\\\/gnr-levantou-dois-autos-de-contraordenacao-por-falta-de-limpeza-de-terrenos\\\/#primaryimage\",\"url\":\"https:\\\/\\\/www.altominho.tv\\\/site\\\/wp-content\\\/uploads\\\/2018\\\/04\\\/limpeza.jpeg\",\"contentUrl\":\"https:\\\/\\\/www.altominho.tv\\\/site\\\/wp-content\\\/uploads\\\/2018\\\/04\\\/limpeza.jpeg\",\"width\":740,\"height\":406},{\"@type\":\"BreadcrumbList\",\"@id\":\"https:\\\/\\\/www.altominho.tv\\\/site\\\/2018\\\/04\\\/10\\\/gnr-levantou-dois-autos-de-contraordenacao-por-falta-de-limpeza-de-terrenos\\\/#breadcrumb\",\"itemListElement\":[{\"@type\":\"ListItem\",\"position\":1,\"name\":\"In\u00edcio\",\"item\":\"https:\\\/\\\/www.altominho.tv\\\/site\\\/\"},{\"@type\":\"ListItem\",\"position\":2,\"name\":\"GNR levantou dois autos de contraordena\u00e7\u00e3o por falta de limpeza de terrenos\"}]},{\"@type\":\"WebSite\",\"@id\":\"https:\\\/\\\/www.altominho.tv\\\/site\\\/#website\",\"url\":\"https:\\\/\\\/www.altominho.tv\\\/site\\\/\",\"name\":\"Altominho.tv\",\"description\":\"A sua regi\u00e3o \u00e0 dist\u00e2ncia de um clique...\",\"potentialAction\":[{\"@type\":\"SearchAction\",\"target\":{\"@type\":\"EntryPoint\",\"urlTemplate\":\"https:\\\/\\\/www.altominho.tv\\\/site\\\/?s={search_term_string}\"},\"query-input\":{\"@type\":\"PropertyValueSpecification\",\"valueRequired\":true,\"valueName\":\"search_term_string\"}}],\"inLanguage\":\"pt-PT\"},{\"@type\":\"Person\",\"@id\":\"https:\\\/\\\/www.altominho.tv\\\/site\\\/#\\\/schema\\\/person\\\/d9be4265364723f14ea8e0d56a1d38cd\",\"name\":\"Andreia Ferreira\",\"image\":{\"@type\":\"ImageObject\",\"inLanguage\":\"pt-PT\",\"@id\":\"https:\\\/\\\/www.altominho.tv\\\/site\\\/wp-content\\\/uploads\\\/2021\\\/01\\\/AndreiaFerreira-150x150.jpg\",\"url\":\"https:\\\/\\\/www.altominho.tv\\\/site\\\/wp-content\\\/uploads\\\/2021\\\/01\\\/AndreiaFerreira-150x150.jpg\",\"contentUrl\":\"https:\\\/\\\/www.altominho.tv\\\/site\\\/wp-content\\\/uploads\\\/2021\\\/01\\\/AndreiaFerreira-150x150.jpg\",\"caption\":\"Andreia Ferreira\"},\"url\":\"https:\\\/\\\/www.altominho.tv\\\/site\\\/author\\\/andreiaferreira\\\/\"}]}<\/script>\n<!-- \/ Yoast SEO Premium plugin. -->","yoast_head_json":{"title":"GNR levantou dois autos de contraordena\u00e7\u00e3o por falta de limpeza de terrenos","robots":{"index":"index","follow":"follow","max-snippet":"max-snippet:-1","max-image-preview":"max-image-preview:large","max-video-preview":"max-video-preview:-1"},"canonical":"https:\/\/www.altominho.tv\/site\/2018\/04\/10\/gnr-levantou-dois-autos-de-contraordenacao-por-falta-de-limpeza-de-terrenos\/","og_locale":"pt_PT","og_type":"article","og_title":"GNR levantou dois autos de contraordena\u00e7\u00e3o por falta de limpeza de terrenos","og_description":"Durante uma a\u00e7\u00e3o de fiscaliza\u00e7\u00e3o realizada hoje na Amorosa, freguesia de Chaf\u00e9, em Viana do Castelo, a GNR levantou dois autos de contraordena\u00e7\u00e3o, um por falta de limpeza de um terreno situado junto a uma empresa e outro a um aglomerado populacional. &#8220;Este propriet\u00e1rio vai ser autuado porque n\u00e3o tem a gest\u00e3o de combust\u00edvel efetuada, [&hellip;]","og_url":"https:\/\/www.altominho.tv\/site\/2018\/04\/10\/gnr-levantou-dois-autos-de-contraordenacao-por-falta-de-limpeza-de-terrenos\/","og_site_name":"Altominho.tv","article_publisher":"https:\/\/www.facebook.com\/altominhotv","article_published_time":"2018-04-10T15:45:51+00:00","og_image":[{"width":740,"height":406,"url":"https:\/\/www.altominho.tv\/site\/wp-content\/uploads\/2018\/04\/limpeza.jpeg","type":"image\/jpeg"}],"author":"Andreia Ferreira","twitter_card":"summary_large_image","twitter_creator":"@altominhoTV","twitter_site":"@altominhoTV","twitter_misc":{"Escrito por":"Andreia Ferreira","Tempo estimado de leitura":"3 minutos"},"schema":{"@context":"https:\/\/schema.org","@graph":[{"@type":"Article","@id":"https:\/\/www.altominho.tv\/site\/2018\/04\/10\/gnr-levantou-dois-autos-de-contraordenacao-por-falta-de-limpeza-de-terrenos\/#article","isPartOf":{"@id":"https:\/\/www.altominho.tv\/site\/2018\/04\/10\/gnr-levantou-dois-autos-de-contraordenacao-por-falta-de-limpeza-de-terrenos\/"},"author":{"name":"Andreia Ferreira","@id":"https:\/\/www.altominho.tv\/site\/#\/schema\/person\/d9be4265364723f14ea8e0d56a1d38cd"},"headline":"GNR levantou dois autos de contraordena\u00e7\u00e3o por falta de limpeza de terrenos","datePublished":"2018-04-10T15:45:51+00:00","mainEntityOfPage":{"@id":"https:\/\/www.altominho.tv\/site\/2018\/04\/10\/gnr-levantou-dois-autos-de-contraordenacao-por-falta-de-limpeza-de-terrenos\/"},"wordCount":637,"image":{"@id":"https:\/\/www.altominho.tv\/site\/2018\/04\/10\/gnr-levantou-dois-autos-de-contraordenacao-por-falta-de-limpeza-de-terrenos\/#primaryimage"},"thumbnailUrl":"https:\/\/www.altominho.tv\/site\/wp-content\/uploads\/2018\/04\/limpeza.jpeg","keywords":["Sociedade"],"articleSection":["Alto Minho"],"inLanguage":"pt-PT","copyrightYear":"2018","copyrightHolder":{"@id":"https:\/\/www.altominho.tv\/site\/#organization"}},{"@type":"WebPage","@id":"https:\/\/www.altominho.tv\/site\/2018\/04\/10\/gnr-levantou-dois-autos-de-contraordenacao-por-falta-de-limpeza-de-terrenos\/","url":"https:\/\/www.altominho.tv\/site\/2018\/04\/10\/gnr-levantou-dois-autos-de-contraordenacao-por-falta-de-limpeza-de-terrenos\/","name":"GNR levantou dois autos de contraordena\u00e7\u00e3o por falta de limpeza de terrenos","isPartOf":{"@id":"https:\/\/www.altominho.tv\/site\/#website"},"primaryImageOfPage":{"@id":"https:\/\/www.altominho.tv\/site\/2018\/04\/10\/gnr-levantou-dois-autos-de-contraordenacao-por-falta-de-limpeza-de-terrenos\/#primaryimage"},"image":{"@id":"https:\/\/www.altominho.tv\/site\/2018\/04\/10\/gnr-levantou-dois-autos-de-contraordenacao-por-falta-de-limpeza-de-terrenos\/#primaryimage"},"thumbnailUrl":"https:\/\/www.altominho.tv\/site\/wp-content\/uploads\/2018\/04\/limpeza.jpeg","datePublished":"2018-04-10T15:45:51+00:00","author":{"@id":"https:\/\/www.altominho.tv\/site\/#\/schema\/person\/d9be4265364723f14ea8e0d56a1d38cd"},"breadcrumb":{"@id":"https:\/\/www.altominho.tv\/site\/2018\/04\/10\/gnr-levantou-dois-autos-de-contraordenacao-por-falta-de-limpeza-de-terrenos\/#breadcrumb"},"inLanguage":"pt-PT","potentialAction":[{"@type":"ReadAction","target":["https:\/\/www.altominho.tv\/site\/2018\/04\/10\/gnr-levantou-dois-autos-de-contraordenacao-por-falta-de-limpeza-de-terrenos\/"]}]},{"@type":"ImageObject","inLanguage":"pt-PT","@id":"https:\/\/www.altominho.tv\/site\/2018\/04\/10\/gnr-levantou-dois-autos-de-contraordenacao-por-falta-de-limpeza-de-terrenos\/#primaryimage","url":"https:\/\/www.altominho.tv\/site\/wp-content\/uploads\/2018\/04\/limpeza.jpeg","contentUrl":"https:\/\/www.altominho.tv\/site\/wp-content\/uploads\/2018\/04\/limpeza.jpeg","width":740,"height":406},{"@type":"BreadcrumbList","@id":"https:\/\/www.altominho.tv\/site\/2018\/04\/10\/gnr-levantou-dois-autos-de-contraordenacao-por-falta-de-limpeza-de-terrenos\/#breadcrumb","itemListElement":[{"@type":"ListItem","position":1,"name":"In\u00edcio","item":"https:\/\/www.altominho.tv\/site\/"},{"@type":"ListItem","position":2,"name":"GNR levantou dois autos de contraordena\u00e7\u00e3o por falta de limpeza de terrenos"}]},{"@type":"WebSite","@id":"https:\/\/www.altominho.tv\/site\/#website","url":"https:\/\/www.altominho.tv\/site\/","name":"Altominho.tv","description":"A sua regi\u00e3o \u00e0 dist\u00e2ncia de um clique...","potentialAction":[{"@type":"SearchAction","target":{"@type":"EntryPoint","urlTemplate":"https:\/\/www.altominho.tv\/site\/?s={search_term_string}"},"query-input":{"@type":"PropertyValueSpecification","valueRequired":true,"valueName":"search_term_string"}}],"inLanguage":"pt-PT"},{"@type":"Person","@id":"https:\/\/www.altominho.tv\/site\/#\/schema\/person\/d9be4265364723f14ea8e0d56a1d38cd","name":"Andreia Ferreira","image":{"@type":"ImageObject","inLanguage":"pt-PT","@id":"https:\/\/www.altominho.tv\/site\/wp-content\/uploads\/2021\/01\/AndreiaFerreira-150x150.jpg","url":"https:\/\/www.altominho.tv\/site\/wp-content\/uploads\/2021\/01\/AndreiaFerreira-150x150.jpg","contentUrl":"https:\/\/www.altominho.tv\/site\/wp-content\/uploads\/2021\/01\/AndreiaFerreira-150x150.jpg","caption":"Andreia Ferreira"},"url":"https:\/\/www.altominho.tv\/site\/author\/andreiaferreira\/"}]}},"_links":{"self":[{"href":"https:\/\/www.altominho.tv\/site\/wp-json\/wp\/v2\/posts\/11676","targetHints":{"allow":["GET"]}}],"collection":[{"href":"https:\/\/www.altominho.tv\/site\/wp-json\/wp\/v2\/posts"}],"about":[{"href":"https:\/\/www.altominho.tv\/site\/wp-json\/wp\/v2\/types\/post"}],"author":[{"embeddable":true,"href":"https:\/\/www.altominho.tv\/site\/wp-json\/wp\/v2\/users\/12"}],"replies":[{"embeddable":true,"href":"https:\/\/www.altominho.tv\/site\/wp-json\/wp\/v2\/comments?post=11676"}],"version-history":[{"count":0,"href":"https:\/\/www.altominho.tv\/site\/wp-json\/wp\/v2\/posts\/11676\/revisions"}],"wp:featuredmedia":[{"embeddable":true,"href":"https:\/\/www.altominho.tv\/site\/wp-json\/wp\/v2\/media\/11677"}],"wp:attachment":[{"href":"https:\/\/www.altominho.tv\/site\/wp-json\/wp\/v2\/media?parent=11676"}],"wp:term":[{"taxonomy":"category","embeddable":true,"href":"https:\/\/www.altominho.tv\/site\/wp-json\/wp\/v2\/categories?post=11676"},{"taxonomy":"post_tag","embeddable":true,"href":"https:\/\/www.altominho.tv\/site\/wp-json\/wp\/v2\/tags?post=11676"}],"curies":[{"name":"wp","href":"https:\/\/api.w.org\/{rel}","templated":true}]}}