{"id":116699,"date":"2025-04-07T09:45:13","date_gmt":"2025-04-07T08:45:13","guid":{"rendered":"https:\/\/www.altominho.tv\/site\/?p=116699"},"modified":"2025-04-07T09:56:01","modified_gmt":"2025-04-07T08:56:01","slug":"sistelo-vence-premio-5-estrelas-regioes-na-categoria-aldeias-e-vilas","status":"publish","type":"post","link":"https:\/\/www.altominho.tv\/site\/2025\/04\/07\/sistelo-vence-premio-5-estrelas-regioes-na-categoria-aldeias-e-vilas\/","title":{"rendered":"Sistelo vence pr\u00e9mio &#8216;Cinco Estrelas Regi\u00f5es&#8217; na categoria Aldeias e Vilas"},"content":{"rendered":"<p class=\"\" data-start=\"283\" data-end=\"522\">A aldeia de Sistelo, no concelho de Arcos de Valdevez, foi distinguida com o pr\u00e9mio &#8216;Cinco Estrelas Regi\u00f5es 2025&#8217; na categoria \u201cAldeias e Vilas\u201d, refor\u00e7ando assim o seu reconhecimento como um dos destinos mais emblem\u00e1ticos de Portugal.<\/p>\n<p class=\"\" data-start=\"524\" data-end=\"914\">Esta nova distin\u00e7\u00e3o junta-se a outros prestigiados t\u00edtulos j\u00e1 atribu\u00eddos \u00e0 aldeia, como o de \u201c7 Maravilhas de Portugal \u2013 Aldeias\u201d e a classifica\u00e7\u00e3o como Monumento Nacional pela sua Paisagem Cultural, a primeira do g\u00e9nero no pa\u00eds. &#8220;Reconhecimentos que elevam o orgulho dos arcuenses e consolidam Sistelo como um marco importante na valoriza\u00e7\u00e3o do patrim\u00f3nio e da identidade cultural nacional&#8221;, refere a autarquia.<\/p>\n<p class=\"\" data-start=\"1270\" data-end=\"1625\">O Pr\u00e9mio 5 Estrelas Regi\u00f5es, agora na sua oitava edi\u00e7\u00e3o, tem como objetivo identificar e promover os principais \u00edcones culturais e tur\u00edsticos de cada regi\u00e3o do pa\u00eds, valorizando igualmente as marcas que se destacam pela qualidade e satisfa\u00e7\u00e3o dos consumidores.<\/p>\n<p data-pm-slice=\"1 1 []\">O reconhecido galard\u00e3o envolveu este ano a participa\u00e7\u00e3o de 498.660 consumidores\u00a0portugueses e um rigoroso processo de avalia\u00e7\u00e3o.<\/p>\n<p class=\"\" data-start=\"1627\" data-end=\"1742\">\n","protected":false},"excerpt":{"rendered":"<p>A aldeia de Sistelo, no concelho de Arcos de Valdevez, foi distinguida com o pr\u00e9mio &#8216;Cinco Estrelas Regi\u00f5es 2025&#8217; na categoria \u201cAldeias e Vilas\u201d, refor\u00e7ando assim o seu reconhecimento como um dos destinos mais emblem\u00e1ticos de Portugal. Esta nova distin\u00e7\u00e3o junta-se a outros prestigiados t\u00edtulos j\u00e1 atribu\u00eddos \u00e0 aldeia, como o de \u201c7 Maravilhas de [&hellip;]<\/p>\n","protected":false},"author":1,"featured_media":116700,"comment_status":"closed","ping_status":"closed","sticky":false,"template":"","format":"standard","meta":{"_exactmetrics_skip_tracking":false,"footnotes":""},"categories":[2],"tags":[27],"class_list":["post-116699","post","type-post","status-publish","format-standard","has-post-thumbnail","hentry","category-arcos-de-valdevez","tag-sociedade"],"yoast_head":"<!-- This site is optimized with the Yoast SEO Premium plugin v28.3 (Yoast SEO v28.3) - https:\/\/yoast.com\/product\/yoast-seo-premium-wordpress\/ -->\n<title>Sistelo vence pr\u00e9mio &#039;Cinco Estrelas Regi\u00f5es&#039; na categoria Aldeias e Vilas<\/title>\n<meta name=\"robots\" content=\"index, follow, max-snippet:-1, max-image-preview:large, max-video-preview:-1\" \/>\n<link rel=\"canonical\" href=\"https:\/\/www.altominho.tv\/site\/2025\/04\/07\/sistelo-vence-premio-5-estrelas-regioes-na-categoria-aldeias-e-vilas\/\" \/>\n<meta property=\"og:locale\" content=\"pt_PT\" \/>\n<meta property=\"og:type\" content=\"article\" \/>\n<meta property=\"og:title\" content=\"Sistelo vence pr\u00e9mio &#039;Cinco Estrelas Regi\u00f5es&#039; na categoria Aldeias e Vilas\" \/>\n<meta property=\"og:description\" content=\"A aldeia de Sistelo, no concelho de Arcos de Valdevez, foi distinguida com o pr\u00e9mio &#8216;Cinco Estrelas Regi\u00f5es 2025&#8217; na categoria \u201cAldeias e Vilas\u201d, refor\u00e7ando assim o seu reconhecimento como um dos destinos mais emblem\u00e1ticos de Portugal. Esta nova distin\u00e7\u00e3o junta-se a outros prestigiados t\u00edtulos j\u00e1 atribu\u00eddos \u00e0 aldeia, como o de \u201c7 Maravilhas de [&hellip;]\" \/>\n<meta property=\"og:url\" content=\"https:\/\/www.altominho.tv\/site\/2025\/04\/07\/sistelo-vence-premio-5-estrelas-regioes-na-categoria-aldeias-e-vilas\/\" \/>\n<meta property=\"og:site_name\" content=\"Altominho.tv\" \/>\n<meta property=\"article:publisher\" content=\"https:\/\/www.facebook.com\/altominhotv\" \/>\n<meta property=\"article:published_time\" content=\"2025-04-07T08:45:13+00:00\" \/>\n<meta property=\"article:modified_time\" content=\"2025-04-07T08:56:01+00:00\" \/>\n<meta property=\"og:image\" content=\"https:\/\/www.altominho.tv\/site\/wp-content\/uploads\/2025\/04\/BASE-FB-logo-Branco-1200-x-630-px-36.png\" \/>\n\t<meta property=\"og:image:width\" content=\"1200\" \/>\n\t<meta property=\"og:image:height\" content=\"630\" \/>\n\t<meta property=\"og:image:type\" content=\"image\/png\" \/>\n<meta name=\"author\" content=\"Altominho.tv\" \/>\n<meta name=\"twitter:card\" content=\"summary_large_image\" \/>\n<meta name=\"twitter:creator\" content=\"@altominhoTV\" \/>\n<meta name=\"twitter:site\" content=\"@altominhoTV\" \/>\n<meta name=\"twitter:label1\" content=\"Escrito por\" \/>\n\t<meta name=\"twitter:data1\" content=\"Altominho.tv\" \/>\n\t<meta name=\"twitter:label2\" content=\"Tempo estimado de leitura\" \/>\n\t<meta name=\"twitter:data2\" content=\"1 minuto\" \/>\n<script type=\"application\/ld+json\" class=\"yoast-schema-graph\">{\"@context\":\"https:\\\/\\\/schema.org\",\"@graph\":[{\"@type\":\"Article\",\"@id\":\"https:\\\/\\\/www.altominho.tv\\\/site\\\/2025\\\/04\\\/07\\\/sistelo-vence-premio-5-estrelas-regioes-na-categoria-aldeias-e-vilas\\\/#article\",\"isPartOf\":{\"@id\":\"https:\\\/\\\/www.altominho.tv\\\/site\\\/2025\\\/04\\\/07\\\/sistelo-vence-premio-5-estrelas-regioes-na-categoria-aldeias-e-vilas\\\/\"},\"author\":{\"name\":\"Altominho.tv\",\"@id\":\"https:\\\/\\\/www.altominho.tv\\\/site\\\/#\\\/schema\\\/person\\\/4e536851627d7914baf3dac752b6af22\"},\"headline\":\"Sistelo vence pr\u00e9mio &#8216;Cinco Estrelas Regi\u00f5es&#8217; na categoria Aldeias e Vilas\",\"datePublished\":\"2025-04-07T08:45:13+00:00\",\"dateModified\":\"2025-04-07T08:56:01+00:00\",\"mainEntityOfPage\":{\"@id\":\"https:\\\/\\\/www.altominho.tv\\\/site\\\/2025\\\/04\\\/07\\\/sistelo-vence-premio-5-estrelas-regioes-na-categoria-aldeias-e-vilas\\\/\"},\"wordCount\":188,\"image\":{\"@id\":\"https:\\\/\\\/www.altominho.tv\\\/site\\\/2025\\\/04\\\/07\\\/sistelo-vence-premio-5-estrelas-regioes-na-categoria-aldeias-e-vilas\\\/#primaryimage\"},\"thumbnailUrl\":\"https:\\\/\\\/www.altominho.tv\\\/site\\\/wp-content\\\/uploads\\\/2025\\\/04\\\/BASE-FB-logo-Branco-1200-x-630-px-36.png\",\"keywords\":[\"Sociedade\"],\"articleSection\":[\"Arcos de Valdevez\"],\"inLanguage\":\"pt-PT\",\"copyrightYear\":\"2025\",\"copyrightHolder\":{\"@id\":\"https:\\\/\\\/www.altominho.tv\\\/site\\\/#organization\"}},{\"@type\":\"WebPage\",\"@id\":\"https:\\\/\\\/www.altominho.tv\\\/site\\\/2025\\\/04\\\/07\\\/sistelo-vence-premio-5-estrelas-regioes-na-categoria-aldeias-e-vilas\\\/\",\"url\":\"https:\\\/\\\/www.altominho.tv\\\/site\\\/2025\\\/04\\\/07\\\/sistelo-vence-premio-5-estrelas-regioes-na-categoria-aldeias-e-vilas\\\/\",\"name\":\"Sistelo vence pr\u00e9mio 'Cinco Estrelas Regi\u00f5es' na categoria Aldeias e Vilas\",\"isPartOf\":{\"@id\":\"https:\\\/\\\/www.altominho.tv\\\/site\\\/#website\"},\"primaryImageOfPage\":{\"@id\":\"https:\\\/\\\/www.altominho.tv\\\/site\\\/2025\\\/04\\\/07\\\/sistelo-vence-premio-5-estrelas-regioes-na-categoria-aldeias-e-vilas\\\/#primaryimage\"},\"image\":{\"@id\":\"https:\\\/\\\/www.altominho.tv\\\/site\\\/2025\\\/04\\\/07\\\/sistelo-vence-premio-5-estrelas-regioes-na-categoria-aldeias-e-vilas\\\/#primaryimage\"},\"thumbnailUrl\":\"https:\\\/\\\/www.altominho.tv\\\/site\\\/wp-content\\\/uploads\\\/2025\\\/04\\\/BASE-FB-logo-Branco-1200-x-630-px-36.png\",\"datePublished\":\"2025-04-07T08:45:13+00:00\",\"dateModified\":\"2025-04-07T08:56:01+00:00\",\"author\":{\"@id\":\"https:\\\/\\\/www.altominho.tv\\\/site\\\/#\\\/schema\\\/person\\\/4e536851627d7914baf3dac752b6af22\"},\"breadcrumb\":{\"@id\":\"https:\\\/\\\/www.altominho.tv\\\/site\\\/2025\\\/04\\\/07\\\/sistelo-vence-premio-5-estrelas-regioes-na-categoria-aldeias-e-vilas\\\/#breadcrumb\"},\"inLanguage\":\"pt-PT\",\"potentialAction\":[{\"@type\":\"ReadAction\",\"target\":[\"https:\\\/\\\/www.altominho.tv\\\/site\\\/2025\\\/04\\\/07\\\/sistelo-vence-premio-5-estrelas-regioes-na-categoria-aldeias-e-vilas\\\/\"]}]},{\"@type\":\"ImageObject\",\"inLanguage\":\"pt-PT\",\"@id\":\"https:\\\/\\\/www.altominho.tv\\\/site\\\/2025\\\/04\\\/07\\\/sistelo-vence-premio-5-estrelas-regioes-na-categoria-aldeias-e-vilas\\\/#primaryimage\",\"url\":\"https:\\\/\\\/www.altominho.tv\\\/site\\\/wp-content\\\/uploads\\\/2025\\\/04\\\/BASE-FB-logo-Branco-1200-x-630-px-36.png\",\"contentUrl\":\"https:\\\/\\\/www.altominho.tv\\\/site\\\/wp-content\\\/uploads\\\/2025\\\/04\\\/BASE-FB-logo-Branco-1200-x-630-px-36.png\",\"width\":1200,\"height\":630},{\"@type\":\"BreadcrumbList\",\"@id\":\"https:\\\/\\\/www.altominho.tv\\\/site\\\/2025\\\/04\\\/07\\\/sistelo-vence-premio-5-estrelas-regioes-na-categoria-aldeias-e-vilas\\\/#breadcrumb\",\"itemListElement\":[{\"@type\":\"ListItem\",\"position\":1,\"name\":\"In\u00edcio\",\"item\":\"https:\\\/\\\/www.altominho.tv\\\/site\\\/\"},{\"@type\":\"ListItem\",\"position\":2,\"name\":\"Sistelo vence pr\u00e9mio &#8216;Cinco Estrelas Regi\u00f5es&#8217; na categoria Aldeias e Vilas\"}]},{\"@type\":\"WebSite\",\"@id\":\"https:\\\/\\\/www.altominho.tv\\\/site\\\/#website\",\"url\":\"https:\\\/\\\/www.altominho.tv\\\/site\\\/\",\"name\":\"Altominho.tv\",\"description\":\"A sua regi\u00e3o \u00e0 dist\u00e2ncia de um clique...\",\"potentialAction\":[{\"@type\":\"SearchAction\",\"target\":{\"@type\":\"EntryPoint\",\"urlTemplate\":\"https:\\\/\\\/www.altominho.tv\\\/site\\\/?s={search_term_string}\"},\"query-input\":{\"@type\":\"PropertyValueSpecification\",\"valueRequired\":true,\"valueName\":\"search_term_string\"}}],\"inLanguage\":\"pt-PT\"},{\"@type\":\"Person\",\"@id\":\"https:\\\/\\\/www.altominho.tv\\\/site\\\/#\\\/schema\\\/person\\\/4e536851627d7914baf3dac752b6af22\",\"name\":\"Altominho.tv\",\"image\":{\"@type\":\"ImageObject\",\"inLanguage\":\"pt-PT\",\"@id\":\"https:\\\/\\\/www.altominho.tv\\\/site\\\/wp-content\\\/uploads\\\/2019\\\/11\\\/Logo_Avatar_2-150x150.jpg\",\"url\":\"https:\\\/\\\/www.altominho.tv\\\/site\\\/wp-content\\\/uploads\\\/2019\\\/11\\\/Logo_Avatar_2-150x150.jpg\",\"contentUrl\":\"https:\\\/\\\/www.altominho.tv\\\/site\\\/wp-content\\\/uploads\\\/2019\\\/11\\\/Logo_Avatar_2-150x150.jpg\",\"caption\":\"Altominho.tv\"},\"url\":\"https:\\\/\\\/www.altominho.tv\\\/site\\\/author\\\/altominhotv-tecnico\\\/\"}]}<\/script>\n<!-- \/ Yoast SEO Premium plugin. -->","yoast_head_json":{"title":"Sistelo vence pr\u00e9mio 'Cinco Estrelas Regi\u00f5es' na categoria Aldeias e Vilas","robots":{"index":"index","follow":"follow","max-snippet":"max-snippet:-1","max-image-preview":"max-image-preview:large","max-video-preview":"max-video-preview:-1"},"canonical":"https:\/\/www.altominho.tv\/site\/2025\/04\/07\/sistelo-vence-premio-5-estrelas-regioes-na-categoria-aldeias-e-vilas\/","og_locale":"pt_PT","og_type":"article","og_title":"Sistelo vence pr\u00e9mio 'Cinco Estrelas Regi\u00f5es' na categoria Aldeias e Vilas","og_description":"A aldeia de Sistelo, no concelho de Arcos de Valdevez, foi distinguida com o pr\u00e9mio &#8216;Cinco Estrelas Regi\u00f5es 2025&#8217; na categoria \u201cAldeias e Vilas\u201d, refor\u00e7ando assim o seu reconhecimento como um dos destinos mais emblem\u00e1ticos de Portugal. Esta nova distin\u00e7\u00e3o junta-se a outros prestigiados t\u00edtulos j\u00e1 atribu\u00eddos \u00e0 aldeia, como o de \u201c7 Maravilhas de [&hellip;]","og_url":"https:\/\/www.altominho.tv\/site\/2025\/04\/07\/sistelo-vence-premio-5-estrelas-regioes-na-categoria-aldeias-e-vilas\/","og_site_name":"Altominho.tv","article_publisher":"https:\/\/www.facebook.com\/altominhotv","article_published_time":"2025-04-07T08:45:13+00:00","article_modified_time":"2025-04-07T08:56:01+00:00","og_image":[{"width":1200,"height":630,"url":"https:\/\/www.altominho.tv\/site\/wp-content\/uploads\/2025\/04\/BASE-FB-logo-Branco-1200-x-630-px-36.png","type":"image\/png"}],"author":"Altominho.tv","twitter_card":"summary_large_image","twitter_creator":"@altominhoTV","twitter_site":"@altominhoTV","twitter_misc":{"Escrito por":"Altominho.tv","Tempo estimado de leitura":"1 minuto"},"schema":{"@context":"https:\/\/schema.org","@graph":[{"@type":"Article","@id":"https:\/\/www.altominho.tv\/site\/2025\/04\/07\/sistelo-vence-premio-5-estrelas-regioes-na-categoria-aldeias-e-vilas\/#article","isPartOf":{"@id":"https:\/\/www.altominho.tv\/site\/2025\/04\/07\/sistelo-vence-premio-5-estrelas-regioes-na-categoria-aldeias-e-vilas\/"},"author":{"name":"Altominho.tv","@id":"https:\/\/www.altominho.tv\/site\/#\/schema\/person\/4e536851627d7914baf3dac752b6af22"},"headline":"Sistelo vence pr\u00e9mio &#8216;Cinco Estrelas Regi\u00f5es&#8217; na categoria Aldeias e Vilas","datePublished":"2025-04-07T08:45:13+00:00","dateModified":"2025-04-07T08:56:01+00:00","mainEntityOfPage":{"@id":"https:\/\/www.altominho.tv\/site\/2025\/04\/07\/sistelo-vence-premio-5-estrelas-regioes-na-categoria-aldeias-e-vilas\/"},"wordCount":188,"image":{"@id":"https:\/\/www.altominho.tv\/site\/2025\/04\/07\/sistelo-vence-premio-5-estrelas-regioes-na-categoria-aldeias-e-vilas\/#primaryimage"},"thumbnailUrl":"https:\/\/www.altominho.tv\/site\/wp-content\/uploads\/2025\/04\/BASE-FB-logo-Branco-1200-x-630-px-36.png","keywords":["Sociedade"],"articleSection":["Arcos de Valdevez"],"inLanguage":"pt-PT","copyrightYear":"2025","copyrightHolder":{"@id":"https:\/\/www.altominho.tv\/site\/#organization"}},{"@type":"WebPage","@id":"https:\/\/www.altominho.tv\/site\/2025\/04\/07\/sistelo-vence-premio-5-estrelas-regioes-na-categoria-aldeias-e-vilas\/","url":"https:\/\/www.altominho.tv\/site\/2025\/04\/07\/sistelo-vence-premio-5-estrelas-regioes-na-categoria-aldeias-e-vilas\/","name":"Sistelo vence pr\u00e9mio 'Cinco Estrelas Regi\u00f5es' na categoria Aldeias e Vilas","isPartOf":{"@id":"https:\/\/www.altominho.tv\/site\/#website"},"primaryImageOfPage":{"@id":"https:\/\/www.altominho.tv\/site\/2025\/04\/07\/sistelo-vence-premio-5-estrelas-regioes-na-categoria-aldeias-e-vilas\/#primaryimage"},"image":{"@id":"https:\/\/www.altominho.tv\/site\/2025\/04\/07\/sistelo-vence-premio-5-estrelas-regioes-na-categoria-aldeias-e-vilas\/#primaryimage"},"thumbnailUrl":"https:\/\/www.altominho.tv\/site\/wp-content\/uploads\/2025\/04\/BASE-FB-logo-Branco-1200-x-630-px-36.png","datePublished":"2025-04-07T08:45:13+00:00","dateModified":"2025-04-07T08:56:01+00:00","author":{"@id":"https:\/\/www.altominho.tv\/site\/#\/schema\/person\/4e536851627d7914baf3dac752b6af22"},"breadcrumb":{"@id":"https:\/\/www.altominho.tv\/site\/2025\/04\/07\/sistelo-vence-premio-5-estrelas-regioes-na-categoria-aldeias-e-vilas\/#breadcrumb"},"inLanguage":"pt-PT","potentialAction":[{"@type":"ReadAction","target":["https:\/\/www.altominho.tv\/site\/2025\/04\/07\/sistelo-vence-premio-5-estrelas-regioes-na-categoria-aldeias-e-vilas\/"]}]},{"@type":"ImageObject","inLanguage":"pt-PT","@id":"https:\/\/www.altominho.tv\/site\/2025\/04\/07\/sistelo-vence-premio-5-estrelas-regioes-na-categoria-aldeias-e-vilas\/#primaryimage","url":"https:\/\/www.altominho.tv\/site\/wp-content\/uploads\/2025\/04\/BASE-FB-logo-Branco-1200-x-630-px-36.png","contentUrl":"https:\/\/www.altominho.tv\/site\/wp-content\/uploads\/2025\/04\/BASE-FB-logo-Branco-1200-x-630-px-36.png","width":1200,"height":630},{"@type":"BreadcrumbList","@id":"https:\/\/www.altominho.tv\/site\/2025\/04\/07\/sistelo-vence-premio-5-estrelas-regioes-na-categoria-aldeias-e-vilas\/#breadcrumb","itemListElement":[{"@type":"ListItem","position":1,"name":"In\u00edcio","item":"https:\/\/www.altominho.tv\/site\/"},{"@type":"ListItem","position":2,"name":"Sistelo vence pr\u00e9mio &#8216;Cinco Estrelas Regi\u00f5es&#8217; na categoria Aldeias e Vilas"}]},{"@type":"WebSite","@id":"https:\/\/www.altominho.tv\/site\/#website","url":"https:\/\/www.altominho.tv\/site\/","name":"Altominho.tv","description":"A sua regi\u00e3o \u00e0 dist\u00e2ncia de um clique...","potentialAction":[{"@type":"SearchAction","target":{"@type":"EntryPoint","urlTemplate":"https:\/\/www.altominho.tv\/site\/?s={search_term_string}"},"query-input":{"@type":"PropertyValueSpecification","valueRequired":true,"valueName":"search_term_string"}}],"inLanguage":"pt-PT"},{"@type":"Person","@id":"https:\/\/www.altominho.tv\/site\/#\/schema\/person\/4e536851627d7914baf3dac752b6af22","name":"Altominho.tv","image":{"@type":"ImageObject","inLanguage":"pt-PT","@id":"https:\/\/www.altominho.tv\/site\/wp-content\/uploads\/2019\/11\/Logo_Avatar_2-150x150.jpg","url":"https:\/\/www.altominho.tv\/site\/wp-content\/uploads\/2019\/11\/Logo_Avatar_2-150x150.jpg","contentUrl":"https:\/\/www.altominho.tv\/site\/wp-content\/uploads\/2019\/11\/Logo_Avatar_2-150x150.jpg","caption":"Altominho.tv"},"url":"https:\/\/www.altominho.tv\/site\/author\/altominhotv-tecnico\/"}]}},"_links":{"self":[{"href":"https:\/\/www.altominho.tv\/site\/wp-json\/wp\/v2\/posts\/116699","targetHints":{"allow":["GET"]}}],"collection":[{"href":"https:\/\/www.altominho.tv\/site\/wp-json\/wp\/v2\/posts"}],"about":[{"href":"https:\/\/www.altominho.tv\/site\/wp-json\/wp\/v2\/types\/post"}],"author":[{"embeddable":true,"href":"https:\/\/www.altominho.tv\/site\/wp-json\/wp\/v2\/users\/1"}],"replies":[{"embeddable":true,"href":"https:\/\/www.altominho.tv\/site\/wp-json\/wp\/v2\/comments?post=116699"}],"version-history":[{"count":3,"href":"https:\/\/www.altominho.tv\/site\/wp-json\/wp\/v2\/posts\/116699\/revisions"}],"predecessor-version":[{"id":116706,"href":"https:\/\/www.altominho.tv\/site\/wp-json\/wp\/v2\/posts\/116699\/revisions\/116706"}],"wp:featuredmedia":[{"embeddable":true,"href":"https:\/\/www.altominho.tv\/site\/wp-json\/wp\/v2\/media\/116700"}],"wp:attachment":[{"href":"https:\/\/www.altominho.tv\/site\/wp-json\/wp\/v2\/media?parent=116699"}],"wp:term":[{"taxonomy":"category","embeddable":true,"href":"https:\/\/www.altominho.tv\/site\/wp-json\/wp\/v2\/categories?post=116699"},{"taxonomy":"post_tag","embeddable":true,"href":"https:\/\/www.altominho.tv\/site\/wp-json\/wp\/v2\/tags?post=116699"}],"curies":[{"name":"wp","href":"https:\/\/api.w.org\/{rel}","templated":true}]}}