{"id":116578,"date":"2025-04-03T16:17:07","date_gmt":"2025-04-03T15:17:07","guid":{"rendered":"https:\/\/www.altominho.tv\/site\/?p=116578"},"modified":"2025-04-03T16:20:17","modified_gmt":"2025-04-03T15:20:17","slug":"despiste-na-a27-provoca-dois-feridos","status":"publish","type":"post","link":"https:\/\/www.altominho.tv\/site\/2025\/04\/03\/despiste-na-a27-provoca-dois-feridos\/","title":{"rendered":"Despiste na A27 provoca dois feridos"},"content":{"rendered":"<p>Um despiste na\u00a0 A27, sentido Oeste\/Este, em Ponte de Lima, provocou dois feridos que seguiam num ve\u00edculo ligeiro, no in\u00edcio desta tarde.<\/p>\n<p>Em declara\u00e7\u00f5es \u00e0 Altominho TV,\u00a0 os Bombeiros Volunt\u00e1rios de Ponte de Lima adiantaram que as v\u00edtimas, um homem de 71 anos, com ferimentos ligeiros, foi transportado para o Hospital de Viana do Castelo. A outra v\u00edtima, uma mulher na casa dos 60 anos, foi transportada para o Hospital de Braga. Ambos seguiam na mesma viatura.<\/p>\n<p>Foram mobilizados 17 operacionais e sete meios. A GNR registou a ocorr\u00eancia. A<span style=\"font-size: revert;\"> concession\u00e1ria Norte Litoral da autoestrada tamb\u00e9m esteve presente no local.<\/span><\/p>\n<p>O alerta foi dado ao in\u00edcio da tarde.<\/p>\n","protected":false},"excerpt":{"rendered":"<p>Um despiste na\u00a0 A27, sentido Oeste\/Este, em Ponte de Lima, provocou dois feridos que seguiam num ve\u00edculo ligeiro, no in\u00edcio desta tarde. Em declara\u00e7\u00f5es \u00e0 Altominho TV,\u00a0 os Bombeiros Volunt\u00e1rios de Ponte de Lima adiantaram que as v\u00edtimas, um homem de 71 anos, com ferimentos ligeiros, foi transportado para o Hospital de Viana do Castelo. [&hellip;]<\/p>\n","protected":false},"author":30,"featured_media":115805,"comment_status":"closed","ping_status":"closed","sticky":false,"template":"","format":"standard","meta":{"_exactmetrics_skip_tracking":false,"_exactmetrics_sitenote_active":false,"_exactmetrics_sitenote_note":"","_exactmetrics_sitenote_category":0,"footnotes":""},"categories":[12],"tags":[27],"class_list":["post-116578","post","type-post","status-publish","format-standard","has-post-thumbnail","hentry","category-ponte-de-lima","tag-sociedade"],"yoast_head":"<!-- This site is optimized with the Yoast SEO Premium plugin v27.5 (Yoast SEO v27.5) - https:\/\/yoast.com\/product\/yoast-seo-premium-wordpress\/ -->\n<title>Despiste na A27 provoca dois feridos<\/title>\n<meta name=\"description\" content=\"Um despiste na\u00a0 A27, sentido Oeste\/Este, em Ponte de Lima, provocou dois feridos ap\u00f3s um despiste num ve\u00edculo ligeiro, no in\u00edcio desta tarde.\u00a0\" \/>\n<meta name=\"robots\" content=\"index, follow, max-snippet:-1, max-image-preview:large, max-video-preview:-1\" \/>\n<link rel=\"canonical\" href=\"https:\/\/www.altominho.tv\/site\/2025\/04\/03\/despiste-na-a27-provoca-dois-feridos\/\" \/>\n<meta property=\"og:locale\" content=\"pt_PT\" \/>\n<meta property=\"og:type\" content=\"article\" \/>\n<meta property=\"og:title\" content=\"Despiste na A27 provoca dois feridos\" \/>\n<meta property=\"og:description\" content=\"Um despiste na\u00a0 A27, sentido Oeste\/Este, em Ponte de Lima, provocou dois feridos ap\u00f3s um despiste num ve\u00edculo ligeiro, no in\u00edcio desta tarde.\u00a0\" \/>\n<meta property=\"og:url\" content=\"https:\/\/www.altominho.tv\/site\/2025\/04\/03\/despiste-na-a27-provoca-dois-feridos\/\" \/>\n<meta property=\"og:site_name\" content=\"Altominho.tv\" \/>\n<meta property=\"article:publisher\" content=\"https:\/\/www.facebook.com\/altominhotv\" \/>\n<meta property=\"article:published_time\" content=\"2025-04-03T15:17:07+00:00\" \/>\n<meta property=\"article:modified_time\" content=\"2025-04-03T15:20:17+00:00\" \/>\n<meta property=\"og:image\" content=\"https:\/\/www.altominho.tv\/site\/wp-content\/uploads\/2025\/03\/acidente.jpg\" \/>\n\t<meta property=\"og:image:width\" content=\"1200\" \/>\n\t<meta property=\"og:image:height\" content=\"630\" \/>\n\t<meta property=\"og:image:type\" content=\"image\/jpeg\" \/>\n<meta name=\"author\" content=\"Eduarda Cardoso\" \/>\n<meta name=\"twitter:card\" content=\"summary_large_image\" \/>\n<meta name=\"twitter:creator\" content=\"@altominhoTV\" \/>\n<meta name=\"twitter:site\" content=\"@altominhoTV\" \/>\n<meta name=\"twitter:label1\" content=\"Escrito por\" \/>\n\t<meta name=\"twitter:data1\" content=\"Eduarda Cardoso\" \/>\n\t<meta name=\"twitter:label2\" content=\"Tempo estimado de leitura\" \/>\n\t<meta name=\"twitter:data2\" content=\"1 minuto\" \/>\n<script type=\"application\/ld+json\" class=\"yoast-schema-graph\">{\"@context\":\"https:\\\/\\\/schema.org\",\"@graph\":[{\"@type\":\"Article\",\"@id\":\"https:\\\/\\\/www.altominho.tv\\\/site\\\/2025\\\/04\\\/03\\\/despiste-na-a27-provoca-dois-feridos\\\/#article\",\"isPartOf\":{\"@id\":\"https:\\\/\\\/www.altominho.tv\\\/site\\\/2025\\\/04\\\/03\\\/despiste-na-a27-provoca-dois-feridos\\\/\"},\"author\":{\"name\":\"Eduarda Cardoso\",\"@id\":\"https:\\\/\\\/www.altominho.tv\\\/site\\\/#\\\/schema\\\/person\\\/9e351387b727413d005ccf1152c93539\"},\"headline\":\"Despiste na A27 provoca dois feridos\",\"datePublished\":\"2025-04-03T15:17:07+00:00\",\"dateModified\":\"2025-04-03T15:20:17+00:00\",\"mainEntityOfPage\":{\"@id\":\"https:\\\/\\\/www.altominho.tv\\\/site\\\/2025\\\/04\\\/03\\\/despiste-na-a27-provoca-dois-feridos\\\/\"},\"wordCount\":121,\"image\":{\"@id\":\"https:\\\/\\\/www.altominho.tv\\\/site\\\/2025\\\/04\\\/03\\\/despiste-na-a27-provoca-dois-feridos\\\/#primaryimage\"},\"thumbnailUrl\":\"https:\\\/\\\/www.altominho.tv\\\/site\\\/wp-content\\\/uploads\\\/2025\\\/03\\\/acidente.jpg\",\"keywords\":[\"Sociedade\"],\"articleSection\":[\"Ponte de Lima\"],\"inLanguage\":\"pt-PT\",\"copyrightYear\":\"2025\",\"copyrightHolder\":{\"@id\":\"https:\\\/\\\/www.altominho.tv\\\/site\\\/#organization\"}},{\"@type\":\"WebPage\",\"@id\":\"https:\\\/\\\/www.altominho.tv\\\/site\\\/2025\\\/04\\\/03\\\/despiste-na-a27-provoca-dois-feridos\\\/\",\"url\":\"https:\\\/\\\/www.altominho.tv\\\/site\\\/2025\\\/04\\\/03\\\/despiste-na-a27-provoca-dois-feridos\\\/\",\"name\":\"Despiste na A27 provoca dois feridos\",\"isPartOf\":{\"@id\":\"https:\\\/\\\/www.altominho.tv\\\/site\\\/#website\"},\"primaryImageOfPage\":{\"@id\":\"https:\\\/\\\/www.altominho.tv\\\/site\\\/2025\\\/04\\\/03\\\/despiste-na-a27-provoca-dois-feridos\\\/#primaryimage\"},\"image\":{\"@id\":\"https:\\\/\\\/www.altominho.tv\\\/site\\\/2025\\\/04\\\/03\\\/despiste-na-a27-provoca-dois-feridos\\\/#primaryimage\"},\"thumbnailUrl\":\"https:\\\/\\\/www.altominho.tv\\\/site\\\/wp-content\\\/uploads\\\/2025\\\/03\\\/acidente.jpg\",\"datePublished\":\"2025-04-03T15:17:07+00:00\",\"dateModified\":\"2025-04-03T15:20:17+00:00\",\"author\":{\"@id\":\"https:\\\/\\\/www.altominho.tv\\\/site\\\/#\\\/schema\\\/person\\\/9e351387b727413d005ccf1152c93539\"},\"description\":\"Um despiste na\u00a0 A27, sentido Oeste\\\/Este, em Ponte de Lima, provocou dois feridos ap\u00f3s um despiste num ve\u00edculo ligeiro, no in\u00edcio desta tarde.\u00a0\",\"breadcrumb\":{\"@id\":\"https:\\\/\\\/www.altominho.tv\\\/site\\\/2025\\\/04\\\/03\\\/despiste-na-a27-provoca-dois-feridos\\\/#breadcrumb\"},\"inLanguage\":\"pt-PT\",\"potentialAction\":[{\"@type\":\"ReadAction\",\"target\":[\"https:\\\/\\\/www.altominho.tv\\\/site\\\/2025\\\/04\\\/03\\\/despiste-na-a27-provoca-dois-feridos\\\/\"]}]},{\"@type\":\"ImageObject\",\"inLanguage\":\"pt-PT\",\"@id\":\"https:\\\/\\\/www.altominho.tv\\\/site\\\/2025\\\/04\\\/03\\\/despiste-na-a27-provoca-dois-feridos\\\/#primaryimage\",\"url\":\"https:\\\/\\\/www.altominho.tv\\\/site\\\/wp-content\\\/uploads\\\/2025\\\/03\\\/acidente.jpg\",\"contentUrl\":\"https:\\\/\\\/www.altominho.tv\\\/site\\\/wp-content\\\/uploads\\\/2025\\\/03\\\/acidente.jpg\",\"width\":1200,\"height\":630},{\"@type\":\"BreadcrumbList\",\"@id\":\"https:\\\/\\\/www.altominho.tv\\\/site\\\/2025\\\/04\\\/03\\\/despiste-na-a27-provoca-dois-feridos\\\/#breadcrumb\",\"itemListElement\":[{\"@type\":\"ListItem\",\"position\":1,\"name\":\"In\u00edcio\",\"item\":\"https:\\\/\\\/www.altominho.tv\\\/site\\\/\"},{\"@type\":\"ListItem\",\"position\":2,\"name\":\"Despiste na A27 provoca dois feridos\"}]},{\"@type\":\"WebSite\",\"@id\":\"https:\\\/\\\/www.altominho.tv\\\/site\\\/#website\",\"url\":\"https:\\\/\\\/www.altominho.tv\\\/site\\\/\",\"name\":\"Altominho.tv\",\"description\":\"A sua regi\u00e3o \u00e0 dist\u00e2ncia de um clique...\",\"potentialAction\":[{\"@type\":\"SearchAction\",\"target\":{\"@type\":\"EntryPoint\",\"urlTemplate\":\"https:\\\/\\\/www.altominho.tv\\\/site\\\/?s={search_term_string}\"},\"query-input\":{\"@type\":\"PropertyValueSpecification\",\"valueRequired\":true,\"valueName\":\"search_term_string\"}}],\"inLanguage\":\"pt-PT\"},{\"@type\":\"Person\",\"@id\":\"https:\\\/\\\/www.altominho.tv\\\/site\\\/#\\\/schema\\\/person\\\/9e351387b727413d005ccf1152c93539\",\"name\":\"Eduarda Cardoso\",\"image\":{\"@type\":\"ImageObject\",\"inLanguage\":\"pt-PT\",\"@id\":\"https:\\\/\\\/www.altominho.tv\\\/site\\\/wp-content\\\/uploads\\\/2021\\\/01\\\/cropped-Logo-ATV_WEB-150x150.png\",\"url\":\"https:\\\/\\\/www.altominho.tv\\\/site\\\/wp-content\\\/uploads\\\/2021\\\/01\\\/cropped-Logo-ATV_WEB-150x150.png\",\"contentUrl\":\"https:\\\/\\\/www.altominho.tv\\\/site\\\/wp-content\\\/uploads\\\/2021\\\/01\\\/cropped-Logo-ATV_WEB-150x150.png\",\"caption\":\"Eduarda Cardoso\"},\"url\":\"https:\\\/\\\/www.altominho.tv\\\/site\\\/author\\\/eduarda-cardoso\\\/\"}]}<\/script>\n<!-- \/ Yoast SEO Premium plugin. -->","yoast_head_json":{"title":"Despiste na A27 provoca dois feridos","description":"Um despiste na\u00a0 A27, sentido Oeste\/Este, em Ponte de Lima, provocou dois feridos ap\u00f3s um despiste num ve\u00edculo ligeiro, no in\u00edcio desta tarde.\u00a0","robots":{"index":"index","follow":"follow","max-snippet":"max-snippet:-1","max-image-preview":"max-image-preview:large","max-video-preview":"max-video-preview:-1"},"canonical":"https:\/\/www.altominho.tv\/site\/2025\/04\/03\/despiste-na-a27-provoca-dois-feridos\/","og_locale":"pt_PT","og_type":"article","og_title":"Despiste na A27 provoca dois feridos","og_description":"Um despiste na\u00a0 A27, sentido Oeste\/Este, em Ponte de Lima, provocou dois feridos ap\u00f3s um despiste num ve\u00edculo ligeiro, no in\u00edcio desta tarde.\u00a0","og_url":"https:\/\/www.altominho.tv\/site\/2025\/04\/03\/despiste-na-a27-provoca-dois-feridos\/","og_site_name":"Altominho.tv","article_publisher":"https:\/\/www.facebook.com\/altominhotv","article_published_time":"2025-04-03T15:17:07+00:00","article_modified_time":"2025-04-03T15:20:17+00:00","og_image":[{"width":1200,"height":630,"url":"https:\/\/www.altominho.tv\/site\/wp-content\/uploads\/2025\/03\/acidente.jpg","type":"image\/jpeg"}],"author":"Eduarda Cardoso","twitter_card":"summary_large_image","twitter_creator":"@altominhoTV","twitter_site":"@altominhoTV","twitter_misc":{"Escrito por":"Eduarda Cardoso","Tempo estimado de leitura":"1 minuto"},"schema":{"@context":"https:\/\/schema.org","@graph":[{"@type":"Article","@id":"https:\/\/www.altominho.tv\/site\/2025\/04\/03\/despiste-na-a27-provoca-dois-feridos\/#article","isPartOf":{"@id":"https:\/\/www.altominho.tv\/site\/2025\/04\/03\/despiste-na-a27-provoca-dois-feridos\/"},"author":{"name":"Eduarda Cardoso","@id":"https:\/\/www.altominho.tv\/site\/#\/schema\/person\/9e351387b727413d005ccf1152c93539"},"headline":"Despiste na A27 provoca dois feridos","datePublished":"2025-04-03T15:17:07+00:00","dateModified":"2025-04-03T15:20:17+00:00","mainEntityOfPage":{"@id":"https:\/\/www.altominho.tv\/site\/2025\/04\/03\/despiste-na-a27-provoca-dois-feridos\/"},"wordCount":121,"image":{"@id":"https:\/\/www.altominho.tv\/site\/2025\/04\/03\/despiste-na-a27-provoca-dois-feridos\/#primaryimage"},"thumbnailUrl":"https:\/\/www.altominho.tv\/site\/wp-content\/uploads\/2025\/03\/acidente.jpg","keywords":["Sociedade"],"articleSection":["Ponte de Lima"],"inLanguage":"pt-PT","copyrightYear":"2025","copyrightHolder":{"@id":"https:\/\/www.altominho.tv\/site\/#organization"}},{"@type":"WebPage","@id":"https:\/\/www.altominho.tv\/site\/2025\/04\/03\/despiste-na-a27-provoca-dois-feridos\/","url":"https:\/\/www.altominho.tv\/site\/2025\/04\/03\/despiste-na-a27-provoca-dois-feridos\/","name":"Despiste na A27 provoca dois feridos","isPartOf":{"@id":"https:\/\/www.altominho.tv\/site\/#website"},"primaryImageOfPage":{"@id":"https:\/\/www.altominho.tv\/site\/2025\/04\/03\/despiste-na-a27-provoca-dois-feridos\/#primaryimage"},"image":{"@id":"https:\/\/www.altominho.tv\/site\/2025\/04\/03\/despiste-na-a27-provoca-dois-feridos\/#primaryimage"},"thumbnailUrl":"https:\/\/www.altominho.tv\/site\/wp-content\/uploads\/2025\/03\/acidente.jpg","datePublished":"2025-04-03T15:17:07+00:00","dateModified":"2025-04-03T15:20:17+00:00","author":{"@id":"https:\/\/www.altominho.tv\/site\/#\/schema\/person\/9e351387b727413d005ccf1152c93539"},"description":"Um despiste na\u00a0 A27, sentido Oeste\/Este, em Ponte de Lima, provocou dois feridos ap\u00f3s um despiste num ve\u00edculo ligeiro, no in\u00edcio desta tarde.\u00a0","breadcrumb":{"@id":"https:\/\/www.altominho.tv\/site\/2025\/04\/03\/despiste-na-a27-provoca-dois-feridos\/#breadcrumb"},"inLanguage":"pt-PT","potentialAction":[{"@type":"ReadAction","target":["https:\/\/www.altominho.tv\/site\/2025\/04\/03\/despiste-na-a27-provoca-dois-feridos\/"]}]},{"@type":"ImageObject","inLanguage":"pt-PT","@id":"https:\/\/www.altominho.tv\/site\/2025\/04\/03\/despiste-na-a27-provoca-dois-feridos\/#primaryimage","url":"https:\/\/www.altominho.tv\/site\/wp-content\/uploads\/2025\/03\/acidente.jpg","contentUrl":"https:\/\/www.altominho.tv\/site\/wp-content\/uploads\/2025\/03\/acidente.jpg","width":1200,"height":630},{"@type":"BreadcrumbList","@id":"https:\/\/www.altominho.tv\/site\/2025\/04\/03\/despiste-na-a27-provoca-dois-feridos\/#breadcrumb","itemListElement":[{"@type":"ListItem","position":1,"name":"In\u00edcio","item":"https:\/\/www.altominho.tv\/site\/"},{"@type":"ListItem","position":2,"name":"Despiste na A27 provoca dois feridos"}]},{"@type":"WebSite","@id":"https:\/\/www.altominho.tv\/site\/#website","url":"https:\/\/www.altominho.tv\/site\/","name":"Altominho.tv","description":"A sua regi\u00e3o \u00e0 dist\u00e2ncia de um clique...","potentialAction":[{"@type":"SearchAction","target":{"@type":"EntryPoint","urlTemplate":"https:\/\/www.altominho.tv\/site\/?s={search_term_string}"},"query-input":{"@type":"PropertyValueSpecification","valueRequired":true,"valueName":"search_term_string"}}],"inLanguage":"pt-PT"},{"@type":"Person","@id":"https:\/\/www.altominho.tv\/site\/#\/schema\/person\/9e351387b727413d005ccf1152c93539","name":"Eduarda Cardoso","image":{"@type":"ImageObject","inLanguage":"pt-PT","@id":"https:\/\/www.altominho.tv\/site\/wp-content\/uploads\/2021\/01\/cropped-Logo-ATV_WEB-150x150.png","url":"https:\/\/www.altominho.tv\/site\/wp-content\/uploads\/2021\/01\/cropped-Logo-ATV_WEB-150x150.png","contentUrl":"https:\/\/www.altominho.tv\/site\/wp-content\/uploads\/2021\/01\/cropped-Logo-ATV_WEB-150x150.png","caption":"Eduarda Cardoso"},"url":"https:\/\/www.altominho.tv\/site\/author\/eduarda-cardoso\/"}]}},"_links":{"self":[{"href":"https:\/\/www.altominho.tv\/site\/wp-json\/wp\/v2\/posts\/116578","targetHints":{"allow":["GET"]}}],"collection":[{"href":"https:\/\/www.altominho.tv\/site\/wp-json\/wp\/v2\/posts"}],"about":[{"href":"https:\/\/www.altominho.tv\/site\/wp-json\/wp\/v2\/types\/post"}],"author":[{"embeddable":true,"href":"https:\/\/www.altominho.tv\/site\/wp-json\/wp\/v2\/users\/30"}],"replies":[{"embeddable":true,"href":"https:\/\/www.altominho.tv\/site\/wp-json\/wp\/v2\/comments?post=116578"}],"version-history":[{"count":2,"href":"https:\/\/www.altominho.tv\/site\/wp-json\/wp\/v2\/posts\/116578\/revisions"}],"predecessor-version":[{"id":116580,"href":"https:\/\/www.altominho.tv\/site\/wp-json\/wp\/v2\/posts\/116578\/revisions\/116580"}],"wp:featuredmedia":[{"embeddable":true,"href":"https:\/\/www.altominho.tv\/site\/wp-json\/wp\/v2\/media\/115805"}],"wp:attachment":[{"href":"https:\/\/www.altominho.tv\/site\/wp-json\/wp\/v2\/media?parent=116578"}],"wp:term":[{"taxonomy":"category","embeddable":true,"href":"https:\/\/www.altominho.tv\/site\/wp-json\/wp\/v2\/categories?post=116578"},{"taxonomy":"post_tag","embeddable":true,"href":"https:\/\/www.altominho.tv\/site\/wp-json\/wp\/v2\/tags?post=116578"}],"curies":[{"name":"wp","href":"https:\/\/api.w.org\/{rel}","templated":true}]}}