{"id":116496,"date":"2025-04-02T10:22:29","date_gmt":"2025-04-02T09:22:29","guid":{"rendered":"https:\/\/www.altominho.tv\/site\/?p=116496"},"modified":"2025-04-02T10:22:32","modified_gmt":"2025-04-02T09:22:32","slug":"homem-detido-por-posse-ilegal-de-armas-e-de-arma-proibida-em-ponte-de-lima","status":"publish","type":"post","link":"https:\/\/www.altominho.tv\/site\/2025\/04\/02\/homem-detido-por-posse-ilegal-de-armas-e-de-arma-proibida-em-ponte-de-lima\/","title":{"rendered":"Homem detido por posse ilegal de armas e de arma proibida em Ponte de Lima"},"content":{"rendered":"<p class=\"p1\">O Comando Territorial de Viana do Castelo, atrav\u00e9s do Posto Territorial de S\u00e3o Juli\u00e3o de Freixo, no dia 31 de mar\u00e7o, deteve um homem de 69 anos, por posse ilegal de armas e de arma proibida, no concelho de Ponte de Lima.<\/p>\n<p class=\"p3\">No seguimento de uma den\u00fancia relativa a um disparo de arma de fogo, ocorrido nas proximidades de um estabelecimento comercial, os militares da Guarda realizaram dilig\u00eancias policiais que resultaram na identifica\u00e7\u00e3o e localiza\u00e7\u00e3o do suspeito.<\/p>\n<p class=\"p3\">No decorrer da a\u00e7\u00e3o, foi realizada uma busca domicili\u00e1ria, que resultou na deten\u00e7\u00e3o do indiv\u00edduo e na apreens\u00e3o do seguinte material: tr\u00eas armas de fogo; uma arma de ar comprimido; uma arma branca; 12 muni\u00e7\u00f5es; dois inv\u00f3lucros; uma caixa com muni\u00e7\u00f5es de chumbo.<\/p>\n<p class=\"p1\">O detido foi constitu\u00eddo arguido, e os factos foram comunicados ao Tribunal Judicial de Ponte de Lima.<\/p>\n","protected":false},"excerpt":{"rendered":"<p>O Comando Territorial de Viana do Castelo, atrav\u00e9s do Posto Territorial de S\u00e3o Juli\u00e3o de Freixo, no dia 31 de mar\u00e7o, deteve um homem de 69 anos, por posse ilegal de armas e de arma proibida, no concelho de Ponte de Lima. No seguimento de uma den\u00fancia relativa a um disparo de arma de fogo, [&hellip;]<\/p>\n","protected":false},"author":1,"featured_media":116497,"comment_status":"closed","ping_status":"closed","sticky":false,"template":"","format":"standard","meta":{"_exactmetrics_skip_tracking":false,"_exactmetrics_sitenote_active":false,"_exactmetrics_sitenote_note":"","_exactmetrics_sitenote_category":0,"footnotes":""},"categories":[12],"tags":[27],"class_list":["post-116496","post","type-post","status-publish","format-standard","has-post-thumbnail","hentry","category-ponte-de-lima","tag-sociedade"],"yoast_head":"<!-- This site is optimized with the Yoast SEO Premium plugin v27.5 (Yoast SEO v27.5) - https:\/\/yoast.com\/product\/yoast-seo-premium-wordpress\/ -->\n<title>Homem detido por posse ilegal de armas e de arma proibida em Ponte de Lima<\/title>\n<meta name=\"description\" content=\"O Comando Territorial de Viana do Castelo, atrav\u00e9s do Posto Territorial de S\u00e3o Juli\u00e3o de Freixo, no dia 31 de mar\u00e7o, deteve um homem de 69 anos, por posse ilegal de armas e de arma proibida, no concelho de Ponte de Lima.\" \/>\n<meta name=\"robots\" content=\"index, follow, max-snippet:-1, max-image-preview:large, max-video-preview:-1\" \/>\n<link rel=\"canonical\" href=\"https:\/\/www.altominho.tv\/site\/2025\/04\/02\/homem-detido-por-posse-ilegal-de-armas-e-de-arma-proibida-em-ponte-de-lima\/\" \/>\n<meta property=\"og:locale\" content=\"pt_PT\" \/>\n<meta property=\"og:type\" content=\"article\" \/>\n<meta property=\"og:title\" content=\"Homem detido por posse ilegal de armas e de arma proibida em Ponte de Lima\" \/>\n<meta property=\"og:description\" content=\"O Comando Territorial de Viana do Castelo, atrav\u00e9s do Posto Territorial de S\u00e3o Juli\u00e3o de Freixo, no dia 31 de mar\u00e7o, deteve um homem de 69 anos, por posse ilegal de armas e de arma proibida, no concelho de Ponte de Lima.\" \/>\n<meta property=\"og:url\" content=\"https:\/\/www.altominho.tv\/site\/2025\/04\/02\/homem-detido-por-posse-ilegal-de-armas-e-de-arma-proibida-em-ponte-de-lima\/\" \/>\n<meta property=\"og:site_name\" content=\"Altominho.tv\" \/>\n<meta property=\"article:publisher\" content=\"https:\/\/www.facebook.com\/altominhotv\" \/>\n<meta property=\"article:published_time\" content=\"2025-04-02T09:22:29+00:00\" \/>\n<meta property=\"article:modified_time\" content=\"2025-04-02T09:22:32+00:00\" \/>\n<meta property=\"og:image\" content=\"https:\/\/www.altominho.tv\/site\/wp-content\/uploads\/2025\/04\/armas.jpg\" \/>\n\t<meta property=\"og:image:width\" content=\"1200\" \/>\n\t<meta property=\"og:image:height\" content=\"630\" \/>\n\t<meta property=\"og:image:type\" content=\"image\/jpeg\" \/>\n<meta name=\"author\" content=\"Altominho.tv\" \/>\n<meta name=\"twitter:card\" content=\"summary_large_image\" \/>\n<meta name=\"twitter:creator\" content=\"@altominhoTV\" \/>\n<meta name=\"twitter:site\" content=\"@altominhoTV\" \/>\n<meta name=\"twitter:label1\" content=\"Escrito por\" \/>\n\t<meta name=\"twitter:data1\" content=\"Altominho.tv\" \/>\n\t<meta name=\"twitter:label2\" content=\"Tempo estimado de leitura\" \/>\n\t<meta name=\"twitter:data2\" content=\"1 minuto\" \/>\n<script type=\"application\/ld+json\" class=\"yoast-schema-graph\">{\"@context\":\"https:\\\/\\\/schema.org\",\"@graph\":[{\"@type\":\"Article\",\"@id\":\"https:\\\/\\\/www.altominho.tv\\\/site\\\/2025\\\/04\\\/02\\\/homem-detido-por-posse-ilegal-de-armas-e-de-arma-proibida-em-ponte-de-lima\\\/#article\",\"isPartOf\":{\"@id\":\"https:\\\/\\\/www.altominho.tv\\\/site\\\/2025\\\/04\\\/02\\\/homem-detido-por-posse-ilegal-de-armas-e-de-arma-proibida-em-ponte-de-lima\\\/\"},\"author\":{\"name\":\"Altominho.tv\",\"@id\":\"https:\\\/\\\/www.altominho.tv\\\/site\\\/#\\\/schema\\\/person\\\/4e536851627d7914baf3dac752b6af22\"},\"headline\":\"Homem detido por posse ilegal de armas e de arma proibida em Ponte de Lima\",\"datePublished\":\"2025-04-02T09:22:29+00:00\",\"dateModified\":\"2025-04-02T09:22:32+00:00\",\"mainEntityOfPage\":{\"@id\":\"https:\\\/\\\/www.altominho.tv\\\/site\\\/2025\\\/04\\\/02\\\/homem-detido-por-posse-ilegal-de-armas-e-de-arma-proibida-em-ponte-de-lima\\\/\"},\"wordCount\":167,\"image\":{\"@id\":\"https:\\\/\\\/www.altominho.tv\\\/site\\\/2025\\\/04\\\/02\\\/homem-detido-por-posse-ilegal-de-armas-e-de-arma-proibida-em-ponte-de-lima\\\/#primaryimage\"},\"thumbnailUrl\":\"https:\\\/\\\/www.altominho.tv\\\/site\\\/wp-content\\\/uploads\\\/2025\\\/04\\\/armas.jpg\",\"keywords\":[\"Sociedade\"],\"articleSection\":[\"Ponte de Lima\"],\"inLanguage\":\"pt-PT\",\"copyrightYear\":\"2025\",\"copyrightHolder\":{\"@id\":\"https:\\\/\\\/www.altominho.tv\\\/site\\\/#organization\"}},{\"@type\":\"WebPage\",\"@id\":\"https:\\\/\\\/www.altominho.tv\\\/site\\\/2025\\\/04\\\/02\\\/homem-detido-por-posse-ilegal-de-armas-e-de-arma-proibida-em-ponte-de-lima\\\/\",\"url\":\"https:\\\/\\\/www.altominho.tv\\\/site\\\/2025\\\/04\\\/02\\\/homem-detido-por-posse-ilegal-de-armas-e-de-arma-proibida-em-ponte-de-lima\\\/\",\"name\":\"Homem detido por posse ilegal de armas e de arma proibida em Ponte de Lima\",\"isPartOf\":{\"@id\":\"https:\\\/\\\/www.altominho.tv\\\/site\\\/#website\"},\"primaryImageOfPage\":{\"@id\":\"https:\\\/\\\/www.altominho.tv\\\/site\\\/2025\\\/04\\\/02\\\/homem-detido-por-posse-ilegal-de-armas-e-de-arma-proibida-em-ponte-de-lima\\\/#primaryimage\"},\"image\":{\"@id\":\"https:\\\/\\\/www.altominho.tv\\\/site\\\/2025\\\/04\\\/02\\\/homem-detido-por-posse-ilegal-de-armas-e-de-arma-proibida-em-ponte-de-lima\\\/#primaryimage\"},\"thumbnailUrl\":\"https:\\\/\\\/www.altominho.tv\\\/site\\\/wp-content\\\/uploads\\\/2025\\\/04\\\/armas.jpg\",\"datePublished\":\"2025-04-02T09:22:29+00:00\",\"dateModified\":\"2025-04-02T09:22:32+00:00\",\"author\":{\"@id\":\"https:\\\/\\\/www.altominho.tv\\\/site\\\/#\\\/schema\\\/person\\\/4e536851627d7914baf3dac752b6af22\"},\"description\":\"O Comando Territorial de Viana do Castelo, atrav\u00e9s do Posto Territorial de S\u00e3o Juli\u00e3o de Freixo, no dia 31 de mar\u00e7o, deteve um homem de 69 anos, por posse ilegal de armas e de arma proibida, no concelho de Ponte de Lima.\",\"breadcrumb\":{\"@id\":\"https:\\\/\\\/www.altominho.tv\\\/site\\\/2025\\\/04\\\/02\\\/homem-detido-por-posse-ilegal-de-armas-e-de-arma-proibida-em-ponte-de-lima\\\/#breadcrumb\"},\"inLanguage\":\"pt-PT\",\"potentialAction\":[{\"@type\":\"ReadAction\",\"target\":[\"https:\\\/\\\/www.altominho.tv\\\/site\\\/2025\\\/04\\\/02\\\/homem-detido-por-posse-ilegal-de-armas-e-de-arma-proibida-em-ponte-de-lima\\\/\"]}]},{\"@type\":\"ImageObject\",\"inLanguage\":\"pt-PT\",\"@id\":\"https:\\\/\\\/www.altominho.tv\\\/site\\\/2025\\\/04\\\/02\\\/homem-detido-por-posse-ilegal-de-armas-e-de-arma-proibida-em-ponte-de-lima\\\/#primaryimage\",\"url\":\"https:\\\/\\\/www.altominho.tv\\\/site\\\/wp-content\\\/uploads\\\/2025\\\/04\\\/armas.jpg\",\"contentUrl\":\"https:\\\/\\\/www.altominho.tv\\\/site\\\/wp-content\\\/uploads\\\/2025\\\/04\\\/armas.jpg\",\"width\":1200,\"height\":630},{\"@type\":\"BreadcrumbList\",\"@id\":\"https:\\\/\\\/www.altominho.tv\\\/site\\\/2025\\\/04\\\/02\\\/homem-detido-por-posse-ilegal-de-armas-e-de-arma-proibida-em-ponte-de-lima\\\/#breadcrumb\",\"itemListElement\":[{\"@type\":\"ListItem\",\"position\":1,\"name\":\"In\u00edcio\",\"item\":\"https:\\\/\\\/www.altominho.tv\\\/site\\\/\"},{\"@type\":\"ListItem\",\"position\":2,\"name\":\"Homem detido por posse ilegal de armas e de arma proibida em Ponte de Lima\"}]},{\"@type\":\"WebSite\",\"@id\":\"https:\\\/\\\/www.altominho.tv\\\/site\\\/#website\",\"url\":\"https:\\\/\\\/www.altominho.tv\\\/site\\\/\",\"name\":\"Altominho.tv\",\"description\":\"A sua regi\u00e3o \u00e0 dist\u00e2ncia de um clique...\",\"potentialAction\":[{\"@type\":\"SearchAction\",\"target\":{\"@type\":\"EntryPoint\",\"urlTemplate\":\"https:\\\/\\\/www.altominho.tv\\\/site\\\/?s={search_term_string}\"},\"query-input\":{\"@type\":\"PropertyValueSpecification\",\"valueRequired\":true,\"valueName\":\"search_term_string\"}}],\"inLanguage\":\"pt-PT\"},{\"@type\":\"Person\",\"@id\":\"https:\\\/\\\/www.altominho.tv\\\/site\\\/#\\\/schema\\\/person\\\/4e536851627d7914baf3dac752b6af22\",\"name\":\"Altominho.tv\",\"image\":{\"@type\":\"ImageObject\",\"inLanguage\":\"pt-PT\",\"@id\":\"https:\\\/\\\/www.altominho.tv\\\/site\\\/wp-content\\\/uploads\\\/2019\\\/11\\\/Logo_Avatar_2-150x150.jpg\",\"url\":\"https:\\\/\\\/www.altominho.tv\\\/site\\\/wp-content\\\/uploads\\\/2019\\\/11\\\/Logo_Avatar_2-150x150.jpg\",\"contentUrl\":\"https:\\\/\\\/www.altominho.tv\\\/site\\\/wp-content\\\/uploads\\\/2019\\\/11\\\/Logo_Avatar_2-150x150.jpg\",\"caption\":\"Altominho.tv\"},\"url\":\"https:\\\/\\\/www.altominho.tv\\\/site\\\/author\\\/altominhotv-tecnico\\\/\"}]}<\/script>\n<!-- \/ Yoast SEO Premium plugin. -->","yoast_head_json":{"title":"Homem detido por posse ilegal de armas e de arma proibida em Ponte de Lima","description":"O Comando Territorial de Viana do Castelo, atrav\u00e9s do Posto Territorial de S\u00e3o Juli\u00e3o de Freixo, no dia 31 de mar\u00e7o, deteve um homem de 69 anos, por posse ilegal de armas e de arma proibida, no concelho de Ponte de Lima.","robots":{"index":"index","follow":"follow","max-snippet":"max-snippet:-1","max-image-preview":"max-image-preview:large","max-video-preview":"max-video-preview:-1"},"canonical":"https:\/\/www.altominho.tv\/site\/2025\/04\/02\/homem-detido-por-posse-ilegal-de-armas-e-de-arma-proibida-em-ponte-de-lima\/","og_locale":"pt_PT","og_type":"article","og_title":"Homem detido por posse ilegal de armas e de arma proibida em Ponte de Lima","og_description":"O Comando Territorial de Viana do Castelo, atrav\u00e9s do Posto Territorial de S\u00e3o Juli\u00e3o de Freixo, no dia 31 de mar\u00e7o, deteve um homem de 69 anos, por posse ilegal de armas e de arma proibida, no concelho de Ponte de Lima.","og_url":"https:\/\/www.altominho.tv\/site\/2025\/04\/02\/homem-detido-por-posse-ilegal-de-armas-e-de-arma-proibida-em-ponte-de-lima\/","og_site_name":"Altominho.tv","article_publisher":"https:\/\/www.facebook.com\/altominhotv","article_published_time":"2025-04-02T09:22:29+00:00","article_modified_time":"2025-04-02T09:22:32+00:00","og_image":[{"width":1200,"height":630,"url":"https:\/\/www.altominho.tv\/site\/wp-content\/uploads\/2025\/04\/armas.jpg","type":"image\/jpeg"}],"author":"Altominho.tv","twitter_card":"summary_large_image","twitter_creator":"@altominhoTV","twitter_site":"@altominhoTV","twitter_misc":{"Escrito por":"Altominho.tv","Tempo estimado de leitura":"1 minuto"},"schema":{"@context":"https:\/\/schema.org","@graph":[{"@type":"Article","@id":"https:\/\/www.altominho.tv\/site\/2025\/04\/02\/homem-detido-por-posse-ilegal-de-armas-e-de-arma-proibida-em-ponte-de-lima\/#article","isPartOf":{"@id":"https:\/\/www.altominho.tv\/site\/2025\/04\/02\/homem-detido-por-posse-ilegal-de-armas-e-de-arma-proibida-em-ponte-de-lima\/"},"author":{"name":"Altominho.tv","@id":"https:\/\/www.altominho.tv\/site\/#\/schema\/person\/4e536851627d7914baf3dac752b6af22"},"headline":"Homem detido por posse ilegal de armas e de arma proibida em Ponte de Lima","datePublished":"2025-04-02T09:22:29+00:00","dateModified":"2025-04-02T09:22:32+00:00","mainEntityOfPage":{"@id":"https:\/\/www.altominho.tv\/site\/2025\/04\/02\/homem-detido-por-posse-ilegal-de-armas-e-de-arma-proibida-em-ponte-de-lima\/"},"wordCount":167,"image":{"@id":"https:\/\/www.altominho.tv\/site\/2025\/04\/02\/homem-detido-por-posse-ilegal-de-armas-e-de-arma-proibida-em-ponte-de-lima\/#primaryimage"},"thumbnailUrl":"https:\/\/www.altominho.tv\/site\/wp-content\/uploads\/2025\/04\/armas.jpg","keywords":["Sociedade"],"articleSection":["Ponte de Lima"],"inLanguage":"pt-PT","copyrightYear":"2025","copyrightHolder":{"@id":"https:\/\/www.altominho.tv\/site\/#organization"}},{"@type":"WebPage","@id":"https:\/\/www.altominho.tv\/site\/2025\/04\/02\/homem-detido-por-posse-ilegal-de-armas-e-de-arma-proibida-em-ponte-de-lima\/","url":"https:\/\/www.altominho.tv\/site\/2025\/04\/02\/homem-detido-por-posse-ilegal-de-armas-e-de-arma-proibida-em-ponte-de-lima\/","name":"Homem detido por posse ilegal de armas e de arma proibida em Ponte de Lima","isPartOf":{"@id":"https:\/\/www.altominho.tv\/site\/#website"},"primaryImageOfPage":{"@id":"https:\/\/www.altominho.tv\/site\/2025\/04\/02\/homem-detido-por-posse-ilegal-de-armas-e-de-arma-proibida-em-ponte-de-lima\/#primaryimage"},"image":{"@id":"https:\/\/www.altominho.tv\/site\/2025\/04\/02\/homem-detido-por-posse-ilegal-de-armas-e-de-arma-proibida-em-ponte-de-lima\/#primaryimage"},"thumbnailUrl":"https:\/\/www.altominho.tv\/site\/wp-content\/uploads\/2025\/04\/armas.jpg","datePublished":"2025-04-02T09:22:29+00:00","dateModified":"2025-04-02T09:22:32+00:00","author":{"@id":"https:\/\/www.altominho.tv\/site\/#\/schema\/person\/4e536851627d7914baf3dac752b6af22"},"description":"O Comando Territorial de Viana do Castelo, atrav\u00e9s do Posto Territorial de S\u00e3o Juli\u00e3o de Freixo, no dia 31 de mar\u00e7o, deteve um homem de 69 anos, por posse ilegal de armas e de arma proibida, no concelho de Ponte de Lima.","breadcrumb":{"@id":"https:\/\/www.altominho.tv\/site\/2025\/04\/02\/homem-detido-por-posse-ilegal-de-armas-e-de-arma-proibida-em-ponte-de-lima\/#breadcrumb"},"inLanguage":"pt-PT","potentialAction":[{"@type":"ReadAction","target":["https:\/\/www.altominho.tv\/site\/2025\/04\/02\/homem-detido-por-posse-ilegal-de-armas-e-de-arma-proibida-em-ponte-de-lima\/"]}]},{"@type":"ImageObject","inLanguage":"pt-PT","@id":"https:\/\/www.altominho.tv\/site\/2025\/04\/02\/homem-detido-por-posse-ilegal-de-armas-e-de-arma-proibida-em-ponte-de-lima\/#primaryimage","url":"https:\/\/www.altominho.tv\/site\/wp-content\/uploads\/2025\/04\/armas.jpg","contentUrl":"https:\/\/www.altominho.tv\/site\/wp-content\/uploads\/2025\/04\/armas.jpg","width":1200,"height":630},{"@type":"BreadcrumbList","@id":"https:\/\/www.altominho.tv\/site\/2025\/04\/02\/homem-detido-por-posse-ilegal-de-armas-e-de-arma-proibida-em-ponte-de-lima\/#breadcrumb","itemListElement":[{"@type":"ListItem","position":1,"name":"In\u00edcio","item":"https:\/\/www.altominho.tv\/site\/"},{"@type":"ListItem","position":2,"name":"Homem detido por posse ilegal de armas e de arma proibida em Ponte de Lima"}]},{"@type":"WebSite","@id":"https:\/\/www.altominho.tv\/site\/#website","url":"https:\/\/www.altominho.tv\/site\/","name":"Altominho.tv","description":"A sua regi\u00e3o \u00e0 dist\u00e2ncia de um clique...","potentialAction":[{"@type":"SearchAction","target":{"@type":"EntryPoint","urlTemplate":"https:\/\/www.altominho.tv\/site\/?s={search_term_string}"},"query-input":{"@type":"PropertyValueSpecification","valueRequired":true,"valueName":"search_term_string"}}],"inLanguage":"pt-PT"},{"@type":"Person","@id":"https:\/\/www.altominho.tv\/site\/#\/schema\/person\/4e536851627d7914baf3dac752b6af22","name":"Altominho.tv","image":{"@type":"ImageObject","inLanguage":"pt-PT","@id":"https:\/\/www.altominho.tv\/site\/wp-content\/uploads\/2019\/11\/Logo_Avatar_2-150x150.jpg","url":"https:\/\/www.altominho.tv\/site\/wp-content\/uploads\/2019\/11\/Logo_Avatar_2-150x150.jpg","contentUrl":"https:\/\/www.altominho.tv\/site\/wp-content\/uploads\/2019\/11\/Logo_Avatar_2-150x150.jpg","caption":"Altominho.tv"},"url":"https:\/\/www.altominho.tv\/site\/author\/altominhotv-tecnico\/"}]}},"_links":{"self":[{"href":"https:\/\/www.altominho.tv\/site\/wp-json\/wp\/v2\/posts\/116496","targetHints":{"allow":["GET"]}}],"collection":[{"href":"https:\/\/www.altominho.tv\/site\/wp-json\/wp\/v2\/posts"}],"about":[{"href":"https:\/\/www.altominho.tv\/site\/wp-json\/wp\/v2\/types\/post"}],"author":[{"embeddable":true,"href":"https:\/\/www.altominho.tv\/site\/wp-json\/wp\/v2\/users\/1"}],"replies":[{"embeddable":true,"href":"https:\/\/www.altominho.tv\/site\/wp-json\/wp\/v2\/comments?post=116496"}],"version-history":[{"count":1,"href":"https:\/\/www.altominho.tv\/site\/wp-json\/wp\/v2\/posts\/116496\/revisions"}],"predecessor-version":[{"id":116498,"href":"https:\/\/www.altominho.tv\/site\/wp-json\/wp\/v2\/posts\/116496\/revisions\/116498"}],"wp:featuredmedia":[{"embeddable":true,"href":"https:\/\/www.altominho.tv\/site\/wp-json\/wp\/v2\/media\/116497"}],"wp:attachment":[{"href":"https:\/\/www.altominho.tv\/site\/wp-json\/wp\/v2\/media?parent=116496"}],"wp:term":[{"taxonomy":"category","embeddable":true,"href":"https:\/\/www.altominho.tv\/site\/wp-json\/wp\/v2\/categories?post=116496"},{"taxonomy":"post_tag","embeddable":true,"href":"https:\/\/www.altominho.tv\/site\/wp-json\/wp\/v2\/tags?post=116496"}],"curies":[{"name":"wp","href":"https:\/\/api.w.org\/{rel}","templated":true}]}}