{"id":116486,"date":"2025-04-02T09:15:58","date_gmt":"2025-04-02T08:15:58","guid":{"rendered":"https:\/\/www.altominho.tv\/site\/?p=116486"},"modified":"2025-04-02T09:15:59","modified_gmt":"2025-04-02T08:15:59","slug":"ponte-de-lima-moderniza-autocarros-escolares-com-nova-identidade-visual","status":"publish","type":"post","link":"https:\/\/www.altominho.tv\/site\/2025\/04\/02\/ponte-de-lima-moderniza-autocarros-escolares-com-nova-identidade-visual\/","title":{"rendered":"Ponte de Lima moderniza autocarros escolares com nova identidade visual"},"content":{"rendered":"<p class=\"p1\">O munic\u00edpio de Ponte de Lima apresentou ontem, dia 1 de abril, a nova imagem dos autocarros de transporte escolar. A renova\u00e7\u00e3o gr\u00e1fica destaca o selo polilobado da Rainha D. Teresa, elemento central da nova logomarca municipal, que passa a figurar nos tr\u00eas ve\u00edculos que comp\u00f5em a frota de transportes escolares do munic\u00edpio.<\/p>\n<p class=\"p1\">Dois autocarros de 43 e 35 lugares respetivamente foram adquiridos recentemente e representam um investimento de cerca de 375,600 euros +Iva.<\/p>\n<p class=\"p1\">Al\u00e9m da atualiza\u00e7\u00e3o est\u00e9tica, a autarquia sublinha o compromisso com a qualidade do servi\u00e7o, como declarou o presidente da C\u00e2mara Municipal de Ponte de Lima, Eng.\u00ba Vasco Ferraz, \u201caumentamos o n\u00famero de viaturas para prestar um melhor e maior servi\u00e7o, atrav\u00e9s dos Servi\u00e7os Educativos \u00e0s escolas, e tamb\u00e9m \u00e0s associa\u00e7\u00f5es e institui\u00e7\u00f5es concelhias.\u201d<\/p>\n<p class=\"p1\">O projeto gr\u00e1fico desenvolvido pelos designers do munic\u00edpio, refor\u00e7a a liga\u00e7\u00e3o de Ponte de Lima \u00e0 sua fundadora, D. Teresa, atrav\u00e9s da ado\u00e7\u00e3o do seu selo estilizado e mais contempor\u00e2neo, e cujo legado foi recentemente celebrado com a emiss\u00e3o de uma moeda comemorativa pela Imprensa Nacional Casa da Moeda, no \u00e2mbito das comemora\u00e7\u00f5es dos 900 anos da funda\u00e7\u00e3o de Ponte de Lima.<\/p>\n<p class=\"p1\">O selo, inspirado no documento medieval, \u00e9 agora o \u00edcone mais vis\u00edvel da identidade visual do concelho, promovendo uma narrativa hist\u00f3rica e pedag\u00f3gica junto dos alunos.<\/p>\n\n\n<p><\/p>\n","protected":false},"excerpt":{"rendered":"<p>O munic\u00edpio de Ponte de Lima apresentou ontem, dia 1 de abril, a nova imagem dos autocarros de transporte escolar. A renova\u00e7\u00e3o gr\u00e1fica destaca o selo polilobado da Rainha D. Teresa, elemento central da nova logomarca municipal, que passa a figurar nos tr\u00eas ve\u00edculos que comp\u00f5em a frota de transportes escolares do munic\u00edpio. Dois autocarros [&hellip;]<\/p>\n","protected":false},"author":1,"featured_media":116487,"comment_status":"closed","ping_status":"closed","sticky":false,"template":"","format":"standard","meta":{"_exactmetrics_skip_tracking":false,"_exactmetrics_sitenote_active":false,"_exactmetrics_sitenote_note":"","_exactmetrics_sitenote_category":0,"footnotes":""},"categories":[12],"tags":[22,27],"class_list":["post-116486","post","type-post","status-publish","format-standard","has-post-thumbnail","hentry","category-ponte-de-lima","tag-educacao","tag-sociedade"],"yoast_head":"<!-- This site is optimized with the Yoast SEO Premium plugin v27.5 (Yoast SEO v27.5) - https:\/\/yoast.com\/product\/yoast-seo-premium-wordpress\/ -->\n<title>Ponte de Lima moderniza autocarros escolares com nova identidade visual<\/title>\n<meta name=\"description\" content=\"O munic\u00edpio de Ponte de Lima apresentou ontem, dia 1 de abril, a nova imagem dos autocarros de transporte escolar, inspirados na Rainha D. teresa.\" \/>\n<meta name=\"robots\" content=\"index, follow, max-snippet:-1, max-image-preview:large, max-video-preview:-1\" \/>\n<link rel=\"canonical\" href=\"https:\/\/www.altominho.tv\/site\/2025\/04\/02\/ponte-de-lima-moderniza-autocarros-escolares-com-nova-identidade-visual\/\" \/>\n<meta property=\"og:locale\" content=\"pt_PT\" \/>\n<meta property=\"og:type\" content=\"article\" \/>\n<meta property=\"og:title\" content=\"Ponte de Lima moderniza autocarros escolares com nova identidade visual\" \/>\n<meta property=\"og:description\" content=\"O munic\u00edpio de Ponte de Lima apresentou ontem, dia 1 de abril, a nova imagem dos autocarros de transporte escolar, inspirados na Rainha D. teresa.\" \/>\n<meta property=\"og:url\" content=\"https:\/\/www.altominho.tv\/site\/2025\/04\/02\/ponte-de-lima-moderniza-autocarros-escolares-com-nova-identidade-visual\/\" \/>\n<meta property=\"og:site_name\" content=\"Altominho.tv\" \/>\n<meta property=\"article:publisher\" content=\"https:\/\/www.facebook.com\/altominhotv\" \/>\n<meta property=\"article:published_time\" content=\"2025-04-02T08:15:58+00:00\" \/>\n<meta property=\"article:modified_time\" content=\"2025-04-02T08:15:59+00:00\" \/>\n<meta property=\"og:image\" content=\"https:\/\/www.altominho.tv\/site\/wp-content\/uploads\/2025\/04\/ponte-de-lima-autocarros.jpg\" \/>\n\t<meta property=\"og:image:width\" content=\"1200\" \/>\n\t<meta property=\"og:image:height\" content=\"630\" \/>\n\t<meta property=\"og:image:type\" content=\"image\/jpeg\" \/>\n<meta name=\"author\" content=\"Altominho.tv\" \/>\n<meta name=\"twitter:card\" content=\"summary_large_image\" \/>\n<meta name=\"twitter:creator\" content=\"@altominhoTV\" \/>\n<meta name=\"twitter:site\" content=\"@altominhoTV\" \/>\n<meta name=\"twitter:label1\" content=\"Escrito por\" \/>\n\t<meta name=\"twitter:data1\" content=\"Altominho.tv\" \/>\n\t<meta name=\"twitter:label2\" content=\"Tempo estimado de leitura\" \/>\n\t<meta name=\"twitter:data2\" content=\"2 minutos\" \/>\n<script type=\"application\/ld+json\" class=\"yoast-schema-graph\">{\"@context\":\"https:\\\/\\\/schema.org\",\"@graph\":[{\"@type\":\"Article\",\"@id\":\"https:\\\/\\\/www.altominho.tv\\\/site\\\/2025\\\/04\\\/02\\\/ponte-de-lima-moderniza-autocarros-escolares-com-nova-identidade-visual\\\/#article\",\"isPartOf\":{\"@id\":\"https:\\\/\\\/www.altominho.tv\\\/site\\\/2025\\\/04\\\/02\\\/ponte-de-lima-moderniza-autocarros-escolares-com-nova-identidade-visual\\\/\"},\"author\":{\"name\":\"Altominho.tv\",\"@id\":\"https:\\\/\\\/www.altominho.tv\\\/site\\\/#\\\/schema\\\/person\\\/4e536851627d7914baf3dac752b6af22\"},\"headline\":\"Ponte de Lima moderniza autocarros escolares com nova identidade visual\",\"datePublished\":\"2025-04-02T08:15:58+00:00\",\"dateModified\":\"2025-04-02T08:15:59+00:00\",\"mainEntityOfPage\":{\"@id\":\"https:\\\/\\\/www.altominho.tv\\\/site\\\/2025\\\/04\\\/02\\\/ponte-de-lima-moderniza-autocarros-escolares-com-nova-identidade-visual\\\/\"},\"wordCount\":250,\"image\":{\"@id\":\"https:\\\/\\\/www.altominho.tv\\\/site\\\/2025\\\/04\\\/02\\\/ponte-de-lima-moderniza-autocarros-escolares-com-nova-identidade-visual\\\/#primaryimage\"},\"thumbnailUrl\":\"https:\\\/\\\/www.altominho.tv\\\/site\\\/wp-content\\\/uploads\\\/2025\\\/04\\\/ponte-de-lima-autocarros.jpg\",\"keywords\":[\"Educa\u00e7\u00e3o\",\"Sociedade\"],\"articleSection\":[\"Ponte de Lima\"],\"inLanguage\":\"pt-PT\",\"copyrightYear\":\"2025\",\"copyrightHolder\":{\"@id\":\"https:\\\/\\\/www.altominho.tv\\\/site\\\/#organization\"}},{\"@type\":\"WebPage\",\"@id\":\"https:\\\/\\\/www.altominho.tv\\\/site\\\/2025\\\/04\\\/02\\\/ponte-de-lima-moderniza-autocarros-escolares-com-nova-identidade-visual\\\/\",\"url\":\"https:\\\/\\\/www.altominho.tv\\\/site\\\/2025\\\/04\\\/02\\\/ponte-de-lima-moderniza-autocarros-escolares-com-nova-identidade-visual\\\/\",\"name\":\"Ponte de Lima moderniza autocarros escolares com nova identidade visual\",\"isPartOf\":{\"@id\":\"https:\\\/\\\/www.altominho.tv\\\/site\\\/#website\"},\"primaryImageOfPage\":{\"@id\":\"https:\\\/\\\/www.altominho.tv\\\/site\\\/2025\\\/04\\\/02\\\/ponte-de-lima-moderniza-autocarros-escolares-com-nova-identidade-visual\\\/#primaryimage\"},\"image\":{\"@id\":\"https:\\\/\\\/www.altominho.tv\\\/site\\\/2025\\\/04\\\/02\\\/ponte-de-lima-moderniza-autocarros-escolares-com-nova-identidade-visual\\\/#primaryimage\"},\"thumbnailUrl\":\"https:\\\/\\\/www.altominho.tv\\\/site\\\/wp-content\\\/uploads\\\/2025\\\/04\\\/ponte-de-lima-autocarros.jpg\",\"datePublished\":\"2025-04-02T08:15:58+00:00\",\"dateModified\":\"2025-04-02T08:15:59+00:00\",\"author\":{\"@id\":\"https:\\\/\\\/www.altominho.tv\\\/site\\\/#\\\/schema\\\/person\\\/4e536851627d7914baf3dac752b6af22\"},\"description\":\"O munic\u00edpio de Ponte de Lima apresentou ontem, dia 1 de abril, a nova imagem dos autocarros de transporte escolar, inspirados na Rainha D. teresa.\",\"breadcrumb\":{\"@id\":\"https:\\\/\\\/www.altominho.tv\\\/site\\\/2025\\\/04\\\/02\\\/ponte-de-lima-moderniza-autocarros-escolares-com-nova-identidade-visual\\\/#breadcrumb\"},\"inLanguage\":\"pt-PT\",\"potentialAction\":[{\"@type\":\"ReadAction\",\"target\":[\"https:\\\/\\\/www.altominho.tv\\\/site\\\/2025\\\/04\\\/02\\\/ponte-de-lima-moderniza-autocarros-escolares-com-nova-identidade-visual\\\/\"]}]},{\"@type\":\"ImageObject\",\"inLanguage\":\"pt-PT\",\"@id\":\"https:\\\/\\\/www.altominho.tv\\\/site\\\/2025\\\/04\\\/02\\\/ponte-de-lima-moderniza-autocarros-escolares-com-nova-identidade-visual\\\/#primaryimage\",\"url\":\"https:\\\/\\\/www.altominho.tv\\\/site\\\/wp-content\\\/uploads\\\/2025\\\/04\\\/ponte-de-lima-autocarros.jpg\",\"contentUrl\":\"https:\\\/\\\/www.altominho.tv\\\/site\\\/wp-content\\\/uploads\\\/2025\\\/04\\\/ponte-de-lima-autocarros.jpg\",\"width\":1200,\"height\":630},{\"@type\":\"BreadcrumbList\",\"@id\":\"https:\\\/\\\/www.altominho.tv\\\/site\\\/2025\\\/04\\\/02\\\/ponte-de-lima-moderniza-autocarros-escolares-com-nova-identidade-visual\\\/#breadcrumb\",\"itemListElement\":[{\"@type\":\"ListItem\",\"position\":1,\"name\":\"In\u00edcio\",\"item\":\"https:\\\/\\\/www.altominho.tv\\\/site\\\/\"},{\"@type\":\"ListItem\",\"position\":2,\"name\":\"Ponte de Lima moderniza autocarros escolares com nova identidade visual\"}]},{\"@type\":\"WebSite\",\"@id\":\"https:\\\/\\\/www.altominho.tv\\\/site\\\/#website\",\"url\":\"https:\\\/\\\/www.altominho.tv\\\/site\\\/\",\"name\":\"Altominho.tv\",\"description\":\"A sua regi\u00e3o \u00e0 dist\u00e2ncia de um clique...\",\"potentialAction\":[{\"@type\":\"SearchAction\",\"target\":{\"@type\":\"EntryPoint\",\"urlTemplate\":\"https:\\\/\\\/www.altominho.tv\\\/site\\\/?s={search_term_string}\"},\"query-input\":{\"@type\":\"PropertyValueSpecification\",\"valueRequired\":true,\"valueName\":\"search_term_string\"}}],\"inLanguage\":\"pt-PT\"},{\"@type\":\"Person\",\"@id\":\"https:\\\/\\\/www.altominho.tv\\\/site\\\/#\\\/schema\\\/person\\\/4e536851627d7914baf3dac752b6af22\",\"name\":\"Altominho.tv\",\"image\":{\"@type\":\"ImageObject\",\"inLanguage\":\"pt-PT\",\"@id\":\"https:\\\/\\\/www.altominho.tv\\\/site\\\/wp-content\\\/uploads\\\/2019\\\/11\\\/Logo_Avatar_2-150x150.jpg\",\"url\":\"https:\\\/\\\/www.altominho.tv\\\/site\\\/wp-content\\\/uploads\\\/2019\\\/11\\\/Logo_Avatar_2-150x150.jpg\",\"contentUrl\":\"https:\\\/\\\/www.altominho.tv\\\/site\\\/wp-content\\\/uploads\\\/2019\\\/11\\\/Logo_Avatar_2-150x150.jpg\",\"caption\":\"Altominho.tv\"},\"url\":\"https:\\\/\\\/www.altominho.tv\\\/site\\\/author\\\/altominhotv-tecnico\\\/\"}]}<\/script>\n<!-- \/ Yoast SEO Premium plugin. -->","yoast_head_json":{"title":"Ponte de Lima moderniza autocarros escolares com nova identidade visual","description":"O munic\u00edpio de Ponte de Lima apresentou ontem, dia 1 de abril, a nova imagem dos autocarros de transporte escolar, inspirados na Rainha D. teresa.","robots":{"index":"index","follow":"follow","max-snippet":"max-snippet:-1","max-image-preview":"max-image-preview:large","max-video-preview":"max-video-preview:-1"},"canonical":"https:\/\/www.altominho.tv\/site\/2025\/04\/02\/ponte-de-lima-moderniza-autocarros-escolares-com-nova-identidade-visual\/","og_locale":"pt_PT","og_type":"article","og_title":"Ponte de Lima moderniza autocarros escolares com nova identidade visual","og_description":"O munic\u00edpio de Ponte de Lima apresentou ontem, dia 1 de abril, a nova imagem dos autocarros de transporte escolar, inspirados na Rainha D. teresa.","og_url":"https:\/\/www.altominho.tv\/site\/2025\/04\/02\/ponte-de-lima-moderniza-autocarros-escolares-com-nova-identidade-visual\/","og_site_name":"Altominho.tv","article_publisher":"https:\/\/www.facebook.com\/altominhotv","article_published_time":"2025-04-02T08:15:58+00:00","article_modified_time":"2025-04-02T08:15:59+00:00","og_image":[{"width":1200,"height":630,"url":"https:\/\/www.altominho.tv\/site\/wp-content\/uploads\/2025\/04\/ponte-de-lima-autocarros.jpg","type":"image\/jpeg"}],"author":"Altominho.tv","twitter_card":"summary_large_image","twitter_creator":"@altominhoTV","twitter_site":"@altominhoTV","twitter_misc":{"Escrito por":"Altominho.tv","Tempo estimado de leitura":"2 minutos"},"schema":{"@context":"https:\/\/schema.org","@graph":[{"@type":"Article","@id":"https:\/\/www.altominho.tv\/site\/2025\/04\/02\/ponte-de-lima-moderniza-autocarros-escolares-com-nova-identidade-visual\/#article","isPartOf":{"@id":"https:\/\/www.altominho.tv\/site\/2025\/04\/02\/ponte-de-lima-moderniza-autocarros-escolares-com-nova-identidade-visual\/"},"author":{"name":"Altominho.tv","@id":"https:\/\/www.altominho.tv\/site\/#\/schema\/person\/4e536851627d7914baf3dac752b6af22"},"headline":"Ponte de Lima moderniza autocarros escolares com nova identidade visual","datePublished":"2025-04-02T08:15:58+00:00","dateModified":"2025-04-02T08:15:59+00:00","mainEntityOfPage":{"@id":"https:\/\/www.altominho.tv\/site\/2025\/04\/02\/ponte-de-lima-moderniza-autocarros-escolares-com-nova-identidade-visual\/"},"wordCount":250,"image":{"@id":"https:\/\/www.altominho.tv\/site\/2025\/04\/02\/ponte-de-lima-moderniza-autocarros-escolares-com-nova-identidade-visual\/#primaryimage"},"thumbnailUrl":"https:\/\/www.altominho.tv\/site\/wp-content\/uploads\/2025\/04\/ponte-de-lima-autocarros.jpg","keywords":["Educa\u00e7\u00e3o","Sociedade"],"articleSection":["Ponte de Lima"],"inLanguage":"pt-PT","copyrightYear":"2025","copyrightHolder":{"@id":"https:\/\/www.altominho.tv\/site\/#organization"}},{"@type":"WebPage","@id":"https:\/\/www.altominho.tv\/site\/2025\/04\/02\/ponte-de-lima-moderniza-autocarros-escolares-com-nova-identidade-visual\/","url":"https:\/\/www.altominho.tv\/site\/2025\/04\/02\/ponte-de-lima-moderniza-autocarros-escolares-com-nova-identidade-visual\/","name":"Ponte de Lima moderniza autocarros escolares com nova identidade visual","isPartOf":{"@id":"https:\/\/www.altominho.tv\/site\/#website"},"primaryImageOfPage":{"@id":"https:\/\/www.altominho.tv\/site\/2025\/04\/02\/ponte-de-lima-moderniza-autocarros-escolares-com-nova-identidade-visual\/#primaryimage"},"image":{"@id":"https:\/\/www.altominho.tv\/site\/2025\/04\/02\/ponte-de-lima-moderniza-autocarros-escolares-com-nova-identidade-visual\/#primaryimage"},"thumbnailUrl":"https:\/\/www.altominho.tv\/site\/wp-content\/uploads\/2025\/04\/ponte-de-lima-autocarros.jpg","datePublished":"2025-04-02T08:15:58+00:00","dateModified":"2025-04-02T08:15:59+00:00","author":{"@id":"https:\/\/www.altominho.tv\/site\/#\/schema\/person\/4e536851627d7914baf3dac752b6af22"},"description":"O munic\u00edpio de Ponte de Lima apresentou ontem, dia 1 de abril, a nova imagem dos autocarros de transporte escolar, inspirados na Rainha D. teresa.","breadcrumb":{"@id":"https:\/\/www.altominho.tv\/site\/2025\/04\/02\/ponte-de-lima-moderniza-autocarros-escolares-com-nova-identidade-visual\/#breadcrumb"},"inLanguage":"pt-PT","potentialAction":[{"@type":"ReadAction","target":["https:\/\/www.altominho.tv\/site\/2025\/04\/02\/ponte-de-lima-moderniza-autocarros-escolares-com-nova-identidade-visual\/"]}]},{"@type":"ImageObject","inLanguage":"pt-PT","@id":"https:\/\/www.altominho.tv\/site\/2025\/04\/02\/ponte-de-lima-moderniza-autocarros-escolares-com-nova-identidade-visual\/#primaryimage","url":"https:\/\/www.altominho.tv\/site\/wp-content\/uploads\/2025\/04\/ponte-de-lima-autocarros.jpg","contentUrl":"https:\/\/www.altominho.tv\/site\/wp-content\/uploads\/2025\/04\/ponte-de-lima-autocarros.jpg","width":1200,"height":630},{"@type":"BreadcrumbList","@id":"https:\/\/www.altominho.tv\/site\/2025\/04\/02\/ponte-de-lima-moderniza-autocarros-escolares-com-nova-identidade-visual\/#breadcrumb","itemListElement":[{"@type":"ListItem","position":1,"name":"In\u00edcio","item":"https:\/\/www.altominho.tv\/site\/"},{"@type":"ListItem","position":2,"name":"Ponte de Lima moderniza autocarros escolares com nova identidade visual"}]},{"@type":"WebSite","@id":"https:\/\/www.altominho.tv\/site\/#website","url":"https:\/\/www.altominho.tv\/site\/","name":"Altominho.tv","description":"A sua regi\u00e3o \u00e0 dist\u00e2ncia de um clique...","potentialAction":[{"@type":"SearchAction","target":{"@type":"EntryPoint","urlTemplate":"https:\/\/www.altominho.tv\/site\/?s={search_term_string}"},"query-input":{"@type":"PropertyValueSpecification","valueRequired":true,"valueName":"search_term_string"}}],"inLanguage":"pt-PT"},{"@type":"Person","@id":"https:\/\/www.altominho.tv\/site\/#\/schema\/person\/4e536851627d7914baf3dac752b6af22","name":"Altominho.tv","image":{"@type":"ImageObject","inLanguage":"pt-PT","@id":"https:\/\/www.altominho.tv\/site\/wp-content\/uploads\/2019\/11\/Logo_Avatar_2-150x150.jpg","url":"https:\/\/www.altominho.tv\/site\/wp-content\/uploads\/2019\/11\/Logo_Avatar_2-150x150.jpg","contentUrl":"https:\/\/www.altominho.tv\/site\/wp-content\/uploads\/2019\/11\/Logo_Avatar_2-150x150.jpg","caption":"Altominho.tv"},"url":"https:\/\/www.altominho.tv\/site\/author\/altominhotv-tecnico\/"}]}},"_links":{"self":[{"href":"https:\/\/www.altominho.tv\/site\/wp-json\/wp\/v2\/posts\/116486","targetHints":{"allow":["GET"]}}],"collection":[{"href":"https:\/\/www.altominho.tv\/site\/wp-json\/wp\/v2\/posts"}],"about":[{"href":"https:\/\/www.altominho.tv\/site\/wp-json\/wp\/v2\/types\/post"}],"author":[{"embeddable":true,"href":"https:\/\/www.altominho.tv\/site\/wp-json\/wp\/v2\/users\/1"}],"replies":[{"embeddable":true,"href":"https:\/\/www.altominho.tv\/site\/wp-json\/wp\/v2\/comments?post=116486"}],"version-history":[{"count":1,"href":"https:\/\/www.altominho.tv\/site\/wp-json\/wp\/v2\/posts\/116486\/revisions"}],"predecessor-version":[{"id":116488,"href":"https:\/\/www.altominho.tv\/site\/wp-json\/wp\/v2\/posts\/116486\/revisions\/116488"}],"wp:featuredmedia":[{"embeddable":true,"href":"https:\/\/www.altominho.tv\/site\/wp-json\/wp\/v2\/media\/116487"}],"wp:attachment":[{"href":"https:\/\/www.altominho.tv\/site\/wp-json\/wp\/v2\/media?parent=116486"}],"wp:term":[{"taxonomy":"category","embeddable":true,"href":"https:\/\/www.altominho.tv\/site\/wp-json\/wp\/v2\/categories?post=116486"},{"taxonomy":"post_tag","embeddable":true,"href":"https:\/\/www.altominho.tv\/site\/wp-json\/wp\/v2\/tags?post=116486"}],"curies":[{"name":"wp","href":"https:\/\/api.w.org\/{rel}","templated":true}]}}