{"id":116480,"date":"2025-04-01T18:01:35","date_gmt":"2025-04-01T17:01:35","guid":{"rendered":"https:\/\/www.altominho.tv\/site\/?p=116480"},"modified":"2025-04-01T18:01:38","modified_gmt":"2025-04-01T17:01:38","slug":"cerca-de-300-pessoas-participam-em-encenacoes-alusivas-a-semana-santa","status":"publish","type":"post","link":"https:\/\/www.altominho.tv\/site\/2025\/04\/01\/cerca-de-300-pessoas-participam-em-encenacoes-alusivas-a-semana-santa\/","title":{"rendered":"Cerca de 300 pessoas participam em encena\u00e7\u00f5es alusivas \u00e0 Semana Santa em Ponte da Barca"},"content":{"rendered":"<p class=\"p1\">Entre\u00a012 e 19 de abril, cerca de\u00a0300 pessoas\u00a0v\u00e3o subir \u201ca palco\u201d num teatro religioso que ligar\u00e1 a hist\u00f3ria dos tr\u00eas Mosteiros Rom\u00e2nicos \u00e0 Semana Santa. Assim, o munic\u00edpio de<span class=\"Apple-converted-space\">\u00a0 <\/span>Ponte da Barca prepara-se para oferecer uma experi\u00eancia \u00fanica que combina tradi\u00e7\u00e3o, f\u00e9 e cultura, num trio de encena\u00e7\u00f5es que ser\u00e1 enriquecido por m\u00fasica ao vivo.<\/p>\n<p class=\"p1\">Todas as pe\u00e7as ser\u00e3o interpretadas por atores e figurantes locais, provenientes das diversas freguesias do munic\u00edpio, criando uma atmosfera imersiva que transportar\u00e1 os espetadores para os momentos mais marcantes da hist\u00f3ria crist\u00e3.<\/p>\n<p class=\"p1\">O programa ter\u00e1 in\u00edcio no dia 12 de abril, \u00e0s 21h30, no Mosteiro de Vila Nova de Mu\u00eda, com a encena\u00e7\u00e3o de \u201cO Serm\u00e3o da Montanha\u201d, que abarcar\u00e1 desde o nascimento de Cristo em Bel\u00e9m at\u00e9 \u00e0 Sua chegada a Jerusal\u00e9m.<\/p>\n<p class=\"p1\">J\u00e1 no dia\u00a017 de abril, \u00e0s 21h30, a encena\u00e7\u00e3o de \u201cA Dolorosa Paix\u00e3o de Jesus Cristo\u201d ser\u00e1 realizada nos arredores do\u00a0Mosteiro da Freguesia de Brav\u00e3es, tendo por tema as \u00faltimas vinte e quatro horas de Cristo na terra.<\/p>\n<p class=\"p1\">Por fim, no dia\u00a019 de abril, \u00e0s 22h30, ser\u00e1 encenada \u201cA Ressurrei\u00e7\u00e3o de Jesus Cristo\u201d no\u00a0Mosteiro Rom\u00e2nico de S\u00e3o Martinho de Crasto.<\/p>\n<p class=\"p1\">Os tr\u00eas locais escolhidos para estas representa\u00e7\u00f5es s\u00e3o verdadeiros testemunhos do legado do rom\u00e2nico em Portugal, destacando-se n\u00e3o apenas pelo seu valor arquitet\u00f3nico e religioso, mas tamb\u00e9m pela envolv\u00eancia paisag\u00edstica \u00fanica que os rodeia.<\/p>\n","protected":false},"excerpt":{"rendered":"<p>Entre\u00a012 e 19 de abril, cerca de\u00a0300 pessoas\u00a0v\u00e3o subir \u201ca palco\u201d num teatro religioso que ligar\u00e1 a hist\u00f3ria dos tr\u00eas Mosteiros Rom\u00e2nicos \u00e0 Semana Santa. Assim, o munic\u00edpio de\u00a0 Ponte da Barca prepara-se para oferecer uma experi\u00eancia \u00fanica que combina tradi\u00e7\u00e3o, f\u00e9 e cultura, num trio de encena\u00e7\u00f5es que ser\u00e1 enriquecido por m\u00fasica ao vivo. [&hellip;]<\/p>\n","protected":false},"author":1,"featured_media":116481,"comment_status":"closed","ping_status":"closed","sticky":false,"template":"","format":"standard","meta":{"_exactmetrics_skip_tracking":false,"_exactmetrics_sitenote_active":false,"_exactmetrics_sitenote_note":"","_exactmetrics_sitenote_category":0,"footnotes":""},"categories":[11],"tags":[19],"class_list":["post-116480","post","type-post","status-publish","format-standard","has-post-thumbnail","hentry","category-ponte-da-barca","tag-cultura"],"yoast_head":"<!-- This site is optimized with the Yoast SEO Premium plugin v27.4 (Yoast SEO v27.4) - https:\/\/yoast.com\/product\/yoast-seo-premium-wordpress\/ -->\n<title>Cerca de 300 pessoas participam em encena\u00e7\u00f5es alusivas \u00e0 Semana Santa em Ponte da Barca<\/title>\n<meta name=\"description\" content=\"Entre\u00a012 e 19 de abril, cerca de\u00a0300 pessoas\u00a0v\u00e3o subir \u201ca palco\u201d num teatro religioso que ligar\u00e1 a hist\u00f3ria dos tr\u00eas Mosteiros Rom\u00e2nicos \u00e0 Semana Santa em Ponte da Barca.\" \/>\n<meta name=\"robots\" content=\"index, follow, max-snippet:-1, max-image-preview:large, max-video-preview:-1\" \/>\n<link rel=\"canonical\" href=\"https:\/\/www.altominho.tv\/site\/2025\/04\/01\/cerca-de-300-pessoas-participam-em-encenacoes-alusivas-a-semana-santa\/\" \/>\n<meta property=\"og:locale\" content=\"pt_PT\" \/>\n<meta property=\"og:type\" content=\"article\" \/>\n<meta property=\"og:title\" content=\"Cerca de 300 pessoas participam em encena\u00e7\u00f5es alusivas \u00e0 Semana Santa em Ponte da Barca\" \/>\n<meta property=\"og:description\" content=\"Entre\u00a012 e 19 de abril, cerca de\u00a0300 pessoas\u00a0v\u00e3o subir \u201ca palco\u201d num teatro religioso que ligar\u00e1 a hist\u00f3ria dos tr\u00eas Mosteiros Rom\u00e2nicos \u00e0 Semana Santa em Ponte da Barca.\" \/>\n<meta property=\"og:url\" content=\"https:\/\/www.altominho.tv\/site\/2025\/04\/01\/cerca-de-300-pessoas-participam-em-encenacoes-alusivas-a-semana-santa\/\" \/>\n<meta property=\"og:site_name\" content=\"Altominho.tv\" \/>\n<meta property=\"article:publisher\" content=\"https:\/\/www.facebook.com\/altominhotv\" \/>\n<meta property=\"article:published_time\" content=\"2025-04-01T17:01:35+00:00\" \/>\n<meta property=\"article:modified_time\" content=\"2025-04-01T17:01:38+00:00\" \/>\n<meta property=\"og:image\" content=\"https:\/\/www.altominho.tv\/site\/wp-content\/uploads\/2025\/04\/encenacao-cristo.jpg\" \/>\n\t<meta property=\"og:image:width\" content=\"1200\" \/>\n\t<meta property=\"og:image:height\" content=\"630\" \/>\n\t<meta property=\"og:image:type\" content=\"image\/jpeg\" \/>\n<meta name=\"author\" content=\"Altominho.tv\" \/>\n<meta name=\"twitter:card\" content=\"summary_large_image\" \/>\n<meta name=\"twitter:creator\" content=\"@altominhoTV\" \/>\n<meta name=\"twitter:site\" content=\"@altominhoTV\" \/>\n<meta name=\"twitter:label1\" content=\"Escrito por\" \/>\n\t<meta name=\"twitter:data1\" content=\"Altominho.tv\" \/>\n\t<meta name=\"twitter:label2\" content=\"Tempo estimado de leitura\" \/>\n\t<meta name=\"twitter:data2\" content=\"2 minutos\" \/>\n<script type=\"application\/ld+json\" class=\"yoast-schema-graph\">{\"@context\":\"https:\\\/\\\/schema.org\",\"@graph\":[{\"@type\":\"Article\",\"@id\":\"https:\\\/\\\/www.altominho.tv\\\/site\\\/2025\\\/04\\\/01\\\/cerca-de-300-pessoas-participam-em-encenacoes-alusivas-a-semana-santa\\\/#article\",\"isPartOf\":{\"@id\":\"https:\\\/\\\/www.altominho.tv\\\/site\\\/2025\\\/04\\\/01\\\/cerca-de-300-pessoas-participam-em-encenacoes-alusivas-a-semana-santa\\\/\"},\"author\":{\"name\":\"Altominho.tv\",\"@id\":\"https:\\\/\\\/www.altominho.tv\\\/site\\\/#\\\/schema\\\/person\\\/4e536851627d7914baf3dac752b6af22\"},\"headline\":\"Cerca de 300 pessoas participam em encena\u00e7\u00f5es alusivas \u00e0 Semana Santa em Ponte da Barca\",\"datePublished\":\"2025-04-01T17:01:35+00:00\",\"dateModified\":\"2025-04-01T17:01:38+00:00\",\"mainEntityOfPage\":{\"@id\":\"https:\\\/\\\/www.altominho.tv\\\/site\\\/2025\\\/04\\\/01\\\/cerca-de-300-pessoas-participam-em-encenacoes-alusivas-a-semana-santa\\\/\"},\"wordCount\":269,\"image\":{\"@id\":\"https:\\\/\\\/www.altominho.tv\\\/site\\\/2025\\\/04\\\/01\\\/cerca-de-300-pessoas-participam-em-encenacoes-alusivas-a-semana-santa\\\/#primaryimage\"},\"thumbnailUrl\":\"https:\\\/\\\/www.altominho.tv\\\/site\\\/wp-content\\\/uploads\\\/2025\\\/04\\\/encenacao-cristo.jpg\",\"keywords\":[\"Cultura\"],\"articleSection\":[\"Ponte da Barca\"],\"inLanguage\":\"pt-PT\",\"copyrightYear\":\"2025\",\"copyrightHolder\":{\"@id\":\"https:\\\/\\\/www.altominho.tv\\\/site\\\/#organization\"}},{\"@type\":\"WebPage\",\"@id\":\"https:\\\/\\\/www.altominho.tv\\\/site\\\/2025\\\/04\\\/01\\\/cerca-de-300-pessoas-participam-em-encenacoes-alusivas-a-semana-santa\\\/\",\"url\":\"https:\\\/\\\/www.altominho.tv\\\/site\\\/2025\\\/04\\\/01\\\/cerca-de-300-pessoas-participam-em-encenacoes-alusivas-a-semana-santa\\\/\",\"name\":\"Cerca de 300 pessoas participam em encena\u00e7\u00f5es alusivas \u00e0 Semana Santa em Ponte da Barca\",\"isPartOf\":{\"@id\":\"https:\\\/\\\/www.altominho.tv\\\/site\\\/#website\"},\"primaryImageOfPage\":{\"@id\":\"https:\\\/\\\/www.altominho.tv\\\/site\\\/2025\\\/04\\\/01\\\/cerca-de-300-pessoas-participam-em-encenacoes-alusivas-a-semana-santa\\\/#primaryimage\"},\"image\":{\"@id\":\"https:\\\/\\\/www.altominho.tv\\\/site\\\/2025\\\/04\\\/01\\\/cerca-de-300-pessoas-participam-em-encenacoes-alusivas-a-semana-santa\\\/#primaryimage\"},\"thumbnailUrl\":\"https:\\\/\\\/www.altominho.tv\\\/site\\\/wp-content\\\/uploads\\\/2025\\\/04\\\/encenacao-cristo.jpg\",\"datePublished\":\"2025-04-01T17:01:35+00:00\",\"dateModified\":\"2025-04-01T17:01:38+00:00\",\"author\":{\"@id\":\"https:\\\/\\\/www.altominho.tv\\\/site\\\/#\\\/schema\\\/person\\\/4e536851627d7914baf3dac752b6af22\"},\"description\":\"Entre\u00a012 e 19 de abril, cerca de\u00a0300 pessoas\u00a0v\u00e3o subir \u201ca palco\u201d num teatro religioso que ligar\u00e1 a hist\u00f3ria dos tr\u00eas Mosteiros Rom\u00e2nicos \u00e0 Semana Santa em Ponte da Barca.\",\"breadcrumb\":{\"@id\":\"https:\\\/\\\/www.altominho.tv\\\/site\\\/2025\\\/04\\\/01\\\/cerca-de-300-pessoas-participam-em-encenacoes-alusivas-a-semana-santa\\\/#breadcrumb\"},\"inLanguage\":\"pt-PT\",\"potentialAction\":[{\"@type\":\"ReadAction\",\"target\":[\"https:\\\/\\\/www.altominho.tv\\\/site\\\/2025\\\/04\\\/01\\\/cerca-de-300-pessoas-participam-em-encenacoes-alusivas-a-semana-santa\\\/\"]}]},{\"@type\":\"ImageObject\",\"inLanguage\":\"pt-PT\",\"@id\":\"https:\\\/\\\/www.altominho.tv\\\/site\\\/2025\\\/04\\\/01\\\/cerca-de-300-pessoas-participam-em-encenacoes-alusivas-a-semana-santa\\\/#primaryimage\",\"url\":\"https:\\\/\\\/www.altominho.tv\\\/site\\\/wp-content\\\/uploads\\\/2025\\\/04\\\/encenacao-cristo.jpg\",\"contentUrl\":\"https:\\\/\\\/www.altominho.tv\\\/site\\\/wp-content\\\/uploads\\\/2025\\\/04\\\/encenacao-cristo.jpg\",\"width\":1200,\"height\":630},{\"@type\":\"BreadcrumbList\",\"@id\":\"https:\\\/\\\/www.altominho.tv\\\/site\\\/2025\\\/04\\\/01\\\/cerca-de-300-pessoas-participam-em-encenacoes-alusivas-a-semana-santa\\\/#breadcrumb\",\"itemListElement\":[{\"@type\":\"ListItem\",\"position\":1,\"name\":\"In\u00edcio\",\"item\":\"https:\\\/\\\/www.altominho.tv\\\/site\\\/\"},{\"@type\":\"ListItem\",\"position\":2,\"name\":\"Cerca de 300 pessoas participam em encena\u00e7\u00f5es alusivas \u00e0 Semana Santa em Ponte da Barca\"}]},{\"@type\":\"WebSite\",\"@id\":\"https:\\\/\\\/www.altominho.tv\\\/site\\\/#website\",\"url\":\"https:\\\/\\\/www.altominho.tv\\\/site\\\/\",\"name\":\"Altominho.tv\",\"description\":\"A sua regi\u00e3o \u00e0 dist\u00e2ncia de um clique...\",\"potentialAction\":[{\"@type\":\"SearchAction\",\"target\":{\"@type\":\"EntryPoint\",\"urlTemplate\":\"https:\\\/\\\/www.altominho.tv\\\/site\\\/?s={search_term_string}\"},\"query-input\":{\"@type\":\"PropertyValueSpecification\",\"valueRequired\":true,\"valueName\":\"search_term_string\"}}],\"inLanguage\":\"pt-PT\"},{\"@type\":\"Person\",\"@id\":\"https:\\\/\\\/www.altominho.tv\\\/site\\\/#\\\/schema\\\/person\\\/4e536851627d7914baf3dac752b6af22\",\"name\":\"Altominho.tv\",\"image\":{\"@type\":\"ImageObject\",\"inLanguage\":\"pt-PT\",\"@id\":\"https:\\\/\\\/www.altominho.tv\\\/site\\\/wp-content\\\/uploads\\\/2019\\\/11\\\/Logo_Avatar_2-150x150.jpg\",\"url\":\"https:\\\/\\\/www.altominho.tv\\\/site\\\/wp-content\\\/uploads\\\/2019\\\/11\\\/Logo_Avatar_2-150x150.jpg\",\"contentUrl\":\"https:\\\/\\\/www.altominho.tv\\\/site\\\/wp-content\\\/uploads\\\/2019\\\/11\\\/Logo_Avatar_2-150x150.jpg\",\"caption\":\"Altominho.tv\"},\"url\":\"https:\\\/\\\/www.altominho.tv\\\/site\\\/author\\\/altominhotv-tecnico\\\/\"}]}<\/script>\n<!-- \/ Yoast SEO Premium plugin. -->","yoast_head_json":{"title":"Cerca de 300 pessoas participam em encena\u00e7\u00f5es alusivas \u00e0 Semana Santa em Ponte da Barca","description":"Entre\u00a012 e 19 de abril, cerca de\u00a0300 pessoas\u00a0v\u00e3o subir \u201ca palco\u201d num teatro religioso que ligar\u00e1 a hist\u00f3ria dos tr\u00eas Mosteiros Rom\u00e2nicos \u00e0 Semana Santa em Ponte da Barca.","robots":{"index":"index","follow":"follow","max-snippet":"max-snippet:-1","max-image-preview":"max-image-preview:large","max-video-preview":"max-video-preview:-1"},"canonical":"https:\/\/www.altominho.tv\/site\/2025\/04\/01\/cerca-de-300-pessoas-participam-em-encenacoes-alusivas-a-semana-santa\/","og_locale":"pt_PT","og_type":"article","og_title":"Cerca de 300 pessoas participam em encena\u00e7\u00f5es alusivas \u00e0 Semana Santa em Ponte da Barca","og_description":"Entre\u00a012 e 19 de abril, cerca de\u00a0300 pessoas\u00a0v\u00e3o subir \u201ca palco\u201d num teatro religioso que ligar\u00e1 a hist\u00f3ria dos tr\u00eas Mosteiros Rom\u00e2nicos \u00e0 Semana Santa em Ponte da Barca.","og_url":"https:\/\/www.altominho.tv\/site\/2025\/04\/01\/cerca-de-300-pessoas-participam-em-encenacoes-alusivas-a-semana-santa\/","og_site_name":"Altominho.tv","article_publisher":"https:\/\/www.facebook.com\/altominhotv","article_published_time":"2025-04-01T17:01:35+00:00","article_modified_time":"2025-04-01T17:01:38+00:00","og_image":[{"width":1200,"height":630,"url":"https:\/\/www.altominho.tv\/site\/wp-content\/uploads\/2025\/04\/encenacao-cristo.jpg","type":"image\/jpeg"}],"author":"Altominho.tv","twitter_card":"summary_large_image","twitter_creator":"@altominhoTV","twitter_site":"@altominhoTV","twitter_misc":{"Escrito por":"Altominho.tv","Tempo estimado de leitura":"2 minutos"},"schema":{"@context":"https:\/\/schema.org","@graph":[{"@type":"Article","@id":"https:\/\/www.altominho.tv\/site\/2025\/04\/01\/cerca-de-300-pessoas-participam-em-encenacoes-alusivas-a-semana-santa\/#article","isPartOf":{"@id":"https:\/\/www.altominho.tv\/site\/2025\/04\/01\/cerca-de-300-pessoas-participam-em-encenacoes-alusivas-a-semana-santa\/"},"author":{"name":"Altominho.tv","@id":"https:\/\/www.altominho.tv\/site\/#\/schema\/person\/4e536851627d7914baf3dac752b6af22"},"headline":"Cerca de 300 pessoas participam em encena\u00e7\u00f5es alusivas \u00e0 Semana Santa em Ponte da Barca","datePublished":"2025-04-01T17:01:35+00:00","dateModified":"2025-04-01T17:01:38+00:00","mainEntityOfPage":{"@id":"https:\/\/www.altominho.tv\/site\/2025\/04\/01\/cerca-de-300-pessoas-participam-em-encenacoes-alusivas-a-semana-santa\/"},"wordCount":269,"image":{"@id":"https:\/\/www.altominho.tv\/site\/2025\/04\/01\/cerca-de-300-pessoas-participam-em-encenacoes-alusivas-a-semana-santa\/#primaryimage"},"thumbnailUrl":"https:\/\/www.altominho.tv\/site\/wp-content\/uploads\/2025\/04\/encenacao-cristo.jpg","keywords":["Cultura"],"articleSection":["Ponte da Barca"],"inLanguage":"pt-PT","copyrightYear":"2025","copyrightHolder":{"@id":"https:\/\/www.altominho.tv\/site\/#organization"}},{"@type":"WebPage","@id":"https:\/\/www.altominho.tv\/site\/2025\/04\/01\/cerca-de-300-pessoas-participam-em-encenacoes-alusivas-a-semana-santa\/","url":"https:\/\/www.altominho.tv\/site\/2025\/04\/01\/cerca-de-300-pessoas-participam-em-encenacoes-alusivas-a-semana-santa\/","name":"Cerca de 300 pessoas participam em encena\u00e7\u00f5es alusivas \u00e0 Semana Santa em Ponte da Barca","isPartOf":{"@id":"https:\/\/www.altominho.tv\/site\/#website"},"primaryImageOfPage":{"@id":"https:\/\/www.altominho.tv\/site\/2025\/04\/01\/cerca-de-300-pessoas-participam-em-encenacoes-alusivas-a-semana-santa\/#primaryimage"},"image":{"@id":"https:\/\/www.altominho.tv\/site\/2025\/04\/01\/cerca-de-300-pessoas-participam-em-encenacoes-alusivas-a-semana-santa\/#primaryimage"},"thumbnailUrl":"https:\/\/www.altominho.tv\/site\/wp-content\/uploads\/2025\/04\/encenacao-cristo.jpg","datePublished":"2025-04-01T17:01:35+00:00","dateModified":"2025-04-01T17:01:38+00:00","author":{"@id":"https:\/\/www.altominho.tv\/site\/#\/schema\/person\/4e536851627d7914baf3dac752b6af22"},"description":"Entre\u00a012 e 19 de abril, cerca de\u00a0300 pessoas\u00a0v\u00e3o subir \u201ca palco\u201d num teatro religioso que ligar\u00e1 a hist\u00f3ria dos tr\u00eas Mosteiros Rom\u00e2nicos \u00e0 Semana Santa em Ponte da Barca.","breadcrumb":{"@id":"https:\/\/www.altominho.tv\/site\/2025\/04\/01\/cerca-de-300-pessoas-participam-em-encenacoes-alusivas-a-semana-santa\/#breadcrumb"},"inLanguage":"pt-PT","potentialAction":[{"@type":"ReadAction","target":["https:\/\/www.altominho.tv\/site\/2025\/04\/01\/cerca-de-300-pessoas-participam-em-encenacoes-alusivas-a-semana-santa\/"]}]},{"@type":"ImageObject","inLanguage":"pt-PT","@id":"https:\/\/www.altominho.tv\/site\/2025\/04\/01\/cerca-de-300-pessoas-participam-em-encenacoes-alusivas-a-semana-santa\/#primaryimage","url":"https:\/\/www.altominho.tv\/site\/wp-content\/uploads\/2025\/04\/encenacao-cristo.jpg","contentUrl":"https:\/\/www.altominho.tv\/site\/wp-content\/uploads\/2025\/04\/encenacao-cristo.jpg","width":1200,"height":630},{"@type":"BreadcrumbList","@id":"https:\/\/www.altominho.tv\/site\/2025\/04\/01\/cerca-de-300-pessoas-participam-em-encenacoes-alusivas-a-semana-santa\/#breadcrumb","itemListElement":[{"@type":"ListItem","position":1,"name":"In\u00edcio","item":"https:\/\/www.altominho.tv\/site\/"},{"@type":"ListItem","position":2,"name":"Cerca de 300 pessoas participam em encena\u00e7\u00f5es alusivas \u00e0 Semana Santa em Ponte da Barca"}]},{"@type":"WebSite","@id":"https:\/\/www.altominho.tv\/site\/#website","url":"https:\/\/www.altominho.tv\/site\/","name":"Altominho.tv","description":"A sua regi\u00e3o \u00e0 dist\u00e2ncia de um clique...","potentialAction":[{"@type":"SearchAction","target":{"@type":"EntryPoint","urlTemplate":"https:\/\/www.altominho.tv\/site\/?s={search_term_string}"},"query-input":{"@type":"PropertyValueSpecification","valueRequired":true,"valueName":"search_term_string"}}],"inLanguage":"pt-PT"},{"@type":"Person","@id":"https:\/\/www.altominho.tv\/site\/#\/schema\/person\/4e536851627d7914baf3dac752b6af22","name":"Altominho.tv","image":{"@type":"ImageObject","inLanguage":"pt-PT","@id":"https:\/\/www.altominho.tv\/site\/wp-content\/uploads\/2019\/11\/Logo_Avatar_2-150x150.jpg","url":"https:\/\/www.altominho.tv\/site\/wp-content\/uploads\/2019\/11\/Logo_Avatar_2-150x150.jpg","contentUrl":"https:\/\/www.altominho.tv\/site\/wp-content\/uploads\/2019\/11\/Logo_Avatar_2-150x150.jpg","caption":"Altominho.tv"},"url":"https:\/\/www.altominho.tv\/site\/author\/altominhotv-tecnico\/"}]}},"_links":{"self":[{"href":"https:\/\/www.altominho.tv\/site\/wp-json\/wp\/v2\/posts\/116480","targetHints":{"allow":["GET"]}}],"collection":[{"href":"https:\/\/www.altominho.tv\/site\/wp-json\/wp\/v2\/posts"}],"about":[{"href":"https:\/\/www.altominho.tv\/site\/wp-json\/wp\/v2\/types\/post"}],"author":[{"embeddable":true,"href":"https:\/\/www.altominho.tv\/site\/wp-json\/wp\/v2\/users\/1"}],"replies":[{"embeddable":true,"href":"https:\/\/www.altominho.tv\/site\/wp-json\/wp\/v2\/comments?post=116480"}],"version-history":[{"count":1,"href":"https:\/\/www.altominho.tv\/site\/wp-json\/wp\/v2\/posts\/116480\/revisions"}],"predecessor-version":[{"id":116482,"href":"https:\/\/www.altominho.tv\/site\/wp-json\/wp\/v2\/posts\/116480\/revisions\/116482"}],"wp:featuredmedia":[{"embeddable":true,"href":"https:\/\/www.altominho.tv\/site\/wp-json\/wp\/v2\/media\/116481"}],"wp:attachment":[{"href":"https:\/\/www.altominho.tv\/site\/wp-json\/wp\/v2\/media?parent=116480"}],"wp:term":[{"taxonomy":"category","embeddable":true,"href":"https:\/\/www.altominho.tv\/site\/wp-json\/wp\/v2\/categories?post=116480"},{"taxonomy":"post_tag","embeddable":true,"href":"https:\/\/www.altominho.tv\/site\/wp-json\/wp\/v2\/tags?post=116480"}],"curies":[{"name":"wp","href":"https:\/\/api.w.org\/{rel}","templated":true}]}}