{"id":116424,"date":"2025-03-31T15:26:35","date_gmt":"2025-03-31T14:26:35","guid":{"rendered":"https:\/\/www.altominho.tv\/site\/?p=116424"},"modified":"2025-03-31T15:26:37","modified_gmt":"2025-03-31T14:26:37","slug":"coro-coura-voce-alcanca-o-1olugar-em-vigo","status":"publish","type":"post","link":"https:\/\/www.altominho.tv\/site\/2025\/03\/31\/coro-coura-voce-alcanca-o-1olugar-em-vigo\/","title":{"rendered":"Coro Coura Voce alcan\u00e7a o 1\u00balugar em Vigo"},"content":{"rendered":"\n<p>No passado domingo, o coro feminino de Paredes de Coura, sob a dire\u00e7\u00e3o do Maestro V\u00edtor Lima, conquistou o primeiro lugar no I Concurso Coral Infantil e Juvenil de Vigo.\u00a0<\/p>\n\n\n\n<p>A competi\u00e7\u00e3o, organizada pela Asociaci\u00f3n de Corais Polif\u00f3nicas de Vigo (ACOPOVI), contou com a participa\u00e7\u00e3o de 9 coros, e o grupo Coura Voce obteve um not\u00f3rio destaque entre eles.<\/p>\n\n\n\n<p>O coro, que vem encantando o p\u00fablico com as suas harmonias desde 2017, apresentou um repert\u00f3rio variado que lhe valeu a vit\u00f3ria. Entre as pe\u00e7as interpretadas est\u00e3o &#8220;Kuka nukkuu tuutussasi&#8221;, de Anna-Mari K\u00e4h\u00e4r\u00e4, &#8220;Muusika&#8221;, do compositor est\u00f3nio P\u00e4rt Uusberg, a can\u00e7\u00e3o folcl\u00f3rica b\u00falgara &#8220;Ergen Deda&#8221; e a portuguesa &#8220;Coro das Ma\u00e7adeiras&#8221;.<\/p>\n\n\n\n<p>A avalia\u00e7\u00e3o dos coros foi realizada com base em crit\u00e9rios como a dificuldade das obras, a qualidade da interpreta\u00e7\u00e3o, incluindo din\u00e2mica, articula\u00e7\u00e3o, sonoridade, t\u00e9cnica vocal e a presen\u00e7a em palco.&nbsp;<\/p>\n\n\n\n<p>Foto:  V\u00edtor Lima, via Facebook<\/p>\n","protected":false},"excerpt":{"rendered":"<p>No passado domingo, o coro feminino de Paredes de Coura, sob a dire\u00e7\u00e3o do Maestro V\u00edtor Lima, conquistou o primeiro lugar no I Concurso Coral Infantil e Juvenil de Vigo.\u00a0 A competi\u00e7\u00e3o, organizada pela Asociaci\u00f3n de Corais Polif\u00f3nicas de Vigo (ACOPOVI), contou com a participa\u00e7\u00e3o de 9 coros, e o grupo Coura Voce obteve um [&hellip;]<\/p>\n","protected":false},"author":1,"featured_media":116425,"comment_status":"closed","ping_status":"closed","sticky":false,"template":"","format":"standard","meta":{"_exactmetrics_skip_tracking":false,"_exactmetrics_sitenote_active":false,"_exactmetrics_sitenote_note":"","_exactmetrics_sitenote_category":0,"footnotes":""},"categories":[10],"tags":[24],"class_list":["post-116424","post","type-post","status-publish","format-standard","has-post-thumbnail","hentry","category-paredes-de-coura","tag-lazer"],"yoast_head":"<!-- This site is optimized with the Yoast SEO Premium plugin v27.5 (Yoast SEO v27.5) - https:\/\/yoast.com\/product\/yoast-seo-premium-wordpress\/ -->\n<title>Coro Coura Voce alcan\u00e7a o 1\u00balugar em Vigo<\/title>\n<meta name=\"description\" content=\"No dia 30 de mar\u00e7o, o coro feminino sob a dire\u00e7\u00e3o do Maestro V\u00edtor Lima, conquistou o primeiro lugar no I Concurso Coral Infantil e Juvenil de Vigo.\u00a0\" \/>\n<meta name=\"robots\" content=\"index, follow, max-snippet:-1, max-image-preview:large, max-video-preview:-1\" \/>\n<link rel=\"canonical\" href=\"https:\/\/www.altominho.tv\/site\/2025\/03\/31\/coro-coura-voce-alcanca-o-1olugar-em-vigo\/\" \/>\n<meta property=\"og:locale\" content=\"pt_PT\" \/>\n<meta property=\"og:type\" content=\"article\" \/>\n<meta property=\"og:title\" content=\"Coro Coura Voce alcan\u00e7a o 1\u00balugar em Vigo\" \/>\n<meta property=\"og:description\" content=\"No dia 30 de mar\u00e7o, o coro feminino sob a dire\u00e7\u00e3o do Maestro V\u00edtor Lima, conquistou o primeiro lugar no I Concurso Coral Infantil e Juvenil de Vigo.\u00a0\" \/>\n<meta property=\"og:url\" content=\"https:\/\/www.altominho.tv\/site\/2025\/03\/31\/coro-coura-voce-alcanca-o-1olugar-em-vigo\/\" \/>\n<meta property=\"og:site_name\" content=\"Altominho.tv\" \/>\n<meta property=\"article:publisher\" content=\"https:\/\/www.facebook.com\/altominhotv\" \/>\n<meta property=\"article:published_time\" content=\"2025-03-31T14:26:35+00:00\" \/>\n<meta property=\"article:modified_time\" content=\"2025-03-31T14:26:37+00:00\" \/>\n<meta property=\"og:image\" content=\"https:\/\/www.altominho.tv\/site\/wp-content\/uploads\/2025\/03\/coro-coura-voce.png\" \/>\n\t<meta property=\"og:image:width\" content=\"1200\" \/>\n\t<meta property=\"og:image:height\" content=\"630\" \/>\n\t<meta property=\"og:image:type\" content=\"image\/png\" \/>\n<meta name=\"author\" content=\"Altominho.tv\" \/>\n<meta name=\"twitter:card\" content=\"summary_large_image\" \/>\n<meta name=\"twitter:creator\" content=\"@altominhoTV\" \/>\n<meta name=\"twitter:site\" content=\"@altominhoTV\" \/>\n<meta name=\"twitter:label1\" content=\"Escrito por\" \/>\n\t<meta name=\"twitter:data1\" content=\"Altominho.tv\" \/>\n\t<meta name=\"twitter:label2\" content=\"Tempo estimado de leitura\" \/>\n\t<meta name=\"twitter:data2\" content=\"2 minutos\" \/>\n<script type=\"application\/ld+json\" class=\"yoast-schema-graph\">{\"@context\":\"https:\\\/\\\/schema.org\",\"@graph\":[{\"@type\":\"Article\",\"@id\":\"https:\\\/\\\/www.altominho.tv\\\/site\\\/2025\\\/03\\\/31\\\/coro-coura-voce-alcanca-o-1olugar-em-vigo\\\/#article\",\"isPartOf\":{\"@id\":\"https:\\\/\\\/www.altominho.tv\\\/site\\\/2025\\\/03\\\/31\\\/coro-coura-voce-alcanca-o-1olugar-em-vigo\\\/\"},\"author\":{\"name\":\"Altominho.tv\",\"@id\":\"https:\\\/\\\/www.altominho.tv\\\/site\\\/#\\\/schema\\\/person\\\/4e536851627d7914baf3dac752b6af22\"},\"headline\":\"Coro Coura Voce alcan\u00e7a o 1\u00balugar em Vigo\",\"datePublished\":\"2025-03-31T14:26:35+00:00\",\"dateModified\":\"2025-03-31T14:26:37+00:00\",\"mainEntityOfPage\":{\"@id\":\"https:\\\/\\\/www.altominho.tv\\\/site\\\/2025\\\/03\\\/31\\\/coro-coura-voce-alcanca-o-1olugar-em-vigo\\\/\"},\"wordCount\":181,\"image\":{\"@id\":\"https:\\\/\\\/www.altominho.tv\\\/site\\\/2025\\\/03\\\/31\\\/coro-coura-voce-alcanca-o-1olugar-em-vigo\\\/#primaryimage\"},\"thumbnailUrl\":\"https:\\\/\\\/www.altominho.tv\\\/site\\\/wp-content\\\/uploads\\\/2025\\\/03\\\/coro-coura-voce.png\",\"keywords\":[\"Lazer\"],\"articleSection\":[\"Paredes de Coura\"],\"inLanguage\":\"pt-PT\",\"copyrightYear\":\"2025\",\"copyrightHolder\":{\"@id\":\"https:\\\/\\\/www.altominho.tv\\\/site\\\/#organization\"}},{\"@type\":\"WebPage\",\"@id\":\"https:\\\/\\\/www.altominho.tv\\\/site\\\/2025\\\/03\\\/31\\\/coro-coura-voce-alcanca-o-1olugar-em-vigo\\\/\",\"url\":\"https:\\\/\\\/www.altominho.tv\\\/site\\\/2025\\\/03\\\/31\\\/coro-coura-voce-alcanca-o-1olugar-em-vigo\\\/\",\"name\":\"Coro Coura Voce alcan\u00e7a o 1\u00balugar em Vigo\",\"isPartOf\":{\"@id\":\"https:\\\/\\\/www.altominho.tv\\\/site\\\/#website\"},\"primaryImageOfPage\":{\"@id\":\"https:\\\/\\\/www.altominho.tv\\\/site\\\/2025\\\/03\\\/31\\\/coro-coura-voce-alcanca-o-1olugar-em-vigo\\\/#primaryimage\"},\"image\":{\"@id\":\"https:\\\/\\\/www.altominho.tv\\\/site\\\/2025\\\/03\\\/31\\\/coro-coura-voce-alcanca-o-1olugar-em-vigo\\\/#primaryimage\"},\"thumbnailUrl\":\"https:\\\/\\\/www.altominho.tv\\\/site\\\/wp-content\\\/uploads\\\/2025\\\/03\\\/coro-coura-voce.png\",\"datePublished\":\"2025-03-31T14:26:35+00:00\",\"dateModified\":\"2025-03-31T14:26:37+00:00\",\"author\":{\"@id\":\"https:\\\/\\\/www.altominho.tv\\\/site\\\/#\\\/schema\\\/person\\\/4e536851627d7914baf3dac752b6af22\"},\"description\":\"No dia 30 de mar\u00e7o, o coro feminino sob a dire\u00e7\u00e3o do Maestro V\u00edtor Lima, conquistou o primeiro lugar no I Concurso Coral Infantil e Juvenil de Vigo.\u00a0\",\"breadcrumb\":{\"@id\":\"https:\\\/\\\/www.altominho.tv\\\/site\\\/2025\\\/03\\\/31\\\/coro-coura-voce-alcanca-o-1olugar-em-vigo\\\/#breadcrumb\"},\"inLanguage\":\"pt-PT\",\"potentialAction\":[{\"@type\":\"ReadAction\",\"target\":[\"https:\\\/\\\/www.altominho.tv\\\/site\\\/2025\\\/03\\\/31\\\/coro-coura-voce-alcanca-o-1olugar-em-vigo\\\/\"]}]},{\"@type\":\"ImageObject\",\"inLanguage\":\"pt-PT\",\"@id\":\"https:\\\/\\\/www.altominho.tv\\\/site\\\/2025\\\/03\\\/31\\\/coro-coura-voce-alcanca-o-1olugar-em-vigo\\\/#primaryimage\",\"url\":\"https:\\\/\\\/www.altominho.tv\\\/site\\\/wp-content\\\/uploads\\\/2025\\\/03\\\/coro-coura-voce.png\",\"contentUrl\":\"https:\\\/\\\/www.altominho.tv\\\/site\\\/wp-content\\\/uploads\\\/2025\\\/03\\\/coro-coura-voce.png\",\"width\":1200,\"height\":630},{\"@type\":\"BreadcrumbList\",\"@id\":\"https:\\\/\\\/www.altominho.tv\\\/site\\\/2025\\\/03\\\/31\\\/coro-coura-voce-alcanca-o-1olugar-em-vigo\\\/#breadcrumb\",\"itemListElement\":[{\"@type\":\"ListItem\",\"position\":1,\"name\":\"In\u00edcio\",\"item\":\"https:\\\/\\\/www.altominho.tv\\\/site\\\/\"},{\"@type\":\"ListItem\",\"position\":2,\"name\":\"Coro Coura Voce alcan\u00e7a o 1\u00balugar em Vigo\"}]},{\"@type\":\"WebSite\",\"@id\":\"https:\\\/\\\/www.altominho.tv\\\/site\\\/#website\",\"url\":\"https:\\\/\\\/www.altominho.tv\\\/site\\\/\",\"name\":\"Altominho.tv\",\"description\":\"A sua regi\u00e3o \u00e0 dist\u00e2ncia de um clique...\",\"potentialAction\":[{\"@type\":\"SearchAction\",\"target\":{\"@type\":\"EntryPoint\",\"urlTemplate\":\"https:\\\/\\\/www.altominho.tv\\\/site\\\/?s={search_term_string}\"},\"query-input\":{\"@type\":\"PropertyValueSpecification\",\"valueRequired\":true,\"valueName\":\"search_term_string\"}}],\"inLanguage\":\"pt-PT\"},{\"@type\":\"Person\",\"@id\":\"https:\\\/\\\/www.altominho.tv\\\/site\\\/#\\\/schema\\\/person\\\/4e536851627d7914baf3dac752b6af22\",\"name\":\"Altominho.tv\",\"image\":{\"@type\":\"ImageObject\",\"inLanguage\":\"pt-PT\",\"@id\":\"https:\\\/\\\/www.altominho.tv\\\/site\\\/wp-content\\\/uploads\\\/2019\\\/11\\\/Logo_Avatar_2-150x150.jpg\",\"url\":\"https:\\\/\\\/www.altominho.tv\\\/site\\\/wp-content\\\/uploads\\\/2019\\\/11\\\/Logo_Avatar_2-150x150.jpg\",\"contentUrl\":\"https:\\\/\\\/www.altominho.tv\\\/site\\\/wp-content\\\/uploads\\\/2019\\\/11\\\/Logo_Avatar_2-150x150.jpg\",\"caption\":\"Altominho.tv\"},\"url\":\"https:\\\/\\\/www.altominho.tv\\\/site\\\/author\\\/altominhotv-tecnico\\\/\"}]}<\/script>\n<!-- \/ Yoast SEO Premium plugin. -->","yoast_head_json":{"title":"Coro Coura Voce alcan\u00e7a o 1\u00balugar em Vigo","description":"No dia 30 de mar\u00e7o, o coro feminino sob a dire\u00e7\u00e3o do Maestro V\u00edtor Lima, conquistou o primeiro lugar no I Concurso Coral Infantil e Juvenil de Vigo.\u00a0","robots":{"index":"index","follow":"follow","max-snippet":"max-snippet:-1","max-image-preview":"max-image-preview:large","max-video-preview":"max-video-preview:-1"},"canonical":"https:\/\/www.altominho.tv\/site\/2025\/03\/31\/coro-coura-voce-alcanca-o-1olugar-em-vigo\/","og_locale":"pt_PT","og_type":"article","og_title":"Coro Coura Voce alcan\u00e7a o 1\u00balugar em Vigo","og_description":"No dia 30 de mar\u00e7o, o coro feminino sob a dire\u00e7\u00e3o do Maestro V\u00edtor Lima, conquistou o primeiro lugar no I Concurso Coral Infantil e Juvenil de Vigo.\u00a0","og_url":"https:\/\/www.altominho.tv\/site\/2025\/03\/31\/coro-coura-voce-alcanca-o-1olugar-em-vigo\/","og_site_name":"Altominho.tv","article_publisher":"https:\/\/www.facebook.com\/altominhotv","article_published_time":"2025-03-31T14:26:35+00:00","article_modified_time":"2025-03-31T14:26:37+00:00","og_image":[{"width":1200,"height":630,"url":"https:\/\/www.altominho.tv\/site\/wp-content\/uploads\/2025\/03\/coro-coura-voce.png","type":"image\/png"}],"author":"Altominho.tv","twitter_card":"summary_large_image","twitter_creator":"@altominhoTV","twitter_site":"@altominhoTV","twitter_misc":{"Escrito por":"Altominho.tv","Tempo estimado de leitura":"2 minutos"},"schema":{"@context":"https:\/\/schema.org","@graph":[{"@type":"Article","@id":"https:\/\/www.altominho.tv\/site\/2025\/03\/31\/coro-coura-voce-alcanca-o-1olugar-em-vigo\/#article","isPartOf":{"@id":"https:\/\/www.altominho.tv\/site\/2025\/03\/31\/coro-coura-voce-alcanca-o-1olugar-em-vigo\/"},"author":{"name":"Altominho.tv","@id":"https:\/\/www.altominho.tv\/site\/#\/schema\/person\/4e536851627d7914baf3dac752b6af22"},"headline":"Coro Coura Voce alcan\u00e7a o 1\u00balugar em Vigo","datePublished":"2025-03-31T14:26:35+00:00","dateModified":"2025-03-31T14:26:37+00:00","mainEntityOfPage":{"@id":"https:\/\/www.altominho.tv\/site\/2025\/03\/31\/coro-coura-voce-alcanca-o-1olugar-em-vigo\/"},"wordCount":181,"image":{"@id":"https:\/\/www.altominho.tv\/site\/2025\/03\/31\/coro-coura-voce-alcanca-o-1olugar-em-vigo\/#primaryimage"},"thumbnailUrl":"https:\/\/www.altominho.tv\/site\/wp-content\/uploads\/2025\/03\/coro-coura-voce.png","keywords":["Lazer"],"articleSection":["Paredes de Coura"],"inLanguage":"pt-PT","copyrightYear":"2025","copyrightHolder":{"@id":"https:\/\/www.altominho.tv\/site\/#organization"}},{"@type":"WebPage","@id":"https:\/\/www.altominho.tv\/site\/2025\/03\/31\/coro-coura-voce-alcanca-o-1olugar-em-vigo\/","url":"https:\/\/www.altominho.tv\/site\/2025\/03\/31\/coro-coura-voce-alcanca-o-1olugar-em-vigo\/","name":"Coro Coura Voce alcan\u00e7a o 1\u00balugar em Vigo","isPartOf":{"@id":"https:\/\/www.altominho.tv\/site\/#website"},"primaryImageOfPage":{"@id":"https:\/\/www.altominho.tv\/site\/2025\/03\/31\/coro-coura-voce-alcanca-o-1olugar-em-vigo\/#primaryimage"},"image":{"@id":"https:\/\/www.altominho.tv\/site\/2025\/03\/31\/coro-coura-voce-alcanca-o-1olugar-em-vigo\/#primaryimage"},"thumbnailUrl":"https:\/\/www.altominho.tv\/site\/wp-content\/uploads\/2025\/03\/coro-coura-voce.png","datePublished":"2025-03-31T14:26:35+00:00","dateModified":"2025-03-31T14:26:37+00:00","author":{"@id":"https:\/\/www.altominho.tv\/site\/#\/schema\/person\/4e536851627d7914baf3dac752b6af22"},"description":"No dia 30 de mar\u00e7o, o coro feminino sob a dire\u00e7\u00e3o do Maestro V\u00edtor Lima, conquistou o primeiro lugar no I Concurso Coral Infantil e Juvenil de Vigo.\u00a0","breadcrumb":{"@id":"https:\/\/www.altominho.tv\/site\/2025\/03\/31\/coro-coura-voce-alcanca-o-1olugar-em-vigo\/#breadcrumb"},"inLanguage":"pt-PT","potentialAction":[{"@type":"ReadAction","target":["https:\/\/www.altominho.tv\/site\/2025\/03\/31\/coro-coura-voce-alcanca-o-1olugar-em-vigo\/"]}]},{"@type":"ImageObject","inLanguage":"pt-PT","@id":"https:\/\/www.altominho.tv\/site\/2025\/03\/31\/coro-coura-voce-alcanca-o-1olugar-em-vigo\/#primaryimage","url":"https:\/\/www.altominho.tv\/site\/wp-content\/uploads\/2025\/03\/coro-coura-voce.png","contentUrl":"https:\/\/www.altominho.tv\/site\/wp-content\/uploads\/2025\/03\/coro-coura-voce.png","width":1200,"height":630},{"@type":"BreadcrumbList","@id":"https:\/\/www.altominho.tv\/site\/2025\/03\/31\/coro-coura-voce-alcanca-o-1olugar-em-vigo\/#breadcrumb","itemListElement":[{"@type":"ListItem","position":1,"name":"In\u00edcio","item":"https:\/\/www.altominho.tv\/site\/"},{"@type":"ListItem","position":2,"name":"Coro Coura Voce alcan\u00e7a o 1\u00balugar em Vigo"}]},{"@type":"WebSite","@id":"https:\/\/www.altominho.tv\/site\/#website","url":"https:\/\/www.altominho.tv\/site\/","name":"Altominho.tv","description":"A sua regi\u00e3o \u00e0 dist\u00e2ncia de um clique...","potentialAction":[{"@type":"SearchAction","target":{"@type":"EntryPoint","urlTemplate":"https:\/\/www.altominho.tv\/site\/?s={search_term_string}"},"query-input":{"@type":"PropertyValueSpecification","valueRequired":true,"valueName":"search_term_string"}}],"inLanguage":"pt-PT"},{"@type":"Person","@id":"https:\/\/www.altominho.tv\/site\/#\/schema\/person\/4e536851627d7914baf3dac752b6af22","name":"Altominho.tv","image":{"@type":"ImageObject","inLanguage":"pt-PT","@id":"https:\/\/www.altominho.tv\/site\/wp-content\/uploads\/2019\/11\/Logo_Avatar_2-150x150.jpg","url":"https:\/\/www.altominho.tv\/site\/wp-content\/uploads\/2019\/11\/Logo_Avatar_2-150x150.jpg","contentUrl":"https:\/\/www.altominho.tv\/site\/wp-content\/uploads\/2019\/11\/Logo_Avatar_2-150x150.jpg","caption":"Altominho.tv"},"url":"https:\/\/www.altominho.tv\/site\/author\/altominhotv-tecnico\/"}]}},"_links":{"self":[{"href":"https:\/\/www.altominho.tv\/site\/wp-json\/wp\/v2\/posts\/116424","targetHints":{"allow":["GET"]}}],"collection":[{"href":"https:\/\/www.altominho.tv\/site\/wp-json\/wp\/v2\/posts"}],"about":[{"href":"https:\/\/www.altominho.tv\/site\/wp-json\/wp\/v2\/types\/post"}],"author":[{"embeddable":true,"href":"https:\/\/www.altominho.tv\/site\/wp-json\/wp\/v2\/users\/1"}],"replies":[{"embeddable":true,"href":"https:\/\/www.altominho.tv\/site\/wp-json\/wp\/v2\/comments?post=116424"}],"version-history":[{"count":2,"href":"https:\/\/www.altominho.tv\/site\/wp-json\/wp\/v2\/posts\/116424\/revisions"}],"predecessor-version":[{"id":116427,"href":"https:\/\/www.altominho.tv\/site\/wp-json\/wp\/v2\/posts\/116424\/revisions\/116427"}],"wp:featuredmedia":[{"embeddable":true,"href":"https:\/\/www.altominho.tv\/site\/wp-json\/wp\/v2\/media\/116425"}],"wp:attachment":[{"href":"https:\/\/www.altominho.tv\/site\/wp-json\/wp\/v2\/media?parent=116424"}],"wp:term":[{"taxonomy":"category","embeddable":true,"href":"https:\/\/www.altominho.tv\/site\/wp-json\/wp\/v2\/categories?post=116424"},{"taxonomy":"post_tag","embeddable":true,"href":"https:\/\/www.altominho.tv\/site\/wp-json\/wp\/v2\/tags?post=116424"}],"curies":[{"name":"wp","href":"https:\/\/api.w.org\/{rel}","templated":true}]}}