{"id":116397,"date":"2025-03-31T09:31:03","date_gmt":"2025-03-31T08:31:03","guid":{"rendered":"https:\/\/www.altominho.tv\/site\/?p=116397"},"modified":"2025-03-31T09:31:06","modified_gmt":"2025-03-31T08:31:06","slug":"assembleia-jovem-municipal-de-coura-cria-evento-que-apela-pratica-desportiva","status":"publish","type":"post","link":"https:\/\/www.altominho.tv\/site\/2025\/03\/31\/assembleia-jovem-municipal-de-coura-cria-evento-que-apela-pratica-desportiva\/","title":{"rendered":"Assembleia Jovem Municipal de Paredes de Coura cria evento que apela \u00e0 pr\u00e1tica desportiva"},"content":{"rendered":"<p class=\"p1\">A Assembleia Municipal Jovem de 2024 de Paredes de Coura criou o evento &#8216;Coura + Ativo&#8217;, uma iniciativa que envolve v\u00e1rios espa\u00e7os do concelho como o Pavilh\u00e3o e Polivalente Municipais, Pavilh\u00e3o da Escola Secund\u00e1ria, Piscina Municipal, Sal\u00e3o Polivalente dos Dadores de Sangue, Gin\u00e1sio Corpo Vivo e espa\u00e7os ao ar livre, permitindo com isto promover a oportunidade de vivenciar experi\u00eancias diversificadas, de forma ativa, saud\u00e1vel e com esp\u00edrito de fair-play, que decorre a partir de hoje, at\u00e9 s\u00e1bado, dia 5 de abril.<\/p>\n<p class=\"p1\">Este evento tem o objetivo de incrementar a\u00a0pr\u00e1tica desportiva, a inclus\u00e3o e o bem-estar atrav\u00e9s de atividades acess\u00edveis a todas as idades, incentivando a intera\u00e7\u00e3o entre gera\u00e7\u00f5es e estimulando h\u00e1bitos saud\u00e1veis.<\/p>\n<p class=\"p1\">Cardio combat,\u00a0spinning,\u00a0jump,\u00a0crossfit\u00a0e\u00a0pump, ou gin\u00e1stica aer\u00f3bia para todas as idades, mas tamb\u00e9m atividades como \u201cLa\u00e7os entre Gera\u00e7\u00f5es\u201d para pais\/filhos, tios\/sobrinhos, sogros\/genros, av\u00f3s\/netos\u00a0\u00a0e padrinhos\/afilhados e envolvendo a comunidade escolar para experimenta\u00e7\u00e3o das modalidades de t\u00e9nis de mesa e voleibol, bem como a iniciativa \u201cJunta-te \u00e0 Bola Alvo\u201d \u2013 Boccia e aberta \u00e0 comunidade s\u00e9nior dos Centros de Dia\/IPSS s\u00e3o algumas das a\u00e7\u00f5es que ao longo de uma semana desafiam os courenses \u00e0 pr\u00e1tica desportiva.<\/p>\n<p class=\"p1\">O \u2018Coura + Ativo\u2019 est\u00e1 aberto a todos os interessados que manifestem interesse para tal, contudo algumas das iniciativas carecem de inscri\u00e7\u00e3o pr\u00e9via, uma vez que existe limite de participantes.<\/p>\n<p class=\"p1\">Atrav\u00e9s da dan\u00e7a, do basquete, da gin\u00e1stica, do badminton ou do judo, com o \u2018Coura + Ativo\u2019 procura-se que todos tenham a oportunidade de experimentar novas modalidades e, acima de tudo, que todos se\u00a0divirtam e se mantenham ativos, numa iniciativa promovida pelo Munic\u00edpio e que tem como parceiros o\u00a0Gin\u00e1sio Corpo Vivo, Agrupamento de Escolas, Basket Clube de Coura, Olympics 4All \u2013 Walking Football, Clube de Nata\u00e7\u00e3o e Cultura, Grupo Desportivo de Castanheira, Judo Clube de Coura, V\u00e2nia Coutinho e Denise Cunha.<\/p>\n","protected":false},"excerpt":{"rendered":"<p>A Assembleia Municipal Jovem de 2024 de Paredes de Coura criou o evento &#8216;Coura + Ativo&#8217;, uma iniciativa que envolve v\u00e1rios espa\u00e7os do concelho como o Pavilh\u00e3o e Polivalente Municipais, Pavilh\u00e3o da Escola Secund\u00e1ria, Piscina Municipal, Sal\u00e3o Polivalente dos Dadores de Sangue, Gin\u00e1sio Corpo Vivo e espa\u00e7os ao ar livre, permitindo com isto promover a [&hellip;]<\/p>\n","protected":false},"author":1,"featured_media":116398,"comment_status":"closed","ping_status":"closed","sticky":false,"template":"","format":"standard","meta":{"_exactmetrics_skip_tracking":false,"_exactmetrics_sitenote_active":false,"_exactmetrics_sitenote_note":"","_exactmetrics_sitenote_category":0,"footnotes":""},"categories":[10],"tags":[20],"class_list":["post-116397","post","type-post","status-publish","format-standard","has-post-thumbnail","hentry","category-paredes-de-coura","tag-desporto"],"yoast_head":"<!-- This site is optimized with the Yoast SEO Premium plugin v27.5 (Yoast SEO v27.5) - https:\/\/yoast.com\/product\/yoast-seo-premium-wordpress\/ -->\n<title>Assembleia Jovem Municipal de Paredes de Coura cria evento que apela \u00e0 pr\u00e1tica desportiva<\/title>\n<meta name=\"description\" content=\"A Assembleia Municipal Jovem de 2024 de Paredes de Coura criou o evento &#039;Coura + Ativo&#039;, uma iniciativa que envolve v\u00e1rios espa\u00e7os do concelho como o Pavilh\u00e3o e Polivalente Municipais, Pavilh\u00e3o da Escola Secund\u00e1ria, Piscina Municipal, Sal\u00e3o Polivalente dos Dadores de Sangue, Gin\u00e1sio Corpo Vivo e espa\u00e7os ao ar livre, permitindo com isto promover a oportunidade de vivenciar experi\u00eancias diversificadas, de forma ativa\" \/>\n<meta name=\"robots\" content=\"index, follow, max-snippet:-1, max-image-preview:large, max-video-preview:-1\" \/>\n<link rel=\"canonical\" href=\"https:\/\/www.altominho.tv\/site\/2025\/03\/31\/assembleia-jovem-municipal-de-coura-cria-evento-que-apela-pratica-desportiva\/\" \/>\n<meta property=\"og:locale\" content=\"pt_PT\" \/>\n<meta property=\"og:type\" content=\"article\" \/>\n<meta property=\"og:title\" content=\"Assembleia Jovem Municipal de Paredes de Coura cria evento que apela \u00e0 pr\u00e1tica desportiva\" \/>\n<meta property=\"og:description\" content=\"A Assembleia Municipal Jovem de 2024 de Paredes de Coura criou o evento &#039;Coura + Ativo&#039;, uma iniciativa que envolve v\u00e1rios espa\u00e7os do concelho como o Pavilh\u00e3o e Polivalente Municipais, Pavilh\u00e3o da Escola Secund\u00e1ria, Piscina Municipal, Sal\u00e3o Polivalente dos Dadores de Sangue, Gin\u00e1sio Corpo Vivo e espa\u00e7os ao ar livre, permitindo com isto promover a oportunidade de vivenciar experi\u00eancias diversificadas, de forma ativa\" \/>\n<meta property=\"og:url\" content=\"https:\/\/www.altominho.tv\/site\/2025\/03\/31\/assembleia-jovem-municipal-de-coura-cria-evento-que-apela-pratica-desportiva\/\" \/>\n<meta property=\"og:site_name\" content=\"Altominho.tv\" \/>\n<meta property=\"article:publisher\" content=\"https:\/\/www.facebook.com\/altominhotv\" \/>\n<meta property=\"article:published_time\" content=\"2025-03-31T08:31:03+00:00\" \/>\n<meta property=\"article:modified_time\" content=\"2025-03-31T08:31:06+00:00\" \/>\n<meta property=\"og:image\" content=\"https:\/\/www.altominho.tv\/site\/wp-content\/uploads\/2025\/03\/desporto.jpg\" \/>\n\t<meta property=\"og:image:width\" content=\"1200\" \/>\n\t<meta property=\"og:image:height\" content=\"630\" \/>\n\t<meta property=\"og:image:type\" content=\"image\/jpeg\" \/>\n<meta name=\"author\" content=\"Altominho.tv\" \/>\n<meta name=\"twitter:card\" content=\"summary_large_image\" \/>\n<meta name=\"twitter:creator\" content=\"@altominhoTV\" \/>\n<meta name=\"twitter:site\" content=\"@altominhoTV\" \/>\n<meta name=\"twitter:label1\" content=\"Escrito por\" \/>\n\t<meta name=\"twitter:data1\" content=\"Altominho.tv\" \/>\n\t<meta name=\"twitter:label2\" content=\"Tempo estimado de leitura\" \/>\n\t<meta name=\"twitter:data2\" content=\"2 minutos\" \/>\n<script type=\"application\/ld+json\" class=\"yoast-schema-graph\">{\"@context\":\"https:\\\/\\\/schema.org\",\"@graph\":[{\"@type\":\"Article\",\"@id\":\"https:\\\/\\\/www.altominho.tv\\\/site\\\/2025\\\/03\\\/31\\\/assembleia-jovem-municipal-de-coura-cria-evento-que-apela-pratica-desportiva\\\/#article\",\"isPartOf\":{\"@id\":\"https:\\\/\\\/www.altominho.tv\\\/site\\\/2025\\\/03\\\/31\\\/assembleia-jovem-municipal-de-coura-cria-evento-que-apela-pratica-desportiva\\\/\"},\"author\":{\"name\":\"Altominho.tv\",\"@id\":\"https:\\\/\\\/www.altominho.tv\\\/site\\\/#\\\/schema\\\/person\\\/4e536851627d7914baf3dac752b6af22\"},\"headline\":\"Assembleia Jovem Municipal de Paredes de Coura cria evento que apela \u00e0 pr\u00e1tica desportiva\",\"datePublished\":\"2025-03-31T08:31:03+00:00\",\"dateModified\":\"2025-03-31T08:31:06+00:00\",\"mainEntityOfPage\":{\"@id\":\"https:\\\/\\\/www.altominho.tv\\\/site\\\/2025\\\/03\\\/31\\\/assembleia-jovem-municipal-de-coura-cria-evento-que-apela-pratica-desportiva\\\/\"},\"wordCount\":355,\"image\":{\"@id\":\"https:\\\/\\\/www.altominho.tv\\\/site\\\/2025\\\/03\\\/31\\\/assembleia-jovem-municipal-de-coura-cria-evento-que-apela-pratica-desportiva\\\/#primaryimage\"},\"thumbnailUrl\":\"https:\\\/\\\/www.altominho.tv\\\/site\\\/wp-content\\\/uploads\\\/2025\\\/03\\\/desporto.jpg\",\"keywords\":[\"Desporto\"],\"articleSection\":[\"Paredes de Coura\"],\"inLanguage\":\"pt-PT\",\"copyrightYear\":\"2025\",\"copyrightHolder\":{\"@id\":\"https:\\\/\\\/www.altominho.tv\\\/site\\\/#organization\"}},{\"@type\":\"WebPage\",\"@id\":\"https:\\\/\\\/www.altominho.tv\\\/site\\\/2025\\\/03\\\/31\\\/assembleia-jovem-municipal-de-coura-cria-evento-que-apela-pratica-desportiva\\\/\",\"url\":\"https:\\\/\\\/www.altominho.tv\\\/site\\\/2025\\\/03\\\/31\\\/assembleia-jovem-municipal-de-coura-cria-evento-que-apela-pratica-desportiva\\\/\",\"name\":\"Assembleia Jovem Municipal de Paredes de Coura cria evento que apela \u00e0 pr\u00e1tica desportiva\",\"isPartOf\":{\"@id\":\"https:\\\/\\\/www.altominho.tv\\\/site\\\/#website\"},\"primaryImageOfPage\":{\"@id\":\"https:\\\/\\\/www.altominho.tv\\\/site\\\/2025\\\/03\\\/31\\\/assembleia-jovem-municipal-de-coura-cria-evento-que-apela-pratica-desportiva\\\/#primaryimage\"},\"image\":{\"@id\":\"https:\\\/\\\/www.altominho.tv\\\/site\\\/2025\\\/03\\\/31\\\/assembleia-jovem-municipal-de-coura-cria-evento-que-apela-pratica-desportiva\\\/#primaryimage\"},\"thumbnailUrl\":\"https:\\\/\\\/www.altominho.tv\\\/site\\\/wp-content\\\/uploads\\\/2025\\\/03\\\/desporto.jpg\",\"datePublished\":\"2025-03-31T08:31:03+00:00\",\"dateModified\":\"2025-03-31T08:31:06+00:00\",\"author\":{\"@id\":\"https:\\\/\\\/www.altominho.tv\\\/site\\\/#\\\/schema\\\/person\\\/4e536851627d7914baf3dac752b6af22\"},\"description\":\"A Assembleia Municipal Jovem de 2024 de Paredes de Coura criou o evento 'Coura + Ativo', uma iniciativa que envolve v\u00e1rios espa\u00e7os do concelho como o Pavilh\u00e3o e Polivalente Municipais, Pavilh\u00e3o da Escola Secund\u00e1ria, Piscina Municipal, Sal\u00e3o Polivalente dos Dadores de Sangue, Gin\u00e1sio Corpo Vivo e espa\u00e7os ao ar livre, permitindo com isto promover a oportunidade de vivenciar experi\u00eancias diversificadas, de forma ativa\",\"breadcrumb\":{\"@id\":\"https:\\\/\\\/www.altominho.tv\\\/site\\\/2025\\\/03\\\/31\\\/assembleia-jovem-municipal-de-coura-cria-evento-que-apela-pratica-desportiva\\\/#breadcrumb\"},\"inLanguage\":\"pt-PT\",\"potentialAction\":[{\"@type\":\"ReadAction\",\"target\":[\"https:\\\/\\\/www.altominho.tv\\\/site\\\/2025\\\/03\\\/31\\\/assembleia-jovem-municipal-de-coura-cria-evento-que-apela-pratica-desportiva\\\/\"]}]},{\"@type\":\"ImageObject\",\"inLanguage\":\"pt-PT\",\"@id\":\"https:\\\/\\\/www.altominho.tv\\\/site\\\/2025\\\/03\\\/31\\\/assembleia-jovem-municipal-de-coura-cria-evento-que-apela-pratica-desportiva\\\/#primaryimage\",\"url\":\"https:\\\/\\\/www.altominho.tv\\\/site\\\/wp-content\\\/uploads\\\/2025\\\/03\\\/desporto.jpg\",\"contentUrl\":\"https:\\\/\\\/www.altominho.tv\\\/site\\\/wp-content\\\/uploads\\\/2025\\\/03\\\/desporto.jpg\",\"width\":1200,\"height\":630},{\"@type\":\"BreadcrumbList\",\"@id\":\"https:\\\/\\\/www.altominho.tv\\\/site\\\/2025\\\/03\\\/31\\\/assembleia-jovem-municipal-de-coura-cria-evento-que-apela-pratica-desportiva\\\/#breadcrumb\",\"itemListElement\":[{\"@type\":\"ListItem\",\"position\":1,\"name\":\"In\u00edcio\",\"item\":\"https:\\\/\\\/www.altominho.tv\\\/site\\\/\"},{\"@type\":\"ListItem\",\"position\":2,\"name\":\"Assembleia Jovem Municipal de Paredes de Coura cria evento que apela \u00e0 pr\u00e1tica desportiva\"}]},{\"@type\":\"WebSite\",\"@id\":\"https:\\\/\\\/www.altominho.tv\\\/site\\\/#website\",\"url\":\"https:\\\/\\\/www.altominho.tv\\\/site\\\/\",\"name\":\"Altominho.tv\",\"description\":\"A sua regi\u00e3o \u00e0 dist\u00e2ncia de um clique...\",\"potentialAction\":[{\"@type\":\"SearchAction\",\"target\":{\"@type\":\"EntryPoint\",\"urlTemplate\":\"https:\\\/\\\/www.altominho.tv\\\/site\\\/?s={search_term_string}\"},\"query-input\":{\"@type\":\"PropertyValueSpecification\",\"valueRequired\":true,\"valueName\":\"search_term_string\"}}],\"inLanguage\":\"pt-PT\"},{\"@type\":\"Person\",\"@id\":\"https:\\\/\\\/www.altominho.tv\\\/site\\\/#\\\/schema\\\/person\\\/4e536851627d7914baf3dac752b6af22\",\"name\":\"Altominho.tv\",\"image\":{\"@type\":\"ImageObject\",\"inLanguage\":\"pt-PT\",\"@id\":\"https:\\\/\\\/www.altominho.tv\\\/site\\\/wp-content\\\/uploads\\\/2019\\\/11\\\/Logo_Avatar_2-150x150.jpg\",\"url\":\"https:\\\/\\\/www.altominho.tv\\\/site\\\/wp-content\\\/uploads\\\/2019\\\/11\\\/Logo_Avatar_2-150x150.jpg\",\"contentUrl\":\"https:\\\/\\\/www.altominho.tv\\\/site\\\/wp-content\\\/uploads\\\/2019\\\/11\\\/Logo_Avatar_2-150x150.jpg\",\"caption\":\"Altominho.tv\"},\"url\":\"https:\\\/\\\/www.altominho.tv\\\/site\\\/author\\\/altominhotv-tecnico\\\/\"}]}<\/script>\n<!-- \/ Yoast SEO Premium plugin. -->","yoast_head_json":{"title":"Assembleia Jovem Municipal de Paredes de Coura cria evento que apela \u00e0 pr\u00e1tica desportiva","description":"A Assembleia Municipal Jovem de 2024 de Paredes de Coura criou o evento 'Coura + Ativo', uma iniciativa que envolve v\u00e1rios espa\u00e7os do concelho como o Pavilh\u00e3o e Polivalente Municipais, Pavilh\u00e3o da Escola Secund\u00e1ria, Piscina Municipal, Sal\u00e3o Polivalente dos Dadores de Sangue, Gin\u00e1sio Corpo Vivo e espa\u00e7os ao ar livre, permitindo com isto promover a oportunidade de vivenciar experi\u00eancias diversificadas, de forma ativa","robots":{"index":"index","follow":"follow","max-snippet":"max-snippet:-1","max-image-preview":"max-image-preview:large","max-video-preview":"max-video-preview:-1"},"canonical":"https:\/\/www.altominho.tv\/site\/2025\/03\/31\/assembleia-jovem-municipal-de-coura-cria-evento-que-apela-pratica-desportiva\/","og_locale":"pt_PT","og_type":"article","og_title":"Assembleia Jovem Municipal de Paredes de Coura cria evento que apela \u00e0 pr\u00e1tica desportiva","og_description":"A Assembleia Municipal Jovem de 2024 de Paredes de Coura criou o evento 'Coura + Ativo', uma iniciativa que envolve v\u00e1rios espa\u00e7os do concelho como o Pavilh\u00e3o e Polivalente Municipais, Pavilh\u00e3o da Escola Secund\u00e1ria, Piscina Municipal, Sal\u00e3o Polivalente dos Dadores de Sangue, Gin\u00e1sio Corpo Vivo e espa\u00e7os ao ar livre, permitindo com isto promover a oportunidade de vivenciar experi\u00eancias diversificadas, de forma ativa","og_url":"https:\/\/www.altominho.tv\/site\/2025\/03\/31\/assembleia-jovem-municipal-de-coura-cria-evento-que-apela-pratica-desportiva\/","og_site_name":"Altominho.tv","article_publisher":"https:\/\/www.facebook.com\/altominhotv","article_published_time":"2025-03-31T08:31:03+00:00","article_modified_time":"2025-03-31T08:31:06+00:00","og_image":[{"width":1200,"height":630,"url":"https:\/\/www.altominho.tv\/site\/wp-content\/uploads\/2025\/03\/desporto.jpg","type":"image\/jpeg"}],"author":"Altominho.tv","twitter_card":"summary_large_image","twitter_creator":"@altominhoTV","twitter_site":"@altominhoTV","twitter_misc":{"Escrito por":"Altominho.tv","Tempo estimado de leitura":"2 minutos"},"schema":{"@context":"https:\/\/schema.org","@graph":[{"@type":"Article","@id":"https:\/\/www.altominho.tv\/site\/2025\/03\/31\/assembleia-jovem-municipal-de-coura-cria-evento-que-apela-pratica-desportiva\/#article","isPartOf":{"@id":"https:\/\/www.altominho.tv\/site\/2025\/03\/31\/assembleia-jovem-municipal-de-coura-cria-evento-que-apela-pratica-desportiva\/"},"author":{"name":"Altominho.tv","@id":"https:\/\/www.altominho.tv\/site\/#\/schema\/person\/4e536851627d7914baf3dac752b6af22"},"headline":"Assembleia Jovem Municipal de Paredes de Coura cria evento que apela \u00e0 pr\u00e1tica desportiva","datePublished":"2025-03-31T08:31:03+00:00","dateModified":"2025-03-31T08:31:06+00:00","mainEntityOfPage":{"@id":"https:\/\/www.altominho.tv\/site\/2025\/03\/31\/assembleia-jovem-municipal-de-coura-cria-evento-que-apela-pratica-desportiva\/"},"wordCount":355,"image":{"@id":"https:\/\/www.altominho.tv\/site\/2025\/03\/31\/assembleia-jovem-municipal-de-coura-cria-evento-que-apela-pratica-desportiva\/#primaryimage"},"thumbnailUrl":"https:\/\/www.altominho.tv\/site\/wp-content\/uploads\/2025\/03\/desporto.jpg","keywords":["Desporto"],"articleSection":["Paredes de Coura"],"inLanguage":"pt-PT","copyrightYear":"2025","copyrightHolder":{"@id":"https:\/\/www.altominho.tv\/site\/#organization"}},{"@type":"WebPage","@id":"https:\/\/www.altominho.tv\/site\/2025\/03\/31\/assembleia-jovem-municipal-de-coura-cria-evento-que-apela-pratica-desportiva\/","url":"https:\/\/www.altominho.tv\/site\/2025\/03\/31\/assembleia-jovem-municipal-de-coura-cria-evento-que-apela-pratica-desportiva\/","name":"Assembleia Jovem Municipal de Paredes de Coura cria evento que apela \u00e0 pr\u00e1tica desportiva","isPartOf":{"@id":"https:\/\/www.altominho.tv\/site\/#website"},"primaryImageOfPage":{"@id":"https:\/\/www.altominho.tv\/site\/2025\/03\/31\/assembleia-jovem-municipal-de-coura-cria-evento-que-apela-pratica-desportiva\/#primaryimage"},"image":{"@id":"https:\/\/www.altominho.tv\/site\/2025\/03\/31\/assembleia-jovem-municipal-de-coura-cria-evento-que-apela-pratica-desportiva\/#primaryimage"},"thumbnailUrl":"https:\/\/www.altominho.tv\/site\/wp-content\/uploads\/2025\/03\/desporto.jpg","datePublished":"2025-03-31T08:31:03+00:00","dateModified":"2025-03-31T08:31:06+00:00","author":{"@id":"https:\/\/www.altominho.tv\/site\/#\/schema\/person\/4e536851627d7914baf3dac752b6af22"},"description":"A Assembleia Municipal Jovem de 2024 de Paredes de Coura criou o evento 'Coura + Ativo', uma iniciativa que envolve v\u00e1rios espa\u00e7os do concelho como o Pavilh\u00e3o e Polivalente Municipais, Pavilh\u00e3o da Escola Secund\u00e1ria, Piscina Municipal, Sal\u00e3o Polivalente dos Dadores de Sangue, Gin\u00e1sio Corpo Vivo e espa\u00e7os ao ar livre, permitindo com isto promover a oportunidade de vivenciar experi\u00eancias diversificadas, de forma ativa","breadcrumb":{"@id":"https:\/\/www.altominho.tv\/site\/2025\/03\/31\/assembleia-jovem-municipal-de-coura-cria-evento-que-apela-pratica-desportiva\/#breadcrumb"},"inLanguage":"pt-PT","potentialAction":[{"@type":"ReadAction","target":["https:\/\/www.altominho.tv\/site\/2025\/03\/31\/assembleia-jovem-municipal-de-coura-cria-evento-que-apela-pratica-desportiva\/"]}]},{"@type":"ImageObject","inLanguage":"pt-PT","@id":"https:\/\/www.altominho.tv\/site\/2025\/03\/31\/assembleia-jovem-municipal-de-coura-cria-evento-que-apela-pratica-desportiva\/#primaryimage","url":"https:\/\/www.altominho.tv\/site\/wp-content\/uploads\/2025\/03\/desporto.jpg","contentUrl":"https:\/\/www.altominho.tv\/site\/wp-content\/uploads\/2025\/03\/desporto.jpg","width":1200,"height":630},{"@type":"BreadcrumbList","@id":"https:\/\/www.altominho.tv\/site\/2025\/03\/31\/assembleia-jovem-municipal-de-coura-cria-evento-que-apela-pratica-desportiva\/#breadcrumb","itemListElement":[{"@type":"ListItem","position":1,"name":"In\u00edcio","item":"https:\/\/www.altominho.tv\/site\/"},{"@type":"ListItem","position":2,"name":"Assembleia Jovem Municipal de Paredes de Coura cria evento que apela \u00e0 pr\u00e1tica desportiva"}]},{"@type":"WebSite","@id":"https:\/\/www.altominho.tv\/site\/#website","url":"https:\/\/www.altominho.tv\/site\/","name":"Altominho.tv","description":"A sua regi\u00e3o \u00e0 dist\u00e2ncia de um clique...","potentialAction":[{"@type":"SearchAction","target":{"@type":"EntryPoint","urlTemplate":"https:\/\/www.altominho.tv\/site\/?s={search_term_string}"},"query-input":{"@type":"PropertyValueSpecification","valueRequired":true,"valueName":"search_term_string"}}],"inLanguage":"pt-PT"},{"@type":"Person","@id":"https:\/\/www.altominho.tv\/site\/#\/schema\/person\/4e536851627d7914baf3dac752b6af22","name":"Altominho.tv","image":{"@type":"ImageObject","inLanguage":"pt-PT","@id":"https:\/\/www.altominho.tv\/site\/wp-content\/uploads\/2019\/11\/Logo_Avatar_2-150x150.jpg","url":"https:\/\/www.altominho.tv\/site\/wp-content\/uploads\/2019\/11\/Logo_Avatar_2-150x150.jpg","contentUrl":"https:\/\/www.altominho.tv\/site\/wp-content\/uploads\/2019\/11\/Logo_Avatar_2-150x150.jpg","caption":"Altominho.tv"},"url":"https:\/\/www.altominho.tv\/site\/author\/altominhotv-tecnico\/"}]}},"_links":{"self":[{"href":"https:\/\/www.altominho.tv\/site\/wp-json\/wp\/v2\/posts\/116397","targetHints":{"allow":["GET"]}}],"collection":[{"href":"https:\/\/www.altominho.tv\/site\/wp-json\/wp\/v2\/posts"}],"about":[{"href":"https:\/\/www.altominho.tv\/site\/wp-json\/wp\/v2\/types\/post"}],"author":[{"embeddable":true,"href":"https:\/\/www.altominho.tv\/site\/wp-json\/wp\/v2\/users\/1"}],"replies":[{"embeddable":true,"href":"https:\/\/www.altominho.tv\/site\/wp-json\/wp\/v2\/comments?post=116397"}],"version-history":[{"count":2,"href":"https:\/\/www.altominho.tv\/site\/wp-json\/wp\/v2\/posts\/116397\/revisions"}],"predecessor-version":[{"id":116400,"href":"https:\/\/www.altominho.tv\/site\/wp-json\/wp\/v2\/posts\/116397\/revisions\/116400"}],"wp:featuredmedia":[{"embeddable":true,"href":"https:\/\/www.altominho.tv\/site\/wp-json\/wp\/v2\/media\/116398"}],"wp:attachment":[{"href":"https:\/\/www.altominho.tv\/site\/wp-json\/wp\/v2\/media?parent=116397"}],"wp:term":[{"taxonomy":"category","embeddable":true,"href":"https:\/\/www.altominho.tv\/site\/wp-json\/wp\/v2\/categories?post=116397"},{"taxonomy":"post_tag","embeddable":true,"href":"https:\/\/www.altominho.tv\/site\/wp-json\/wp\/v2\/tags?post=116397"}],"curies":[{"name":"wp","href":"https:\/\/api.w.org\/{rel}","templated":true}]}}