{"id":116351,"date":"2025-03-28T17:35:12","date_gmt":"2025-03-28T17:35:12","guid":{"rendered":"https:\/\/www.altominho.tv\/site\/?p=116351"},"modified":"2025-03-28T17:35:16","modified_gmt":"2025-03-28T17:35:16","slug":"aldeia-de-paredes-de-coura-exercita-democracia-em-comunidade-atraves-da-arte","status":"publish","type":"post","link":"https:\/\/www.altominho.tv\/site\/2025\/03\/28\/aldeia-de-paredes-de-coura-exercita-democracia-em-comunidade-atraves-da-arte\/","title":{"rendered":"Aldeia de Paredes de Coura exercita democracia em comunidade atrav\u00e9s da arte\u00a0"},"content":{"rendered":"\n<p>Os 22 habitantes do lugar Carreiros, em Paredes de Coura v\u00e3o exercitar a democracia, em comunidade, atrav\u00e9s de a\u00e7\u00f5es art\u00edsticas e culturais promovidas a partir deste fim de semana e at\u00e9 25 de abril de 2026.<\/p>\n\n\n\n<p>Em Carreiros, &#8220;h\u00e1 um sentido de comunidade sem prescindir da singularidade de cada um. Achamos t\u00e3o importante o fortalecimento dos la\u00e7os comunit\u00e1rios, precisamente para o exerc\u00edcio da democracia, porque \u00e9 uma forma de promover a confian\u00e7a e sem confian\u00e7a entre todos n\u00f3s a democracia torna-se mais fr\u00e1gil\u201d, afirmou hoje \u00e0 ag\u00eancia Lusa Magda Henriques.<\/p>\n\n\n\n<p>Em causa est\u00e1 o projeto \u201cCarreiros para Futuros Ancestrais\u201d, apoiado pelo programa \u201cArte pela Democracia\u201d, uma parceria entre a Comiss\u00e3o Comemorativa dos 50 anos do 25 de Abril e a Dire\u00e7\u00e3o-Geral das Artes (Dgartes).<\/p>\n\n\n\n<p>O objetivo \u00e9 aceder \u00e0s hist\u00f3rias dos habitantes da aldeia, com idades compreendidas, entre os 65 e os 85 anos, o que no fundo \u201c\u00e9 aceder a uma parte da hist\u00f3ria antes e depois de abril de 74\u201d.<\/p>\n\n\n\n<p>\u201cN\u00f3s chamamos-lhe micro pr\u00e1ticas democr\u00e1ticas. No fundo, atrav\u00e9s de micro a\u00e7\u00f5es, consolidarmos e exercitarmos a democracia. Quando contamos, juntos, hist\u00f3rias deste lugar e das nossas vidas, percebemos o que mudou antes e depois da revolu\u00e7\u00e3o do 25 de abril\u201d, especificou.<\/p>\n\n\n\n<p>O projeto liderado por Magda Henriques, natural de Coimbra, e pelo marido Alastair Fuad-Luke, de Manchester, no Reino Unido, come\u00e7ou a nascer h\u00e1 dois anos quando decidiram viver no lugar de Carreiros, Uni\u00e3o das Freguesias de Formariz e Ferreira, aumentando o n\u00famero de habitantes de 20 para 22. O agradecimento pela \u201chospitalidade\u201d como foram recebidos em Carreiros come\u00e7ou sob a forma de \u201cconv\u00edvios, sess\u00f5es de cinema na casa do casal, partilha de hist\u00f3rias, experi\u00eancias e muitas gargalhadas\u201d.<\/p>\n\n\n\n<p>Dois anos depois, o projeto \u201cCarreiros para Futuros Ancestrais\u201d ganhou forma e conte\u00fado e foi candidatado \u00e0 DGartes.<\/p>\n\n\n\n<p>\u201cO centro do projeto s\u00e3o as assembleias, para j\u00e1 s\u00e3o s\u00f3 com os nossos vizinhos, orientadas pela soci\u00f3loga Carlota Quint\u00e3o e pela antrop\u00f3loga Teresa Fradique, de forma a estarmos mais pr\u00f3ximos uns do outros, imaginarmos possibilidades de futuro\u201d, explicou.<\/p>\n\n\n\n<p>A primeira assembleia est\u00e1 marcada para s\u00e1bado, \u00e0s 15h30. No domingo, \u00e0s 16h00, acontece o primeiro clube de leitura intitulado \u201cUma esp\u00e9cie de teatro\u201d, com a atriz e encenadora S\u00edlvia Pinto Ferreira.<\/p>\n\n\n\n<p>Al\u00e9m das assembleias e do clube de leitura, o projeto incluiu um ciclo de cinema, caminhadas, a produ\u00e7\u00e3o de um filme\/document\u00e1rio, uma escultura sonora, tr\u00eas exposi\u00e7\u00f5es de retratos dos habitantes e do lugar de Carreiros e um s\u00edtio na Internet que j\u00e1 est\u00e1 dispon\u00edvel e que cont\u00e9m toda a informa\u00e7\u00e3o sobre as atividades previstas.<\/p>\n\n\n\n<p>Na aldeia n\u00e3o h\u00e1 crian\u00e7as, mas os respons\u00e1veis pelo projeto esperam que \u201cos filhos e netos possam ser convocados para as atividades, atrav\u00e9s dos av\u00f3s ou outros familiares do lugar\u201d.<\/p>\n\n\n\n<p>\u201cS\u00e3o eles que podem ajudar a um exerc\u00edcio mais efetivo da democracia e, sobretudo, um pensamento para o futuro. Estes lugares t\u00eam um potencial imenso para&nbsp;podermos viver bem\u201d, sublinhou.<\/p>\n\n\n\n<p>O projeto termina no dia 25 de abril \u201ccom a apresenta\u00e7\u00e3o do filme\/document\u00e1rio da realizadora Rita Senra, a inaugura\u00e7\u00e3o de uma escultura sonora da autoria do Jo\u00e3o Gigante e da S\u00edlvia Pinto Ferreira, uma \u00faltima das tr\u00eas exposi\u00e7\u00f5es dos retratos dos habitantes de Carreiros e uma \u00faltima assembleia que seja n\u00e3o s\u00f3 uma reflex\u00e3o do que fizemos todos juntos, mas tamb\u00e9m a constru\u00e7\u00e3o de um manifesto coletivo sobre este lugar\u201d.<\/p>\n","protected":false},"excerpt":{"rendered":"<p>Os 22 habitantes do lugar Carreiros, em Paredes de Coura v\u00e3o exercitar a democracia, em comunidade, atrav\u00e9s de a\u00e7\u00f5es art\u00edsticas e culturais promovidas a partir deste fim de semana e at\u00e9 25 de abril de 2026. Em Carreiros, &#8220;h\u00e1 um sentido de comunidade sem prescindir da singularidade de cada um. Achamos t\u00e3o importante o fortalecimento [&hellip;]<\/p>\n","protected":false},"author":13,"featured_media":116354,"comment_status":"closed","ping_status":"closed","sticky":false,"template":"","format":"standard","meta":{"_exactmetrics_skip_tracking":false,"_exactmetrics_sitenote_active":false,"_exactmetrics_sitenote_note":"","_exactmetrics_sitenote_category":0,"footnotes":""},"categories":[10],"tags":[19,27],"class_list":["post-116351","post","type-post","status-publish","format-standard","has-post-thumbnail","hentry","category-paredes-de-coura","tag-cultura","tag-sociedade"],"yoast_head":"<!-- This site is optimized with the Yoast SEO Premium plugin v27.4 (Yoast SEO v27.4) - https:\/\/yoast.com\/product\/yoast-seo-premium-wordpress\/ -->\n<title>Aldeia de Paredes de Coura exercita democracia em comunidade atrav\u00e9s da arte\u00a0<\/title>\n<meta name=\"robots\" content=\"index, follow, max-snippet:-1, max-image-preview:large, max-video-preview:-1\" \/>\n<link rel=\"canonical\" href=\"https:\/\/www.altominho.tv\/site\/2025\/03\/28\/aldeia-de-paredes-de-coura-exercita-democracia-em-comunidade-atraves-da-arte\/\" \/>\n<meta property=\"og:locale\" content=\"pt_PT\" \/>\n<meta property=\"og:type\" content=\"article\" \/>\n<meta property=\"og:title\" content=\"Aldeia de Paredes de Coura exercita democracia em comunidade atrav\u00e9s da arte\u00a0\" \/>\n<meta property=\"og:description\" content=\"Os 22 habitantes do lugar Carreiros, em Paredes de Coura v\u00e3o exercitar a democracia, em comunidade, atrav\u00e9s de a\u00e7\u00f5es art\u00edsticas e culturais promovidas a partir deste fim de semana e at\u00e9 25 de abril de 2026. Em Carreiros, &#8220;h\u00e1 um sentido de comunidade sem prescindir da singularidade de cada um. Achamos t\u00e3o importante o fortalecimento [&hellip;]\" \/>\n<meta property=\"og:url\" content=\"https:\/\/www.altominho.tv\/site\/2025\/03\/28\/aldeia-de-paredes-de-coura-exercita-democracia-em-comunidade-atraves-da-arte\/\" \/>\n<meta property=\"og:site_name\" content=\"Altominho.tv\" \/>\n<meta property=\"article:publisher\" content=\"https:\/\/www.facebook.com\/altominhotv\" \/>\n<meta property=\"article:published_time\" content=\"2025-03-28T17:35:12+00:00\" \/>\n<meta property=\"article:modified_time\" content=\"2025-03-28T17:35:16+00:00\" \/>\n<meta property=\"og:image\" content=\"https:\/\/www.altominho.tv\/site\/wp-content\/uploads\/2025\/03\/cravo-25-abril.png\" \/>\n\t<meta property=\"og:image:width\" content=\"1200\" \/>\n\t<meta property=\"og:image:height\" content=\"630\" \/>\n\t<meta property=\"og:image:type\" content=\"image\/png\" \/>\n<meta name=\"author\" content=\"Lusa\" \/>\n<meta name=\"twitter:card\" content=\"summary_large_image\" \/>\n<meta name=\"twitter:creator\" content=\"@altominhoTV\" \/>\n<meta name=\"twitter:site\" content=\"@altominhoTV\" \/>\n<meta name=\"twitter:label1\" content=\"Escrito por\" \/>\n\t<meta name=\"twitter:data1\" content=\"Lusa\" \/>\n\t<meta name=\"twitter:label2\" content=\"Tempo estimado de leitura\" \/>\n\t<meta name=\"twitter:data2\" content=\"4 minutos\" \/>\n<script type=\"application\/ld+json\" class=\"yoast-schema-graph\">{\"@context\":\"https:\\\/\\\/schema.org\",\"@graph\":[{\"@type\":\"Article\",\"@id\":\"https:\\\/\\\/www.altominho.tv\\\/site\\\/2025\\\/03\\\/28\\\/aldeia-de-paredes-de-coura-exercita-democracia-em-comunidade-atraves-da-arte\\\/#article\",\"isPartOf\":{\"@id\":\"https:\\\/\\\/www.altominho.tv\\\/site\\\/2025\\\/03\\\/28\\\/aldeia-de-paredes-de-coura-exercita-democracia-em-comunidade-atraves-da-arte\\\/\"},\"author\":{\"name\":\"Lusa\",\"@id\":\"https:\\\/\\\/www.altominho.tv\\\/site\\\/#\\\/schema\\\/person\\\/63f693da3e1899361cbe955c46f3232e\"},\"headline\":\"Aldeia de Paredes de Coura exercita democracia em comunidade atrav\u00e9s da arte\u00a0\",\"datePublished\":\"2025-03-28T17:35:12+00:00\",\"dateModified\":\"2025-03-28T17:35:16+00:00\",\"mainEntityOfPage\":{\"@id\":\"https:\\\/\\\/www.altominho.tv\\\/site\\\/2025\\\/03\\\/28\\\/aldeia-de-paredes-de-coura-exercita-democracia-em-comunidade-atraves-da-arte\\\/\"},\"wordCount\":621,\"image\":{\"@id\":\"https:\\\/\\\/www.altominho.tv\\\/site\\\/2025\\\/03\\\/28\\\/aldeia-de-paredes-de-coura-exercita-democracia-em-comunidade-atraves-da-arte\\\/#primaryimage\"},\"thumbnailUrl\":\"https:\\\/\\\/www.altominho.tv\\\/site\\\/wp-content\\\/uploads\\\/2025\\\/03\\\/cravo-25-abril.png\",\"keywords\":[\"Cultura\",\"Sociedade\"],\"articleSection\":[\"Paredes de Coura\"],\"inLanguage\":\"pt-PT\",\"copyrightYear\":\"2025\",\"copyrightHolder\":{\"@id\":\"https:\\\/\\\/www.altominho.tv\\\/site\\\/#organization\"}},{\"@type\":\"WebPage\",\"@id\":\"https:\\\/\\\/www.altominho.tv\\\/site\\\/2025\\\/03\\\/28\\\/aldeia-de-paredes-de-coura-exercita-democracia-em-comunidade-atraves-da-arte\\\/\",\"url\":\"https:\\\/\\\/www.altominho.tv\\\/site\\\/2025\\\/03\\\/28\\\/aldeia-de-paredes-de-coura-exercita-democracia-em-comunidade-atraves-da-arte\\\/\",\"name\":\"Aldeia de Paredes de Coura exercita democracia em comunidade atrav\u00e9s da arte\u00a0\",\"isPartOf\":{\"@id\":\"https:\\\/\\\/www.altominho.tv\\\/site\\\/#website\"},\"primaryImageOfPage\":{\"@id\":\"https:\\\/\\\/www.altominho.tv\\\/site\\\/2025\\\/03\\\/28\\\/aldeia-de-paredes-de-coura-exercita-democracia-em-comunidade-atraves-da-arte\\\/#primaryimage\"},\"image\":{\"@id\":\"https:\\\/\\\/www.altominho.tv\\\/site\\\/2025\\\/03\\\/28\\\/aldeia-de-paredes-de-coura-exercita-democracia-em-comunidade-atraves-da-arte\\\/#primaryimage\"},\"thumbnailUrl\":\"https:\\\/\\\/www.altominho.tv\\\/site\\\/wp-content\\\/uploads\\\/2025\\\/03\\\/cravo-25-abril.png\",\"datePublished\":\"2025-03-28T17:35:12+00:00\",\"dateModified\":\"2025-03-28T17:35:16+00:00\",\"author\":{\"@id\":\"https:\\\/\\\/www.altominho.tv\\\/site\\\/#\\\/schema\\\/person\\\/63f693da3e1899361cbe955c46f3232e\"},\"breadcrumb\":{\"@id\":\"https:\\\/\\\/www.altominho.tv\\\/site\\\/2025\\\/03\\\/28\\\/aldeia-de-paredes-de-coura-exercita-democracia-em-comunidade-atraves-da-arte\\\/#breadcrumb\"},\"inLanguage\":\"pt-PT\",\"potentialAction\":[{\"@type\":\"ReadAction\",\"target\":[\"https:\\\/\\\/www.altominho.tv\\\/site\\\/2025\\\/03\\\/28\\\/aldeia-de-paredes-de-coura-exercita-democracia-em-comunidade-atraves-da-arte\\\/\"]}]},{\"@type\":\"ImageObject\",\"inLanguage\":\"pt-PT\",\"@id\":\"https:\\\/\\\/www.altominho.tv\\\/site\\\/2025\\\/03\\\/28\\\/aldeia-de-paredes-de-coura-exercita-democracia-em-comunidade-atraves-da-arte\\\/#primaryimage\",\"url\":\"https:\\\/\\\/www.altominho.tv\\\/site\\\/wp-content\\\/uploads\\\/2025\\\/03\\\/cravo-25-abril.png\",\"contentUrl\":\"https:\\\/\\\/www.altominho.tv\\\/site\\\/wp-content\\\/uploads\\\/2025\\\/03\\\/cravo-25-abril.png\",\"width\":1200,\"height\":630},{\"@type\":\"BreadcrumbList\",\"@id\":\"https:\\\/\\\/www.altominho.tv\\\/site\\\/2025\\\/03\\\/28\\\/aldeia-de-paredes-de-coura-exercita-democracia-em-comunidade-atraves-da-arte\\\/#breadcrumb\",\"itemListElement\":[{\"@type\":\"ListItem\",\"position\":1,\"name\":\"In\u00edcio\",\"item\":\"https:\\\/\\\/www.altominho.tv\\\/site\\\/\"},{\"@type\":\"ListItem\",\"position\":2,\"name\":\"Aldeia de Paredes de Coura exercita democracia em comunidade atrav\u00e9s da arte\u00a0\"}]},{\"@type\":\"WebSite\",\"@id\":\"https:\\\/\\\/www.altominho.tv\\\/site\\\/#website\",\"url\":\"https:\\\/\\\/www.altominho.tv\\\/site\\\/\",\"name\":\"Altominho.tv\",\"description\":\"A sua regi\u00e3o \u00e0 dist\u00e2ncia de um clique...\",\"potentialAction\":[{\"@type\":\"SearchAction\",\"target\":{\"@type\":\"EntryPoint\",\"urlTemplate\":\"https:\\\/\\\/www.altominho.tv\\\/site\\\/?s={search_term_string}\"},\"query-input\":{\"@type\":\"PropertyValueSpecification\",\"valueRequired\":true,\"valueName\":\"search_term_string\"}}],\"inLanguage\":\"pt-PT\"},{\"@type\":\"Person\",\"@id\":\"https:\\\/\\\/www.altominho.tv\\\/site\\\/#\\\/schema\\\/person\\\/63f693da3e1899361cbe955c46f3232e\",\"name\":\"Lusa\",\"image\":{\"@type\":\"ImageObject\",\"inLanguage\":\"pt-PT\",\"@id\":\"https:\\\/\\\/www.altominho.tv\\\/site\\\/wp-content\\\/uploads\\\/2019\\\/08\\\/LUSA_Logo.gif\",\"url\":\"https:\\\/\\\/www.altominho.tv\\\/site\\\/wp-content\\\/uploads\\\/2019\\\/08\\\/LUSA_Logo.gif\",\"contentUrl\":\"https:\\\/\\\/www.altominho.tv\\\/site\\\/wp-content\\\/uploads\\\/2019\\\/08\\\/LUSA_Logo.gif\",\"caption\":\"Lusa\"},\"sameAs\":[\"http:\\\/\\\/\\\/\\\/www.altominho.tv\\\/site\"],\"url\":\"https:\\\/\\\/www.altominho.tv\\\/site\\\/author\\\/lusa\\\/\"}]}<\/script>\n<!-- \/ Yoast SEO Premium plugin. -->","yoast_head_json":{"title":"Aldeia de Paredes de Coura exercita democracia em comunidade atrav\u00e9s da arte\u00a0","robots":{"index":"index","follow":"follow","max-snippet":"max-snippet:-1","max-image-preview":"max-image-preview:large","max-video-preview":"max-video-preview:-1"},"canonical":"https:\/\/www.altominho.tv\/site\/2025\/03\/28\/aldeia-de-paredes-de-coura-exercita-democracia-em-comunidade-atraves-da-arte\/","og_locale":"pt_PT","og_type":"article","og_title":"Aldeia de Paredes de Coura exercita democracia em comunidade atrav\u00e9s da arte\u00a0","og_description":"Os 22 habitantes do lugar Carreiros, em Paredes de Coura v\u00e3o exercitar a democracia, em comunidade, atrav\u00e9s de a\u00e7\u00f5es art\u00edsticas e culturais promovidas a partir deste fim de semana e at\u00e9 25 de abril de 2026. Em Carreiros, &#8220;h\u00e1 um sentido de comunidade sem prescindir da singularidade de cada um. Achamos t\u00e3o importante o fortalecimento [&hellip;]","og_url":"https:\/\/www.altominho.tv\/site\/2025\/03\/28\/aldeia-de-paredes-de-coura-exercita-democracia-em-comunidade-atraves-da-arte\/","og_site_name":"Altominho.tv","article_publisher":"https:\/\/www.facebook.com\/altominhotv","article_published_time":"2025-03-28T17:35:12+00:00","article_modified_time":"2025-03-28T17:35:16+00:00","og_image":[{"width":1200,"height":630,"url":"https:\/\/www.altominho.tv\/site\/wp-content\/uploads\/2025\/03\/cravo-25-abril.png","type":"image\/png"}],"author":"Lusa","twitter_card":"summary_large_image","twitter_creator":"@altominhoTV","twitter_site":"@altominhoTV","twitter_misc":{"Escrito por":"Lusa","Tempo estimado de leitura":"4 minutos"},"schema":{"@context":"https:\/\/schema.org","@graph":[{"@type":"Article","@id":"https:\/\/www.altominho.tv\/site\/2025\/03\/28\/aldeia-de-paredes-de-coura-exercita-democracia-em-comunidade-atraves-da-arte\/#article","isPartOf":{"@id":"https:\/\/www.altominho.tv\/site\/2025\/03\/28\/aldeia-de-paredes-de-coura-exercita-democracia-em-comunidade-atraves-da-arte\/"},"author":{"name":"Lusa","@id":"https:\/\/www.altominho.tv\/site\/#\/schema\/person\/63f693da3e1899361cbe955c46f3232e"},"headline":"Aldeia de Paredes de Coura exercita democracia em comunidade atrav\u00e9s da arte\u00a0","datePublished":"2025-03-28T17:35:12+00:00","dateModified":"2025-03-28T17:35:16+00:00","mainEntityOfPage":{"@id":"https:\/\/www.altominho.tv\/site\/2025\/03\/28\/aldeia-de-paredes-de-coura-exercita-democracia-em-comunidade-atraves-da-arte\/"},"wordCount":621,"image":{"@id":"https:\/\/www.altominho.tv\/site\/2025\/03\/28\/aldeia-de-paredes-de-coura-exercita-democracia-em-comunidade-atraves-da-arte\/#primaryimage"},"thumbnailUrl":"https:\/\/www.altominho.tv\/site\/wp-content\/uploads\/2025\/03\/cravo-25-abril.png","keywords":["Cultura","Sociedade"],"articleSection":["Paredes de Coura"],"inLanguage":"pt-PT","copyrightYear":"2025","copyrightHolder":{"@id":"https:\/\/www.altominho.tv\/site\/#organization"}},{"@type":"WebPage","@id":"https:\/\/www.altominho.tv\/site\/2025\/03\/28\/aldeia-de-paredes-de-coura-exercita-democracia-em-comunidade-atraves-da-arte\/","url":"https:\/\/www.altominho.tv\/site\/2025\/03\/28\/aldeia-de-paredes-de-coura-exercita-democracia-em-comunidade-atraves-da-arte\/","name":"Aldeia de Paredes de Coura exercita democracia em comunidade atrav\u00e9s da arte\u00a0","isPartOf":{"@id":"https:\/\/www.altominho.tv\/site\/#website"},"primaryImageOfPage":{"@id":"https:\/\/www.altominho.tv\/site\/2025\/03\/28\/aldeia-de-paredes-de-coura-exercita-democracia-em-comunidade-atraves-da-arte\/#primaryimage"},"image":{"@id":"https:\/\/www.altominho.tv\/site\/2025\/03\/28\/aldeia-de-paredes-de-coura-exercita-democracia-em-comunidade-atraves-da-arte\/#primaryimage"},"thumbnailUrl":"https:\/\/www.altominho.tv\/site\/wp-content\/uploads\/2025\/03\/cravo-25-abril.png","datePublished":"2025-03-28T17:35:12+00:00","dateModified":"2025-03-28T17:35:16+00:00","author":{"@id":"https:\/\/www.altominho.tv\/site\/#\/schema\/person\/63f693da3e1899361cbe955c46f3232e"},"breadcrumb":{"@id":"https:\/\/www.altominho.tv\/site\/2025\/03\/28\/aldeia-de-paredes-de-coura-exercita-democracia-em-comunidade-atraves-da-arte\/#breadcrumb"},"inLanguage":"pt-PT","potentialAction":[{"@type":"ReadAction","target":["https:\/\/www.altominho.tv\/site\/2025\/03\/28\/aldeia-de-paredes-de-coura-exercita-democracia-em-comunidade-atraves-da-arte\/"]}]},{"@type":"ImageObject","inLanguage":"pt-PT","@id":"https:\/\/www.altominho.tv\/site\/2025\/03\/28\/aldeia-de-paredes-de-coura-exercita-democracia-em-comunidade-atraves-da-arte\/#primaryimage","url":"https:\/\/www.altominho.tv\/site\/wp-content\/uploads\/2025\/03\/cravo-25-abril.png","contentUrl":"https:\/\/www.altominho.tv\/site\/wp-content\/uploads\/2025\/03\/cravo-25-abril.png","width":1200,"height":630},{"@type":"BreadcrumbList","@id":"https:\/\/www.altominho.tv\/site\/2025\/03\/28\/aldeia-de-paredes-de-coura-exercita-democracia-em-comunidade-atraves-da-arte\/#breadcrumb","itemListElement":[{"@type":"ListItem","position":1,"name":"In\u00edcio","item":"https:\/\/www.altominho.tv\/site\/"},{"@type":"ListItem","position":2,"name":"Aldeia de Paredes de Coura exercita democracia em comunidade atrav\u00e9s da arte\u00a0"}]},{"@type":"WebSite","@id":"https:\/\/www.altominho.tv\/site\/#website","url":"https:\/\/www.altominho.tv\/site\/","name":"Altominho.tv","description":"A sua regi\u00e3o \u00e0 dist\u00e2ncia de um clique...","potentialAction":[{"@type":"SearchAction","target":{"@type":"EntryPoint","urlTemplate":"https:\/\/www.altominho.tv\/site\/?s={search_term_string}"},"query-input":{"@type":"PropertyValueSpecification","valueRequired":true,"valueName":"search_term_string"}}],"inLanguage":"pt-PT"},{"@type":"Person","@id":"https:\/\/www.altominho.tv\/site\/#\/schema\/person\/63f693da3e1899361cbe955c46f3232e","name":"Lusa","image":{"@type":"ImageObject","inLanguage":"pt-PT","@id":"https:\/\/www.altominho.tv\/site\/wp-content\/uploads\/2019\/08\/LUSA_Logo.gif","url":"https:\/\/www.altominho.tv\/site\/wp-content\/uploads\/2019\/08\/LUSA_Logo.gif","contentUrl":"https:\/\/www.altominho.tv\/site\/wp-content\/uploads\/2019\/08\/LUSA_Logo.gif","caption":"Lusa"},"sameAs":["http:\/\/\/\/www.altominho.tv\/site"],"url":"https:\/\/www.altominho.tv\/site\/author\/lusa\/"}]}},"_links":{"self":[{"href":"https:\/\/www.altominho.tv\/site\/wp-json\/wp\/v2\/posts\/116351","targetHints":{"allow":["GET"]}}],"collection":[{"href":"https:\/\/www.altominho.tv\/site\/wp-json\/wp\/v2\/posts"}],"about":[{"href":"https:\/\/www.altominho.tv\/site\/wp-json\/wp\/v2\/types\/post"}],"author":[{"embeddable":true,"href":"https:\/\/www.altominho.tv\/site\/wp-json\/wp\/v2\/users\/13"}],"replies":[{"embeddable":true,"href":"https:\/\/www.altominho.tv\/site\/wp-json\/wp\/v2\/comments?post=116351"}],"version-history":[{"count":2,"href":"https:\/\/www.altominho.tv\/site\/wp-json\/wp\/v2\/posts\/116351\/revisions"}],"predecessor-version":[{"id":116356,"href":"https:\/\/www.altominho.tv\/site\/wp-json\/wp\/v2\/posts\/116351\/revisions\/116356"}],"wp:featuredmedia":[{"embeddable":true,"href":"https:\/\/www.altominho.tv\/site\/wp-json\/wp\/v2\/media\/116354"}],"wp:attachment":[{"href":"https:\/\/www.altominho.tv\/site\/wp-json\/wp\/v2\/media?parent=116351"}],"wp:term":[{"taxonomy":"category","embeddable":true,"href":"https:\/\/www.altominho.tv\/site\/wp-json\/wp\/v2\/categories?post=116351"},{"taxonomy":"post_tag","embeddable":true,"href":"https:\/\/www.altominho.tv\/site\/wp-json\/wp\/v2\/tags?post=116351"}],"curies":[{"name":"wp","href":"https:\/\/api.w.org\/{rel}","templated":true}]}}