{"id":11635,"date":"2018-04-10T10:26:05","date_gmt":"2018-04-10T09:26:05","guid":{"rendered":"http:\/\/www.altominho.tv\/site\/?p=11635"},"modified":"2018-04-10T10:26:05","modified_gmt":"2018-04-10T09:26:05","slug":"oito-barras-fechadas-e-tres-condicionadas-devido-a-agitacao-maritima","status":"publish","type":"post","link":"https:\/\/www.altominho.tv\/site\/2018\/04\/10\/oito-barras-fechadas-e-tres-condicionadas-devido-a-agitacao-maritima\/","title":{"rendered":"Oito barras fechadas e tr\u00eas condicionadas devido \u00e0 agita\u00e7\u00e3o mar\u00edtima"},"content":{"rendered":"<p>Oito barras de Portugal continental est\u00e3o hoje fechadas \u00e0 navega\u00e7\u00e3o e outras tr\u00eas est\u00e3o condicionadas devido \u00e0 agita\u00e7\u00e3o mar\u00edtima forte, segundo a Autoridade Mar\u00edtima Nacional (AMN).<\/p>\n<p>De acordo com a Marinha, as barras de Caminha, Vila Praia de \u00c2ncora, Esposende, P\u00f3voa do Varzim, Vila do Conde, Douro, S\u00e3o Martinho do Porto e Ericeira est\u00e3o hoje fechadas \u00e0 navega\u00e7\u00e3o devido \u00e0 agita\u00e7\u00e3o mar\u00edtima forte.<\/p>\n<p>A barra de Viana do Castelo est\u00e1 fechada a embarca\u00e7\u00f5es com comprimento inferior a 30 metros.<\/p>\n<p>Segundo a Marinha, as barras de Aveiro e da Figueira da Foz est\u00e3o fechadas apenas a embarca\u00e7\u00f5es com comprimento inferior a 35 metros.<\/p>\n<p>Por causa da agita\u00e7\u00e3o mar\u00edtima, o Instituto Portugu\u00eas do Mar e da Atmosfera (IPMA) colocou toda a costa portuguesa sob aviso laranja e amarelo.<\/p>\n<p>De acordo com o IPMA, os distritos de Coimbra, Leiria, Lisboa, Set\u00fabal, Beja e Faro v\u00e3o estar sob aviso laranja at\u00e9 \u00e0s 09:00 de quarta-feira devido a agita\u00e7\u00e3o mar\u00edtima, prevendo-se ondas de noroeste com cinco a sete metros, podendo chegar aos 10 a 12 metros.<\/p>\n<p>Tamb\u00e9m devido \u00e0 agita\u00e7\u00e3o mar\u00edtima, o IPMA colocou sob aviso amarelo os distritos de Aveiro, Porto, Braga e Viana do Castelo at\u00e9 \u00e0s 18:00 de quarta-feira prevendo-se ondas de noroeste com quatro a cinco metros.<\/p>\n<p>O aviso laranja, o segundo mais grave de uma escala de quatro, indica uma situa\u00e7\u00e3o meteorol\u00f3gica de risco moderado a elevado.<\/p>\n<p>Segundo o IPMA, o aviso amarelo \u00e9 emitido sempre que h\u00e1 situa\u00e7\u00e3o de risco para determinadas atividades dependentes da situa\u00e7\u00e3o meteorol\u00f3gica.<\/p>\n","protected":false},"excerpt":{"rendered":"<p>Oito barras de Portugal continental est\u00e3o hoje fechadas \u00e0 navega\u00e7\u00e3o e outras tr\u00eas est\u00e3o condicionadas devido \u00e0 agita\u00e7\u00e3o mar\u00edtima forte, segundo a Autoridade Mar\u00edtima Nacional (AMN). De acordo com a Marinha, as barras de Caminha, Vila Praia de \u00c2ncora, Esposende, P\u00f3voa do Varzim, Vila do Conde, Douro, S\u00e3o Martinho do Porto e Ericeira est\u00e3o hoje [&hellip;]<\/p>\n","protected":false},"author":7,"featured_media":11638,"comment_status":"closed","ping_status":"closed","sticky":false,"template":"","format":"standard","meta":{"_exactmetrics_skip_tracking":false,"_exactmetrics_sitenote_active":false,"_exactmetrics_sitenote_note":"","_exactmetrics_sitenote_category":0,"footnotes":""},"categories":[73],"tags":[27],"class_list":["post-11635","post","type-post","status-publish","format-standard","has-post-thumbnail","hentry","category-alto-minho","tag-sociedade"],"yoast_head":"<!-- This site is optimized with the Yoast SEO Premium plugin v27.5 (Yoast SEO v27.5) - https:\/\/yoast.com\/product\/yoast-seo-premium-wordpress\/ -->\n<title>Oito barras fechadas e tr\u00eas condicionadas devido \u00e0 agita\u00e7\u00e3o mar\u00edtima<\/title>\n<meta name=\"robots\" content=\"index, follow, max-snippet:-1, max-image-preview:large, max-video-preview:-1\" \/>\n<link rel=\"canonical\" href=\"https:\/\/www.altominho.tv\/site\/2018\/04\/10\/oito-barras-fechadas-e-tres-condicionadas-devido-a-agitacao-maritima\/\" \/>\n<meta property=\"og:locale\" content=\"pt_PT\" \/>\n<meta property=\"og:type\" content=\"article\" \/>\n<meta property=\"og:title\" content=\"Oito barras fechadas e tr\u00eas condicionadas devido \u00e0 agita\u00e7\u00e3o mar\u00edtima\" \/>\n<meta property=\"og:description\" content=\"Oito barras de Portugal continental est\u00e3o hoje fechadas \u00e0 navega\u00e7\u00e3o e outras tr\u00eas est\u00e3o condicionadas devido \u00e0 agita\u00e7\u00e3o mar\u00edtima forte, segundo a Autoridade Mar\u00edtima Nacional (AMN). De acordo com a Marinha, as barras de Caminha, Vila Praia de \u00c2ncora, Esposende, P\u00f3voa do Varzim, Vila do Conde, Douro, S\u00e3o Martinho do Porto e Ericeira est\u00e3o hoje [&hellip;]\" \/>\n<meta property=\"og:url\" content=\"https:\/\/www.altominho.tv\/site\/2018\/04\/10\/oito-barras-fechadas-e-tres-condicionadas-devido-a-agitacao-maritima\/\" \/>\n<meta property=\"og:site_name\" content=\"Altominho.tv\" \/>\n<meta property=\"article:publisher\" content=\"https:\/\/www.facebook.com\/altominhotv\" \/>\n<meta property=\"article:published_time\" content=\"2018-04-10T09:26:05+00:00\" \/>\n<meta property=\"og:image\" content=\"https:\/\/www.altominho.tv\/site\/wp-content\/uploads\/2018\/04\/maritima.jpg\" \/>\n\t<meta property=\"og:image:width\" content=\"620\" \/>\n\t<meta property=\"og:image:height\" content=\"330\" \/>\n\t<meta property=\"og:image:type\" content=\"image\/jpeg\" \/>\n<meta name=\"author\" content=\"Andreia Cunha\" \/>\n<meta name=\"twitter:card\" content=\"summary_large_image\" \/>\n<meta name=\"twitter:creator\" content=\"@altominhoTV\" \/>\n<meta name=\"twitter:site\" content=\"@altominhoTV\" \/>\n<meta name=\"twitter:label1\" content=\"Escrito por\" \/>\n\t<meta name=\"twitter:data1\" content=\"Andreia Cunha\" \/>\n\t<meta name=\"twitter:label2\" content=\"Tempo estimado de leitura\" \/>\n\t<meta name=\"twitter:data2\" content=\"1 minuto\" \/>\n<script type=\"application\/ld+json\" class=\"yoast-schema-graph\">{\"@context\":\"https:\\\/\\\/schema.org\",\"@graph\":[{\"@type\":\"Article\",\"@id\":\"https:\\\/\\\/www.altominho.tv\\\/site\\\/2018\\\/04\\\/10\\\/oito-barras-fechadas-e-tres-condicionadas-devido-a-agitacao-maritima\\\/#article\",\"isPartOf\":{\"@id\":\"https:\\\/\\\/www.altominho.tv\\\/site\\\/2018\\\/04\\\/10\\\/oito-barras-fechadas-e-tres-condicionadas-devido-a-agitacao-maritima\\\/\"},\"author\":{\"name\":\"Andreia Cunha\",\"@id\":\"https:\\\/\\\/www.altominho.tv\\\/site\\\/#\\\/schema\\\/person\\\/a0e4ef6d041f98ca284393d8f1d97153\"},\"headline\":\"Oito barras fechadas e tr\u00eas condicionadas devido \u00e0 agita\u00e7\u00e3o mar\u00edtima\",\"datePublished\":\"2018-04-10T09:26:05+00:00\",\"mainEntityOfPage\":{\"@id\":\"https:\\\/\\\/www.altominho.tv\\\/site\\\/2018\\\/04\\\/10\\\/oito-barras-fechadas-e-tres-condicionadas-devido-a-agitacao-maritima\\\/\"},\"wordCount\":279,\"image\":{\"@id\":\"https:\\\/\\\/www.altominho.tv\\\/site\\\/2018\\\/04\\\/10\\\/oito-barras-fechadas-e-tres-condicionadas-devido-a-agitacao-maritima\\\/#primaryimage\"},\"thumbnailUrl\":\"https:\\\/\\\/www.altominho.tv\\\/site\\\/wp-content\\\/uploads\\\/2018\\\/04\\\/maritima.jpg\",\"keywords\":[\"Sociedade\"],\"articleSection\":[\"Alto Minho\"],\"inLanguage\":\"pt-PT\",\"copyrightYear\":\"2018\",\"copyrightHolder\":{\"@id\":\"https:\\\/\\\/www.altominho.tv\\\/site\\\/#organization\"}},{\"@type\":\"WebPage\",\"@id\":\"https:\\\/\\\/www.altominho.tv\\\/site\\\/2018\\\/04\\\/10\\\/oito-barras-fechadas-e-tres-condicionadas-devido-a-agitacao-maritima\\\/\",\"url\":\"https:\\\/\\\/www.altominho.tv\\\/site\\\/2018\\\/04\\\/10\\\/oito-barras-fechadas-e-tres-condicionadas-devido-a-agitacao-maritima\\\/\",\"name\":\"Oito barras fechadas e tr\u00eas condicionadas devido \u00e0 agita\u00e7\u00e3o mar\u00edtima\",\"isPartOf\":{\"@id\":\"https:\\\/\\\/www.altominho.tv\\\/site\\\/#website\"},\"primaryImageOfPage\":{\"@id\":\"https:\\\/\\\/www.altominho.tv\\\/site\\\/2018\\\/04\\\/10\\\/oito-barras-fechadas-e-tres-condicionadas-devido-a-agitacao-maritima\\\/#primaryimage\"},\"image\":{\"@id\":\"https:\\\/\\\/www.altominho.tv\\\/site\\\/2018\\\/04\\\/10\\\/oito-barras-fechadas-e-tres-condicionadas-devido-a-agitacao-maritima\\\/#primaryimage\"},\"thumbnailUrl\":\"https:\\\/\\\/www.altominho.tv\\\/site\\\/wp-content\\\/uploads\\\/2018\\\/04\\\/maritima.jpg\",\"datePublished\":\"2018-04-10T09:26:05+00:00\",\"author\":{\"@id\":\"https:\\\/\\\/www.altominho.tv\\\/site\\\/#\\\/schema\\\/person\\\/a0e4ef6d041f98ca284393d8f1d97153\"},\"breadcrumb\":{\"@id\":\"https:\\\/\\\/www.altominho.tv\\\/site\\\/2018\\\/04\\\/10\\\/oito-barras-fechadas-e-tres-condicionadas-devido-a-agitacao-maritima\\\/#breadcrumb\"},\"inLanguage\":\"pt-PT\",\"potentialAction\":[{\"@type\":\"ReadAction\",\"target\":[\"https:\\\/\\\/www.altominho.tv\\\/site\\\/2018\\\/04\\\/10\\\/oito-barras-fechadas-e-tres-condicionadas-devido-a-agitacao-maritima\\\/\"]}]},{\"@type\":\"ImageObject\",\"inLanguage\":\"pt-PT\",\"@id\":\"https:\\\/\\\/www.altominho.tv\\\/site\\\/2018\\\/04\\\/10\\\/oito-barras-fechadas-e-tres-condicionadas-devido-a-agitacao-maritima\\\/#primaryimage\",\"url\":\"https:\\\/\\\/www.altominho.tv\\\/site\\\/wp-content\\\/uploads\\\/2018\\\/04\\\/maritima.jpg\",\"contentUrl\":\"https:\\\/\\\/www.altominho.tv\\\/site\\\/wp-content\\\/uploads\\\/2018\\\/04\\\/maritima.jpg\",\"width\":620,\"height\":330},{\"@type\":\"BreadcrumbList\",\"@id\":\"https:\\\/\\\/www.altominho.tv\\\/site\\\/2018\\\/04\\\/10\\\/oito-barras-fechadas-e-tres-condicionadas-devido-a-agitacao-maritima\\\/#breadcrumb\",\"itemListElement\":[{\"@type\":\"ListItem\",\"position\":1,\"name\":\"In\u00edcio\",\"item\":\"https:\\\/\\\/www.altominho.tv\\\/site\\\/\"},{\"@type\":\"ListItem\",\"position\":2,\"name\":\"Oito barras fechadas e tr\u00eas condicionadas devido \u00e0 agita\u00e7\u00e3o mar\u00edtima\"}]},{\"@type\":\"WebSite\",\"@id\":\"https:\\\/\\\/www.altominho.tv\\\/site\\\/#website\",\"url\":\"https:\\\/\\\/www.altominho.tv\\\/site\\\/\",\"name\":\"Altominho.tv\",\"description\":\"A sua regi\u00e3o \u00e0 dist\u00e2ncia de um clique...\",\"potentialAction\":[{\"@type\":\"SearchAction\",\"target\":{\"@type\":\"EntryPoint\",\"urlTemplate\":\"https:\\\/\\\/www.altominho.tv\\\/site\\\/?s={search_term_string}\"},\"query-input\":{\"@type\":\"PropertyValueSpecification\",\"valueRequired\":true,\"valueName\":\"search_term_string\"}}],\"inLanguage\":\"pt-PT\"},{\"@type\":\"Person\",\"@id\":\"https:\\\/\\\/www.altominho.tv\\\/site\\\/#\\\/schema\\\/person\\\/a0e4ef6d041f98ca284393d8f1d97153\",\"name\":\"Andreia Cunha\",\"image\":{\"@type\":\"ImageObject\",\"inLanguage\":\"pt-PT\",\"@id\":\"https:\\\/\\\/www.altominho.tv\\\/site\\\/wp-content\\\/uploads\\\/2017\\\/11\\\/Andreia_Cunha-1-150x150.jpg\",\"url\":\"https:\\\/\\\/www.altominho.tv\\\/site\\\/wp-content\\\/uploads\\\/2017\\\/11\\\/Andreia_Cunha-1-150x150.jpg\",\"contentUrl\":\"https:\\\/\\\/www.altominho.tv\\\/site\\\/wp-content\\\/uploads\\\/2017\\\/11\\\/Andreia_Cunha-1-150x150.jpg\",\"caption\":\"Andreia Cunha\"},\"url\":\"https:\\\/\\\/www.altominho.tv\\\/site\\\/author\\\/andreiacunha\\\/\"}]}<\/script>\n<!-- \/ Yoast SEO Premium plugin. -->","yoast_head_json":{"title":"Oito barras fechadas e tr\u00eas condicionadas devido \u00e0 agita\u00e7\u00e3o mar\u00edtima","robots":{"index":"index","follow":"follow","max-snippet":"max-snippet:-1","max-image-preview":"max-image-preview:large","max-video-preview":"max-video-preview:-1"},"canonical":"https:\/\/www.altominho.tv\/site\/2018\/04\/10\/oito-barras-fechadas-e-tres-condicionadas-devido-a-agitacao-maritima\/","og_locale":"pt_PT","og_type":"article","og_title":"Oito barras fechadas e tr\u00eas condicionadas devido \u00e0 agita\u00e7\u00e3o mar\u00edtima","og_description":"Oito barras de Portugal continental est\u00e3o hoje fechadas \u00e0 navega\u00e7\u00e3o e outras tr\u00eas est\u00e3o condicionadas devido \u00e0 agita\u00e7\u00e3o mar\u00edtima forte, segundo a Autoridade Mar\u00edtima Nacional (AMN). De acordo com a Marinha, as barras de Caminha, Vila Praia de \u00c2ncora, Esposende, P\u00f3voa do Varzim, Vila do Conde, Douro, S\u00e3o Martinho do Porto e Ericeira est\u00e3o hoje [&hellip;]","og_url":"https:\/\/www.altominho.tv\/site\/2018\/04\/10\/oito-barras-fechadas-e-tres-condicionadas-devido-a-agitacao-maritima\/","og_site_name":"Altominho.tv","article_publisher":"https:\/\/www.facebook.com\/altominhotv","article_published_time":"2018-04-10T09:26:05+00:00","og_image":[{"width":620,"height":330,"url":"https:\/\/www.altominho.tv\/site\/wp-content\/uploads\/2018\/04\/maritima.jpg","type":"image\/jpeg"}],"author":"Andreia Cunha","twitter_card":"summary_large_image","twitter_creator":"@altominhoTV","twitter_site":"@altominhoTV","twitter_misc":{"Escrito por":"Andreia Cunha","Tempo estimado de leitura":"1 minuto"},"schema":{"@context":"https:\/\/schema.org","@graph":[{"@type":"Article","@id":"https:\/\/www.altominho.tv\/site\/2018\/04\/10\/oito-barras-fechadas-e-tres-condicionadas-devido-a-agitacao-maritima\/#article","isPartOf":{"@id":"https:\/\/www.altominho.tv\/site\/2018\/04\/10\/oito-barras-fechadas-e-tres-condicionadas-devido-a-agitacao-maritima\/"},"author":{"name":"Andreia Cunha","@id":"https:\/\/www.altominho.tv\/site\/#\/schema\/person\/a0e4ef6d041f98ca284393d8f1d97153"},"headline":"Oito barras fechadas e tr\u00eas condicionadas devido \u00e0 agita\u00e7\u00e3o mar\u00edtima","datePublished":"2018-04-10T09:26:05+00:00","mainEntityOfPage":{"@id":"https:\/\/www.altominho.tv\/site\/2018\/04\/10\/oito-barras-fechadas-e-tres-condicionadas-devido-a-agitacao-maritima\/"},"wordCount":279,"image":{"@id":"https:\/\/www.altominho.tv\/site\/2018\/04\/10\/oito-barras-fechadas-e-tres-condicionadas-devido-a-agitacao-maritima\/#primaryimage"},"thumbnailUrl":"https:\/\/www.altominho.tv\/site\/wp-content\/uploads\/2018\/04\/maritima.jpg","keywords":["Sociedade"],"articleSection":["Alto Minho"],"inLanguage":"pt-PT","copyrightYear":"2018","copyrightHolder":{"@id":"https:\/\/www.altominho.tv\/site\/#organization"}},{"@type":"WebPage","@id":"https:\/\/www.altominho.tv\/site\/2018\/04\/10\/oito-barras-fechadas-e-tres-condicionadas-devido-a-agitacao-maritima\/","url":"https:\/\/www.altominho.tv\/site\/2018\/04\/10\/oito-barras-fechadas-e-tres-condicionadas-devido-a-agitacao-maritima\/","name":"Oito barras fechadas e tr\u00eas condicionadas devido \u00e0 agita\u00e7\u00e3o mar\u00edtima","isPartOf":{"@id":"https:\/\/www.altominho.tv\/site\/#website"},"primaryImageOfPage":{"@id":"https:\/\/www.altominho.tv\/site\/2018\/04\/10\/oito-barras-fechadas-e-tres-condicionadas-devido-a-agitacao-maritima\/#primaryimage"},"image":{"@id":"https:\/\/www.altominho.tv\/site\/2018\/04\/10\/oito-barras-fechadas-e-tres-condicionadas-devido-a-agitacao-maritima\/#primaryimage"},"thumbnailUrl":"https:\/\/www.altominho.tv\/site\/wp-content\/uploads\/2018\/04\/maritima.jpg","datePublished":"2018-04-10T09:26:05+00:00","author":{"@id":"https:\/\/www.altominho.tv\/site\/#\/schema\/person\/a0e4ef6d041f98ca284393d8f1d97153"},"breadcrumb":{"@id":"https:\/\/www.altominho.tv\/site\/2018\/04\/10\/oito-barras-fechadas-e-tres-condicionadas-devido-a-agitacao-maritima\/#breadcrumb"},"inLanguage":"pt-PT","potentialAction":[{"@type":"ReadAction","target":["https:\/\/www.altominho.tv\/site\/2018\/04\/10\/oito-barras-fechadas-e-tres-condicionadas-devido-a-agitacao-maritima\/"]}]},{"@type":"ImageObject","inLanguage":"pt-PT","@id":"https:\/\/www.altominho.tv\/site\/2018\/04\/10\/oito-barras-fechadas-e-tres-condicionadas-devido-a-agitacao-maritima\/#primaryimage","url":"https:\/\/www.altominho.tv\/site\/wp-content\/uploads\/2018\/04\/maritima.jpg","contentUrl":"https:\/\/www.altominho.tv\/site\/wp-content\/uploads\/2018\/04\/maritima.jpg","width":620,"height":330},{"@type":"BreadcrumbList","@id":"https:\/\/www.altominho.tv\/site\/2018\/04\/10\/oito-barras-fechadas-e-tres-condicionadas-devido-a-agitacao-maritima\/#breadcrumb","itemListElement":[{"@type":"ListItem","position":1,"name":"In\u00edcio","item":"https:\/\/www.altominho.tv\/site\/"},{"@type":"ListItem","position":2,"name":"Oito barras fechadas e tr\u00eas condicionadas devido \u00e0 agita\u00e7\u00e3o mar\u00edtima"}]},{"@type":"WebSite","@id":"https:\/\/www.altominho.tv\/site\/#website","url":"https:\/\/www.altominho.tv\/site\/","name":"Altominho.tv","description":"A sua regi\u00e3o \u00e0 dist\u00e2ncia de um clique...","potentialAction":[{"@type":"SearchAction","target":{"@type":"EntryPoint","urlTemplate":"https:\/\/www.altominho.tv\/site\/?s={search_term_string}"},"query-input":{"@type":"PropertyValueSpecification","valueRequired":true,"valueName":"search_term_string"}}],"inLanguage":"pt-PT"},{"@type":"Person","@id":"https:\/\/www.altominho.tv\/site\/#\/schema\/person\/a0e4ef6d041f98ca284393d8f1d97153","name":"Andreia Cunha","image":{"@type":"ImageObject","inLanguage":"pt-PT","@id":"https:\/\/www.altominho.tv\/site\/wp-content\/uploads\/2017\/11\/Andreia_Cunha-1-150x150.jpg","url":"https:\/\/www.altominho.tv\/site\/wp-content\/uploads\/2017\/11\/Andreia_Cunha-1-150x150.jpg","contentUrl":"https:\/\/www.altominho.tv\/site\/wp-content\/uploads\/2017\/11\/Andreia_Cunha-1-150x150.jpg","caption":"Andreia Cunha"},"url":"https:\/\/www.altominho.tv\/site\/author\/andreiacunha\/"}]}},"_links":{"self":[{"href":"https:\/\/www.altominho.tv\/site\/wp-json\/wp\/v2\/posts\/11635","targetHints":{"allow":["GET"]}}],"collection":[{"href":"https:\/\/www.altominho.tv\/site\/wp-json\/wp\/v2\/posts"}],"about":[{"href":"https:\/\/www.altominho.tv\/site\/wp-json\/wp\/v2\/types\/post"}],"author":[{"embeddable":true,"href":"https:\/\/www.altominho.tv\/site\/wp-json\/wp\/v2\/users\/7"}],"replies":[{"embeddable":true,"href":"https:\/\/www.altominho.tv\/site\/wp-json\/wp\/v2\/comments?post=11635"}],"version-history":[{"count":0,"href":"https:\/\/www.altominho.tv\/site\/wp-json\/wp\/v2\/posts\/11635\/revisions"}],"wp:featuredmedia":[{"embeddable":true,"href":"https:\/\/www.altominho.tv\/site\/wp-json\/wp\/v2\/media\/11638"}],"wp:attachment":[{"href":"https:\/\/www.altominho.tv\/site\/wp-json\/wp\/v2\/media?parent=11635"}],"wp:term":[{"taxonomy":"category","embeddable":true,"href":"https:\/\/www.altominho.tv\/site\/wp-json\/wp\/v2\/categories?post=11635"},{"taxonomy":"post_tag","embeddable":true,"href":"https:\/\/www.altominho.tv\/site\/wp-json\/wp\/v2\/tags?post=11635"}],"curies":[{"name":"wp","href":"https:\/\/api.w.org\/{rel}","templated":true}]}}