{"id":116323,"date":"2025-03-28T14:03:35","date_gmt":"2025-03-28T14:03:35","guid":{"rendered":"https:\/\/www.altominho.tv\/site\/?p=116323"},"modified":"2025-03-28T14:03:37","modified_gmt":"2025-03-28T14:03:37","slug":"suspeito-de-incendiar-contentores-de-lixo-viana-constituido-arguido","status":"publish","type":"post","link":"https:\/\/www.altominho.tv\/site\/2025\/03\/28\/suspeito-de-incendiar-contentores-de-lixo-viana-constituido-arguido\/","title":{"rendered":"Suspeito de incendiar contentores de lixo em Viana do Castelo constitu\u00eddo arguido"},"content":{"rendered":"<p>Um homem de 35 anos, residente na freguesia de Areosa, em Viana do Castelo, foi constitu\u00eddo arguido e sujeito a Termo de Identidade e Resid\u00eancia (TIR) por suspeita de incendiar contentores de lixo na madrugada de hoje.<\/p>\n<p>Em comunicado enviado \u00e0s reda\u00e7\u00f5es, o Comando Distrital da PSP de Viana do Castelo adiantou que a investiga\u00e7\u00e3o deste caso passou para a al\u00e7ada da Pol\u00edcia Judici\u00e1ria (PJ).<\/p>\n<p>Contactada pela ag\u00eancia Lusa, fonte da PSP adiantou que, entre as 00h00 e as 00h40, foram incendiados seis contentores de recolha de res\u00edduos urbanos na freguesia de Monserrate.<\/p>\n<p>O homem, sem atividade profissional conhecida, foi intercetado pela PSP na Rua Campo da Areia, naquela freguesia, \u201cna sequ\u00eancia de informa\u00e7\u00f5es dando conta de estar a ocorrer um inc\u00eandio num contentor de recolha de res\u00edduos urbanos junto \u00e0quela art\u00e9ria\u201d.<\/p>\n<p>No decurso da opera\u00e7\u00e3o policial, os agentes da PSP \u201cprocederam \u00e0 interce\u00e7\u00e3o do homem que se encontrava na posse de um isqueiro, que lhe foi apreendido\u201d.<\/p>\n<p>Em fevereiro, em duas noites seguidas, foram incendiados cerca de duas dezenas de contentores do lixo em v\u00e1rias zonas da Viana do Castelo.<\/p>\n<p>Questionada pela Lusa, a fonte da PSP adiantou que est\u00e1 a ser investigada a rela\u00e7\u00e3o do homem agora intercetado com aqueles inc\u00eandios.<\/p>\n<p>A mesma fonte revelou que o homem \u201ctem uma participa\u00e7\u00e3o pelo crime de dano ainda em curso\u201d.<\/p>\n","protected":false},"excerpt":{"rendered":"<p>Um homem de 35 anos, residente na freguesia de Areosa, em Viana do Castelo, foi constitu\u00eddo arguido e sujeito a Termo de Identidade e Resid\u00eancia (TIR) por suspeita de incendiar contentores de lixo na madrugada de hoje. Em comunicado enviado \u00e0s reda\u00e7\u00f5es, o Comando Distrital da PSP de Viana do Castelo adiantou que a investiga\u00e7\u00e3o [&hellip;]<\/p>\n","protected":false},"author":13,"featured_media":115927,"comment_status":"closed","ping_status":"closed","sticky":false,"template":"","format":"standard","meta":{"_exactmetrics_skip_tracking":false,"_exactmetrics_sitenote_active":false,"_exactmetrics_sitenote_note":"","_exactmetrics_sitenote_category":0,"footnotes":""},"categories":[14],"tags":[27],"class_list":["post-116323","post","type-post","status-publish","format-standard","has-post-thumbnail","hentry","category-viana-do-castelo","tag-sociedade"],"yoast_head":"<!-- This site is optimized with the Yoast SEO Premium plugin v27.5 (Yoast SEO v27.5) - https:\/\/yoast.com\/product\/yoast-seo-premium-wordpress\/ -->\n<title>Suspeito de incendiar contentores de lixo em Viana do Castelo constitu\u00eddo arguido<\/title>\n<meta name=\"description\" content=\"Um homem de 35 anos, residente na freguesia de Areosa, em Viana do Castelo, foi constitu\u00eddo arguido e sujeito a Termo de Identidade e Resid\u00eancia (TIR) por suspeita de incendiar contentores de lixo na madrugada de hoje.\" \/>\n<meta name=\"robots\" content=\"index, follow, max-snippet:-1, max-image-preview:large, max-video-preview:-1\" \/>\n<link rel=\"canonical\" href=\"https:\/\/www.altominho.tv\/site\/2025\/03\/28\/suspeito-de-incendiar-contentores-de-lixo-viana-constituido-arguido\/\" \/>\n<meta property=\"og:locale\" content=\"pt_PT\" \/>\n<meta property=\"og:type\" content=\"article\" \/>\n<meta property=\"og:title\" content=\"Suspeito de incendiar contentores de lixo em Viana do Castelo constitu\u00eddo arguido\" \/>\n<meta property=\"og:description\" content=\"Um homem de 35 anos, residente na freguesia de Areosa, em Viana do Castelo, foi constitu\u00eddo arguido e sujeito a Termo de Identidade e Resid\u00eancia (TIR) por suspeita de incendiar contentores de lixo na madrugada de hoje.\" \/>\n<meta property=\"og:url\" content=\"https:\/\/www.altominho.tv\/site\/2025\/03\/28\/suspeito-de-incendiar-contentores-de-lixo-viana-constituido-arguido\/\" \/>\n<meta property=\"og:site_name\" content=\"Altominho.tv\" \/>\n<meta property=\"article:publisher\" content=\"https:\/\/www.facebook.com\/altominhotv\" \/>\n<meta property=\"article:published_time\" content=\"2025-03-28T14:03:35+00:00\" \/>\n<meta property=\"article:modified_time\" content=\"2025-03-28T14:03:37+00:00\" \/>\n<meta property=\"og:image\" content=\"https:\/\/www.altominho.tv\/site\/wp-content\/uploads\/2025\/03\/detido.jpg\" \/>\n\t<meta property=\"og:image:width\" content=\"1200\" \/>\n\t<meta property=\"og:image:height\" content=\"630\" \/>\n\t<meta property=\"og:image:type\" content=\"image\/jpeg\" \/>\n<meta name=\"author\" content=\"Lusa\" \/>\n<meta name=\"twitter:card\" content=\"summary_large_image\" \/>\n<meta name=\"twitter:creator\" content=\"@altominhoTV\" \/>\n<meta name=\"twitter:site\" content=\"@altominhoTV\" \/>\n<meta name=\"twitter:label1\" content=\"Escrito por\" \/>\n\t<meta name=\"twitter:data1\" content=\"Lusa\" \/>\n\t<meta name=\"twitter:label2\" content=\"Tempo estimado de leitura\" \/>\n\t<meta name=\"twitter:data2\" content=\"2 minutos\" \/>\n<script type=\"application\/ld+json\" class=\"yoast-schema-graph\">{\"@context\":\"https:\\\/\\\/schema.org\",\"@graph\":[{\"@type\":\"Article\",\"@id\":\"https:\\\/\\\/www.altominho.tv\\\/site\\\/2025\\\/03\\\/28\\\/suspeito-de-incendiar-contentores-de-lixo-viana-constituido-arguido\\\/#article\",\"isPartOf\":{\"@id\":\"https:\\\/\\\/www.altominho.tv\\\/site\\\/2025\\\/03\\\/28\\\/suspeito-de-incendiar-contentores-de-lixo-viana-constituido-arguido\\\/\"},\"author\":{\"name\":\"Lusa\",\"@id\":\"https:\\\/\\\/www.altominho.tv\\\/site\\\/#\\\/schema\\\/person\\\/63f693da3e1899361cbe955c46f3232e\"},\"headline\":\"Suspeito de incendiar contentores de lixo em Viana do Castelo constitu\u00eddo arguido\",\"datePublished\":\"2025-03-28T14:03:35+00:00\",\"dateModified\":\"2025-03-28T14:03:37+00:00\",\"mainEntityOfPage\":{\"@id\":\"https:\\\/\\\/www.altominho.tv\\\/site\\\/2025\\\/03\\\/28\\\/suspeito-de-incendiar-contentores-de-lixo-viana-constituido-arguido\\\/\"},\"wordCount\":251,\"image\":{\"@id\":\"https:\\\/\\\/www.altominho.tv\\\/site\\\/2025\\\/03\\\/28\\\/suspeito-de-incendiar-contentores-de-lixo-viana-constituido-arguido\\\/#primaryimage\"},\"thumbnailUrl\":\"https:\\\/\\\/www.altominho.tv\\\/site\\\/wp-content\\\/uploads\\\/2025\\\/03\\\/detido.jpg\",\"keywords\":[\"Sociedade\"],\"articleSection\":[\"Viana do Castelo\"],\"inLanguage\":\"pt-PT\",\"copyrightYear\":\"2025\",\"copyrightHolder\":{\"@id\":\"https:\\\/\\\/www.altominho.tv\\\/site\\\/#organization\"}},{\"@type\":\"WebPage\",\"@id\":\"https:\\\/\\\/www.altominho.tv\\\/site\\\/2025\\\/03\\\/28\\\/suspeito-de-incendiar-contentores-de-lixo-viana-constituido-arguido\\\/\",\"url\":\"https:\\\/\\\/www.altominho.tv\\\/site\\\/2025\\\/03\\\/28\\\/suspeito-de-incendiar-contentores-de-lixo-viana-constituido-arguido\\\/\",\"name\":\"Suspeito de incendiar contentores de lixo em Viana do Castelo constitu\u00eddo arguido\",\"isPartOf\":{\"@id\":\"https:\\\/\\\/www.altominho.tv\\\/site\\\/#website\"},\"primaryImageOfPage\":{\"@id\":\"https:\\\/\\\/www.altominho.tv\\\/site\\\/2025\\\/03\\\/28\\\/suspeito-de-incendiar-contentores-de-lixo-viana-constituido-arguido\\\/#primaryimage\"},\"image\":{\"@id\":\"https:\\\/\\\/www.altominho.tv\\\/site\\\/2025\\\/03\\\/28\\\/suspeito-de-incendiar-contentores-de-lixo-viana-constituido-arguido\\\/#primaryimage\"},\"thumbnailUrl\":\"https:\\\/\\\/www.altominho.tv\\\/site\\\/wp-content\\\/uploads\\\/2025\\\/03\\\/detido.jpg\",\"datePublished\":\"2025-03-28T14:03:35+00:00\",\"dateModified\":\"2025-03-28T14:03:37+00:00\",\"author\":{\"@id\":\"https:\\\/\\\/www.altominho.tv\\\/site\\\/#\\\/schema\\\/person\\\/63f693da3e1899361cbe955c46f3232e\"},\"description\":\"Um homem de 35 anos, residente na freguesia de Areosa, em Viana do Castelo, foi constitu\u00eddo arguido e sujeito a Termo de Identidade e Resid\u00eancia (TIR) por suspeita de incendiar contentores de lixo na madrugada de hoje.\",\"breadcrumb\":{\"@id\":\"https:\\\/\\\/www.altominho.tv\\\/site\\\/2025\\\/03\\\/28\\\/suspeito-de-incendiar-contentores-de-lixo-viana-constituido-arguido\\\/#breadcrumb\"},\"inLanguage\":\"pt-PT\",\"potentialAction\":[{\"@type\":\"ReadAction\",\"target\":[\"https:\\\/\\\/www.altominho.tv\\\/site\\\/2025\\\/03\\\/28\\\/suspeito-de-incendiar-contentores-de-lixo-viana-constituido-arguido\\\/\"]}]},{\"@type\":\"ImageObject\",\"inLanguage\":\"pt-PT\",\"@id\":\"https:\\\/\\\/www.altominho.tv\\\/site\\\/2025\\\/03\\\/28\\\/suspeito-de-incendiar-contentores-de-lixo-viana-constituido-arguido\\\/#primaryimage\",\"url\":\"https:\\\/\\\/www.altominho.tv\\\/site\\\/wp-content\\\/uploads\\\/2025\\\/03\\\/detido.jpg\",\"contentUrl\":\"https:\\\/\\\/www.altominho.tv\\\/site\\\/wp-content\\\/uploads\\\/2025\\\/03\\\/detido.jpg\",\"width\":1200,\"height\":630},{\"@type\":\"BreadcrumbList\",\"@id\":\"https:\\\/\\\/www.altominho.tv\\\/site\\\/2025\\\/03\\\/28\\\/suspeito-de-incendiar-contentores-de-lixo-viana-constituido-arguido\\\/#breadcrumb\",\"itemListElement\":[{\"@type\":\"ListItem\",\"position\":1,\"name\":\"In\u00edcio\",\"item\":\"https:\\\/\\\/www.altominho.tv\\\/site\\\/\"},{\"@type\":\"ListItem\",\"position\":2,\"name\":\"Suspeito de incendiar contentores de lixo em Viana do Castelo constitu\u00eddo arguido\"}]},{\"@type\":\"WebSite\",\"@id\":\"https:\\\/\\\/www.altominho.tv\\\/site\\\/#website\",\"url\":\"https:\\\/\\\/www.altominho.tv\\\/site\\\/\",\"name\":\"Altominho.tv\",\"description\":\"A sua regi\u00e3o \u00e0 dist\u00e2ncia de um clique...\",\"potentialAction\":[{\"@type\":\"SearchAction\",\"target\":{\"@type\":\"EntryPoint\",\"urlTemplate\":\"https:\\\/\\\/www.altominho.tv\\\/site\\\/?s={search_term_string}\"},\"query-input\":{\"@type\":\"PropertyValueSpecification\",\"valueRequired\":true,\"valueName\":\"search_term_string\"}}],\"inLanguage\":\"pt-PT\"},{\"@type\":\"Person\",\"@id\":\"https:\\\/\\\/www.altominho.tv\\\/site\\\/#\\\/schema\\\/person\\\/63f693da3e1899361cbe955c46f3232e\",\"name\":\"Lusa\",\"image\":{\"@type\":\"ImageObject\",\"inLanguage\":\"pt-PT\",\"@id\":\"https:\\\/\\\/www.altominho.tv\\\/site\\\/wp-content\\\/uploads\\\/2019\\\/08\\\/LUSA_Logo.gif\",\"url\":\"https:\\\/\\\/www.altominho.tv\\\/site\\\/wp-content\\\/uploads\\\/2019\\\/08\\\/LUSA_Logo.gif\",\"contentUrl\":\"https:\\\/\\\/www.altominho.tv\\\/site\\\/wp-content\\\/uploads\\\/2019\\\/08\\\/LUSA_Logo.gif\",\"caption\":\"Lusa\"},\"sameAs\":[\"http:\\\/\\\/\\\/\\\/www.altominho.tv\\\/site\"],\"url\":\"https:\\\/\\\/www.altominho.tv\\\/site\\\/author\\\/lusa\\\/\"}]}<\/script>\n<!-- \/ Yoast SEO Premium plugin. -->","yoast_head_json":{"title":"Suspeito de incendiar contentores de lixo em Viana do Castelo constitu\u00eddo arguido","description":"Um homem de 35 anos, residente na freguesia de Areosa, em Viana do Castelo, foi constitu\u00eddo arguido e sujeito a Termo de Identidade e Resid\u00eancia (TIR) por suspeita de incendiar contentores de lixo na madrugada de hoje.","robots":{"index":"index","follow":"follow","max-snippet":"max-snippet:-1","max-image-preview":"max-image-preview:large","max-video-preview":"max-video-preview:-1"},"canonical":"https:\/\/www.altominho.tv\/site\/2025\/03\/28\/suspeito-de-incendiar-contentores-de-lixo-viana-constituido-arguido\/","og_locale":"pt_PT","og_type":"article","og_title":"Suspeito de incendiar contentores de lixo em Viana do Castelo constitu\u00eddo arguido","og_description":"Um homem de 35 anos, residente na freguesia de Areosa, em Viana do Castelo, foi constitu\u00eddo arguido e sujeito a Termo de Identidade e Resid\u00eancia (TIR) por suspeita de incendiar contentores de lixo na madrugada de hoje.","og_url":"https:\/\/www.altominho.tv\/site\/2025\/03\/28\/suspeito-de-incendiar-contentores-de-lixo-viana-constituido-arguido\/","og_site_name":"Altominho.tv","article_publisher":"https:\/\/www.facebook.com\/altominhotv","article_published_time":"2025-03-28T14:03:35+00:00","article_modified_time":"2025-03-28T14:03:37+00:00","og_image":[{"width":1200,"height":630,"url":"https:\/\/www.altominho.tv\/site\/wp-content\/uploads\/2025\/03\/detido.jpg","type":"image\/jpeg"}],"author":"Lusa","twitter_card":"summary_large_image","twitter_creator":"@altominhoTV","twitter_site":"@altominhoTV","twitter_misc":{"Escrito por":"Lusa","Tempo estimado de leitura":"2 minutos"},"schema":{"@context":"https:\/\/schema.org","@graph":[{"@type":"Article","@id":"https:\/\/www.altominho.tv\/site\/2025\/03\/28\/suspeito-de-incendiar-contentores-de-lixo-viana-constituido-arguido\/#article","isPartOf":{"@id":"https:\/\/www.altominho.tv\/site\/2025\/03\/28\/suspeito-de-incendiar-contentores-de-lixo-viana-constituido-arguido\/"},"author":{"name":"Lusa","@id":"https:\/\/www.altominho.tv\/site\/#\/schema\/person\/63f693da3e1899361cbe955c46f3232e"},"headline":"Suspeito de incendiar contentores de lixo em Viana do Castelo constitu\u00eddo arguido","datePublished":"2025-03-28T14:03:35+00:00","dateModified":"2025-03-28T14:03:37+00:00","mainEntityOfPage":{"@id":"https:\/\/www.altominho.tv\/site\/2025\/03\/28\/suspeito-de-incendiar-contentores-de-lixo-viana-constituido-arguido\/"},"wordCount":251,"image":{"@id":"https:\/\/www.altominho.tv\/site\/2025\/03\/28\/suspeito-de-incendiar-contentores-de-lixo-viana-constituido-arguido\/#primaryimage"},"thumbnailUrl":"https:\/\/www.altominho.tv\/site\/wp-content\/uploads\/2025\/03\/detido.jpg","keywords":["Sociedade"],"articleSection":["Viana do Castelo"],"inLanguage":"pt-PT","copyrightYear":"2025","copyrightHolder":{"@id":"https:\/\/www.altominho.tv\/site\/#organization"}},{"@type":"WebPage","@id":"https:\/\/www.altominho.tv\/site\/2025\/03\/28\/suspeito-de-incendiar-contentores-de-lixo-viana-constituido-arguido\/","url":"https:\/\/www.altominho.tv\/site\/2025\/03\/28\/suspeito-de-incendiar-contentores-de-lixo-viana-constituido-arguido\/","name":"Suspeito de incendiar contentores de lixo em Viana do Castelo constitu\u00eddo arguido","isPartOf":{"@id":"https:\/\/www.altominho.tv\/site\/#website"},"primaryImageOfPage":{"@id":"https:\/\/www.altominho.tv\/site\/2025\/03\/28\/suspeito-de-incendiar-contentores-de-lixo-viana-constituido-arguido\/#primaryimage"},"image":{"@id":"https:\/\/www.altominho.tv\/site\/2025\/03\/28\/suspeito-de-incendiar-contentores-de-lixo-viana-constituido-arguido\/#primaryimage"},"thumbnailUrl":"https:\/\/www.altominho.tv\/site\/wp-content\/uploads\/2025\/03\/detido.jpg","datePublished":"2025-03-28T14:03:35+00:00","dateModified":"2025-03-28T14:03:37+00:00","author":{"@id":"https:\/\/www.altominho.tv\/site\/#\/schema\/person\/63f693da3e1899361cbe955c46f3232e"},"description":"Um homem de 35 anos, residente na freguesia de Areosa, em Viana do Castelo, foi constitu\u00eddo arguido e sujeito a Termo de Identidade e Resid\u00eancia (TIR) por suspeita de incendiar contentores de lixo na madrugada de hoje.","breadcrumb":{"@id":"https:\/\/www.altominho.tv\/site\/2025\/03\/28\/suspeito-de-incendiar-contentores-de-lixo-viana-constituido-arguido\/#breadcrumb"},"inLanguage":"pt-PT","potentialAction":[{"@type":"ReadAction","target":["https:\/\/www.altominho.tv\/site\/2025\/03\/28\/suspeito-de-incendiar-contentores-de-lixo-viana-constituido-arguido\/"]}]},{"@type":"ImageObject","inLanguage":"pt-PT","@id":"https:\/\/www.altominho.tv\/site\/2025\/03\/28\/suspeito-de-incendiar-contentores-de-lixo-viana-constituido-arguido\/#primaryimage","url":"https:\/\/www.altominho.tv\/site\/wp-content\/uploads\/2025\/03\/detido.jpg","contentUrl":"https:\/\/www.altominho.tv\/site\/wp-content\/uploads\/2025\/03\/detido.jpg","width":1200,"height":630},{"@type":"BreadcrumbList","@id":"https:\/\/www.altominho.tv\/site\/2025\/03\/28\/suspeito-de-incendiar-contentores-de-lixo-viana-constituido-arguido\/#breadcrumb","itemListElement":[{"@type":"ListItem","position":1,"name":"In\u00edcio","item":"https:\/\/www.altominho.tv\/site\/"},{"@type":"ListItem","position":2,"name":"Suspeito de incendiar contentores de lixo em Viana do Castelo constitu\u00eddo arguido"}]},{"@type":"WebSite","@id":"https:\/\/www.altominho.tv\/site\/#website","url":"https:\/\/www.altominho.tv\/site\/","name":"Altominho.tv","description":"A sua regi\u00e3o \u00e0 dist\u00e2ncia de um clique...","potentialAction":[{"@type":"SearchAction","target":{"@type":"EntryPoint","urlTemplate":"https:\/\/www.altominho.tv\/site\/?s={search_term_string}"},"query-input":{"@type":"PropertyValueSpecification","valueRequired":true,"valueName":"search_term_string"}}],"inLanguage":"pt-PT"},{"@type":"Person","@id":"https:\/\/www.altominho.tv\/site\/#\/schema\/person\/63f693da3e1899361cbe955c46f3232e","name":"Lusa","image":{"@type":"ImageObject","inLanguage":"pt-PT","@id":"https:\/\/www.altominho.tv\/site\/wp-content\/uploads\/2019\/08\/LUSA_Logo.gif","url":"https:\/\/www.altominho.tv\/site\/wp-content\/uploads\/2019\/08\/LUSA_Logo.gif","contentUrl":"https:\/\/www.altominho.tv\/site\/wp-content\/uploads\/2019\/08\/LUSA_Logo.gif","caption":"Lusa"},"sameAs":["http:\/\/\/\/www.altominho.tv\/site"],"url":"https:\/\/www.altominho.tv\/site\/author\/lusa\/"}]}},"_links":{"self":[{"href":"https:\/\/www.altominho.tv\/site\/wp-json\/wp\/v2\/posts\/116323","targetHints":{"allow":["GET"]}}],"collection":[{"href":"https:\/\/www.altominho.tv\/site\/wp-json\/wp\/v2\/posts"}],"about":[{"href":"https:\/\/www.altominho.tv\/site\/wp-json\/wp\/v2\/types\/post"}],"author":[{"embeddable":true,"href":"https:\/\/www.altominho.tv\/site\/wp-json\/wp\/v2\/users\/13"}],"replies":[{"embeddable":true,"href":"https:\/\/www.altominho.tv\/site\/wp-json\/wp\/v2\/comments?post=116323"}],"version-history":[{"count":1,"href":"https:\/\/www.altominho.tv\/site\/wp-json\/wp\/v2\/posts\/116323\/revisions"}],"predecessor-version":[{"id":116324,"href":"https:\/\/www.altominho.tv\/site\/wp-json\/wp\/v2\/posts\/116323\/revisions\/116324"}],"wp:featuredmedia":[{"embeddable":true,"href":"https:\/\/www.altominho.tv\/site\/wp-json\/wp\/v2\/media\/115927"}],"wp:attachment":[{"href":"https:\/\/www.altominho.tv\/site\/wp-json\/wp\/v2\/media?parent=116323"}],"wp:term":[{"taxonomy":"category","embeddable":true,"href":"https:\/\/www.altominho.tv\/site\/wp-json\/wp\/v2\/categories?post=116323"},{"taxonomy":"post_tag","embeddable":true,"href":"https:\/\/www.altominho.tv\/site\/wp-json\/wp\/v2\/tags?post=116323"}],"curies":[{"name":"wp","href":"https:\/\/api.w.org\/{rel}","templated":true}]}}