{"id":11627,"date":"2018-04-10T09:12:46","date_gmt":"2018-04-10T08:12:46","guid":{"rendered":"http:\/\/www.altominho.tv\/site\/?p=11627"},"modified":"2018-04-10T09:12:46","modified_gmt":"2018-04-10T08:12:46","slug":"mau-tempo-toda-a-costa-portuguesa-sob-aviso-laranja-e-amarelo-devido-a-agitacao-maritima","status":"publish","type":"post","link":"https:\/\/www.altominho.tv\/site\/2018\/04\/10\/mau-tempo-toda-a-costa-portuguesa-sob-aviso-laranja-e-amarelo-devido-a-agitacao-maritima\/","title":{"rendered":"Mau tempo: Toda a costa portuguesa sob aviso laranja e amarelo devido \u00e0 agita\u00e7\u00e3o mar\u00edtima"},"content":{"rendered":"<p>Seis distritos do continente est\u00e3o hoje sob aviso laranja e outros quatro a amarelo devido \u00e0 previs\u00e3o de agita\u00e7\u00e3o mar\u00edtima forte, segundo o Instituto Portugu\u00eas do Mar e da Atmosfera (IPMA),<\/p>\n<p>De acordo com o IPMA, os distritos de Coimbra, Leiria, Lisboa, Set\u00fabal, Beja e Faro v\u00e3o estar sob aviso laranja at\u00e9 \u00e0s 09:00 de quarta-feira devido a agita\u00e7\u00e3o mar\u00edtima, prevendo-se ondas de noroeste com cinco a sete metros, podendo chegar aos 10 a 12 metros.<\/p>\n<p>Tamb\u00e9m devido \u00e0 agita\u00e7\u00e3o mar\u00edtima, o IPMA colocou sob aviso amarelo os distritos de Aveiro, Porto, Braga e Viana do Castelo at\u00e9 \u00e0s 18:00 de quarta-feira prevendo-se ondas de noroeste com quatro a cinco metros.<\/p>\n<p>O IPMA emitiu tamb\u00e9m aviso amarelo para os distritos de Coimbra, Leiria, Lisboa, Set\u00fabal, Beja e Faro por causa do vento forte com rajadas at\u00e9 80 quil\u00f3metros por hora at\u00e9 \u00e0s 06:00 de quarta-feira.<\/p>\n<p>Ainda no continente, os distritos de Vila Real, Viseu e Guarda est\u00e3o sob aviso amarelo devido \u00e0 queda de neve acima de 800\/1000 metros at\u00e9 \u00e0s 12:00 de hoje.<\/p>\n<p>O aviso laranja, o segundo mais grave de uma escala de quatro, indica uma situa\u00e7\u00e3o meteorol\u00f3gica de risco moderado a elevado.<br \/>\nSegundo o IPMA, o aviso amarelo \u00e9 emitido sempre que h\u00e1 situa\u00e7\u00e3o de risco para determinadas atividades dependentes da situa\u00e7\u00e3o meteorol\u00f3gica.<\/p>\n<p>O IPMA prev\u00ea para hoje no continente c\u00e9u em geral muito nublado, diminuindo de nebulosidade a partir do final da tarde e per\u00edodos de chuva, passando gradualmente a regime de aguaceiros, de norte para sul, diminuindo de intensidade e frequ\u00eancia a partir do final da tarde.<\/p>\n<p>A previs\u00e3o aponta tamb\u00e9m para queda de neve acima de 800\/1000 metros nas regi\u00f5es Norte e Centro, condi\u00e7\u00f5es favor\u00e1veis \u00e0 ocorr\u00eancia de trovoada e queda de granizo, em especial nas regi\u00f5es Norte e Centro e pequena descida da temperatura m\u00e1xima.<\/p>\n<p>Est\u00e1 ainda previsto vento fraco a moderado do quadrante oeste, soprando moderado a forte no litoral, com rajadas at\u00e9 80 quil\u00f3metros por hora a partir do meio da tarde a sul do cabo Mondego, e com rajadas at\u00e9 90 quil\u00f3metros por hora nas terras altas em especial da regi\u00e3o Sul.<\/p>\n<p>As temperaturas m\u00ednimas v\u00e3o variar entre 01 graus (na Guarda) e os 08 (em Faro e Lisboa) e as m\u00e1ximas entre 05 (na Guarda) e os 16 (em Faro e Viana do Castelo).<\/p>\n","protected":false},"excerpt":{"rendered":"<p>Seis distritos do continente est\u00e3o hoje sob aviso laranja e outros quatro a amarelo devido \u00e0 previs\u00e3o de agita\u00e7\u00e3o mar\u00edtima forte, segundo o Instituto Portugu\u00eas do Mar e da Atmosfera (IPMA), De acordo com o IPMA, os distritos de Coimbra, Leiria, Lisboa, Set\u00fabal, Beja e Faro v\u00e3o estar sob aviso laranja at\u00e9 \u00e0s 09:00 de [&hellip;]<\/p>\n","protected":false},"author":7,"featured_media":11628,"comment_status":"closed","ping_status":"closed","sticky":false,"template":"","format":"standard","meta":{"_exactmetrics_skip_tracking":false,"_exactmetrics_sitenote_active":false,"_exactmetrics_sitenote_note":"","_exactmetrics_sitenote_category":0,"footnotes":""},"categories":[73],"tags":[27],"class_list":["post-11627","post","type-post","status-publish","format-standard","has-post-thumbnail","hentry","category-alto-minho","tag-sociedade"],"yoast_head":"<!-- This site is optimized with the Yoast SEO Premium plugin v27.5 (Yoast SEO v27.5) - https:\/\/yoast.com\/product\/yoast-seo-premium-wordpress\/ -->\n<title>Mau tempo: Toda a costa portuguesa sob aviso laranja e amarelo devido \u00e0 agita\u00e7\u00e3o mar\u00edtima<\/title>\n<meta name=\"robots\" content=\"index, follow, max-snippet:-1, max-image-preview:large, max-video-preview:-1\" \/>\n<link rel=\"canonical\" href=\"https:\/\/www.altominho.tv\/site\/2018\/04\/10\/mau-tempo-toda-a-costa-portuguesa-sob-aviso-laranja-e-amarelo-devido-a-agitacao-maritima\/\" \/>\n<meta property=\"og:locale\" content=\"pt_PT\" \/>\n<meta property=\"og:type\" content=\"article\" \/>\n<meta property=\"og:title\" content=\"Mau tempo: Toda a costa portuguesa sob aviso laranja e amarelo devido \u00e0 agita\u00e7\u00e3o mar\u00edtima\" \/>\n<meta property=\"og:description\" content=\"Seis distritos do continente est\u00e3o hoje sob aviso laranja e outros quatro a amarelo devido \u00e0 previs\u00e3o de agita\u00e7\u00e3o mar\u00edtima forte, segundo o Instituto Portugu\u00eas do Mar e da Atmosfera (IPMA), De acordo com o IPMA, os distritos de Coimbra, Leiria, Lisboa, Set\u00fabal, Beja e Faro v\u00e3o estar sob aviso laranja at\u00e9 \u00e0s 09:00 de [&hellip;]\" \/>\n<meta property=\"og:url\" content=\"https:\/\/www.altominho.tv\/site\/2018\/04\/10\/mau-tempo-toda-a-costa-portuguesa-sob-aviso-laranja-e-amarelo-devido-a-agitacao-maritima\/\" \/>\n<meta property=\"og:site_name\" content=\"Altominho.tv\" \/>\n<meta property=\"article:publisher\" content=\"https:\/\/www.facebook.com\/altominhotv\" \/>\n<meta property=\"article:published_time\" content=\"2018-04-10T08:12:46+00:00\" \/>\n<meta property=\"og:image\" content=\"https:\/\/www.altominho.tv\/site\/wp-content\/uploads\/2018\/04\/barras-2.jpg\" \/>\n\t<meta property=\"og:image:width\" content=\"750\" \/>\n\t<meta property=\"og:image:height\" content=\"400\" \/>\n\t<meta property=\"og:image:type\" content=\"image\/jpeg\" \/>\n<meta name=\"author\" content=\"Andreia Cunha\" \/>\n<meta name=\"twitter:card\" content=\"summary_large_image\" \/>\n<meta name=\"twitter:creator\" content=\"@altominhoTV\" \/>\n<meta name=\"twitter:site\" content=\"@altominhoTV\" \/>\n<meta name=\"twitter:label1\" content=\"Escrito por\" \/>\n\t<meta name=\"twitter:data1\" content=\"Andreia Cunha\" \/>\n\t<meta name=\"twitter:label2\" content=\"Tempo estimado de leitura\" \/>\n\t<meta name=\"twitter:data2\" content=\"2 minutos\" \/>\n<script type=\"application\/ld+json\" class=\"yoast-schema-graph\">{\"@context\":\"https:\\\/\\\/schema.org\",\"@graph\":[{\"@type\":\"Article\",\"@id\":\"https:\\\/\\\/www.altominho.tv\\\/site\\\/2018\\\/04\\\/10\\\/mau-tempo-toda-a-costa-portuguesa-sob-aviso-laranja-e-amarelo-devido-a-agitacao-maritima\\\/#article\",\"isPartOf\":{\"@id\":\"https:\\\/\\\/www.altominho.tv\\\/site\\\/2018\\\/04\\\/10\\\/mau-tempo-toda-a-costa-portuguesa-sob-aviso-laranja-e-amarelo-devido-a-agitacao-maritima\\\/\"},\"author\":{\"name\":\"Andreia Cunha\",\"@id\":\"https:\\\/\\\/www.altominho.tv\\\/site\\\/#\\\/schema\\\/person\\\/a0e4ef6d041f98ca284393d8f1d97153\"},\"headline\":\"Mau tempo: Toda a costa portuguesa sob aviso laranja e amarelo devido \u00e0 agita\u00e7\u00e3o mar\u00edtima\",\"datePublished\":\"2018-04-10T08:12:46+00:00\",\"mainEntityOfPage\":{\"@id\":\"https:\\\/\\\/www.altominho.tv\\\/site\\\/2018\\\/04\\\/10\\\/mau-tempo-toda-a-costa-portuguesa-sob-aviso-laranja-e-amarelo-devido-a-agitacao-maritima\\\/\"},\"wordCount\":419,\"image\":{\"@id\":\"https:\\\/\\\/www.altominho.tv\\\/site\\\/2018\\\/04\\\/10\\\/mau-tempo-toda-a-costa-portuguesa-sob-aviso-laranja-e-amarelo-devido-a-agitacao-maritima\\\/#primaryimage\"},\"thumbnailUrl\":\"https:\\\/\\\/www.altominho.tv\\\/site\\\/wp-content\\\/uploads\\\/2018\\\/04\\\/barras-2.jpg\",\"keywords\":[\"Sociedade\"],\"articleSection\":[\"Alto Minho\"],\"inLanguage\":\"pt-PT\",\"copyrightYear\":\"2018\",\"copyrightHolder\":{\"@id\":\"https:\\\/\\\/www.altominho.tv\\\/site\\\/#organization\"}},{\"@type\":\"WebPage\",\"@id\":\"https:\\\/\\\/www.altominho.tv\\\/site\\\/2018\\\/04\\\/10\\\/mau-tempo-toda-a-costa-portuguesa-sob-aviso-laranja-e-amarelo-devido-a-agitacao-maritima\\\/\",\"url\":\"https:\\\/\\\/www.altominho.tv\\\/site\\\/2018\\\/04\\\/10\\\/mau-tempo-toda-a-costa-portuguesa-sob-aviso-laranja-e-amarelo-devido-a-agitacao-maritima\\\/\",\"name\":\"Mau tempo: Toda a costa portuguesa sob aviso laranja e amarelo devido \u00e0 agita\u00e7\u00e3o mar\u00edtima\",\"isPartOf\":{\"@id\":\"https:\\\/\\\/www.altominho.tv\\\/site\\\/#website\"},\"primaryImageOfPage\":{\"@id\":\"https:\\\/\\\/www.altominho.tv\\\/site\\\/2018\\\/04\\\/10\\\/mau-tempo-toda-a-costa-portuguesa-sob-aviso-laranja-e-amarelo-devido-a-agitacao-maritima\\\/#primaryimage\"},\"image\":{\"@id\":\"https:\\\/\\\/www.altominho.tv\\\/site\\\/2018\\\/04\\\/10\\\/mau-tempo-toda-a-costa-portuguesa-sob-aviso-laranja-e-amarelo-devido-a-agitacao-maritima\\\/#primaryimage\"},\"thumbnailUrl\":\"https:\\\/\\\/www.altominho.tv\\\/site\\\/wp-content\\\/uploads\\\/2018\\\/04\\\/barras-2.jpg\",\"datePublished\":\"2018-04-10T08:12:46+00:00\",\"author\":{\"@id\":\"https:\\\/\\\/www.altominho.tv\\\/site\\\/#\\\/schema\\\/person\\\/a0e4ef6d041f98ca284393d8f1d97153\"},\"breadcrumb\":{\"@id\":\"https:\\\/\\\/www.altominho.tv\\\/site\\\/2018\\\/04\\\/10\\\/mau-tempo-toda-a-costa-portuguesa-sob-aviso-laranja-e-amarelo-devido-a-agitacao-maritima\\\/#breadcrumb\"},\"inLanguage\":\"pt-PT\",\"potentialAction\":[{\"@type\":\"ReadAction\",\"target\":[\"https:\\\/\\\/www.altominho.tv\\\/site\\\/2018\\\/04\\\/10\\\/mau-tempo-toda-a-costa-portuguesa-sob-aviso-laranja-e-amarelo-devido-a-agitacao-maritima\\\/\"]}]},{\"@type\":\"ImageObject\",\"inLanguage\":\"pt-PT\",\"@id\":\"https:\\\/\\\/www.altominho.tv\\\/site\\\/2018\\\/04\\\/10\\\/mau-tempo-toda-a-costa-portuguesa-sob-aviso-laranja-e-amarelo-devido-a-agitacao-maritima\\\/#primaryimage\",\"url\":\"https:\\\/\\\/www.altominho.tv\\\/site\\\/wp-content\\\/uploads\\\/2018\\\/04\\\/barras-2.jpg\",\"contentUrl\":\"https:\\\/\\\/www.altominho.tv\\\/site\\\/wp-content\\\/uploads\\\/2018\\\/04\\\/barras-2.jpg\",\"width\":750,\"height\":400},{\"@type\":\"BreadcrumbList\",\"@id\":\"https:\\\/\\\/www.altominho.tv\\\/site\\\/2018\\\/04\\\/10\\\/mau-tempo-toda-a-costa-portuguesa-sob-aviso-laranja-e-amarelo-devido-a-agitacao-maritima\\\/#breadcrumb\",\"itemListElement\":[{\"@type\":\"ListItem\",\"position\":1,\"name\":\"In\u00edcio\",\"item\":\"https:\\\/\\\/www.altominho.tv\\\/site\\\/\"},{\"@type\":\"ListItem\",\"position\":2,\"name\":\"Mau tempo: Toda a costa portuguesa sob aviso laranja e amarelo devido \u00e0 agita\u00e7\u00e3o mar\u00edtima\"}]},{\"@type\":\"WebSite\",\"@id\":\"https:\\\/\\\/www.altominho.tv\\\/site\\\/#website\",\"url\":\"https:\\\/\\\/www.altominho.tv\\\/site\\\/\",\"name\":\"Altominho.tv\",\"description\":\"A sua regi\u00e3o \u00e0 dist\u00e2ncia de um clique...\",\"potentialAction\":[{\"@type\":\"SearchAction\",\"target\":{\"@type\":\"EntryPoint\",\"urlTemplate\":\"https:\\\/\\\/www.altominho.tv\\\/site\\\/?s={search_term_string}\"},\"query-input\":{\"@type\":\"PropertyValueSpecification\",\"valueRequired\":true,\"valueName\":\"search_term_string\"}}],\"inLanguage\":\"pt-PT\"},{\"@type\":\"Person\",\"@id\":\"https:\\\/\\\/www.altominho.tv\\\/site\\\/#\\\/schema\\\/person\\\/a0e4ef6d041f98ca284393d8f1d97153\",\"name\":\"Andreia Cunha\",\"image\":{\"@type\":\"ImageObject\",\"inLanguage\":\"pt-PT\",\"@id\":\"https:\\\/\\\/www.altominho.tv\\\/site\\\/wp-content\\\/uploads\\\/2017\\\/11\\\/Andreia_Cunha-1-150x150.jpg\",\"url\":\"https:\\\/\\\/www.altominho.tv\\\/site\\\/wp-content\\\/uploads\\\/2017\\\/11\\\/Andreia_Cunha-1-150x150.jpg\",\"contentUrl\":\"https:\\\/\\\/www.altominho.tv\\\/site\\\/wp-content\\\/uploads\\\/2017\\\/11\\\/Andreia_Cunha-1-150x150.jpg\",\"caption\":\"Andreia Cunha\"},\"url\":\"https:\\\/\\\/www.altominho.tv\\\/site\\\/author\\\/andreiacunha\\\/\"}]}<\/script>\n<!-- \/ Yoast SEO Premium plugin. -->","yoast_head_json":{"title":"Mau tempo: Toda a costa portuguesa sob aviso laranja e amarelo devido \u00e0 agita\u00e7\u00e3o mar\u00edtima","robots":{"index":"index","follow":"follow","max-snippet":"max-snippet:-1","max-image-preview":"max-image-preview:large","max-video-preview":"max-video-preview:-1"},"canonical":"https:\/\/www.altominho.tv\/site\/2018\/04\/10\/mau-tempo-toda-a-costa-portuguesa-sob-aviso-laranja-e-amarelo-devido-a-agitacao-maritima\/","og_locale":"pt_PT","og_type":"article","og_title":"Mau tempo: Toda a costa portuguesa sob aviso laranja e amarelo devido \u00e0 agita\u00e7\u00e3o mar\u00edtima","og_description":"Seis distritos do continente est\u00e3o hoje sob aviso laranja e outros quatro a amarelo devido \u00e0 previs\u00e3o de agita\u00e7\u00e3o mar\u00edtima forte, segundo o Instituto Portugu\u00eas do Mar e da Atmosfera (IPMA), De acordo com o IPMA, os distritos de Coimbra, Leiria, Lisboa, Set\u00fabal, Beja e Faro v\u00e3o estar sob aviso laranja at\u00e9 \u00e0s 09:00 de [&hellip;]","og_url":"https:\/\/www.altominho.tv\/site\/2018\/04\/10\/mau-tempo-toda-a-costa-portuguesa-sob-aviso-laranja-e-amarelo-devido-a-agitacao-maritima\/","og_site_name":"Altominho.tv","article_publisher":"https:\/\/www.facebook.com\/altominhotv","article_published_time":"2018-04-10T08:12:46+00:00","og_image":[{"width":750,"height":400,"url":"https:\/\/www.altominho.tv\/site\/wp-content\/uploads\/2018\/04\/barras-2.jpg","type":"image\/jpeg"}],"author":"Andreia Cunha","twitter_card":"summary_large_image","twitter_creator":"@altominhoTV","twitter_site":"@altominhoTV","twitter_misc":{"Escrito por":"Andreia Cunha","Tempo estimado de leitura":"2 minutos"},"schema":{"@context":"https:\/\/schema.org","@graph":[{"@type":"Article","@id":"https:\/\/www.altominho.tv\/site\/2018\/04\/10\/mau-tempo-toda-a-costa-portuguesa-sob-aviso-laranja-e-amarelo-devido-a-agitacao-maritima\/#article","isPartOf":{"@id":"https:\/\/www.altominho.tv\/site\/2018\/04\/10\/mau-tempo-toda-a-costa-portuguesa-sob-aviso-laranja-e-amarelo-devido-a-agitacao-maritima\/"},"author":{"name":"Andreia Cunha","@id":"https:\/\/www.altominho.tv\/site\/#\/schema\/person\/a0e4ef6d041f98ca284393d8f1d97153"},"headline":"Mau tempo: Toda a costa portuguesa sob aviso laranja e amarelo devido \u00e0 agita\u00e7\u00e3o mar\u00edtima","datePublished":"2018-04-10T08:12:46+00:00","mainEntityOfPage":{"@id":"https:\/\/www.altominho.tv\/site\/2018\/04\/10\/mau-tempo-toda-a-costa-portuguesa-sob-aviso-laranja-e-amarelo-devido-a-agitacao-maritima\/"},"wordCount":419,"image":{"@id":"https:\/\/www.altominho.tv\/site\/2018\/04\/10\/mau-tempo-toda-a-costa-portuguesa-sob-aviso-laranja-e-amarelo-devido-a-agitacao-maritima\/#primaryimage"},"thumbnailUrl":"https:\/\/www.altominho.tv\/site\/wp-content\/uploads\/2018\/04\/barras-2.jpg","keywords":["Sociedade"],"articleSection":["Alto Minho"],"inLanguage":"pt-PT","copyrightYear":"2018","copyrightHolder":{"@id":"https:\/\/www.altominho.tv\/site\/#organization"}},{"@type":"WebPage","@id":"https:\/\/www.altominho.tv\/site\/2018\/04\/10\/mau-tempo-toda-a-costa-portuguesa-sob-aviso-laranja-e-amarelo-devido-a-agitacao-maritima\/","url":"https:\/\/www.altominho.tv\/site\/2018\/04\/10\/mau-tempo-toda-a-costa-portuguesa-sob-aviso-laranja-e-amarelo-devido-a-agitacao-maritima\/","name":"Mau tempo: Toda a costa portuguesa sob aviso laranja e amarelo devido \u00e0 agita\u00e7\u00e3o mar\u00edtima","isPartOf":{"@id":"https:\/\/www.altominho.tv\/site\/#website"},"primaryImageOfPage":{"@id":"https:\/\/www.altominho.tv\/site\/2018\/04\/10\/mau-tempo-toda-a-costa-portuguesa-sob-aviso-laranja-e-amarelo-devido-a-agitacao-maritima\/#primaryimage"},"image":{"@id":"https:\/\/www.altominho.tv\/site\/2018\/04\/10\/mau-tempo-toda-a-costa-portuguesa-sob-aviso-laranja-e-amarelo-devido-a-agitacao-maritima\/#primaryimage"},"thumbnailUrl":"https:\/\/www.altominho.tv\/site\/wp-content\/uploads\/2018\/04\/barras-2.jpg","datePublished":"2018-04-10T08:12:46+00:00","author":{"@id":"https:\/\/www.altominho.tv\/site\/#\/schema\/person\/a0e4ef6d041f98ca284393d8f1d97153"},"breadcrumb":{"@id":"https:\/\/www.altominho.tv\/site\/2018\/04\/10\/mau-tempo-toda-a-costa-portuguesa-sob-aviso-laranja-e-amarelo-devido-a-agitacao-maritima\/#breadcrumb"},"inLanguage":"pt-PT","potentialAction":[{"@type":"ReadAction","target":["https:\/\/www.altominho.tv\/site\/2018\/04\/10\/mau-tempo-toda-a-costa-portuguesa-sob-aviso-laranja-e-amarelo-devido-a-agitacao-maritima\/"]}]},{"@type":"ImageObject","inLanguage":"pt-PT","@id":"https:\/\/www.altominho.tv\/site\/2018\/04\/10\/mau-tempo-toda-a-costa-portuguesa-sob-aviso-laranja-e-amarelo-devido-a-agitacao-maritima\/#primaryimage","url":"https:\/\/www.altominho.tv\/site\/wp-content\/uploads\/2018\/04\/barras-2.jpg","contentUrl":"https:\/\/www.altominho.tv\/site\/wp-content\/uploads\/2018\/04\/barras-2.jpg","width":750,"height":400},{"@type":"BreadcrumbList","@id":"https:\/\/www.altominho.tv\/site\/2018\/04\/10\/mau-tempo-toda-a-costa-portuguesa-sob-aviso-laranja-e-amarelo-devido-a-agitacao-maritima\/#breadcrumb","itemListElement":[{"@type":"ListItem","position":1,"name":"In\u00edcio","item":"https:\/\/www.altominho.tv\/site\/"},{"@type":"ListItem","position":2,"name":"Mau tempo: Toda a costa portuguesa sob aviso laranja e amarelo devido \u00e0 agita\u00e7\u00e3o mar\u00edtima"}]},{"@type":"WebSite","@id":"https:\/\/www.altominho.tv\/site\/#website","url":"https:\/\/www.altominho.tv\/site\/","name":"Altominho.tv","description":"A sua regi\u00e3o \u00e0 dist\u00e2ncia de um clique...","potentialAction":[{"@type":"SearchAction","target":{"@type":"EntryPoint","urlTemplate":"https:\/\/www.altominho.tv\/site\/?s={search_term_string}"},"query-input":{"@type":"PropertyValueSpecification","valueRequired":true,"valueName":"search_term_string"}}],"inLanguage":"pt-PT"},{"@type":"Person","@id":"https:\/\/www.altominho.tv\/site\/#\/schema\/person\/a0e4ef6d041f98ca284393d8f1d97153","name":"Andreia Cunha","image":{"@type":"ImageObject","inLanguage":"pt-PT","@id":"https:\/\/www.altominho.tv\/site\/wp-content\/uploads\/2017\/11\/Andreia_Cunha-1-150x150.jpg","url":"https:\/\/www.altominho.tv\/site\/wp-content\/uploads\/2017\/11\/Andreia_Cunha-1-150x150.jpg","contentUrl":"https:\/\/www.altominho.tv\/site\/wp-content\/uploads\/2017\/11\/Andreia_Cunha-1-150x150.jpg","caption":"Andreia Cunha"},"url":"https:\/\/www.altominho.tv\/site\/author\/andreiacunha\/"}]}},"_links":{"self":[{"href":"https:\/\/www.altominho.tv\/site\/wp-json\/wp\/v2\/posts\/11627","targetHints":{"allow":["GET"]}}],"collection":[{"href":"https:\/\/www.altominho.tv\/site\/wp-json\/wp\/v2\/posts"}],"about":[{"href":"https:\/\/www.altominho.tv\/site\/wp-json\/wp\/v2\/types\/post"}],"author":[{"embeddable":true,"href":"https:\/\/www.altominho.tv\/site\/wp-json\/wp\/v2\/users\/7"}],"replies":[{"embeddable":true,"href":"https:\/\/www.altominho.tv\/site\/wp-json\/wp\/v2\/comments?post=11627"}],"version-history":[{"count":0,"href":"https:\/\/www.altominho.tv\/site\/wp-json\/wp\/v2\/posts\/11627\/revisions"}],"wp:featuredmedia":[{"embeddable":true,"href":"https:\/\/www.altominho.tv\/site\/wp-json\/wp\/v2\/media\/11628"}],"wp:attachment":[{"href":"https:\/\/www.altominho.tv\/site\/wp-json\/wp\/v2\/media?parent=11627"}],"wp:term":[{"taxonomy":"category","embeddable":true,"href":"https:\/\/www.altominho.tv\/site\/wp-json\/wp\/v2\/categories?post=11627"},{"taxonomy":"post_tag","embeddable":true,"href":"https:\/\/www.altominho.tv\/site\/wp-json\/wp\/v2\/tags?post=11627"}],"curies":[{"name":"wp","href":"https:\/\/api.w.org\/{rel}","templated":true}]}}