{"id":116052,"date":"2025-03-22T11:39:30","date_gmt":"2025-03-22T11:39:30","guid":{"rendered":"https:\/\/www.altominho.tv\/site\/?p=116052"},"modified":"2025-03-22T11:39:32","modified_gmt":"2025-03-22T11:39:32","slug":"associacao-cultural-la-mi-re-promove-caminhada-solidaria-moncao","status":"publish","type":"post","link":"https:\/\/www.altominho.tv\/site\/2025\/03\/22\/associacao-cultural-la-mi-re-promove-caminhada-solidaria-moncao\/","title":{"rendered":"Associa\u00e7\u00e3o Cultural L\u00e1-Mi-R\u00e9 promove este domingo uma caminhada solid\u00e1ria em Mon\u00e7\u00e3o"},"content":{"rendered":"<p class=\"p1\">A caminhada de 7,5 quil\u00f3metros, com um grau de dificuldade f\u00e1cil a moderado e dura\u00e7\u00e3o prevista de 1h30, vai realizar-se amanh\u00e3, dia 23 de mar\u00e7o, na freguesia de Lapela em Mon\u00e7\u00e3o.<\/p>\n<p class=\"p1\">Esta iniciativa tem como objetivo angariar fundos para a associa\u00e7\u00e3o \u201cM\u00e3o de Mimos\u201d, mas tamb\u00e9m sensibilizar a comunidade para a quest\u00e3o da defici\u00eancia.<\/p>\n<p class=\"p1\">O percurso pelas ruas, caminhos rurais e ecopista, privilegia o contacto com a natureza e a passagem pelos principais pontos de interesse da aldeia.<\/p>\n<p class=\"p1\">A inscri\u00e7\u00e3o, no valor de 5 euros, inclui garrafa de \u00e1gua, refor\u00e7o, seguro de acidentes pessoais e oferta de uma pulseira.<\/p>\n<p class=\"p1\">O ponto de encontro ser\u00e1 na antiga esta\u00e7\u00e3o de comboios de Lapela, junto \u00e0 sede da Junta de Freguesia, pelas 9h00.<\/p>\n<p class=\"p1\">A organiza\u00e7\u00e3o desafia os participantes a trazerem uma t-shirt branca e a caminharem por esta causa.<\/p>\n","protected":false},"excerpt":{"rendered":"<p>A caminhada de 7,5 quil\u00f3metros, com um grau de dificuldade f\u00e1cil a moderado e dura\u00e7\u00e3o prevista de 1h30, vai realizar-se amanh\u00e3, dia 23 de mar\u00e7o, na freguesia de Lapela em Mon\u00e7\u00e3o. Esta iniciativa tem como objetivo angariar fundos para a associa\u00e7\u00e3o \u201cM\u00e3o de Mimos\u201d, mas tamb\u00e9m sensibilizar a comunidade para a quest\u00e3o da defici\u00eancia. O [&hellip;]<\/p>\n","protected":false},"author":1,"featured_media":116053,"comment_status":"closed","ping_status":"closed","sticky":false,"template":"","format":"standard","meta":{"_exactmetrics_skip_tracking":false,"_exactmetrics_sitenote_active":false,"_exactmetrics_sitenote_note":"","_exactmetrics_sitenote_category":0,"footnotes":""},"categories":[9],"tags":[27],"class_list":["post-116052","post","type-post","status-publish","format-standard","has-post-thumbnail","hentry","category-moncao","tag-sociedade"],"yoast_head":"<!-- This site is optimized with the Yoast SEO Premium plugin v27.5 (Yoast SEO v27.5) - https:\/\/yoast.com\/product\/yoast-seo-premium-wordpress\/ -->\n<title>Associa\u00e7\u00e3o Cultural L\u00e1-Mi-R\u00e9 promove este domingo uma caminhada solid\u00e1ria em Mon\u00e7\u00e3o<\/title>\n<meta name=\"description\" content=\"A caminhada de 7,5 quil\u00f3metros, com um grau de dificuldade f\u00e1cil a moderado e dura\u00e7\u00e3o prevista de 1h30, vai realizar-se amanh\u00e3, dia 23 de mar\u00e7o, na freguesia de Lapela em Mon\u00e7\u00e3o.\" \/>\n<meta name=\"robots\" content=\"index, follow, max-snippet:-1, max-image-preview:large, max-video-preview:-1\" \/>\n<link rel=\"canonical\" href=\"https:\/\/www.altominho.tv\/site\/2025\/03\/22\/associacao-cultural-la-mi-re-promove-caminhada-solidaria-moncao\/\" \/>\n<meta property=\"og:locale\" content=\"pt_PT\" \/>\n<meta property=\"og:type\" content=\"article\" \/>\n<meta property=\"og:title\" content=\"Associa\u00e7\u00e3o Cultural L\u00e1-Mi-R\u00e9 promove este domingo uma caminhada solid\u00e1ria em Mon\u00e7\u00e3o\" \/>\n<meta property=\"og:description\" content=\"A caminhada de 7,5 quil\u00f3metros, com um grau de dificuldade f\u00e1cil a moderado e dura\u00e7\u00e3o prevista de 1h30, vai realizar-se amanh\u00e3, dia 23 de mar\u00e7o, na freguesia de Lapela em Mon\u00e7\u00e3o.\" \/>\n<meta property=\"og:url\" content=\"https:\/\/www.altominho.tv\/site\/2025\/03\/22\/associacao-cultural-la-mi-re-promove-caminhada-solidaria-moncao\/\" \/>\n<meta property=\"og:site_name\" content=\"Altominho.tv\" \/>\n<meta property=\"article:publisher\" content=\"https:\/\/www.facebook.com\/altominhotv\" \/>\n<meta property=\"article:published_time\" content=\"2025-03-22T11:39:30+00:00\" \/>\n<meta property=\"article:modified_time\" content=\"2025-03-22T11:39:32+00:00\" \/>\n<meta property=\"og:image\" content=\"https:\/\/www.altominho.tv\/site\/wp-content\/uploads\/2025\/03\/caminhada-2.jpg\" \/>\n\t<meta property=\"og:image:width\" content=\"1200\" \/>\n\t<meta property=\"og:image:height\" content=\"630\" \/>\n\t<meta property=\"og:image:type\" content=\"image\/jpeg\" \/>\n<meta name=\"author\" content=\"Altominho.tv\" \/>\n<meta name=\"twitter:card\" content=\"summary_large_image\" \/>\n<meta name=\"twitter:creator\" content=\"@altominhoTV\" \/>\n<meta name=\"twitter:site\" content=\"@altominhoTV\" \/>\n<meta name=\"twitter:label1\" content=\"Escrito por\" \/>\n\t<meta name=\"twitter:data1\" content=\"Altominho.tv\" \/>\n\t<meta name=\"twitter:label2\" content=\"Tempo estimado de leitura\" \/>\n\t<meta name=\"twitter:data2\" content=\"1 minuto\" \/>\n<script type=\"application\/ld+json\" class=\"yoast-schema-graph\">{\"@context\":\"https:\\\/\\\/schema.org\",\"@graph\":[{\"@type\":\"Article\",\"@id\":\"https:\\\/\\\/www.altominho.tv\\\/site\\\/2025\\\/03\\\/22\\\/associacao-cultural-la-mi-re-promove-caminhada-solidaria-moncao\\\/#article\",\"isPartOf\":{\"@id\":\"https:\\\/\\\/www.altominho.tv\\\/site\\\/2025\\\/03\\\/22\\\/associacao-cultural-la-mi-re-promove-caminhada-solidaria-moncao\\\/\"},\"author\":{\"name\":\"Altominho.tv\",\"@id\":\"https:\\\/\\\/www.altominho.tv\\\/site\\\/#\\\/schema\\\/person\\\/4e536851627d7914baf3dac752b6af22\"},\"headline\":\"Associa\u00e7\u00e3o Cultural L\u00e1-Mi-R\u00e9 promove este domingo uma caminhada solid\u00e1ria em Mon\u00e7\u00e3o\",\"datePublished\":\"2025-03-22T11:39:30+00:00\",\"dateModified\":\"2025-03-22T11:39:32+00:00\",\"mainEntityOfPage\":{\"@id\":\"https:\\\/\\\/www.altominho.tv\\\/site\\\/2025\\\/03\\\/22\\\/associacao-cultural-la-mi-re-promove-caminhada-solidaria-moncao\\\/\"},\"wordCount\":161,\"image\":{\"@id\":\"https:\\\/\\\/www.altominho.tv\\\/site\\\/2025\\\/03\\\/22\\\/associacao-cultural-la-mi-re-promove-caminhada-solidaria-moncao\\\/#primaryimage\"},\"thumbnailUrl\":\"https:\\\/\\\/www.altominho.tv\\\/site\\\/wp-content\\\/uploads\\\/2025\\\/03\\\/caminhada-2.jpg\",\"keywords\":[\"Sociedade\"],\"articleSection\":[\"Mon\u00e7\u00e3o\"],\"inLanguage\":\"pt-PT\",\"copyrightYear\":\"2025\",\"copyrightHolder\":{\"@id\":\"https:\\\/\\\/www.altominho.tv\\\/site\\\/#organization\"}},{\"@type\":\"WebPage\",\"@id\":\"https:\\\/\\\/www.altominho.tv\\\/site\\\/2025\\\/03\\\/22\\\/associacao-cultural-la-mi-re-promove-caminhada-solidaria-moncao\\\/\",\"url\":\"https:\\\/\\\/www.altominho.tv\\\/site\\\/2025\\\/03\\\/22\\\/associacao-cultural-la-mi-re-promove-caminhada-solidaria-moncao\\\/\",\"name\":\"Associa\u00e7\u00e3o Cultural L\u00e1-Mi-R\u00e9 promove este domingo uma caminhada solid\u00e1ria em Mon\u00e7\u00e3o\",\"isPartOf\":{\"@id\":\"https:\\\/\\\/www.altominho.tv\\\/site\\\/#website\"},\"primaryImageOfPage\":{\"@id\":\"https:\\\/\\\/www.altominho.tv\\\/site\\\/2025\\\/03\\\/22\\\/associacao-cultural-la-mi-re-promove-caminhada-solidaria-moncao\\\/#primaryimage\"},\"image\":{\"@id\":\"https:\\\/\\\/www.altominho.tv\\\/site\\\/2025\\\/03\\\/22\\\/associacao-cultural-la-mi-re-promove-caminhada-solidaria-moncao\\\/#primaryimage\"},\"thumbnailUrl\":\"https:\\\/\\\/www.altominho.tv\\\/site\\\/wp-content\\\/uploads\\\/2025\\\/03\\\/caminhada-2.jpg\",\"datePublished\":\"2025-03-22T11:39:30+00:00\",\"dateModified\":\"2025-03-22T11:39:32+00:00\",\"author\":{\"@id\":\"https:\\\/\\\/www.altominho.tv\\\/site\\\/#\\\/schema\\\/person\\\/4e536851627d7914baf3dac752b6af22\"},\"description\":\"A caminhada de 7,5 quil\u00f3metros, com um grau de dificuldade f\u00e1cil a moderado e dura\u00e7\u00e3o prevista de 1h30, vai realizar-se amanh\u00e3, dia 23 de mar\u00e7o, na freguesia de Lapela em Mon\u00e7\u00e3o.\",\"breadcrumb\":{\"@id\":\"https:\\\/\\\/www.altominho.tv\\\/site\\\/2025\\\/03\\\/22\\\/associacao-cultural-la-mi-re-promove-caminhada-solidaria-moncao\\\/#breadcrumb\"},\"inLanguage\":\"pt-PT\",\"potentialAction\":[{\"@type\":\"ReadAction\",\"target\":[\"https:\\\/\\\/www.altominho.tv\\\/site\\\/2025\\\/03\\\/22\\\/associacao-cultural-la-mi-re-promove-caminhada-solidaria-moncao\\\/\"]}]},{\"@type\":\"ImageObject\",\"inLanguage\":\"pt-PT\",\"@id\":\"https:\\\/\\\/www.altominho.tv\\\/site\\\/2025\\\/03\\\/22\\\/associacao-cultural-la-mi-re-promove-caminhada-solidaria-moncao\\\/#primaryimage\",\"url\":\"https:\\\/\\\/www.altominho.tv\\\/site\\\/wp-content\\\/uploads\\\/2025\\\/03\\\/caminhada-2.jpg\",\"contentUrl\":\"https:\\\/\\\/www.altominho.tv\\\/site\\\/wp-content\\\/uploads\\\/2025\\\/03\\\/caminhada-2.jpg\",\"width\":1200,\"height\":630},{\"@type\":\"BreadcrumbList\",\"@id\":\"https:\\\/\\\/www.altominho.tv\\\/site\\\/2025\\\/03\\\/22\\\/associacao-cultural-la-mi-re-promove-caminhada-solidaria-moncao\\\/#breadcrumb\",\"itemListElement\":[{\"@type\":\"ListItem\",\"position\":1,\"name\":\"In\u00edcio\",\"item\":\"https:\\\/\\\/www.altominho.tv\\\/site\\\/\"},{\"@type\":\"ListItem\",\"position\":2,\"name\":\"Associa\u00e7\u00e3o Cultural L\u00e1-Mi-R\u00e9 promove este domingo uma caminhada solid\u00e1ria em Mon\u00e7\u00e3o\"}]},{\"@type\":\"WebSite\",\"@id\":\"https:\\\/\\\/www.altominho.tv\\\/site\\\/#website\",\"url\":\"https:\\\/\\\/www.altominho.tv\\\/site\\\/\",\"name\":\"Altominho.tv\",\"description\":\"A sua regi\u00e3o \u00e0 dist\u00e2ncia de um clique...\",\"potentialAction\":[{\"@type\":\"SearchAction\",\"target\":{\"@type\":\"EntryPoint\",\"urlTemplate\":\"https:\\\/\\\/www.altominho.tv\\\/site\\\/?s={search_term_string}\"},\"query-input\":{\"@type\":\"PropertyValueSpecification\",\"valueRequired\":true,\"valueName\":\"search_term_string\"}}],\"inLanguage\":\"pt-PT\"},{\"@type\":\"Person\",\"@id\":\"https:\\\/\\\/www.altominho.tv\\\/site\\\/#\\\/schema\\\/person\\\/4e536851627d7914baf3dac752b6af22\",\"name\":\"Altominho.tv\",\"image\":{\"@type\":\"ImageObject\",\"inLanguage\":\"pt-PT\",\"@id\":\"https:\\\/\\\/www.altominho.tv\\\/site\\\/wp-content\\\/uploads\\\/2019\\\/11\\\/Logo_Avatar_2-150x150.jpg\",\"url\":\"https:\\\/\\\/www.altominho.tv\\\/site\\\/wp-content\\\/uploads\\\/2019\\\/11\\\/Logo_Avatar_2-150x150.jpg\",\"contentUrl\":\"https:\\\/\\\/www.altominho.tv\\\/site\\\/wp-content\\\/uploads\\\/2019\\\/11\\\/Logo_Avatar_2-150x150.jpg\",\"caption\":\"Altominho.tv\"},\"url\":\"https:\\\/\\\/www.altominho.tv\\\/site\\\/author\\\/altominhotv-tecnico\\\/\"}]}<\/script>\n<!-- \/ Yoast SEO Premium plugin. -->","yoast_head_json":{"title":"Associa\u00e7\u00e3o Cultural L\u00e1-Mi-R\u00e9 promove este domingo uma caminhada solid\u00e1ria em Mon\u00e7\u00e3o","description":"A caminhada de 7,5 quil\u00f3metros, com um grau de dificuldade f\u00e1cil a moderado e dura\u00e7\u00e3o prevista de 1h30, vai realizar-se amanh\u00e3, dia 23 de mar\u00e7o, na freguesia de Lapela em Mon\u00e7\u00e3o.","robots":{"index":"index","follow":"follow","max-snippet":"max-snippet:-1","max-image-preview":"max-image-preview:large","max-video-preview":"max-video-preview:-1"},"canonical":"https:\/\/www.altominho.tv\/site\/2025\/03\/22\/associacao-cultural-la-mi-re-promove-caminhada-solidaria-moncao\/","og_locale":"pt_PT","og_type":"article","og_title":"Associa\u00e7\u00e3o Cultural L\u00e1-Mi-R\u00e9 promove este domingo uma caminhada solid\u00e1ria em Mon\u00e7\u00e3o","og_description":"A caminhada de 7,5 quil\u00f3metros, com um grau de dificuldade f\u00e1cil a moderado e dura\u00e7\u00e3o prevista de 1h30, vai realizar-se amanh\u00e3, dia 23 de mar\u00e7o, na freguesia de Lapela em Mon\u00e7\u00e3o.","og_url":"https:\/\/www.altominho.tv\/site\/2025\/03\/22\/associacao-cultural-la-mi-re-promove-caminhada-solidaria-moncao\/","og_site_name":"Altominho.tv","article_publisher":"https:\/\/www.facebook.com\/altominhotv","article_published_time":"2025-03-22T11:39:30+00:00","article_modified_time":"2025-03-22T11:39:32+00:00","og_image":[{"width":1200,"height":630,"url":"https:\/\/www.altominho.tv\/site\/wp-content\/uploads\/2025\/03\/caminhada-2.jpg","type":"image\/jpeg"}],"author":"Altominho.tv","twitter_card":"summary_large_image","twitter_creator":"@altominhoTV","twitter_site":"@altominhoTV","twitter_misc":{"Escrito por":"Altominho.tv","Tempo estimado de leitura":"1 minuto"},"schema":{"@context":"https:\/\/schema.org","@graph":[{"@type":"Article","@id":"https:\/\/www.altominho.tv\/site\/2025\/03\/22\/associacao-cultural-la-mi-re-promove-caminhada-solidaria-moncao\/#article","isPartOf":{"@id":"https:\/\/www.altominho.tv\/site\/2025\/03\/22\/associacao-cultural-la-mi-re-promove-caminhada-solidaria-moncao\/"},"author":{"name":"Altominho.tv","@id":"https:\/\/www.altominho.tv\/site\/#\/schema\/person\/4e536851627d7914baf3dac752b6af22"},"headline":"Associa\u00e7\u00e3o Cultural L\u00e1-Mi-R\u00e9 promove este domingo uma caminhada solid\u00e1ria em Mon\u00e7\u00e3o","datePublished":"2025-03-22T11:39:30+00:00","dateModified":"2025-03-22T11:39:32+00:00","mainEntityOfPage":{"@id":"https:\/\/www.altominho.tv\/site\/2025\/03\/22\/associacao-cultural-la-mi-re-promove-caminhada-solidaria-moncao\/"},"wordCount":161,"image":{"@id":"https:\/\/www.altominho.tv\/site\/2025\/03\/22\/associacao-cultural-la-mi-re-promove-caminhada-solidaria-moncao\/#primaryimage"},"thumbnailUrl":"https:\/\/www.altominho.tv\/site\/wp-content\/uploads\/2025\/03\/caminhada-2.jpg","keywords":["Sociedade"],"articleSection":["Mon\u00e7\u00e3o"],"inLanguage":"pt-PT","copyrightYear":"2025","copyrightHolder":{"@id":"https:\/\/www.altominho.tv\/site\/#organization"}},{"@type":"WebPage","@id":"https:\/\/www.altominho.tv\/site\/2025\/03\/22\/associacao-cultural-la-mi-re-promove-caminhada-solidaria-moncao\/","url":"https:\/\/www.altominho.tv\/site\/2025\/03\/22\/associacao-cultural-la-mi-re-promove-caminhada-solidaria-moncao\/","name":"Associa\u00e7\u00e3o Cultural L\u00e1-Mi-R\u00e9 promove este domingo uma caminhada solid\u00e1ria em Mon\u00e7\u00e3o","isPartOf":{"@id":"https:\/\/www.altominho.tv\/site\/#website"},"primaryImageOfPage":{"@id":"https:\/\/www.altominho.tv\/site\/2025\/03\/22\/associacao-cultural-la-mi-re-promove-caminhada-solidaria-moncao\/#primaryimage"},"image":{"@id":"https:\/\/www.altominho.tv\/site\/2025\/03\/22\/associacao-cultural-la-mi-re-promove-caminhada-solidaria-moncao\/#primaryimage"},"thumbnailUrl":"https:\/\/www.altominho.tv\/site\/wp-content\/uploads\/2025\/03\/caminhada-2.jpg","datePublished":"2025-03-22T11:39:30+00:00","dateModified":"2025-03-22T11:39:32+00:00","author":{"@id":"https:\/\/www.altominho.tv\/site\/#\/schema\/person\/4e536851627d7914baf3dac752b6af22"},"description":"A caminhada de 7,5 quil\u00f3metros, com um grau de dificuldade f\u00e1cil a moderado e dura\u00e7\u00e3o prevista de 1h30, vai realizar-se amanh\u00e3, dia 23 de mar\u00e7o, na freguesia de Lapela em Mon\u00e7\u00e3o.","breadcrumb":{"@id":"https:\/\/www.altominho.tv\/site\/2025\/03\/22\/associacao-cultural-la-mi-re-promove-caminhada-solidaria-moncao\/#breadcrumb"},"inLanguage":"pt-PT","potentialAction":[{"@type":"ReadAction","target":["https:\/\/www.altominho.tv\/site\/2025\/03\/22\/associacao-cultural-la-mi-re-promove-caminhada-solidaria-moncao\/"]}]},{"@type":"ImageObject","inLanguage":"pt-PT","@id":"https:\/\/www.altominho.tv\/site\/2025\/03\/22\/associacao-cultural-la-mi-re-promove-caminhada-solidaria-moncao\/#primaryimage","url":"https:\/\/www.altominho.tv\/site\/wp-content\/uploads\/2025\/03\/caminhada-2.jpg","contentUrl":"https:\/\/www.altominho.tv\/site\/wp-content\/uploads\/2025\/03\/caminhada-2.jpg","width":1200,"height":630},{"@type":"BreadcrumbList","@id":"https:\/\/www.altominho.tv\/site\/2025\/03\/22\/associacao-cultural-la-mi-re-promove-caminhada-solidaria-moncao\/#breadcrumb","itemListElement":[{"@type":"ListItem","position":1,"name":"In\u00edcio","item":"https:\/\/www.altominho.tv\/site\/"},{"@type":"ListItem","position":2,"name":"Associa\u00e7\u00e3o Cultural L\u00e1-Mi-R\u00e9 promove este domingo uma caminhada solid\u00e1ria em Mon\u00e7\u00e3o"}]},{"@type":"WebSite","@id":"https:\/\/www.altominho.tv\/site\/#website","url":"https:\/\/www.altominho.tv\/site\/","name":"Altominho.tv","description":"A sua regi\u00e3o \u00e0 dist\u00e2ncia de um clique...","potentialAction":[{"@type":"SearchAction","target":{"@type":"EntryPoint","urlTemplate":"https:\/\/www.altominho.tv\/site\/?s={search_term_string}"},"query-input":{"@type":"PropertyValueSpecification","valueRequired":true,"valueName":"search_term_string"}}],"inLanguage":"pt-PT"},{"@type":"Person","@id":"https:\/\/www.altominho.tv\/site\/#\/schema\/person\/4e536851627d7914baf3dac752b6af22","name":"Altominho.tv","image":{"@type":"ImageObject","inLanguage":"pt-PT","@id":"https:\/\/www.altominho.tv\/site\/wp-content\/uploads\/2019\/11\/Logo_Avatar_2-150x150.jpg","url":"https:\/\/www.altominho.tv\/site\/wp-content\/uploads\/2019\/11\/Logo_Avatar_2-150x150.jpg","contentUrl":"https:\/\/www.altominho.tv\/site\/wp-content\/uploads\/2019\/11\/Logo_Avatar_2-150x150.jpg","caption":"Altominho.tv"},"url":"https:\/\/www.altominho.tv\/site\/author\/altominhotv-tecnico\/"}]}},"_links":{"self":[{"href":"https:\/\/www.altominho.tv\/site\/wp-json\/wp\/v2\/posts\/116052","targetHints":{"allow":["GET"]}}],"collection":[{"href":"https:\/\/www.altominho.tv\/site\/wp-json\/wp\/v2\/posts"}],"about":[{"href":"https:\/\/www.altominho.tv\/site\/wp-json\/wp\/v2\/types\/post"}],"author":[{"embeddable":true,"href":"https:\/\/www.altominho.tv\/site\/wp-json\/wp\/v2\/users\/1"}],"replies":[{"embeddable":true,"href":"https:\/\/www.altominho.tv\/site\/wp-json\/wp\/v2\/comments?post=116052"}],"version-history":[{"count":1,"href":"https:\/\/www.altominho.tv\/site\/wp-json\/wp\/v2\/posts\/116052\/revisions"}],"predecessor-version":[{"id":116054,"href":"https:\/\/www.altominho.tv\/site\/wp-json\/wp\/v2\/posts\/116052\/revisions\/116054"}],"wp:featuredmedia":[{"embeddable":true,"href":"https:\/\/www.altominho.tv\/site\/wp-json\/wp\/v2\/media\/116053"}],"wp:attachment":[{"href":"https:\/\/www.altominho.tv\/site\/wp-json\/wp\/v2\/media?parent=116052"}],"wp:term":[{"taxonomy":"category","embeddable":true,"href":"https:\/\/www.altominho.tv\/site\/wp-json\/wp\/v2\/categories?post=116052"},{"taxonomy":"post_tag","embeddable":true,"href":"https:\/\/www.altominho.tv\/site\/wp-json\/wp\/v2\/tags?post=116052"}],"curies":[{"name":"wp","href":"https:\/\/api.w.org\/{rel}","templated":true}]}}