{"id":11604,"date":"2018-04-09T17:48:39","date_gmt":"2018-04-09T16:48:39","guid":{"rendered":"http:\/\/www.altominho.tv\/site\/?p=11604"},"modified":"2018-04-09T17:48:39","modified_gmt":"2018-04-09T16:48:39","slug":"arcos-de-valdevez-ponte-da-barca-e-melgaco-vao-lancar-aplicacoes-moveis-destinadas-aos-turistas","status":"publish","type":"post","link":"https:\/\/www.altominho.tv\/site\/2018\/04\/09\/arcos-de-valdevez-ponte-da-barca-e-melgaco-vao-lancar-aplicacoes-moveis-destinadas-aos-turistas\/","title":{"rendered":"Arcos de Valdevez, Ponte da Barca e Melga\u00e7o v\u00e3o lan\u00e7ar aplica\u00e7\u00f5es m\u00f3veis destinadas aos turistas"},"content":{"rendered":"<p>Os munic\u00edpios de Arcos de Valdevez, Ponte da Barca e Melga\u00e7o v\u00e3o lan\u00e7ar aplica\u00e7\u00f5es inform\u00e1ticas que poder\u00e3o dar aos turistas informa\u00e7\u00f5es detalhadas acerca dos locais que podem visitar no Parque Nacional da Peneda-Ger\u00eas.<\/p>\n<p>Segundo o jornal <em>O Minho<\/em>, os autarcas dos tr\u00eas concelhos, presentes na FICIS 18 &#8211; Feira das Cidades Inteligentes, que decorreu em Braga de 3 a 5 de abril, explicaram que\u00a0\u201ca aplica\u00e7\u00e3o emitir\u00e1 um aviso em tempo real, quando um turista, que a descarregou, se aproxima de determinado local com interesse\u201d.<\/p>\n<p>Al\u00e9m do aviso, \u00e9 tamb\u00e9m enviada informa\u00e7\u00e3o detalhada sobre o s\u00edtio em causa, descrevendo o seu interesse ambiental, patrimonial ou hist\u00f3rico. Na aplica\u00e7\u00e3o podem surgir dados sobre uma floresta, uma zona com animais selvagens, umas termas, uma barragem, um edif\u00edcio hist\u00f3rico, uma montanha, uma aldeia, uma loja de artesanato e produtos locais, entre muitos outros destinos.<\/p>\n<p>Conta tamb\u00e9m <em>O Minho<\/em>, que o projeto do munic\u00edpio dos Arcos de Valdevez \u00e9 o que est\u00e1 mais avan\u00e7ado, estando os restantes j\u00e1 a trabalhar na aplica\u00e7\u00e3o. Cada aplica\u00e7\u00e3o vai estar dispon\u00edvel para telem\u00f3vel e computador.<\/p>\n<p>As tr\u00eas autarquias est\u00e3o ainda a estudar a possibilidade de cria\u00e7\u00e3o de novos trilhos pedestres e percursos dentro do Parque Nacional, que beneficiar\u00e3o da aplica\u00e7\u00e3o.<\/p>\n","protected":false},"excerpt":{"rendered":"<p>Os munic\u00edpios de Arcos de Valdevez, Ponte da Barca e Melga\u00e7o v\u00e3o lan\u00e7ar aplica\u00e7\u00f5es inform\u00e1ticas que poder\u00e3o dar aos turistas informa\u00e7\u00f5es detalhadas acerca dos locais que podem visitar no Parque Nacional da Peneda-Ger\u00eas. Segundo o jornal O Minho, os autarcas dos tr\u00eas concelhos, presentes na FICIS 18 &#8211; Feira das Cidades Inteligentes, que decorreu em [&hellip;]<\/p>\n","protected":false},"author":12,"featured_media":11605,"comment_status":"closed","ping_status":"closed","sticky":false,"template":"","format":"standard","meta":{"_exactmetrics_skip_tracking":false,"_exactmetrics_sitenote_active":false,"_exactmetrics_sitenote_note":"","_exactmetrics_sitenote_category":0,"footnotes":""},"categories":[73],"tags":[27],"class_list":["post-11604","post","type-post","status-publish","format-standard","has-post-thumbnail","hentry","category-alto-minho","tag-sociedade"],"yoast_head":"<!-- This site is optimized with the Yoast SEO Premium plugin v27.5 (Yoast SEO v27.5) - https:\/\/yoast.com\/product\/yoast-seo-premium-wordpress\/ -->\n<title>Arcos de Valdevez, Ponte da Barca e Melga\u00e7o v\u00e3o lan\u00e7ar aplica\u00e7\u00f5es m\u00f3veis destinadas aos turistas<\/title>\n<meta name=\"robots\" content=\"index, follow, max-snippet:-1, max-image-preview:large, max-video-preview:-1\" \/>\n<link rel=\"canonical\" href=\"https:\/\/www.altominho.tv\/site\/2018\/04\/09\/arcos-de-valdevez-ponte-da-barca-e-melgaco-vao-lancar-aplicacoes-moveis-destinadas-aos-turistas\/\" \/>\n<meta property=\"og:locale\" content=\"pt_PT\" \/>\n<meta property=\"og:type\" content=\"article\" \/>\n<meta property=\"og:title\" content=\"Arcos de Valdevez, Ponte da Barca e Melga\u00e7o v\u00e3o lan\u00e7ar aplica\u00e7\u00f5es m\u00f3veis destinadas aos turistas\" \/>\n<meta property=\"og:description\" content=\"Os munic\u00edpios de Arcos de Valdevez, Ponte da Barca e Melga\u00e7o v\u00e3o lan\u00e7ar aplica\u00e7\u00f5es inform\u00e1ticas que poder\u00e3o dar aos turistas informa\u00e7\u00f5es detalhadas acerca dos locais que podem visitar no Parque Nacional da Peneda-Ger\u00eas. Segundo o jornal O Minho, os autarcas dos tr\u00eas concelhos, presentes na FICIS 18 &#8211; Feira das Cidades Inteligentes, que decorreu em [&hellip;]\" \/>\n<meta property=\"og:url\" content=\"https:\/\/www.altominho.tv\/site\/2018\/04\/09\/arcos-de-valdevez-ponte-da-barca-e-melgaco-vao-lancar-aplicacoes-moveis-destinadas-aos-turistas\/\" \/>\n<meta property=\"og:site_name\" content=\"Altominho.tv\" \/>\n<meta property=\"article:publisher\" content=\"https:\/\/www.facebook.com\/altominhotv\" \/>\n<meta property=\"article:published_time\" content=\"2018-04-09T16:48:39+00:00\" \/>\n<meta property=\"og:image\" content=\"https:\/\/www.altominho.tv\/site\/wp-content\/uploads\/2018\/04\/pexels-photo-219003.jpeg\" \/>\n\t<meta property=\"og:image:width\" content=\"1280\" \/>\n\t<meta property=\"og:image:height\" content=\"853\" \/>\n\t<meta property=\"og:image:type\" content=\"image\/jpeg\" \/>\n<meta name=\"author\" content=\"Andreia Ferreira\" \/>\n<meta name=\"twitter:card\" content=\"summary_large_image\" \/>\n<meta name=\"twitter:creator\" content=\"@altominhoTV\" \/>\n<meta name=\"twitter:site\" content=\"@altominhoTV\" \/>\n<meta name=\"twitter:label1\" content=\"Escrito por\" \/>\n\t<meta name=\"twitter:data1\" content=\"Andreia Ferreira\" \/>\n\t<meta name=\"twitter:label2\" content=\"Tempo estimado de leitura\" \/>\n\t<meta name=\"twitter:data2\" content=\"1 minuto\" \/>\n<script type=\"application\/ld+json\" class=\"yoast-schema-graph\">{\"@context\":\"https:\\\/\\\/schema.org\",\"@graph\":[{\"@type\":\"Article\",\"@id\":\"https:\\\/\\\/www.altominho.tv\\\/site\\\/2018\\\/04\\\/09\\\/arcos-de-valdevez-ponte-da-barca-e-melgaco-vao-lancar-aplicacoes-moveis-destinadas-aos-turistas\\\/#article\",\"isPartOf\":{\"@id\":\"https:\\\/\\\/www.altominho.tv\\\/site\\\/2018\\\/04\\\/09\\\/arcos-de-valdevez-ponte-da-barca-e-melgaco-vao-lancar-aplicacoes-moveis-destinadas-aos-turistas\\\/\"},\"author\":{\"name\":\"Andreia Ferreira\",\"@id\":\"https:\\\/\\\/www.altominho.tv\\\/site\\\/#\\\/schema\\\/person\\\/d9be4265364723f14ea8e0d56a1d38cd\"},\"headline\":\"Arcos de Valdevez, Ponte da Barca e Melga\u00e7o v\u00e3o lan\u00e7ar aplica\u00e7\u00f5es m\u00f3veis destinadas aos turistas\",\"datePublished\":\"2018-04-09T16:48:39+00:00\",\"mainEntityOfPage\":{\"@id\":\"https:\\\/\\\/www.altominho.tv\\\/site\\\/2018\\\/04\\\/09\\\/arcos-de-valdevez-ponte-da-barca-e-melgaco-vao-lancar-aplicacoes-moveis-destinadas-aos-turistas\\\/\"},\"wordCount\":248,\"image\":{\"@id\":\"https:\\\/\\\/www.altominho.tv\\\/site\\\/2018\\\/04\\\/09\\\/arcos-de-valdevez-ponte-da-barca-e-melgaco-vao-lancar-aplicacoes-moveis-destinadas-aos-turistas\\\/#primaryimage\"},\"thumbnailUrl\":\"https:\\\/\\\/www.altominho.tv\\\/site\\\/wp-content\\\/uploads\\\/2018\\\/04\\\/pexels-photo-219003.jpeg\",\"keywords\":[\"Sociedade\"],\"articleSection\":[\"Alto Minho\"],\"inLanguage\":\"pt-PT\",\"copyrightYear\":\"2018\",\"copyrightHolder\":{\"@id\":\"https:\\\/\\\/www.altominho.tv\\\/site\\\/#organization\"}},{\"@type\":\"WebPage\",\"@id\":\"https:\\\/\\\/www.altominho.tv\\\/site\\\/2018\\\/04\\\/09\\\/arcos-de-valdevez-ponte-da-barca-e-melgaco-vao-lancar-aplicacoes-moveis-destinadas-aos-turistas\\\/\",\"url\":\"https:\\\/\\\/www.altominho.tv\\\/site\\\/2018\\\/04\\\/09\\\/arcos-de-valdevez-ponte-da-barca-e-melgaco-vao-lancar-aplicacoes-moveis-destinadas-aos-turistas\\\/\",\"name\":\"Arcos de Valdevez, Ponte da Barca e Melga\u00e7o v\u00e3o lan\u00e7ar aplica\u00e7\u00f5es m\u00f3veis destinadas aos turistas\",\"isPartOf\":{\"@id\":\"https:\\\/\\\/www.altominho.tv\\\/site\\\/#website\"},\"primaryImageOfPage\":{\"@id\":\"https:\\\/\\\/www.altominho.tv\\\/site\\\/2018\\\/04\\\/09\\\/arcos-de-valdevez-ponte-da-barca-e-melgaco-vao-lancar-aplicacoes-moveis-destinadas-aos-turistas\\\/#primaryimage\"},\"image\":{\"@id\":\"https:\\\/\\\/www.altominho.tv\\\/site\\\/2018\\\/04\\\/09\\\/arcos-de-valdevez-ponte-da-barca-e-melgaco-vao-lancar-aplicacoes-moveis-destinadas-aos-turistas\\\/#primaryimage\"},\"thumbnailUrl\":\"https:\\\/\\\/www.altominho.tv\\\/site\\\/wp-content\\\/uploads\\\/2018\\\/04\\\/pexels-photo-219003.jpeg\",\"datePublished\":\"2018-04-09T16:48:39+00:00\",\"author\":{\"@id\":\"https:\\\/\\\/www.altominho.tv\\\/site\\\/#\\\/schema\\\/person\\\/d9be4265364723f14ea8e0d56a1d38cd\"},\"breadcrumb\":{\"@id\":\"https:\\\/\\\/www.altominho.tv\\\/site\\\/2018\\\/04\\\/09\\\/arcos-de-valdevez-ponte-da-barca-e-melgaco-vao-lancar-aplicacoes-moveis-destinadas-aos-turistas\\\/#breadcrumb\"},\"inLanguage\":\"pt-PT\",\"potentialAction\":[{\"@type\":\"ReadAction\",\"target\":[\"https:\\\/\\\/www.altominho.tv\\\/site\\\/2018\\\/04\\\/09\\\/arcos-de-valdevez-ponte-da-barca-e-melgaco-vao-lancar-aplicacoes-moveis-destinadas-aos-turistas\\\/\"]}]},{\"@type\":\"ImageObject\",\"inLanguage\":\"pt-PT\",\"@id\":\"https:\\\/\\\/www.altominho.tv\\\/site\\\/2018\\\/04\\\/09\\\/arcos-de-valdevez-ponte-da-barca-e-melgaco-vao-lancar-aplicacoes-moveis-destinadas-aos-turistas\\\/#primaryimage\",\"url\":\"https:\\\/\\\/www.altominho.tv\\\/site\\\/wp-content\\\/uploads\\\/2018\\\/04\\\/pexels-photo-219003.jpeg\",\"contentUrl\":\"https:\\\/\\\/www.altominho.tv\\\/site\\\/wp-content\\\/uploads\\\/2018\\\/04\\\/pexels-photo-219003.jpeg\",\"width\":1280,\"height\":853,\"caption\":\"PEXELS\"},{\"@type\":\"BreadcrumbList\",\"@id\":\"https:\\\/\\\/www.altominho.tv\\\/site\\\/2018\\\/04\\\/09\\\/arcos-de-valdevez-ponte-da-barca-e-melgaco-vao-lancar-aplicacoes-moveis-destinadas-aos-turistas\\\/#breadcrumb\",\"itemListElement\":[{\"@type\":\"ListItem\",\"position\":1,\"name\":\"In\u00edcio\",\"item\":\"https:\\\/\\\/www.altominho.tv\\\/site\\\/\"},{\"@type\":\"ListItem\",\"position\":2,\"name\":\"Arcos de Valdevez, Ponte da Barca e Melga\u00e7o v\u00e3o lan\u00e7ar aplica\u00e7\u00f5es m\u00f3veis destinadas aos turistas\"}]},{\"@type\":\"WebSite\",\"@id\":\"https:\\\/\\\/www.altominho.tv\\\/site\\\/#website\",\"url\":\"https:\\\/\\\/www.altominho.tv\\\/site\\\/\",\"name\":\"Altominho.tv\",\"description\":\"A sua regi\u00e3o \u00e0 dist\u00e2ncia de um clique...\",\"potentialAction\":[{\"@type\":\"SearchAction\",\"target\":{\"@type\":\"EntryPoint\",\"urlTemplate\":\"https:\\\/\\\/www.altominho.tv\\\/site\\\/?s={search_term_string}\"},\"query-input\":{\"@type\":\"PropertyValueSpecification\",\"valueRequired\":true,\"valueName\":\"search_term_string\"}}],\"inLanguage\":\"pt-PT\"},{\"@type\":\"Person\",\"@id\":\"https:\\\/\\\/www.altominho.tv\\\/site\\\/#\\\/schema\\\/person\\\/d9be4265364723f14ea8e0d56a1d38cd\",\"name\":\"Andreia Ferreira\",\"image\":{\"@type\":\"ImageObject\",\"inLanguage\":\"pt-PT\",\"@id\":\"https:\\\/\\\/www.altominho.tv\\\/site\\\/wp-content\\\/uploads\\\/2021\\\/01\\\/AndreiaFerreira-150x150.jpg\",\"url\":\"https:\\\/\\\/www.altominho.tv\\\/site\\\/wp-content\\\/uploads\\\/2021\\\/01\\\/AndreiaFerreira-150x150.jpg\",\"contentUrl\":\"https:\\\/\\\/www.altominho.tv\\\/site\\\/wp-content\\\/uploads\\\/2021\\\/01\\\/AndreiaFerreira-150x150.jpg\",\"caption\":\"Andreia Ferreira\"},\"url\":\"https:\\\/\\\/www.altominho.tv\\\/site\\\/author\\\/andreiaferreira\\\/\"}]}<\/script>\n<!-- \/ Yoast SEO Premium plugin. -->","yoast_head_json":{"title":"Arcos de Valdevez, Ponte da Barca e Melga\u00e7o v\u00e3o lan\u00e7ar aplica\u00e7\u00f5es m\u00f3veis destinadas aos turistas","robots":{"index":"index","follow":"follow","max-snippet":"max-snippet:-1","max-image-preview":"max-image-preview:large","max-video-preview":"max-video-preview:-1"},"canonical":"https:\/\/www.altominho.tv\/site\/2018\/04\/09\/arcos-de-valdevez-ponte-da-barca-e-melgaco-vao-lancar-aplicacoes-moveis-destinadas-aos-turistas\/","og_locale":"pt_PT","og_type":"article","og_title":"Arcos de Valdevez, Ponte da Barca e Melga\u00e7o v\u00e3o lan\u00e7ar aplica\u00e7\u00f5es m\u00f3veis destinadas aos turistas","og_description":"Os munic\u00edpios de Arcos de Valdevez, Ponte da Barca e Melga\u00e7o v\u00e3o lan\u00e7ar aplica\u00e7\u00f5es inform\u00e1ticas que poder\u00e3o dar aos turistas informa\u00e7\u00f5es detalhadas acerca dos locais que podem visitar no Parque Nacional da Peneda-Ger\u00eas. Segundo o jornal O Minho, os autarcas dos tr\u00eas concelhos, presentes na FICIS 18 &#8211; Feira das Cidades Inteligentes, que decorreu em [&hellip;]","og_url":"https:\/\/www.altominho.tv\/site\/2018\/04\/09\/arcos-de-valdevez-ponte-da-barca-e-melgaco-vao-lancar-aplicacoes-moveis-destinadas-aos-turistas\/","og_site_name":"Altominho.tv","article_publisher":"https:\/\/www.facebook.com\/altominhotv","article_published_time":"2018-04-09T16:48:39+00:00","og_image":[{"width":1280,"height":853,"url":"https:\/\/www.altominho.tv\/site\/wp-content\/uploads\/2018\/04\/pexels-photo-219003.jpeg","type":"image\/jpeg"}],"author":"Andreia Ferreira","twitter_card":"summary_large_image","twitter_creator":"@altominhoTV","twitter_site":"@altominhoTV","twitter_misc":{"Escrito por":"Andreia Ferreira","Tempo estimado de leitura":"1 minuto"},"schema":{"@context":"https:\/\/schema.org","@graph":[{"@type":"Article","@id":"https:\/\/www.altominho.tv\/site\/2018\/04\/09\/arcos-de-valdevez-ponte-da-barca-e-melgaco-vao-lancar-aplicacoes-moveis-destinadas-aos-turistas\/#article","isPartOf":{"@id":"https:\/\/www.altominho.tv\/site\/2018\/04\/09\/arcos-de-valdevez-ponte-da-barca-e-melgaco-vao-lancar-aplicacoes-moveis-destinadas-aos-turistas\/"},"author":{"name":"Andreia Ferreira","@id":"https:\/\/www.altominho.tv\/site\/#\/schema\/person\/d9be4265364723f14ea8e0d56a1d38cd"},"headline":"Arcos de Valdevez, Ponte da Barca e Melga\u00e7o v\u00e3o lan\u00e7ar aplica\u00e7\u00f5es m\u00f3veis destinadas aos turistas","datePublished":"2018-04-09T16:48:39+00:00","mainEntityOfPage":{"@id":"https:\/\/www.altominho.tv\/site\/2018\/04\/09\/arcos-de-valdevez-ponte-da-barca-e-melgaco-vao-lancar-aplicacoes-moveis-destinadas-aos-turistas\/"},"wordCount":248,"image":{"@id":"https:\/\/www.altominho.tv\/site\/2018\/04\/09\/arcos-de-valdevez-ponte-da-barca-e-melgaco-vao-lancar-aplicacoes-moveis-destinadas-aos-turistas\/#primaryimage"},"thumbnailUrl":"https:\/\/www.altominho.tv\/site\/wp-content\/uploads\/2018\/04\/pexels-photo-219003.jpeg","keywords":["Sociedade"],"articleSection":["Alto Minho"],"inLanguage":"pt-PT","copyrightYear":"2018","copyrightHolder":{"@id":"https:\/\/www.altominho.tv\/site\/#organization"}},{"@type":"WebPage","@id":"https:\/\/www.altominho.tv\/site\/2018\/04\/09\/arcos-de-valdevez-ponte-da-barca-e-melgaco-vao-lancar-aplicacoes-moveis-destinadas-aos-turistas\/","url":"https:\/\/www.altominho.tv\/site\/2018\/04\/09\/arcos-de-valdevez-ponte-da-barca-e-melgaco-vao-lancar-aplicacoes-moveis-destinadas-aos-turistas\/","name":"Arcos de Valdevez, Ponte da Barca e Melga\u00e7o v\u00e3o lan\u00e7ar aplica\u00e7\u00f5es m\u00f3veis destinadas aos turistas","isPartOf":{"@id":"https:\/\/www.altominho.tv\/site\/#website"},"primaryImageOfPage":{"@id":"https:\/\/www.altominho.tv\/site\/2018\/04\/09\/arcos-de-valdevez-ponte-da-barca-e-melgaco-vao-lancar-aplicacoes-moveis-destinadas-aos-turistas\/#primaryimage"},"image":{"@id":"https:\/\/www.altominho.tv\/site\/2018\/04\/09\/arcos-de-valdevez-ponte-da-barca-e-melgaco-vao-lancar-aplicacoes-moveis-destinadas-aos-turistas\/#primaryimage"},"thumbnailUrl":"https:\/\/www.altominho.tv\/site\/wp-content\/uploads\/2018\/04\/pexels-photo-219003.jpeg","datePublished":"2018-04-09T16:48:39+00:00","author":{"@id":"https:\/\/www.altominho.tv\/site\/#\/schema\/person\/d9be4265364723f14ea8e0d56a1d38cd"},"breadcrumb":{"@id":"https:\/\/www.altominho.tv\/site\/2018\/04\/09\/arcos-de-valdevez-ponte-da-barca-e-melgaco-vao-lancar-aplicacoes-moveis-destinadas-aos-turistas\/#breadcrumb"},"inLanguage":"pt-PT","potentialAction":[{"@type":"ReadAction","target":["https:\/\/www.altominho.tv\/site\/2018\/04\/09\/arcos-de-valdevez-ponte-da-barca-e-melgaco-vao-lancar-aplicacoes-moveis-destinadas-aos-turistas\/"]}]},{"@type":"ImageObject","inLanguage":"pt-PT","@id":"https:\/\/www.altominho.tv\/site\/2018\/04\/09\/arcos-de-valdevez-ponte-da-barca-e-melgaco-vao-lancar-aplicacoes-moveis-destinadas-aos-turistas\/#primaryimage","url":"https:\/\/www.altominho.tv\/site\/wp-content\/uploads\/2018\/04\/pexels-photo-219003.jpeg","contentUrl":"https:\/\/www.altominho.tv\/site\/wp-content\/uploads\/2018\/04\/pexels-photo-219003.jpeg","width":1280,"height":853,"caption":"PEXELS"},{"@type":"BreadcrumbList","@id":"https:\/\/www.altominho.tv\/site\/2018\/04\/09\/arcos-de-valdevez-ponte-da-barca-e-melgaco-vao-lancar-aplicacoes-moveis-destinadas-aos-turistas\/#breadcrumb","itemListElement":[{"@type":"ListItem","position":1,"name":"In\u00edcio","item":"https:\/\/www.altominho.tv\/site\/"},{"@type":"ListItem","position":2,"name":"Arcos de Valdevez, Ponte da Barca e Melga\u00e7o v\u00e3o lan\u00e7ar aplica\u00e7\u00f5es m\u00f3veis destinadas aos turistas"}]},{"@type":"WebSite","@id":"https:\/\/www.altominho.tv\/site\/#website","url":"https:\/\/www.altominho.tv\/site\/","name":"Altominho.tv","description":"A sua regi\u00e3o \u00e0 dist\u00e2ncia de um clique...","potentialAction":[{"@type":"SearchAction","target":{"@type":"EntryPoint","urlTemplate":"https:\/\/www.altominho.tv\/site\/?s={search_term_string}"},"query-input":{"@type":"PropertyValueSpecification","valueRequired":true,"valueName":"search_term_string"}}],"inLanguage":"pt-PT"},{"@type":"Person","@id":"https:\/\/www.altominho.tv\/site\/#\/schema\/person\/d9be4265364723f14ea8e0d56a1d38cd","name":"Andreia Ferreira","image":{"@type":"ImageObject","inLanguage":"pt-PT","@id":"https:\/\/www.altominho.tv\/site\/wp-content\/uploads\/2021\/01\/AndreiaFerreira-150x150.jpg","url":"https:\/\/www.altominho.tv\/site\/wp-content\/uploads\/2021\/01\/AndreiaFerreira-150x150.jpg","contentUrl":"https:\/\/www.altominho.tv\/site\/wp-content\/uploads\/2021\/01\/AndreiaFerreira-150x150.jpg","caption":"Andreia Ferreira"},"url":"https:\/\/www.altominho.tv\/site\/author\/andreiaferreira\/"}]}},"_links":{"self":[{"href":"https:\/\/www.altominho.tv\/site\/wp-json\/wp\/v2\/posts\/11604","targetHints":{"allow":["GET"]}}],"collection":[{"href":"https:\/\/www.altominho.tv\/site\/wp-json\/wp\/v2\/posts"}],"about":[{"href":"https:\/\/www.altominho.tv\/site\/wp-json\/wp\/v2\/types\/post"}],"author":[{"embeddable":true,"href":"https:\/\/www.altominho.tv\/site\/wp-json\/wp\/v2\/users\/12"}],"replies":[{"embeddable":true,"href":"https:\/\/www.altominho.tv\/site\/wp-json\/wp\/v2\/comments?post=11604"}],"version-history":[{"count":0,"href":"https:\/\/www.altominho.tv\/site\/wp-json\/wp\/v2\/posts\/11604\/revisions"}],"wp:featuredmedia":[{"embeddable":true,"href":"https:\/\/www.altominho.tv\/site\/wp-json\/wp\/v2\/media\/11605"}],"wp:attachment":[{"href":"https:\/\/www.altominho.tv\/site\/wp-json\/wp\/v2\/media?parent=11604"}],"wp:term":[{"taxonomy":"category","embeddable":true,"href":"https:\/\/www.altominho.tv\/site\/wp-json\/wp\/v2\/categories?post=11604"},{"taxonomy":"post_tag","embeddable":true,"href":"https:\/\/www.altominho.tv\/site\/wp-json\/wp\/v2\/tags?post=11604"}],"curies":[{"name":"wp","href":"https:\/\/api.w.org\/{rel}","templated":true}]}}